{"id":52531,"date":"2016-06-08T11:53:37","date_gmt":"2016-06-08T09:53:37","guid":{"rendered":"https:\/\/www.prijedordanas.com\/?p=52531"},"modified":"2016-06-08T11:53:37","modified_gmt":"2016-06-08T09:53:37","slug":"boracka-organizacija-prijedor-nema-podrske-mitinzima-politickih-partija","status":"publish","type":"post","link":"https:\/\/www.prijedordanas.com\/?p=52531","title":{"rendered":"BORA\u010cKA ORGANIZACIJA PRIJEDOR: NEMA PODR\u0160KE MITINZIMA POLITI\u010cKIH PARTIJA"},"content":{"rendered":"<p><a href=\"https:\/\/www.prijedordanas.com\/wp-content\/uploads\/2016\/06\/srna-boracka-organizacija-protesti.jpg\" rel=\"attachment wp-att-52532\"><img loading=\"lazy\" decoding=\"async\" class=\"alignleft size-medium wp-image-52532\" src=\"https:\/\/www.prijedordanas.com\/wp-content\/uploads\/2016\/06\/srna-boracka-organizacija-protesti-300x276.jpg\" alt=\"srna-boracka organizacija-protesti\" width=\"300\" height=\"276\" srcset=\"https:\/\/www.prijedordanas.com\/wp-content\/uploads\/2016\/06\/srna-boracka-organizacija-protesti-300x276.jpg 300w, https:\/\/www.prijedordanas.com\/wp-content\/uploads\/2016\/06\/srna-boracka-organizacija-protesti.jpg 600w\" sizes=\"(max-width: 300px) 100vw, 300px\" \/><\/a>Prijedorska Bora\u010dka organizacija ispo\u0161tova\u0107e odluku Bora\u010dke organizacije Republike Srpske \/BORS\/ da se ne podr\u017ei nijedan miting koji organizuju politi\u010dke partije, pa tako ni sutra\u0161nji protest koji u Prijedoru organizuje Savez za promjene zbog najavljene prodaje Rudnika \u017eeljezne rude &#8220;LJubija&#8221;.<\/p>\n<p>Predsjednik prijedorske Bora\u010dke organizacije Zoran Predojevi\u0107 rekao je danas novinarima da je rukovodstvo veoma iznena\u0111eno letkom koji su jutros na\u0161li na ulazu u prostorije, a gdje pi\u0161e da je i Bora\u010dka organizacija jedan od organizatora mitinga koji organizuje Savez za promjene.<\/p>\n<p>&#8220;To demantujem i isti\u010dem da je Bora\u010dka organizacija Republike Srpske donijela odluku, po\u0161tuju\u0107i Statut BORS-a, da ne\u0107e podr\u017eati nijedan miting koji organizuju politi\u010dke partije, a organizator sutra\u0161njeg mitinga je dio politi\u010dkog miljea Srpske&#8221;, naglasio je Predojevi\u0107.<\/p>\n<p>On je dodao da \u0107e prijedorska Bora\u010dka organizacija ispo\u0161tovati odluku organa BORS-a i ne\u0107e u\u010destvovati ni u organiazciji, niti u sazivanju \u010dlanova da u\u010destvuju na ovom skupu.<\/p>\n<p><a href=\"https:\/\/www.prijedordanas.com\/wp-content\/uploads\/2016\/06\/srna-udruzenje-penzionera-protesti-2.jpg\" rel=\"attachment wp-att-52523\"><img loading=\"lazy\" decoding=\"async\" src=\"https:\/\/www.prijedordanas.com\/wp-content\/uploads\/2016\/06\/srna-udruzenje-penzionera-protesti-2-201x300.jpg\" alt=\"srna-udruzenje penzionera-protesti (2)\" width=\"201\" height=\"300\" class=\"alignleft size-medium wp-image-52523\" srcset=\"https:\/\/www.prijedordanas.com\/wp-content\/uploads\/2016\/06\/srna-udruzenje-penzionera-protesti-2-201x300.jpg 201w, https:\/\/www.prijedordanas.com\/wp-content\/uploads\/2016\/06\/srna-udruzenje-penzionera-protesti-2.jpg 402w\" sizes=\"(max-width: 201px) 100vw, 201px\" \/><\/a>&#8220;To ne zna\u010di da zabranjujemo, jer to ne mo\u017eemo, ali i ne pozivamo da bilo ko u\u010destvuje na ovom mitingu. Hvala svakom ko se brine o statusu bora\u010dkih kategorija u Republici Srpskoj, ali bih volio da to urade i onda kada nije izborna godina&#8221;, poru\u010dio je Predojevi\u0107.<\/p>\n<p>Komentari\u0161u\u0107i potpis na letku kojim se poziva na sutra\u0161nji protest, Predojevi\u0107 je rekao da je nejasno ko je taj &#8220;prijedorski patriot&#8221;.<\/p>\n<p>&#8220;Patrioti su bili od 1991. do 1995. godine i ne znam od koga to treba braniti Prijedor. Mi smo Prijedor odbranili 12. oktobra 1995. godine, kada je politi\u010dki bio predat u ruke neprijatelju&#8221;, napomenuo je Predojevi\u0107.<\/p>\n<p>SRNA<\/p>\n","protected":false},"excerpt":{"rendered":"<p>Prijedorska Bora\u010dka organizacija ispo\u0161tova\u0107e odluku Bora\u010dke organizacije Republike Srpske \/BORS\/ da se ne podr\u017ei nijedan miting koji organizuju politi\u010dke partije, pa tako ni sutra\u0161nji protest koji u Prijedoru organizuje Savez [&hellip;]<\/p>\n","protected":false},"author":1,"featured_media":0,"comment_status":"closed","ping_status":"open","sticky":false,"template":"","format":"standard","meta":{"_monsterinsights_skip_tracking":false,"_monsterinsights_sitenote_active":false,"_monsterinsights_sitenote_note":"","_monsterinsights_sitenote_category":0,"footnotes":""},"categories":[8],"tags":[1907,7752,778,8067],"yoast_head":"<!-- This site is optimized with the Yoast SEO plugin v21.6 - https:\/\/yoast.com\/wordpress\/plugins\/seo\/ -->\n<title>BORA\u010cKA ORGANIZACIJA PRIJEDOR: NEMA PODR\u0160KE MITINZIMA POLITI\u010cKIH PARTIJA - PrijedorDanas.com - Prijedorski gradski portal<\/title>\n<meta name=\"robots\" content=\"index, follow, max-snippet:-1, max-image-preview:large, max-video-preview:-1\" \/>\n<link rel=\"canonical\" href=\"https:\/\/www.prijedordanas.com\/?p=52531\" \/>\n<meta property=\"og:locale\" content=\"en_US\" \/>\n<meta property=\"og:type\" content=\"article\" \/>\n<meta property=\"og:title\" content=\"BORA\u010cKA ORGANIZACIJA PRIJEDOR: NEMA PODR\u0160KE MITINZIMA POLITI\u010cKIH PARTIJA - PrijedorDanas.com - Prijedorski gradski portal\" \/>\n<meta property=\"og:description\" content=\"Prijedorska Bora\u010dka organizacija ispo\u0161tova\u0107e odluku Bora\u010dke organizacije Republike Srpske \/BORS\/ da se ne podr\u017ei nijedan miting koji organizuju politi\u010dke partije, pa tako ni sutra\u0161nji protest koji u Prijedoru organizuje Savez [&hellip;]\" \/>\n<meta property=\"og:url\" content=\"https:\/\/www.prijedordanas.com\/?p=52531\" \/>\n<meta property=\"og:site_name\" content=\"PrijedorDanas.com - Prijedorski gradski portal\" \/>\n<meta property=\"article:publisher\" content=\"https:\/\/www.facebook.com\/PrijedorDanasCom\/\" \/>\n<meta property=\"article:published_time\" content=\"2016-06-08T09:53:37+00:00\" \/>\n<meta property=\"og:image\" content=\"https:\/\/www.prijedordanas.com\/wp-content\/uploads\/2016\/06\/srna-boracka-organizacija-protesti-300x276.jpg\" \/>\n<meta name=\"author\" content=\"admin\" \/>\n<meta name=\"twitter:card\" content=\"summary_large_image\" \/>\n<meta name=\"twitter:label1\" content=\"Written by\" \/>\n\t<meta name=\"twitter:data1\" content=\"admin\" \/>\n\t<meta name=\"twitter:label2\" content=\"Est. reading time\" \/>\n\t<meta name=\"twitter:data2\" content=\"1 minute\" \/>\n<script type=\"application\/ld+json\" class=\"yoast-schema-graph\">{\"@context\":\"https:\/\/schema.org\",\"@graph\":[{\"@type\":\"Article\",\"@id\":\"https:\/\/www.prijedordanas.com\/?p=52531#article\",\"isPartOf\":{\"@id\":\"https:\/\/www.prijedordanas.com\/?p=52531\"},\"author\":{\"name\":\"admin\",\"@id\":\"https:\/\/www.prijedordanas.com\/#\/schema\/person\/4e08ccf29b506ca916ff86d46bb700e6\"},\"headline\":\"BORA\u010cKA ORGANIZACIJA PRIJEDOR: NEMA PODR\u0160KE MITINZIMA POLITI\u010cKIH PARTIJA\",\"datePublished\":\"2016-06-08T09:53:37+00:00\",\"dateModified\":\"2016-06-08T09:53:37+00:00\",\"mainEntityOfPage\":{\"@id\":\"https:\/\/www.prijedordanas.com\/?p=52531\"},\"wordCount\":290,\"publisher\":{\"@id\":\"https:\/\/www.prijedordanas.com\/#organization\"},\"keywords\":[\"Bora\u010dka organizacija Prijedor\",\"miting\",\"podr\u0161ka\",\"Zoran Predojevi\u0107\"],\"articleSection\":[\"Svakodnevno\"],\"inLanguage\":\"en-US\"},{\"@type\":\"WebPage\",\"@id\":\"https:\/\/www.prijedordanas.com\/?p=52531\",\"url\":\"https:\/\/www.prijedordanas.com\/?p=52531\",\"name\":\"BORA\u010cKA ORGANIZACIJA PRIJEDOR: NEMA PODR\u0160KE MITINZIMA POLITI\u010cKIH PARTIJA - PrijedorDanas.com - Prijedorski gradski portal\",\"isPartOf\":{\"@id\":\"https:\/\/www.prijedordanas.com\/#website\"},\"datePublished\":\"2016-06-08T09:53:37+00:00\",\"dateModified\":\"2016-06-08T09:53:37+00:00\",\"breadcrumb\":{\"@id\":\"https:\/\/www.prijedordanas.com\/?p=52531#breadcrumb\"},\"inLanguage\":\"en-US\",\"potentialAction\":[{\"@type\":\"ReadAction\",\"target\":[\"https:\/\/www.prijedordanas.com\/?p=52531\"]}]},{\"@type\":\"BreadcrumbList\",\"@id\":\"https:\/\/www.prijedordanas.com\/?p=52531#breadcrumb\",\"itemListElement\":[{\"@type\":\"ListItem\",\"position\":1,\"name\":\"Home\",\"item\":\"https:\/\/www.prijedordanas.com\/\"},{\"@type\":\"ListItem\",\"position\":2,\"name\":\"BORA\u010cKA ORGANIZACIJA PRIJEDOR: NEMA PODR\u0160KE MITINZIMA POLITI\u010cKIH PARTIJA\"}]},{\"@type\":\"WebSite\",\"@id\":\"https:\/\/www.prijedordanas.com\/#website\",\"url\":\"https:\/\/www.prijedordanas.com\/\",\"name\":\"PrijedorDanas.com - Prijedorski gradski portal\",\"description\":\"Portal o doga\u0111anjima u gradu Prijedoru\",\"publisher\":{\"@id\":\"https:\/\/www.prijedordanas.com\/#organization\"},\"potentialAction\":[{\"@type\":\"SearchAction\",\"target\":{\"@type\":\"EntryPoint\",\"urlTemplate\":\"https:\/\/www.prijedordanas.com\/?s={search_term_string}\"},\"query-input\":\"required name=search_term_string\"}],\"inLanguage\":\"en-US\"},{\"@type\":\"Organization\",\"@id\":\"https:\/\/www.prijedordanas.com\/#organization\",\"name\":\"PrijedorDanas.com\",\"url\":\"https:\/\/www.prijedordanas.com\/\",\"logo\":{\"@type\":\"ImageObject\",\"inLanguage\":\"en-US\",\"@id\":\"https:\/\/www.prijedordanas.com\/#\/schema\/logo\/image\/\",\"url\":\"http:\/\/www.prijedordanas.com\/wp-content\/uploads\/2021\/12\/logopng.png\",\"contentUrl\":\"http:\/\/www.prijedordanas.com\/wp-content\/uploads\/2021\/12\/logopng.png\",\"width\":1019,\"height\":776,\"caption\":\"PrijedorDanas.com\"},\"image\":{\"@id\":\"https:\/\/www.prijedordanas.com\/#\/schema\/logo\/image\/\"},\"sameAs\":[\"https:\/\/www.facebook.com\/PrijedorDanasCom\/\"]},{\"@type\":\"Person\",\"@id\":\"https:\/\/www.prijedordanas.com\/#\/schema\/person\/4e08ccf29b506ca916ff86d46bb700e6\",\"name\":\"admin\",\"image\":{\"@type\":\"ImageObject\",\"inLanguage\":\"en-US\",\"@id\":\"https:\/\/www.prijedordanas.com\/#\/schema\/person\/image\/\",\"url\":\"https:\/\/secure.gravatar.com\/avatar\/1d3fc949d550f0b53a5f0d51e06dfd79?s=96&d=mm&r=g\",\"contentUrl\":\"https:\/\/secure.gravatar.com\/avatar\/1d3fc949d550f0b53a5f0d51e06dfd79?s=96&d=mm&r=g\",\"caption\":\"admin\"},\"url\":\"https:\/\/www.prijedordanas.com\/?author=1\"}]}<\/script>\n<!-- \/ Yoast SEO plugin. -->","yoast_head_json":{"title":"BORA\u010cKA ORGANIZACIJA PRIJEDOR: NEMA PODR\u0160KE MITINZIMA POLITI\u010cKIH PARTIJA - PrijedorDanas.com - Prijedorski gradski portal","robots":{"index":"index","follow":"follow","max-snippet":"max-snippet:-1","max-image-preview":"max-image-preview:large","max-video-preview":"max-video-preview:-1"},"canonical":"https:\/\/www.prijedordanas.com\/?p=52531","og_locale":"en_US","og_type":"article","og_title":"BORA\u010cKA ORGANIZACIJA PRIJEDOR: NEMA PODR\u0160KE MITINZIMA POLITI\u010cKIH PARTIJA - PrijedorDanas.com - Prijedorski gradski portal","og_description":"Prijedorska Bora\u010dka organizacija ispo\u0161tova\u0107e odluku Bora\u010dke organizacije Republike Srpske \/BORS\/ da se ne podr\u017ei nijedan miting koji organizuju politi\u010dke partije, pa tako ni sutra\u0161nji protest koji u Prijedoru organizuje Savez [&hellip;]","og_url":"https:\/\/www.prijedordanas.com\/?p=52531","og_site_name":"PrijedorDanas.com - Prijedorski gradski portal","article_publisher":"https:\/\/www.facebook.com\/PrijedorDanasCom\/","article_published_time":"2016-06-08T09:53:37+00:00","og_image":[{"url":"https:\/\/www.prijedordanas.com\/wp-content\/uploads\/2016\/06\/srna-boracka-organizacija-protesti-300x276.jpg"}],"author":"admin","twitter_card":"summary_large_image","twitter_misc":{"Written by":"admin","Est. reading time":"1 minute"},"schema":{"@context":"https:\/\/schema.org","@graph":[{"@type":"Article","@id":"https:\/\/www.prijedordanas.com\/?p=52531#article","isPartOf":{"@id":"https:\/\/www.prijedordanas.com\/?p=52531"},"author":{"name":"admin","@id":"https:\/\/www.prijedordanas.com\/#\/schema\/person\/4e08ccf29b506ca916ff86d46bb700e6"},"headline":"BORA\u010cKA ORGANIZACIJA PRIJEDOR: NEMA PODR\u0160KE MITINZIMA POLITI\u010cKIH PARTIJA","datePublished":"2016-06-08T09:53:37+00:00","dateModified":"2016-06-08T09:53:37+00:00","mainEntityOfPage":{"@id":"https:\/\/www.prijedordanas.com\/?p=52531"},"wordCount":290,"publisher":{"@id":"https:\/\/www.prijedordanas.com\/#organization"},"keywords":["Bora\u010dka organizacija Prijedor","miting","podr\u0161ka","Zoran Predojevi\u0107"],"articleSection":["Svakodnevno"],"inLanguage":"en-US"},{"@type":"WebPage","@id":"https:\/\/www.prijedordanas.com\/?p=52531","url":"https:\/\/www.prijedordanas.com\/?p=52531","name":"BORA\u010cKA ORGANIZACIJA PRIJEDOR: NEMA PODR\u0160KE MITINZIMA POLITI\u010cKIH PARTIJA - PrijedorDanas.com - Prijedorski gradski portal","isPartOf":{"@id":"https:\/\/www.prijedordanas.com\/#website"},"datePublished":"2016-06-08T09:53:37+00:00","dateModified":"2016-06-08T09:53:37+00:00","breadcrumb":{"@id":"https:\/\/www.prijedordanas.com\/?p=52531#breadcrumb"},"inLanguage":"en-US","potentialAction":[{"@type":"ReadAction","target":["https:\/\/www.prijedordanas.com\/?p=52531"]}]},{"@type":"BreadcrumbList","@id":"https:\/\/www.prijedordanas.com\/?p=52531#breadcrumb","itemListElement":[{"@type":"ListItem","position":1,"name":"Home","item":"https:\/\/www.prijedordanas.com\/"},{"@type":"ListItem","position":2,"name":"BORA\u010cKA ORGANIZACIJA PRIJEDOR: NEMA PODR\u0160KE MITINZIMA POLITI\u010cKIH PARTIJA"}]},{"@type":"WebSite","@id":"https:\/\/www.prijedordanas.com\/#website","url":"https:\/\/www.prijedordanas.com\/","name":"PrijedorDanas.com - Prijedorski gradski portal","description":"Portal o doga\u0111anjima u gradu Prijedoru","publisher":{"@id":"https:\/\/www.prijedordanas.com\/#organization"},"potentialAction":[{"@type":"SearchAction","target":{"@type":"EntryPoint","urlTemplate":"https:\/\/www.prijedordanas.com\/?s={search_term_string}"},"query-input":"required name=search_term_string"}],"inLanguage":"en-US"},{"@type":"Organization","@id":"https:\/\/www.prijedordanas.com\/#organization","name":"PrijedorDanas.com","url":"https:\/\/www.prijedordanas.com\/","logo":{"@type":"ImageObject","inLanguage":"en-US","@id":"https:\/\/www.prijedordanas.com\/#\/schema\/logo\/image\/","url":"http:\/\/www.prijedordanas.com\/wp-content\/uploads\/2021\/12\/logopng.png","contentUrl":"http:\/\/www.prijedordanas.com\/wp-content\/uploads\/2021\/12\/logopng.png","width":1019,"height":776,"caption":"PrijedorDanas.com"},"image":{"@id":"https:\/\/www.prijedordanas.com\/#\/schema\/logo\/image\/"},"sameAs":["https:\/\/www.facebook.com\/PrijedorDanasCom\/"]},{"@type":"Person","@id":"https:\/\/www.prijedordanas.com\/#\/schema\/person\/4e08ccf29b506ca916ff86d46bb700e6","name":"admin","image":{"@type":"ImageObject","inLanguage":"en-US","@id":"https:\/\/www.prijedordanas.com\/#\/schema\/person\/image\/","url":"https:\/\/secure.gravatar.com\/avatar\/1d3fc949d550f0b53a5f0d51e06dfd79?s=96&d=mm&r=g","contentUrl":"https:\/\/secure.gravatar.com\/avatar\/1d3fc949d550f0b53a5f0d51e06dfd79?s=96&d=mm&r=g","caption":"admin"},"url":"https:\/\/www.prijedordanas.com\/?author=1"}]}},"_links":{"self":[{"href":"https:\/\/www.prijedordanas.com\/index.php?rest_route=\/wp\/v2\/posts\/52531"}],"collection":[{"href":"https:\/\/www.prijedordanas.com\/index.php?rest_route=\/wp\/v2\/posts"}],"about":[{"href":"https:\/\/www.prijedordanas.com\/index.php?rest_route=\/wp\/v2\/types\/post"}],"author":[{"embeddable":true,"href":"https:\/\/www.prijedordanas.com\/index.php?rest_route=\/wp\/v2\/users\/1"}],"replies":[{"embeddable":true,"href":"https:\/\/www.prijedordanas.com\/index.php?rest_route=%2Fwp%2Fv2%2Fcomments&post=52531"}],"version-history":[{"count":1,"href":"https:\/\/www.prijedordanas.com\/index.php?rest_route=\/wp\/v2\/posts\/52531\/revisions"}],"predecessor-version":[{"id":52533,"href":"https:\/\/www.prijedordanas.com\/index.php?rest_route=\/wp\/v2\/posts\/52531\/revisions\/52533"}],"wp:attachment":[{"href":"https:\/\/www.prijedordanas.com\/index.php?rest_route=%2Fwp%2Fv2%2Fmedia&parent=52531"}],"wp:term":[{"taxonomy":"category","embeddable":true,"href":"https:\/\/www.prijedordanas.com\/index.php?rest_route=%2Fwp%2Fv2%2Fcategories&post=52531"},{"taxonomy":"post_tag","embeddable":true,"href":"https:\/\/www.prijedordanas.com\/index.php?rest_route=%2Fwp%2Fv2%2Ftags&post=52531"}],"curies":[{"name":"wp","href":"https:\/\/api.w.org\/{rel}","templated":true}]}}