{"id":52350,"date":"2016-06-06T13:17:10","date_gmt":"2016-06-06T11:17:10","guid":{"rendered":"https:\/\/www.prijedordanas.com\/?p=52350"},"modified":"2016-06-06T13:17:10","modified_gmt":"2016-06-06T11:17:10","slug":"budi-mi-prijatelj-prikupljeno-1-240-km-za-lejlino-lijecenje-foto","status":"publish","type":"post","link":"https:\/\/www.prijedordanas.com\/?p=52350","title":{"rendered":"\u201eBUDI MI PRIJATELJ\u201c: PRIKUPLJENO 1.240 KM ZA LEJLINO LIJE\u010cENJE \u2013 FOTO"},"content":{"rendered":"<p><a href=\"https:\/\/www.prijedordanas.com\/wp-content\/uploads\/2016\/06\/humanitarna-priredba-osnovci-1.jpg\" rel=\"attachment wp-att-52351\"><img loading=\"lazy\" decoding=\"async\" src=\"https:\/\/www.prijedordanas.com\/wp-content\/uploads\/2016\/06\/humanitarna-priredba-osnovci-1-300x199.jpg\" alt=\"humanitarna priredba osnovci (1)\" width=\"300\" height=\"199\" class=\"alignleft size-medium wp-image-52351\" srcset=\"https:\/\/www.prijedordanas.com\/wp-content\/uploads\/2016\/06\/humanitarna-priredba-osnovci-1-300x200.jpg 300w, https:\/\/www.prijedordanas.com\/wp-content\/uploads\/2016\/06\/humanitarna-priredba-osnovci-1-768x509.jpg 768w, https:\/\/www.prijedordanas.com\/wp-content\/uploads\/2016\/06\/humanitarna-priredba-osnovci-1-480x320.jpg 480w, https:\/\/www.prijedordanas.com\/wp-content\/uploads\/2016\/06\/humanitarna-priredba-osnovci-1.jpg 1000w\" sizes=\"(max-width: 300px) 100vw, 300px\" \/><\/a>U organizaciji Aktiva nastavnika srpskog jezika prijedorskih osnovnih \u0161kola, u gradskom pozori\u0161tu je odr\u017eana humanitarna priredba \u201cBudi mi prijatelj\u201d na kojoj je prikupljeno 1.240 KM. <\/p>\n<p>Sredstva od prodaje ulaznica i nov\u010dani prilozi namijenjeni su za lije\u010denje u\u010denice tre\u0107eg razreda Osnovne \u0161kole \u201cDositej Obradovi\u0107\u201d, Lejle Softi\u0107, koja boluje od leukemije. <\/p>\n<p>U programu je u\u010destvovalo deset osnovnih \u0161kola. <\/p>\n<p>Ovu tradicionalnu humanitarnu akciju, Aktiv nastavnika srpskog jezika organizuje po sedmi put. <\/p>\n<p>Svake godine, sredstva su namijenjena u\u010deniku druge \u0161kole kojem je potrebna pomo\u0107 u lije\u010denju, rekla je predsjednica Aktiva Nata\u0161a Marjanovi\u0107.<\/p>\n<p>RTV Prijedor<br \/>\nFoto \u2013 Aleksandar Drakuli\u0107 \u2013 <a href=\"www.prijedordanas.com\" target=\"_blank\">www.prijedordanas.com<\/a><\/p>\n<p><a href=\"https:\/\/www.prijedordanas.com\/wp-content\/uploads\/2016\/06\/humanitarna-priredba-osnovci-2.jpg\" rel=\"attachment wp-att-52352\"><img loading=\"lazy\" decoding=\"async\" src=\"https:\/\/www.prijedordanas.com\/wp-content\/uploads\/2016\/06\/humanitarna-priredba-osnovci-2-300x199.jpg\" alt=\"humanitarna priredba osnovci (2)\" width=\"300\" height=\"199\" class=\"alignleft size-medium wp-image-52352\" srcset=\"https:\/\/www.prijedordanas.com\/wp-content\/uploads\/2016\/06\/humanitarna-priredba-osnovci-2-300x200.jpg 300w, https:\/\/www.prijedordanas.com\/wp-content\/uploads\/2016\/06\/humanitarna-priredba-osnovci-2-480x320.jpg 480w, https:\/\/www.prijedordanas.com\/wp-content\/uploads\/2016\/06\/humanitarna-priredba-osnovci-2.jpg 600w\" sizes=\"(max-width: 300px) 100vw, 300px\" \/><\/a> <a href=\"https:\/\/www.prijedordanas.com\/wp-content\/uploads\/2016\/06\/humanitarna-priredba-osnovci-3.jpg\" rel=\"attachment wp-att-52354\"><img loading=\"lazy\" decoding=\"async\" src=\"https:\/\/www.prijedordanas.com\/wp-content\/uploads\/2016\/06\/humanitarna-priredba-osnovci-3-300x199.jpg\" alt=\"humanitarna priredba osnovci (3)\" width=\"300\" height=\"199\" class=\"alignleft size-medium wp-image-52354\" srcset=\"https:\/\/www.prijedordanas.com\/wp-content\/uploads\/2016\/06\/humanitarna-priredba-osnovci-3-300x200.jpg 300w, https:\/\/www.prijedordanas.com\/wp-content\/uploads\/2016\/06\/humanitarna-priredba-osnovci-3-480x320.jpg 480w, https:\/\/www.prijedordanas.com\/wp-content\/uploads\/2016\/06\/humanitarna-priredba-osnovci-3.jpg 600w\" sizes=\"(max-width: 300px) 100vw, 300px\" \/><\/a> <a href=\"https:\/\/www.prijedordanas.com\/wp-content\/uploads\/2016\/06\/humanitarna-priredba-osnovci-4.jpg\" rel=\"attachment wp-att-52355\"><img loading=\"lazy\" decoding=\"async\" src=\"https:\/\/www.prijedordanas.com\/wp-content\/uploads\/2016\/06\/humanitarna-priredba-osnovci-4-300x199.jpg\" alt=\"humanitarna priredba osnovci (4)\" width=\"300\" height=\"199\" class=\"alignleft size-medium wp-image-52355\" srcset=\"https:\/\/www.prijedordanas.com\/wp-content\/uploads\/2016\/06\/humanitarna-priredba-osnovci-4-300x200.jpg 300w, https:\/\/www.prijedordanas.com\/wp-content\/uploads\/2016\/06\/humanitarna-priredba-osnovci-4-480x320.jpg 480w, https:\/\/www.prijedordanas.com\/wp-content\/uploads\/2016\/06\/humanitarna-priredba-osnovci-4.jpg 600w\" sizes=\"(max-width: 300px) 100vw, 300px\" \/><\/a> <a href=\"https:\/\/www.prijedordanas.com\/wp-content\/uploads\/2016\/06\/humanitarna-priredba-osnovci-5.jpg\" rel=\"attachment wp-att-52356\"><img loading=\"lazy\" decoding=\"async\" src=\"https:\/\/www.prijedordanas.com\/wp-content\/uploads\/2016\/06\/humanitarna-priredba-osnovci-5-300x199.jpg\" alt=\"humanitarna priredba osnovci (5)\" width=\"300\" height=\"199\" class=\"alignleft size-medium wp-image-52356\" srcset=\"https:\/\/www.prijedordanas.com\/wp-content\/uploads\/2016\/06\/humanitarna-priredba-osnovci-5-300x200.jpg 300w, https:\/\/www.prijedordanas.com\/wp-content\/uploads\/2016\/06\/humanitarna-priredba-osnovci-5-480x320.jpg 480w, https:\/\/www.prijedordanas.com\/wp-content\/uploads\/2016\/06\/humanitarna-priredba-osnovci-5.jpg 600w\" sizes=\"(max-width: 300px) 100vw, 300px\" \/><\/a> <a href=\"https:\/\/www.prijedordanas.com\/wp-content\/uploads\/2016\/06\/humanitarna-priredba-osnovci-6.jpg\" rel=\"attachment wp-att-52357\"><img loading=\"lazy\" decoding=\"async\" src=\"https:\/\/www.prijedordanas.com\/wp-content\/uploads\/2016\/06\/humanitarna-priredba-osnovci-6-300x199.jpg\" alt=\"humanitarna priredba osnovci (6)\" width=\"300\" height=\"199\" class=\"alignleft size-medium wp-image-52357\" srcset=\"https:\/\/www.prijedordanas.com\/wp-content\/uploads\/2016\/06\/humanitarna-priredba-osnovci-6-300x200.jpg 300w, https:\/\/www.prijedordanas.com\/wp-content\/uploads\/2016\/06\/humanitarna-priredba-osnovci-6-480x320.jpg 480w, https:\/\/www.prijedordanas.com\/wp-content\/uploads\/2016\/06\/humanitarna-priredba-osnovci-6.jpg 600w\" sizes=\"(max-width: 300px) 100vw, 300px\" \/><\/a> <a href=\"https:\/\/www.prijedordanas.com\/wp-content\/uploads\/2016\/06\/humanitarna-priredba-osnovci-7.jpg\" rel=\"attachment wp-att-52358\"><img loading=\"lazy\" decoding=\"async\" src=\"https:\/\/www.prijedordanas.com\/wp-content\/uploads\/2016\/06\/humanitarna-priredba-osnovci-7-300x199.jpg\" alt=\"humanitarna priredba osnovci (7)\" width=\"300\" height=\"199\" class=\"alignleft size-medium wp-image-52358\" srcset=\"https:\/\/www.prijedordanas.com\/wp-content\/uploads\/2016\/06\/humanitarna-priredba-osnovci-7-300x200.jpg 300w, https:\/\/www.prijedordanas.com\/wp-content\/uploads\/2016\/06\/humanitarna-priredba-osnovci-7-480x320.jpg 480w, https:\/\/www.prijedordanas.com\/wp-content\/uploads\/2016\/06\/humanitarna-priredba-osnovci-7.jpg 600w\" sizes=\"(max-width: 300px) 100vw, 300px\" \/><\/a> <a href=\"https:\/\/www.prijedordanas.com\/wp-content\/uploads\/2016\/06\/humanitarna-priredba-osnovci-8.jpg\" rel=\"attachment wp-att-52359\"><img loading=\"lazy\" decoding=\"async\" src=\"https:\/\/www.prijedordanas.com\/wp-content\/uploads\/2016\/06\/humanitarna-priredba-osnovci-8-300x199.jpg\" alt=\"humanitarna priredba osnovci (8)\" width=\"300\" height=\"199\" class=\"alignleft size-medium wp-image-52359\" srcset=\"https:\/\/www.prijedordanas.com\/wp-content\/uploads\/2016\/06\/humanitarna-priredba-osnovci-8-300x200.jpg 300w, https:\/\/www.prijedordanas.com\/wp-content\/uploads\/2016\/06\/humanitarna-priredba-osnovci-8-480x320.jpg 480w, https:\/\/www.prijedordanas.com\/wp-content\/uploads\/2016\/06\/humanitarna-priredba-osnovci-8.jpg 600w\" sizes=\"(max-width: 300px) 100vw, 300px\" \/><\/a> <a href=\"https:\/\/www.prijedordanas.com\/wp-content\/uploads\/2016\/06\/humanitarna-priredba-osnovci-9.jpg\" rel=\"attachment wp-att-52360\"><img loading=\"lazy\" decoding=\"async\" src=\"https:\/\/www.prijedordanas.com\/wp-content\/uploads\/2016\/06\/humanitarna-priredba-osnovci-9-300x199.jpg\" alt=\"humanitarna priredba osnovci (9)\" width=\"300\" height=\"199\" class=\"alignleft size-medium wp-image-52360\" srcset=\"https:\/\/www.prijedordanas.com\/wp-content\/uploads\/2016\/06\/humanitarna-priredba-osnovci-9-300x200.jpg 300w, https:\/\/www.prijedordanas.com\/wp-content\/uploads\/2016\/06\/humanitarna-priredba-osnovci-9-480x320.jpg 480w, https:\/\/www.prijedordanas.com\/wp-content\/uploads\/2016\/06\/humanitarna-priredba-osnovci-9.jpg 600w\" sizes=\"(max-width: 300px) 100vw, 300px\" \/><\/a> <a href=\"https:\/\/www.prijedordanas.com\/wp-content\/uploads\/2016\/06\/humanitarna-priredba-osnovci-10.jpg\" rel=\"attachment wp-att-52361\"><img loading=\"lazy\" decoding=\"async\" src=\"https:\/\/www.prijedordanas.com\/wp-content\/uploads\/2016\/06\/humanitarna-priredba-osnovci-10-300x199.jpg\" alt=\"humanitarna priredba osnovci (10)\" width=\"300\" height=\"199\" class=\"alignleft size-medium wp-image-52361\" srcset=\"https:\/\/www.prijedordanas.com\/wp-content\/uploads\/2016\/06\/humanitarna-priredba-osnovci-10-300x200.jpg 300w, https:\/\/www.prijedordanas.com\/wp-content\/uploads\/2016\/06\/humanitarna-priredba-osnovci-10-480x320.jpg 480w, https:\/\/www.prijedordanas.com\/wp-content\/uploads\/2016\/06\/humanitarna-priredba-osnovci-10.jpg 600w\" sizes=\"(max-width: 300px) 100vw, 300px\" \/><\/a> <a href=\"https:\/\/www.prijedordanas.com\/wp-content\/uploads\/2016\/06\/humanitarna-priredba-osnovci-11.jpg\" rel=\"attachment wp-att-52362\"><img loading=\"lazy\" decoding=\"async\" src=\"https:\/\/www.prijedordanas.com\/wp-content\/uploads\/2016\/06\/humanitarna-priredba-osnovci-11-300x199.jpg\" alt=\"humanitarna priredba osnovci (11)\" width=\"300\" height=\"199\" class=\"alignleft size-medium wp-image-52362\" srcset=\"https:\/\/www.prijedordanas.com\/wp-content\/uploads\/2016\/06\/humanitarna-priredba-osnovci-11-300x200.jpg 300w, https:\/\/www.prijedordanas.com\/wp-content\/uploads\/2016\/06\/humanitarna-priredba-osnovci-11-480x320.jpg 480w, https:\/\/www.prijedordanas.com\/wp-content\/uploads\/2016\/06\/humanitarna-priredba-osnovci-11.jpg 600w\" sizes=\"(max-width: 300px) 100vw, 300px\" \/><\/a> <a href=\"https:\/\/www.prijedordanas.com\/wp-content\/uploads\/2016\/06\/humanitarna-priredba-osnovci-12.jpg\" rel=\"attachment wp-att-52363\"><img loading=\"lazy\" decoding=\"async\" src=\"https:\/\/www.prijedordanas.com\/wp-content\/uploads\/2016\/06\/humanitarna-priredba-osnovci-12-300x199.jpg\" alt=\"humanitarna priredba osnovci (12)\" width=\"300\" height=\"199\" class=\"alignleft size-medium wp-image-52363\" srcset=\"https:\/\/www.prijedordanas.com\/wp-content\/uploads\/2016\/06\/humanitarna-priredba-osnovci-12-300x200.jpg 300w, https:\/\/www.prijedordanas.com\/wp-content\/uploads\/2016\/06\/humanitarna-priredba-osnovci-12-480x320.jpg 480w, https:\/\/www.prijedordanas.com\/wp-content\/uploads\/2016\/06\/humanitarna-priredba-osnovci-12.jpg 600w\" sizes=\"(max-width: 300px) 100vw, 300px\" \/><\/a> <a href=\"https:\/\/www.prijedordanas.com\/wp-content\/uploads\/2016\/06\/humanitarna-priredba-osnovci-13.jpg\" rel=\"attachment wp-att-52364\"><img loading=\"lazy\" decoding=\"async\" src=\"https:\/\/www.prijedordanas.com\/wp-content\/uploads\/2016\/06\/humanitarna-priredba-osnovci-13-300x199.jpg\" alt=\"humanitarna priredba osnovci (13)\" width=\"300\" height=\"199\" class=\"alignleft size-medium wp-image-52364\" srcset=\"https:\/\/www.prijedordanas.com\/wp-content\/uploads\/2016\/06\/humanitarna-priredba-osnovci-13-300x200.jpg 300w, https:\/\/www.prijedordanas.com\/wp-content\/uploads\/2016\/06\/humanitarna-priredba-osnovci-13-480x320.jpg 480w, https:\/\/www.prijedordanas.com\/wp-content\/uploads\/2016\/06\/humanitarna-priredba-osnovci-13.jpg 600w\" sizes=\"(max-width: 300px) 100vw, 300px\" \/><\/a> <a href=\"https:\/\/www.prijedordanas.com\/wp-content\/uploads\/2016\/06\/humanitarna-priredba-osnovci-14.jpg\" rel=\"attachment wp-att-52365\"><img loading=\"lazy\" decoding=\"async\" src=\"https:\/\/www.prijedordanas.com\/wp-content\/uploads\/2016\/06\/humanitarna-priredba-osnovci-14-300x199.jpg\" alt=\"humanitarna priredba osnovci (14)\" width=\"300\" height=\"199\" class=\"alignleft size-medium wp-image-52365\" srcset=\"https:\/\/www.prijedordanas.com\/wp-content\/uploads\/2016\/06\/humanitarna-priredba-osnovci-14-300x200.jpg 300w, https:\/\/www.prijedordanas.com\/wp-content\/uploads\/2016\/06\/humanitarna-priredba-osnovci-14-480x320.jpg 480w, https:\/\/www.prijedordanas.com\/wp-content\/uploads\/2016\/06\/humanitarna-priredba-osnovci-14.jpg 600w\" sizes=\"(max-width: 300px) 100vw, 300px\" \/><\/a><\/p>\n","protected":false},"excerpt":{"rendered":"<p>U organizaciji Aktiva nastavnika srpskog jezika prijedorskih osnovnih \u0161kola, u gradskom pozori\u0161tu je odr\u017eana humanitarna priredba \u201cBudi mi prijatelj\u201d na kojoj je prikupljeno 1.240 KM. Sredstva od prodaje ulaznica i [&hellip;]<\/p>\n","protected":false},"author":1,"featured_media":0,"comment_status":"closed","ping_status":"open","sticky":false,"template":"","format":"standard","meta":{"_monsterinsights_skip_tracking":false,"_monsterinsights_sitenote_active":false,"_monsterinsights_sitenote_note":"","_monsterinsights_sitenote_category":0,"footnotes":""},"categories":[7518],"tags":[8051,1590,8049,8050],"yoast_head":"<!-- This site is optimized with the Yoast SEO plugin v21.6 - https:\/\/yoast.com\/wordpress\/plugins\/seo\/ -->\n<title>\u201eBUDI MI PRIJATELJ\u201c: PRIKUPLJENO 1.240 KM ZA LEJLINO LIJE\u010cENJE \u2013 FOTO - PrijedorDanas.com - Prijedorski gradski portal<\/title>\n<meta name=\"robots\" content=\"index, follow, max-snippet:-1, max-image-preview:large, max-video-preview:-1\" \/>\n<link rel=\"canonical\" href=\"https:\/\/www.prijedordanas.com\/?p=52350\" \/>\n<meta property=\"og:locale\" content=\"en_US\" \/>\n<meta property=\"og:type\" content=\"article\" \/>\n<meta property=\"og:title\" content=\"\u201eBUDI MI PRIJATELJ\u201c: PRIKUPLJENO 1.240 KM ZA LEJLINO LIJE\u010cENJE \u2013 FOTO - PrijedorDanas.com - Prijedorski gradski portal\" \/>\n<meta property=\"og:description\" content=\"U organizaciji Aktiva nastavnika srpskog jezika prijedorskih osnovnih \u0161kola, u gradskom pozori\u0161tu je odr\u017eana humanitarna priredba \u201cBudi mi prijatelj\u201d na kojoj je prikupljeno 1.240 KM. Sredstva od prodaje ulaznica i [&hellip;]\" \/>\n<meta property=\"og:url\" content=\"https:\/\/www.prijedordanas.com\/?p=52350\" \/>\n<meta property=\"og:site_name\" content=\"PrijedorDanas.com - Prijedorski gradski portal\" \/>\n<meta property=\"article:publisher\" content=\"https:\/\/www.facebook.com\/PrijedorDanasCom\/\" \/>\n<meta property=\"article:published_time\" content=\"2016-06-06T11:17:10+00:00\" \/>\n<meta property=\"og:image\" content=\"https:\/\/www.prijedordanas.com\/wp-content\/uploads\/2016\/06\/humanitarna-priredba-osnovci-1-300x199.jpg\" \/>\n<meta name=\"author\" content=\"admin\" \/>\n<meta name=\"twitter:card\" content=\"summary_large_image\" \/>\n<meta name=\"twitter:label1\" content=\"Written by\" \/>\n\t<meta name=\"twitter:data1\" content=\"admin\" \/>\n\t<meta name=\"twitter:label2\" content=\"Est. reading time\" \/>\n\t<meta name=\"twitter:data2\" content=\"1 minute\" \/>\n<script type=\"application\/ld+json\" class=\"yoast-schema-graph\">{\"@context\":\"https:\/\/schema.org\",\"@graph\":[{\"@type\":\"Article\",\"@id\":\"https:\/\/www.prijedordanas.com\/?p=52350#article\",\"isPartOf\":{\"@id\":\"https:\/\/www.prijedordanas.com\/?p=52350\"},\"author\":{\"name\":\"admin\",\"@id\":\"https:\/\/www.prijedordanas.com\/#\/schema\/person\/4e08ccf29b506ca916ff86d46bb700e6\"},\"headline\":\"\u201eBUDI MI PRIJATELJ\u201c: PRIKUPLJENO 1.240 KM ZA LEJLINO LIJE\u010cENJE \u2013 FOTO\",\"datePublished\":\"2016-06-06T11:17:10+00:00\",\"dateModified\":\"2016-06-06T11:17:10+00:00\",\"mainEntityOfPage\":{\"@id\":\"https:\/\/www.prijedordanas.com\/?p=52350\"},\"wordCount\":115,\"publisher\":{\"@id\":\"https:\/\/www.prijedordanas.com\/#organization\"},\"keywords\":[\"Aktiv nastavnika srpskog jezika\",\"Budi mi prijatelj\",\"humanitarna priredba\",\"Lejla Softi\u0107\"],\"articleSection\":[\"Mladi\"],\"inLanguage\":\"en-US\"},{\"@type\":\"WebPage\",\"@id\":\"https:\/\/www.prijedordanas.com\/?p=52350\",\"url\":\"https:\/\/www.prijedordanas.com\/?p=52350\",\"name\":\"\u201eBUDI MI PRIJATELJ\u201c: PRIKUPLJENO 1.240 KM ZA LEJLINO LIJE\u010cENJE \u2013 FOTO - PrijedorDanas.com - Prijedorski gradski portal\",\"isPartOf\":{\"@id\":\"https:\/\/www.prijedordanas.com\/#website\"},\"datePublished\":\"2016-06-06T11:17:10+00:00\",\"dateModified\":\"2016-06-06T11:17:10+00:00\",\"breadcrumb\":{\"@id\":\"https:\/\/www.prijedordanas.com\/?p=52350#breadcrumb\"},\"inLanguage\":\"en-US\",\"potentialAction\":[{\"@type\":\"ReadAction\",\"target\":[\"https:\/\/www.prijedordanas.com\/?p=52350\"]}]},{\"@type\":\"BreadcrumbList\",\"@id\":\"https:\/\/www.prijedordanas.com\/?p=52350#breadcrumb\",\"itemListElement\":[{\"@type\":\"ListItem\",\"position\":1,\"name\":\"Home\",\"item\":\"https:\/\/www.prijedordanas.com\/\"},{\"@type\":\"ListItem\",\"position\":2,\"name\":\"\u201eBUDI MI PRIJATELJ\u201c: PRIKUPLJENO 1.240 KM ZA LEJLINO LIJE\u010cENJE \u2013 FOTO\"}]},{\"@type\":\"WebSite\",\"@id\":\"https:\/\/www.prijedordanas.com\/#website\",\"url\":\"https:\/\/www.prijedordanas.com\/\",\"name\":\"PrijedorDanas.com - Prijedorski gradski portal\",\"description\":\"Portal o doga\u0111anjima u gradu Prijedoru\",\"publisher\":{\"@id\":\"https:\/\/www.prijedordanas.com\/#organization\"},\"potentialAction\":[{\"@type\":\"SearchAction\",\"target\":{\"@type\":\"EntryPoint\",\"urlTemplate\":\"https:\/\/www.prijedordanas.com\/?s={search_term_string}\"},\"query-input\":\"required name=search_term_string\"}],\"inLanguage\":\"en-US\"},{\"@type\":\"Organization\",\"@id\":\"https:\/\/www.prijedordanas.com\/#organization\",\"name\":\"PrijedorDanas.com\",\"url\":\"https:\/\/www.prijedordanas.com\/\",\"logo\":{\"@type\":\"ImageObject\",\"inLanguage\":\"en-US\",\"@id\":\"https:\/\/www.prijedordanas.com\/#\/schema\/logo\/image\/\",\"url\":\"http:\/\/www.prijedordanas.com\/wp-content\/uploads\/2021\/12\/logopng.png\",\"contentUrl\":\"http:\/\/www.prijedordanas.com\/wp-content\/uploads\/2021\/12\/logopng.png\",\"width\":1019,\"height\":776,\"caption\":\"PrijedorDanas.com\"},\"image\":{\"@id\":\"https:\/\/www.prijedordanas.com\/#\/schema\/logo\/image\/\"},\"sameAs\":[\"https:\/\/www.facebook.com\/PrijedorDanasCom\/\"]},{\"@type\":\"Person\",\"@id\":\"https:\/\/www.prijedordanas.com\/#\/schema\/person\/4e08ccf29b506ca916ff86d46bb700e6\",\"name\":\"admin\",\"image\":{\"@type\":\"ImageObject\",\"inLanguage\":\"en-US\",\"@id\":\"https:\/\/www.prijedordanas.com\/#\/schema\/person\/image\/\",\"url\":\"https:\/\/secure.gravatar.com\/avatar\/1d3fc949d550f0b53a5f0d51e06dfd79?s=96&d=mm&r=g\",\"contentUrl\":\"https:\/\/secure.gravatar.com\/avatar\/1d3fc949d550f0b53a5f0d51e06dfd79?s=96&d=mm&r=g\",\"caption\":\"admin\"},\"url\":\"https:\/\/www.prijedordanas.com\/?author=1\"}]}<\/script>\n<!-- \/ Yoast SEO plugin. -->","yoast_head_json":{"title":"\u201eBUDI MI PRIJATELJ\u201c: PRIKUPLJENO 1.240 KM ZA LEJLINO LIJE\u010cENJE \u2013 FOTO - PrijedorDanas.com - Prijedorski gradski portal","robots":{"index":"index","follow":"follow","max-snippet":"max-snippet:-1","max-image-preview":"max-image-preview:large","max-video-preview":"max-video-preview:-1"},"canonical":"https:\/\/www.prijedordanas.com\/?p=52350","og_locale":"en_US","og_type":"article","og_title":"\u201eBUDI MI PRIJATELJ\u201c: PRIKUPLJENO 1.240 KM ZA LEJLINO LIJE\u010cENJE \u2013 FOTO - PrijedorDanas.com - Prijedorski gradski portal","og_description":"U organizaciji Aktiva nastavnika srpskog jezika prijedorskih osnovnih \u0161kola, u gradskom pozori\u0161tu je odr\u017eana humanitarna priredba \u201cBudi mi prijatelj\u201d na kojoj je prikupljeno 1.240 KM. Sredstva od prodaje ulaznica i [&hellip;]","og_url":"https:\/\/www.prijedordanas.com\/?p=52350","og_site_name":"PrijedorDanas.com - Prijedorski gradski portal","article_publisher":"https:\/\/www.facebook.com\/PrijedorDanasCom\/","article_published_time":"2016-06-06T11:17:10+00:00","og_image":[{"url":"https:\/\/www.prijedordanas.com\/wp-content\/uploads\/2016\/06\/humanitarna-priredba-osnovci-1-300x199.jpg"}],"author":"admin","twitter_card":"summary_large_image","twitter_misc":{"Written by":"admin","Est. reading time":"1 minute"},"schema":{"@context":"https:\/\/schema.org","@graph":[{"@type":"Article","@id":"https:\/\/www.prijedordanas.com\/?p=52350#article","isPartOf":{"@id":"https:\/\/www.prijedordanas.com\/?p=52350"},"author":{"name":"admin","@id":"https:\/\/www.prijedordanas.com\/#\/schema\/person\/4e08ccf29b506ca916ff86d46bb700e6"},"headline":"\u201eBUDI MI PRIJATELJ\u201c: PRIKUPLJENO 1.240 KM ZA LEJLINO LIJE\u010cENJE \u2013 FOTO","datePublished":"2016-06-06T11:17:10+00:00","dateModified":"2016-06-06T11:17:10+00:00","mainEntityOfPage":{"@id":"https:\/\/www.prijedordanas.com\/?p=52350"},"wordCount":115,"publisher":{"@id":"https:\/\/www.prijedordanas.com\/#organization"},"keywords":["Aktiv nastavnika srpskog jezika","Budi mi prijatelj","humanitarna priredba","Lejla Softi\u0107"],"articleSection":["Mladi"],"inLanguage":"en-US"},{"@type":"WebPage","@id":"https:\/\/www.prijedordanas.com\/?p=52350","url":"https:\/\/www.prijedordanas.com\/?p=52350","name":"\u201eBUDI MI PRIJATELJ\u201c: PRIKUPLJENO 1.240 KM ZA LEJLINO LIJE\u010cENJE \u2013 FOTO - PrijedorDanas.com - Prijedorski gradski portal","isPartOf":{"@id":"https:\/\/www.prijedordanas.com\/#website"},"datePublished":"2016-06-06T11:17:10+00:00","dateModified":"2016-06-06T11:17:10+00:00","breadcrumb":{"@id":"https:\/\/www.prijedordanas.com\/?p=52350#breadcrumb"},"inLanguage":"en-US","potentialAction":[{"@type":"ReadAction","target":["https:\/\/www.prijedordanas.com\/?p=52350"]}]},{"@type":"BreadcrumbList","@id":"https:\/\/www.prijedordanas.com\/?p=52350#breadcrumb","itemListElement":[{"@type":"ListItem","position":1,"name":"Home","item":"https:\/\/www.prijedordanas.com\/"},{"@type":"ListItem","position":2,"name":"\u201eBUDI MI PRIJATELJ\u201c: PRIKUPLJENO 1.240 KM ZA LEJLINO LIJE\u010cENJE \u2013 FOTO"}]},{"@type":"WebSite","@id":"https:\/\/www.prijedordanas.com\/#website","url":"https:\/\/www.prijedordanas.com\/","name":"PrijedorDanas.com - Prijedorski gradski portal","description":"Portal o doga\u0111anjima u gradu Prijedoru","publisher":{"@id":"https:\/\/www.prijedordanas.com\/#organization"},"potentialAction":[{"@type":"SearchAction","target":{"@type":"EntryPoint","urlTemplate":"https:\/\/www.prijedordanas.com\/?s={search_term_string}"},"query-input":"required name=search_term_string"}],"inLanguage":"en-US"},{"@type":"Organization","@id":"https:\/\/www.prijedordanas.com\/#organization","name":"PrijedorDanas.com","url":"https:\/\/www.prijedordanas.com\/","logo":{"@type":"ImageObject","inLanguage":"en-US","@id":"https:\/\/www.prijedordanas.com\/#\/schema\/logo\/image\/","url":"http:\/\/www.prijedordanas.com\/wp-content\/uploads\/2021\/12\/logopng.png","contentUrl":"http:\/\/www.prijedordanas.com\/wp-content\/uploads\/2021\/12\/logopng.png","width":1019,"height":776,"caption":"PrijedorDanas.com"},"image":{"@id":"https:\/\/www.prijedordanas.com\/#\/schema\/logo\/image\/"},"sameAs":["https:\/\/www.facebook.com\/PrijedorDanasCom\/"]},{"@type":"Person","@id":"https:\/\/www.prijedordanas.com\/#\/schema\/person\/4e08ccf29b506ca916ff86d46bb700e6","name":"admin","image":{"@type":"ImageObject","inLanguage":"en-US","@id":"https:\/\/www.prijedordanas.com\/#\/schema\/person\/image\/","url":"https:\/\/secure.gravatar.com\/avatar\/1d3fc949d550f0b53a5f0d51e06dfd79?s=96&d=mm&r=g","contentUrl":"https:\/\/secure.gravatar.com\/avatar\/1d3fc949d550f0b53a5f0d51e06dfd79?s=96&d=mm&r=g","caption":"admin"},"url":"https:\/\/www.prijedordanas.com\/?author=1"}]}},"_links":{"self":[{"href":"https:\/\/www.prijedordanas.com\/index.php?rest_route=\/wp\/v2\/posts\/52350"}],"collection":[{"href":"https:\/\/www.prijedordanas.com\/index.php?rest_route=\/wp\/v2\/posts"}],"about":[{"href":"https:\/\/www.prijedordanas.com\/index.php?rest_route=\/wp\/v2\/types\/post"}],"author":[{"embeddable":true,"href":"https:\/\/www.prijedordanas.com\/index.php?rest_route=\/wp\/v2\/users\/1"}],"replies":[{"embeddable":true,"href":"https:\/\/www.prijedordanas.com\/index.php?rest_route=%2Fwp%2Fv2%2Fcomments&post=52350"}],"version-history":[{"count":1,"href":"https:\/\/www.prijedordanas.com\/index.php?rest_route=\/wp\/v2\/posts\/52350\/revisions"}],"predecessor-version":[{"id":52366,"href":"https:\/\/www.prijedordanas.com\/index.php?rest_route=\/wp\/v2\/posts\/52350\/revisions\/52366"}],"wp:attachment":[{"href":"https:\/\/www.prijedordanas.com\/index.php?rest_route=%2Fwp%2Fv2%2Fmedia&parent=52350"}],"wp:term":[{"taxonomy":"category","embeddable":true,"href":"https:\/\/www.prijedordanas.com\/index.php?rest_route=%2Fwp%2Fv2%2Fcategories&post=52350"},{"taxonomy":"post_tag","embeddable":true,"href":"https:\/\/www.prijedordanas.com\/index.php?rest_route=%2Fwp%2Fv2%2Ftags&post=52350"}],"curies":[{"name":"wp","href":"https:\/\/api.w.org\/{rel}","templated":true}]}}