{"id":52274,"date":"2016-06-05T19:04:36","date_gmt":"2016-06-05T17:04:36","guid":{"rendered":"https:\/\/www.prijedordanas.com\/?p=52274"},"modified":"2016-06-05T19:04:36","modified_gmt":"2016-06-05T17:04:36","slug":"na-kozari-promovisan-znak-zastite-zivotne-sredine-srpske","status":"publish","type":"post","link":"https:\/\/www.prijedordanas.com\/?p=52274","title":{"rendered":"NA KOZARI PROMOVISAN ZNAK ZA\u0160TITE \u017dIVOTNE SREDINE SRPSKE"},"content":{"rendered":"<p><a href=\"https:\/\/www.prijedordanas.com\/wp-content\/uploads\/2016\/06\/srna-znak-zivotne-sredine-1.jpg\" rel=\"attachment wp-att-52275\"><img loading=\"lazy\" decoding=\"async\" class=\"alignleft size-medium wp-image-52275\" src=\"https:\/\/www.prijedordanas.com\/wp-content\/uploads\/2016\/06\/srna-znak-zivotne-sredine-1-300x225.jpg\" alt=\"srna-znak zivotne sredine (1)\" width=\"300\" height=\"225\" srcset=\"https:\/\/www.prijedordanas.com\/wp-content\/uploads\/2016\/06\/srna-znak-zivotne-sredine-1-300x225.jpg 300w, https:\/\/www.prijedordanas.com\/wp-content\/uploads\/2016\/06\/srna-znak-zivotne-sredine-1.jpg 600w\" sizes=\"(max-width: 300px) 100vw, 300px\" \/><\/a>Promocijom Znaka za\u0161tite \u017eivotne sredine Republike Srpske, \u010diji je autor student grafi\u010dkog dizajna na banjalu\u010dkoj Akademiji umjetnosti Sanja Kvasni, danas je u Nacionalnom parku &#8220;Kozara&#8221; obilje\u017een Svjetski dan za\u0161tite \u017eivotne sredine.<\/p>\n<p>Pomo\u0107nik ministra za ekologiju Republike Srpske Svjetlana Radusin rekla je da je izabrani znak veoma aplikativan i da mo\u017ee poslu\u017eiti za ambleme i suvenire u za\u0161ti\u0107enim podru\u010djima.<\/p>\n<p>&#8220;\u017deljeli smo da promovi\u0161emo prirodu i uka\u017eemo na njen zna\u010daj. Nacionalni park `Kozara` bogat je raznovrsnim biodiverzitetom i tradicijom iz Narodnooslobodila\u010dkog rata&#8221;, istakla je Radusinova.<\/p>\n<p>Prema njenim rije\u010dima, ovaj dan obilje\u017eava se i u Republici Srpskoj svake godine, a prvi put u saradnji sa Akademijom umjetnosti.<\/p>\n<p><a href=\"https:\/\/www.prijedordanas.com\/wp-content\/uploads\/2016\/06\/srna-znak-zivotne-sredine-2.jpg\" rel=\"attachment wp-att-52276\"><img loading=\"lazy\" decoding=\"async\" class=\"alignleft size-medium wp-image-52276\" src=\"https:\/\/www.prijedordanas.com\/wp-content\/uploads\/2016\/06\/srna-znak-zivotne-sredine-2-300x225.jpg\" alt=\"srna-znak zivotne sredine (2)\" width=\"300\" height=\"225\" srcset=\"https:\/\/www.prijedordanas.com\/wp-content\/uploads\/2016\/06\/srna-znak-zivotne-sredine-2-300x225.jpg 300w, https:\/\/www.prijedordanas.com\/wp-content\/uploads\/2016\/06\/srna-znak-zivotne-sredine-2.jpg 600w\" sizes=\"(max-width: 300px) 100vw, 300px\" \/><\/a>&#8220;Za ovu priliku odlu\u010dili smo se da anga\u017eujemo studente dizajna, budu\u0107i da nam je bio potreban znak za\u0161tite \u017eivotne sredine. Napravili su izlo\u017ebu i ponudili 22 rada, a komisija je imala nimalo lak posao da izabere one koje \u0107e nagraditi i Znak za\u0161tite \u017eivotne sredine&#8221;, rekla je Radusinova.<\/p>\n<p>Student druge godine Akademije umjetnosti Sanja Kvasni, \u010diji je rad izabran kao Znak za\u0161tite \u017eivotne sredine Republike Srpske, istakla je da je dugo razmi\u0161ljala i istra\u017eivala \u0161ta bi ti mogao da bude simbol za\u0161tite prirode.<\/p>\n<p>&#8220;Veoma sam ponosna na to \u0161to je moj rad izabran&#8221;, rekla je Sanja Kvasni.<\/p>\n<p>\u0160ef Katedre za grafi\u010dki dizajn na banjalu\u010dkoj Akademiji umjetnosti Goran Jankovi\u0107 zahvalio je Ministarstvu za prostorno ure\u0111enje, gra\u0111evinarstvo i ekologiju Republike Srpske, koje je fakultetu ukazalo povjerenje i raspisalo konkurs za izradu ovog znaka.<\/p>\n<p><a href=\"https:\/\/www.prijedordanas.com\/wp-content\/uploads\/2016\/06\/srna-znak-zivotne-sredine-3.jpg\" rel=\"attachment wp-att-52277\"><img loading=\"lazy\" decoding=\"async\" src=\"https:\/\/www.prijedordanas.com\/wp-content\/uploads\/2016\/06\/srna-znak-zivotne-sredine-3-300x225.jpg\" alt=\"srna-znak zivotne sredine (3)\" width=\"300\" height=\"225\" class=\"alignleft size-medium wp-image-52277\" srcset=\"https:\/\/www.prijedordanas.com\/wp-content\/uploads\/2016\/06\/srna-znak-zivotne-sredine-3-300x225.jpg 300w, https:\/\/www.prijedordanas.com\/wp-content\/uploads\/2016\/06\/srna-znak-zivotne-sredine-3.jpg 600w\" sizes=\"(max-width: 300px) 100vw, 300px\" \/><\/a>&#8220;Studenti su vrijedno radili i dobili smo 22 vizuelna identiteta. Velika je stvar \u0161to je data mogu\u0107nost kreativnim mladih ljudima da rade za potrebe jedne institucije&#8221;, izjavio je novinarima Jankovi\u0107.<\/p>\n<p>Direktor Nacionalnog parka &#8220;Kozara&#8221; Dragan Ron\u010devi\u0107 rekao je da je ovo prilika da se obilje\u017ei i 8. juni, Dan planinarske prirode i Dan nacionalnog parka &#8220;Kozara&#8221;.<\/p>\n<p>&#8220;Priroda je u na\u0161em nacionalnom parku bila dare\u017eljiva prema nama, ali klimatske promjene opominju da o prirodi moramo voditi vi\u0161e ra\u010duna i ovaj doga\u0111aj i novi znak neka budu opomena i apel onima koji uni\u0161tavaju prirodu da to \u010dine u \u0161to manjoj mjeri jer je \u017eivot na ovoj na\u0161oj planeti mogu\u0107 jedino u sadejstvu sa prirodom&#8221;, naglasio je Ron\u010devi\u0107.<\/p>\n<p>Promocijom Znaka, Ministarstvo za prostorno ure\u0111enje, gra\u0111evinarstvo i ekologiju i Fond za za\u0161titu \u017eivotne sredine i energetsku efikasnost Republike Srpske obilje\u017eili su Svjetski dan za\u0161tite \u017eivotne sredine.<\/p>\n<p>Manifestaciju je, osim promocije novog znaka, \u010dinila i izlo\u017eba radova studenata Katedre za grafi\u010dki dizajn Akademije umjetnosti koji su bili u\u010desnici konkursa koje je raspisalo Ministarstvo za prostorno ure\u0111enje, gra\u0111evinarstvo i ekologiju Republike Srpske.<\/p>\n<p>SRNA<\/p>\n","protected":false},"excerpt":{"rendered":"<p>Promocijom Znaka za\u0161tite \u017eivotne sredine Republike Srpske, \u010diji je autor student grafi\u010dkog dizajna na banjalu\u010dkoj Akademiji umjetnosti Sanja Kvasni, danas je u Nacionalnom parku &#8220;Kozara&#8221; obilje\u017een Svjetski dan za\u0161tite \u017eivotne [&hellip;]<\/p>\n","protected":false},"author":1,"featured_media":0,"comment_status":"closed","ping_status":"open","sticky":false,"template":"","format":"standard","meta":{"_monsterinsights_skip_tracking":false,"_monsterinsights_sitenote_active":false,"_monsterinsights_sitenote_note":"","_monsterinsights_sitenote_category":0,"footnotes":""},"categories":[8],"tags":[388,3403,8040],"yoast_head":"<!-- This site is optimized with the Yoast SEO plugin v21.6 - https:\/\/yoast.com\/wordpress\/plugins\/seo\/ -->\n<title>NA KOZARI PROMOVISAN ZNAK ZA\u0160TITE \u017dIVOTNE SREDINE SRPSKE - PrijedorDanas.com - Prijedorski gradski portal<\/title>\n<meta name=\"robots\" content=\"index, follow, max-snippet:-1, max-image-preview:large, max-video-preview:-1\" \/>\n<link rel=\"canonical\" href=\"https:\/\/www.prijedordanas.com\/?p=52274\" \/>\n<meta property=\"og:locale\" content=\"en_US\" \/>\n<meta property=\"og:type\" content=\"article\" \/>\n<meta property=\"og:title\" content=\"NA KOZARI PROMOVISAN ZNAK ZA\u0160TITE \u017dIVOTNE SREDINE SRPSKE - PrijedorDanas.com - Prijedorski gradski portal\" \/>\n<meta property=\"og:description\" content=\"Promocijom Znaka za\u0161tite \u017eivotne sredine Republike Srpske, \u010diji je autor student grafi\u010dkog dizajna na banjalu\u010dkoj Akademiji umjetnosti Sanja Kvasni, danas je u Nacionalnom parku &#8220;Kozara&#8221; obilje\u017een Svjetski dan za\u0161tite \u017eivotne [&hellip;]\" \/>\n<meta property=\"og:url\" content=\"https:\/\/www.prijedordanas.com\/?p=52274\" \/>\n<meta property=\"og:site_name\" content=\"PrijedorDanas.com - Prijedorski gradski portal\" \/>\n<meta property=\"article:publisher\" content=\"https:\/\/www.facebook.com\/PrijedorDanasCom\/\" \/>\n<meta property=\"article:published_time\" content=\"2016-06-05T17:04:36+00:00\" \/>\n<meta property=\"og:image\" content=\"https:\/\/www.prijedordanas.com\/wp-content\/uploads\/2016\/06\/srna-znak-zivotne-sredine-1-300x225.jpg\" \/>\n<meta name=\"author\" content=\"admin\" \/>\n<meta name=\"twitter:card\" content=\"summary_large_image\" \/>\n<meta name=\"twitter:label1\" content=\"Written by\" \/>\n\t<meta name=\"twitter:data1\" content=\"admin\" \/>\n\t<meta name=\"twitter:label2\" content=\"Est. reading time\" \/>\n\t<meta name=\"twitter:data2\" content=\"2 minutes\" \/>\n<script type=\"application\/ld+json\" class=\"yoast-schema-graph\">{\"@context\":\"https:\/\/schema.org\",\"@graph\":[{\"@type\":\"Article\",\"@id\":\"https:\/\/www.prijedordanas.com\/?p=52274#article\",\"isPartOf\":{\"@id\":\"https:\/\/www.prijedordanas.com\/?p=52274\"},\"author\":{\"name\":\"admin\",\"@id\":\"https:\/\/www.prijedordanas.com\/#\/schema\/person\/4e08ccf29b506ca916ff86d46bb700e6\"},\"headline\":\"NA KOZARI PROMOVISAN ZNAK ZA\u0160TITE \u017dIVOTNE SREDINE SRPSKE\",\"datePublished\":\"2016-06-05T17:04:36+00:00\",\"dateModified\":\"2016-06-05T17:04:36+00:00\",\"mainEntityOfPage\":{\"@id\":\"https:\/\/www.prijedordanas.com\/?p=52274\"},\"wordCount\":470,\"publisher\":{\"@id\":\"https:\/\/www.prijedordanas.com\/#organization\"},\"keywords\":[\"Nacionalni park Kozara\",\"promocija\",\"znak \u017eivotne sredine\"],\"articleSection\":[\"Svakodnevno\"],\"inLanguage\":\"en-US\"},{\"@type\":\"WebPage\",\"@id\":\"https:\/\/www.prijedordanas.com\/?p=52274\",\"url\":\"https:\/\/www.prijedordanas.com\/?p=52274\",\"name\":\"NA KOZARI PROMOVISAN ZNAK ZA\u0160TITE \u017dIVOTNE SREDINE SRPSKE - PrijedorDanas.com - Prijedorski gradski portal\",\"isPartOf\":{\"@id\":\"https:\/\/www.prijedordanas.com\/#website\"},\"datePublished\":\"2016-06-05T17:04:36+00:00\",\"dateModified\":\"2016-06-05T17:04:36+00:00\",\"breadcrumb\":{\"@id\":\"https:\/\/www.prijedordanas.com\/?p=52274#breadcrumb\"},\"inLanguage\":\"en-US\",\"potentialAction\":[{\"@type\":\"ReadAction\",\"target\":[\"https:\/\/www.prijedordanas.com\/?p=52274\"]}]},{\"@type\":\"BreadcrumbList\",\"@id\":\"https:\/\/www.prijedordanas.com\/?p=52274#breadcrumb\",\"itemListElement\":[{\"@type\":\"ListItem\",\"position\":1,\"name\":\"Home\",\"item\":\"https:\/\/www.prijedordanas.com\/\"},{\"@type\":\"ListItem\",\"position\":2,\"name\":\"NA KOZARI PROMOVISAN ZNAK ZA\u0160TITE \u017dIVOTNE SREDINE SRPSKE\"}]},{\"@type\":\"WebSite\",\"@id\":\"https:\/\/www.prijedordanas.com\/#website\",\"url\":\"https:\/\/www.prijedordanas.com\/\",\"name\":\"PrijedorDanas.com - Prijedorski gradski portal\",\"description\":\"Portal o doga\u0111anjima u gradu Prijedoru\",\"publisher\":{\"@id\":\"https:\/\/www.prijedordanas.com\/#organization\"},\"potentialAction\":[{\"@type\":\"SearchAction\",\"target\":{\"@type\":\"EntryPoint\",\"urlTemplate\":\"https:\/\/www.prijedordanas.com\/?s={search_term_string}\"},\"query-input\":\"required name=search_term_string\"}],\"inLanguage\":\"en-US\"},{\"@type\":\"Organization\",\"@id\":\"https:\/\/www.prijedordanas.com\/#organization\",\"name\":\"PrijedorDanas.com\",\"url\":\"https:\/\/www.prijedordanas.com\/\",\"logo\":{\"@type\":\"ImageObject\",\"inLanguage\":\"en-US\",\"@id\":\"https:\/\/www.prijedordanas.com\/#\/schema\/logo\/image\/\",\"url\":\"http:\/\/www.prijedordanas.com\/wp-content\/uploads\/2021\/12\/logopng.png\",\"contentUrl\":\"http:\/\/www.prijedordanas.com\/wp-content\/uploads\/2021\/12\/logopng.png\",\"width\":1019,\"height\":776,\"caption\":\"PrijedorDanas.com\"},\"image\":{\"@id\":\"https:\/\/www.prijedordanas.com\/#\/schema\/logo\/image\/\"},\"sameAs\":[\"https:\/\/www.facebook.com\/PrijedorDanasCom\/\"]},{\"@type\":\"Person\",\"@id\":\"https:\/\/www.prijedordanas.com\/#\/schema\/person\/4e08ccf29b506ca916ff86d46bb700e6\",\"name\":\"admin\",\"image\":{\"@type\":\"ImageObject\",\"inLanguage\":\"en-US\",\"@id\":\"https:\/\/www.prijedordanas.com\/#\/schema\/person\/image\/\",\"url\":\"https:\/\/secure.gravatar.com\/avatar\/1d3fc949d550f0b53a5f0d51e06dfd79?s=96&d=mm&r=g\",\"contentUrl\":\"https:\/\/secure.gravatar.com\/avatar\/1d3fc949d550f0b53a5f0d51e06dfd79?s=96&d=mm&r=g\",\"caption\":\"admin\"},\"url\":\"https:\/\/www.prijedordanas.com\/?author=1\"}]}<\/script>\n<!-- \/ Yoast SEO plugin. -->","yoast_head_json":{"title":"NA KOZARI PROMOVISAN ZNAK ZA\u0160TITE \u017dIVOTNE SREDINE SRPSKE - PrijedorDanas.com - Prijedorski gradski portal","robots":{"index":"index","follow":"follow","max-snippet":"max-snippet:-1","max-image-preview":"max-image-preview:large","max-video-preview":"max-video-preview:-1"},"canonical":"https:\/\/www.prijedordanas.com\/?p=52274","og_locale":"en_US","og_type":"article","og_title":"NA KOZARI PROMOVISAN ZNAK ZA\u0160TITE \u017dIVOTNE SREDINE SRPSKE - PrijedorDanas.com - Prijedorski gradski portal","og_description":"Promocijom Znaka za\u0161tite \u017eivotne sredine Republike Srpske, \u010diji je autor student grafi\u010dkog dizajna na banjalu\u010dkoj Akademiji umjetnosti Sanja Kvasni, danas je u Nacionalnom parku &#8220;Kozara&#8221; obilje\u017een Svjetski dan za\u0161tite \u017eivotne [&hellip;]","og_url":"https:\/\/www.prijedordanas.com\/?p=52274","og_site_name":"PrijedorDanas.com - Prijedorski gradski portal","article_publisher":"https:\/\/www.facebook.com\/PrijedorDanasCom\/","article_published_time":"2016-06-05T17:04:36+00:00","og_image":[{"url":"https:\/\/www.prijedordanas.com\/wp-content\/uploads\/2016\/06\/srna-znak-zivotne-sredine-1-300x225.jpg"}],"author":"admin","twitter_card":"summary_large_image","twitter_misc":{"Written by":"admin","Est. reading time":"2 minutes"},"schema":{"@context":"https:\/\/schema.org","@graph":[{"@type":"Article","@id":"https:\/\/www.prijedordanas.com\/?p=52274#article","isPartOf":{"@id":"https:\/\/www.prijedordanas.com\/?p=52274"},"author":{"name":"admin","@id":"https:\/\/www.prijedordanas.com\/#\/schema\/person\/4e08ccf29b506ca916ff86d46bb700e6"},"headline":"NA KOZARI PROMOVISAN ZNAK ZA\u0160TITE \u017dIVOTNE SREDINE SRPSKE","datePublished":"2016-06-05T17:04:36+00:00","dateModified":"2016-06-05T17:04:36+00:00","mainEntityOfPage":{"@id":"https:\/\/www.prijedordanas.com\/?p=52274"},"wordCount":470,"publisher":{"@id":"https:\/\/www.prijedordanas.com\/#organization"},"keywords":["Nacionalni park Kozara","promocija","znak \u017eivotne sredine"],"articleSection":["Svakodnevno"],"inLanguage":"en-US"},{"@type":"WebPage","@id":"https:\/\/www.prijedordanas.com\/?p=52274","url":"https:\/\/www.prijedordanas.com\/?p=52274","name":"NA KOZARI PROMOVISAN ZNAK ZA\u0160TITE \u017dIVOTNE SREDINE SRPSKE - PrijedorDanas.com - Prijedorski gradski portal","isPartOf":{"@id":"https:\/\/www.prijedordanas.com\/#website"},"datePublished":"2016-06-05T17:04:36+00:00","dateModified":"2016-06-05T17:04:36+00:00","breadcrumb":{"@id":"https:\/\/www.prijedordanas.com\/?p=52274#breadcrumb"},"inLanguage":"en-US","potentialAction":[{"@type":"ReadAction","target":["https:\/\/www.prijedordanas.com\/?p=52274"]}]},{"@type":"BreadcrumbList","@id":"https:\/\/www.prijedordanas.com\/?p=52274#breadcrumb","itemListElement":[{"@type":"ListItem","position":1,"name":"Home","item":"https:\/\/www.prijedordanas.com\/"},{"@type":"ListItem","position":2,"name":"NA KOZARI PROMOVISAN ZNAK ZA\u0160TITE \u017dIVOTNE SREDINE SRPSKE"}]},{"@type":"WebSite","@id":"https:\/\/www.prijedordanas.com\/#website","url":"https:\/\/www.prijedordanas.com\/","name":"PrijedorDanas.com - Prijedorski gradski portal","description":"Portal o doga\u0111anjima u gradu Prijedoru","publisher":{"@id":"https:\/\/www.prijedordanas.com\/#organization"},"potentialAction":[{"@type":"SearchAction","target":{"@type":"EntryPoint","urlTemplate":"https:\/\/www.prijedordanas.com\/?s={search_term_string}"},"query-input":"required name=search_term_string"}],"inLanguage":"en-US"},{"@type":"Organization","@id":"https:\/\/www.prijedordanas.com\/#organization","name":"PrijedorDanas.com","url":"https:\/\/www.prijedordanas.com\/","logo":{"@type":"ImageObject","inLanguage":"en-US","@id":"https:\/\/www.prijedordanas.com\/#\/schema\/logo\/image\/","url":"http:\/\/www.prijedordanas.com\/wp-content\/uploads\/2021\/12\/logopng.png","contentUrl":"http:\/\/www.prijedordanas.com\/wp-content\/uploads\/2021\/12\/logopng.png","width":1019,"height":776,"caption":"PrijedorDanas.com"},"image":{"@id":"https:\/\/www.prijedordanas.com\/#\/schema\/logo\/image\/"},"sameAs":["https:\/\/www.facebook.com\/PrijedorDanasCom\/"]},{"@type":"Person","@id":"https:\/\/www.prijedordanas.com\/#\/schema\/person\/4e08ccf29b506ca916ff86d46bb700e6","name":"admin","image":{"@type":"ImageObject","inLanguage":"en-US","@id":"https:\/\/www.prijedordanas.com\/#\/schema\/person\/image\/","url":"https:\/\/secure.gravatar.com\/avatar\/1d3fc949d550f0b53a5f0d51e06dfd79?s=96&d=mm&r=g","contentUrl":"https:\/\/secure.gravatar.com\/avatar\/1d3fc949d550f0b53a5f0d51e06dfd79?s=96&d=mm&r=g","caption":"admin"},"url":"https:\/\/www.prijedordanas.com\/?author=1"}]}},"_links":{"self":[{"href":"https:\/\/www.prijedordanas.com\/index.php?rest_route=\/wp\/v2\/posts\/52274"}],"collection":[{"href":"https:\/\/www.prijedordanas.com\/index.php?rest_route=\/wp\/v2\/posts"}],"about":[{"href":"https:\/\/www.prijedordanas.com\/index.php?rest_route=\/wp\/v2\/types\/post"}],"author":[{"embeddable":true,"href":"https:\/\/www.prijedordanas.com\/index.php?rest_route=\/wp\/v2\/users\/1"}],"replies":[{"embeddable":true,"href":"https:\/\/www.prijedordanas.com\/index.php?rest_route=%2Fwp%2Fv2%2Fcomments&post=52274"}],"version-history":[{"count":1,"href":"https:\/\/www.prijedordanas.com\/index.php?rest_route=\/wp\/v2\/posts\/52274\/revisions"}],"predecessor-version":[{"id":52278,"href":"https:\/\/www.prijedordanas.com\/index.php?rest_route=\/wp\/v2\/posts\/52274\/revisions\/52278"}],"wp:attachment":[{"href":"https:\/\/www.prijedordanas.com\/index.php?rest_route=%2Fwp%2Fv2%2Fmedia&parent=52274"}],"wp:term":[{"taxonomy":"category","embeddable":true,"href":"https:\/\/www.prijedordanas.com\/index.php?rest_route=%2Fwp%2Fv2%2Fcategories&post=52274"},{"taxonomy":"post_tag","embeddable":true,"href":"https:\/\/www.prijedordanas.com\/index.php?rest_route=%2Fwp%2Fv2%2Ftags&post=52274"}],"curies":[{"name":"wp","href":"https:\/\/api.w.org\/{rel}","templated":true}]}}