{"id":52265,"date":"2016-06-05T17:20:04","date_gmt":"2016-06-05T15:20:04","guid":{"rendered":"https:\/\/www.prijedordanas.com\/?p=52265"},"modified":"2016-06-05T17:20:04","modified_gmt":"2016-06-05T15:20:04","slug":"druzenje-kozarcana-u-beogradu-foto-video","status":"publish","type":"post","link":"https:\/\/www.prijedordanas.com\/?p=52265","title":{"rendered":"DRU\u017dENJE KOZAR\u010cANA U BEOGRADU \u2013 FOTO \u2013 VIDEO"},"content":{"rendered":"<p><a href=\"https:\/\/www.prijedordanas.com\/wp-content\/uploads\/2016\/06\/srna-druzenje-kozarcana-u-beogradu-1.jpg\" rel=\"attachment wp-att-52266\"><img loading=\"lazy\" decoding=\"async\" class=\"alignleft size-medium wp-image-52266\" src=\"https:\/\/www.prijedordanas.com\/wp-content\/uploads\/2016\/06\/srna-druzenje-kozarcana-u-beogradu-1-225x300.jpg\" alt=\"srna-druzenje kozarcana u beogradu (1)\" width=\"225\" height=\"300\" srcset=\"https:\/\/www.prijedordanas.com\/wp-content\/uploads\/2016\/06\/srna-druzenje-kozarcana-u-beogradu-1-225x300.jpg 225w, https:\/\/www.prijedordanas.com\/wp-content\/uploads\/2016\/06\/srna-druzenje-kozarcana-u-beogradu-1.jpg 450w\" sizes=\"(max-width: 225px) 100vw, 225px\" \/><\/a>\u010clanovi Udru\u017eenja Kozar\u010dana, prijatelji i po\u0161tovaoci Kozare okupili su na tradicionalnom 40. skupu Kozar\u010dana u Domu Vojske u Beogradu.<\/p>\n<p>U Beogradu je jubilarni put organizovanao okupljanje i njegovanje tradicije i narodnih obi\u010daja sa Kozare. Me\u0111u gostima su bili i gradona\u010delnici Banjaluke i Prijedora.<\/p>\n<p>Gradona\u010delnik Banjaluke Slobodan Gavranovi\u0107 rekao je da je li\u010dno predvodio delegaciju Banjaluke, sa \u017eeljom i namjerom da u ovom dru\u017eenju prihvate ulogu doma\u0107ina narednog okupljanja Kozar\u010dana u Beogradu. Istakao je da je to tradicionalni obi\u010daj koji se obilje\u017eava svake godine.<\/p>\n<p>&#8211; Ovo dru\u017eenje ima za cilj da se ljudi podsjete na rodni kraj, a nama koji \u017eivimo u tim krajevima slu\u017ei kao jedna veza Republike Srpske i Srbije &#8211; naglasio je gradona\u010delnik Prijedora Marko Pavi\u0107.<\/p>\n<p>Iz Udru\u017eenja Kozar\u010dana isti\u010du da su odzivom gostiju, vi\u0161e nego zadovoljni.<\/p>\n<p><a href=\"https:\/\/www.prijedordanas.com\/wp-content\/uploads\/2016\/06\/srna-druzenje-kozarcana-u-beogradu-2.jpg\" rel=\"attachment wp-att-52267\"><img loading=\"lazy\" decoding=\"async\" class=\"alignleft size-medium wp-image-52267\" src=\"https:\/\/www.prijedordanas.com\/wp-content\/uploads\/2016\/06\/srna-druzenje-kozarcana-u-beogradu-2-300x225.jpg\" alt=\"srna-druzenje kozarcana u beogradu (2)\" width=\"300\" height=\"225\" srcset=\"https:\/\/www.prijedordanas.com\/wp-content\/uploads\/2016\/06\/srna-druzenje-kozarcana-u-beogradu-2-300x225.jpg 300w, https:\/\/www.prijedordanas.com\/wp-content\/uploads\/2016\/06\/srna-druzenje-kozarcana-u-beogradu-2.jpg 600w\" sizes=\"(max-width: 300px) 100vw, 300px\" \/><\/a>Rajko Srdi\u0107, iz Udru\u017eenje Kozar\u010dana u Beogradu, ka\u017ee da je neko vrijeme bila manja posje\u0107enost na ovim okupljanjima, ali da se to sada promijenilo i da je odziv odli\u010dan.<\/p>\n<p>&#8211; Ve\u010deras je druga\u010dije, sve karte su raspordate, vjerovatno zbog toga \u0161to je malo ja\u010da inicijativa do\u0161la iz Republike Srpske &#8211; ka\u017ee Srdi\u0107.<\/p>\n<p>Skupu u Domu Vojske u Beogradu prisustvovali su brojni zvani\u010dnici iz nekoliko op\u0161tina Republike Srpske, kao i \u010dlanovi uUru\u017eenja kojih sada ima blizu dvije stotine, koji su mogli da u\u017eivaju u bogatom kulturno-umjetni\u010dkom programu u kojem su dominirale kozara\u010dke pjesme.<\/p>\n<p>SRNA &#8211; RTRS<\/p>\n<p><iframe loading=\"lazy\" width=\"500\" height=\"375\" src=\"https:\/\/www.youtube.com\/embed\/QG8LTBxMCD0?feature=oembed\" frameborder=\"0\" allowfullscreen><\/iframe><\/p>\n<p><a href=\"https:\/\/www.prijedordanas.com\/wp-content\/uploads\/2016\/06\/srna-druzenje-kozarcana-u-beogradu-4.jpg\" rel=\"attachment wp-att-52268\"><img loading=\"lazy\" decoding=\"async\" src=\"https:\/\/www.prijedordanas.com\/wp-content\/uploads\/2016\/06\/srna-druzenje-kozarcana-u-beogradu-4-225x300.jpg\" alt=\"srna-druzenje kozarcana u beogradu (4)\" width=\"225\" height=\"300\" class=\"alignleft size-medium wp-image-52268\" srcset=\"https:\/\/www.prijedordanas.com\/wp-content\/uploads\/2016\/06\/srna-druzenje-kozarcana-u-beogradu-4-225x300.jpg 225w, https:\/\/www.prijedordanas.com\/wp-content\/uploads\/2016\/06\/srna-druzenje-kozarcana-u-beogradu-4.jpg 450w\" sizes=\"(max-width: 225px) 100vw, 225px\" \/><\/a> <a href=\"https:\/\/www.prijedordanas.com\/wp-content\/uploads\/2016\/06\/srna-druzenje-kozarcana-u-beogradu-3.jpg\" rel=\"attachment wp-att-52269\"><img loading=\"lazy\" decoding=\"async\" src=\"https:\/\/www.prijedordanas.com\/wp-content\/uploads\/2016\/06\/srna-druzenje-kozarcana-u-beogradu-3-300x225.jpg\" alt=\"srna-druzenje kozarcana u beogradu (3)\" width=\"300\" height=\"225\" class=\"alignleft size-medium wp-image-52269\" srcset=\"https:\/\/www.prijedordanas.com\/wp-content\/uploads\/2016\/06\/srna-druzenje-kozarcana-u-beogradu-3-300x225.jpg 300w, https:\/\/www.prijedordanas.com\/wp-content\/uploads\/2016\/06\/srna-druzenje-kozarcana-u-beogradu-3.jpg 600w\" sizes=\"(max-width: 300px) 100vw, 300px\" \/><\/a><\/p>\n","protected":false},"excerpt":{"rendered":"<p>\u010clanovi Udru\u017eenja Kozar\u010dana, prijatelji i po\u0161tovaoci Kozare okupili su na tradicionalnom 40. skupu Kozar\u010dana u Domu Vojske u Beogradu. U Beogradu je jubilarni put organizovanao okupljanje i njegovanje tradicije i [&hellip;]<\/p>\n","protected":false},"author":1,"featured_media":0,"comment_status":"closed","ping_status":"open","sticky":false,"template":"","format":"standard","meta":{"_monsterinsights_skip_tracking":false,"_monsterinsights_sitenote_active":false,"_monsterinsights_sitenote_note":"","_monsterinsights_sitenote_category":0,"footnotes":""},"categories":[4],"tags":[3627,3635,5664,8037],"yoast_head":"<!-- This site is optimized with the Yoast SEO plugin v21.6 - https:\/\/yoast.com\/wordpress\/plugins\/seo\/ -->\n<title>DRU\u017dENJE KOZAR\u010cANA U BEOGRADU \u2013 FOTO \u2013 VIDEO - PrijedorDanas.com - Prijedorski gradski portal<\/title>\n<meta name=\"robots\" content=\"index, follow, max-snippet:-1, max-image-preview:large, max-video-preview:-1\" \/>\n<link rel=\"canonical\" href=\"https:\/\/www.prijedordanas.com\/?p=52265\" \/>\n<meta property=\"og:locale\" content=\"en_US\" \/>\n<meta property=\"og:type\" content=\"article\" \/>\n<meta property=\"og:title\" content=\"DRU\u017dENJE KOZAR\u010cANA U BEOGRADU \u2013 FOTO \u2013 VIDEO - PrijedorDanas.com - Prijedorski gradski portal\" \/>\n<meta property=\"og:description\" content=\"\u010clanovi Udru\u017eenja Kozar\u010dana, prijatelji i po\u0161tovaoci Kozare okupili su na tradicionalnom 40. skupu Kozar\u010dana u Domu Vojske u Beogradu. U Beogradu je jubilarni put organizovanao okupljanje i njegovanje tradicije i [&hellip;]\" \/>\n<meta property=\"og:url\" content=\"https:\/\/www.prijedordanas.com\/?p=52265\" \/>\n<meta property=\"og:site_name\" content=\"PrijedorDanas.com - Prijedorski gradski portal\" \/>\n<meta property=\"article:publisher\" content=\"https:\/\/www.facebook.com\/PrijedorDanasCom\/\" \/>\n<meta property=\"article:published_time\" content=\"2016-06-05T15:20:04+00:00\" \/>\n<meta property=\"og:image\" content=\"https:\/\/www.prijedordanas.com\/wp-content\/uploads\/2016\/06\/srna-druzenje-kozarcana-u-beogradu-1-225x300.jpg\" \/>\n<meta name=\"author\" content=\"admin\" \/>\n<meta name=\"twitter:card\" content=\"summary_large_image\" \/>\n<meta name=\"twitter:label1\" content=\"Written by\" \/>\n\t<meta name=\"twitter:data1\" content=\"admin\" \/>\n\t<meta name=\"twitter:label2\" content=\"Est. reading time\" \/>\n\t<meta name=\"twitter:data2\" content=\"1 minute\" \/>\n<script type=\"application\/ld+json\" class=\"yoast-schema-graph\">{\"@context\":\"https:\/\/schema.org\",\"@graph\":[{\"@type\":\"Article\",\"@id\":\"https:\/\/www.prijedordanas.com\/?p=52265#article\",\"isPartOf\":{\"@id\":\"https:\/\/www.prijedordanas.com\/?p=52265\"},\"author\":{\"name\":\"admin\",\"@id\":\"https:\/\/www.prijedordanas.com\/#\/schema\/person\/4e08ccf29b506ca916ff86d46bb700e6\"},\"headline\":\"DRU\u017dENJE KOZAR\u010cANA U BEOGRADU \u2013 FOTO \u2013 VIDEO\",\"datePublished\":\"2016-06-05T15:20:04+00:00\",\"dateModified\":\"2016-06-05T15:20:04+00:00\",\"mainEntityOfPage\":{\"@id\":\"https:\/\/www.prijedordanas.com\/?p=52265\"},\"wordCount\":273,\"publisher\":{\"@id\":\"https:\/\/www.prijedordanas.com\/#organization\"},\"keywords\":[\"Beograd\",\"dru\u017eenje\",\"gradona\u010delnik Marko Pavi\u0107\",\"Udru\u017eenje Kozar\u010dana\"],\"articleSection\":[\"Dru\u0161tvo\"],\"inLanguage\":\"en-US\"},{\"@type\":\"WebPage\",\"@id\":\"https:\/\/www.prijedordanas.com\/?p=52265\",\"url\":\"https:\/\/www.prijedordanas.com\/?p=52265\",\"name\":\"DRU\u017dENJE KOZAR\u010cANA U BEOGRADU \u2013 FOTO \u2013 VIDEO - PrijedorDanas.com - Prijedorski gradski portal\",\"isPartOf\":{\"@id\":\"https:\/\/www.prijedordanas.com\/#website\"},\"datePublished\":\"2016-06-05T15:20:04+00:00\",\"dateModified\":\"2016-06-05T15:20:04+00:00\",\"breadcrumb\":{\"@id\":\"https:\/\/www.prijedordanas.com\/?p=52265#breadcrumb\"},\"inLanguage\":\"en-US\",\"potentialAction\":[{\"@type\":\"ReadAction\",\"target\":[\"https:\/\/www.prijedordanas.com\/?p=52265\"]}]},{\"@type\":\"BreadcrumbList\",\"@id\":\"https:\/\/www.prijedordanas.com\/?p=52265#breadcrumb\",\"itemListElement\":[{\"@type\":\"ListItem\",\"position\":1,\"name\":\"Home\",\"item\":\"https:\/\/www.prijedordanas.com\/\"},{\"@type\":\"ListItem\",\"position\":2,\"name\":\"DRU\u017dENJE KOZAR\u010cANA U BEOGRADU \u2013 FOTO \u2013 VIDEO\"}]},{\"@type\":\"WebSite\",\"@id\":\"https:\/\/www.prijedordanas.com\/#website\",\"url\":\"https:\/\/www.prijedordanas.com\/\",\"name\":\"PrijedorDanas.com - Prijedorski gradski portal\",\"description\":\"Portal o doga\u0111anjima u gradu Prijedoru\",\"publisher\":{\"@id\":\"https:\/\/www.prijedordanas.com\/#organization\"},\"potentialAction\":[{\"@type\":\"SearchAction\",\"target\":{\"@type\":\"EntryPoint\",\"urlTemplate\":\"https:\/\/www.prijedordanas.com\/?s={search_term_string}\"},\"query-input\":\"required name=search_term_string\"}],\"inLanguage\":\"en-US\"},{\"@type\":\"Organization\",\"@id\":\"https:\/\/www.prijedordanas.com\/#organization\",\"name\":\"PrijedorDanas.com\",\"url\":\"https:\/\/www.prijedordanas.com\/\",\"logo\":{\"@type\":\"ImageObject\",\"inLanguage\":\"en-US\",\"@id\":\"https:\/\/www.prijedordanas.com\/#\/schema\/logo\/image\/\",\"url\":\"http:\/\/www.prijedordanas.com\/wp-content\/uploads\/2021\/12\/logopng.png\",\"contentUrl\":\"http:\/\/www.prijedordanas.com\/wp-content\/uploads\/2021\/12\/logopng.png\",\"width\":1019,\"height\":776,\"caption\":\"PrijedorDanas.com\"},\"image\":{\"@id\":\"https:\/\/www.prijedordanas.com\/#\/schema\/logo\/image\/\"},\"sameAs\":[\"https:\/\/www.facebook.com\/PrijedorDanasCom\/\"]},{\"@type\":\"Person\",\"@id\":\"https:\/\/www.prijedordanas.com\/#\/schema\/person\/4e08ccf29b506ca916ff86d46bb700e6\",\"name\":\"admin\",\"image\":{\"@type\":\"ImageObject\",\"inLanguage\":\"en-US\",\"@id\":\"https:\/\/www.prijedordanas.com\/#\/schema\/person\/image\/\",\"url\":\"https:\/\/secure.gravatar.com\/avatar\/1d3fc949d550f0b53a5f0d51e06dfd79?s=96&d=mm&r=g\",\"contentUrl\":\"https:\/\/secure.gravatar.com\/avatar\/1d3fc949d550f0b53a5f0d51e06dfd79?s=96&d=mm&r=g\",\"caption\":\"admin\"},\"url\":\"https:\/\/www.prijedordanas.com\/?author=1\"}]}<\/script>\n<!-- \/ Yoast SEO plugin. -->","yoast_head_json":{"title":"DRU\u017dENJE KOZAR\u010cANA U BEOGRADU \u2013 FOTO \u2013 VIDEO - PrijedorDanas.com - Prijedorski gradski portal","robots":{"index":"index","follow":"follow","max-snippet":"max-snippet:-1","max-image-preview":"max-image-preview:large","max-video-preview":"max-video-preview:-1"},"canonical":"https:\/\/www.prijedordanas.com\/?p=52265","og_locale":"en_US","og_type":"article","og_title":"DRU\u017dENJE KOZAR\u010cANA U BEOGRADU \u2013 FOTO \u2013 VIDEO - PrijedorDanas.com - Prijedorski gradski portal","og_description":"\u010clanovi Udru\u017eenja Kozar\u010dana, prijatelji i po\u0161tovaoci Kozare okupili su na tradicionalnom 40. skupu Kozar\u010dana u Domu Vojske u Beogradu. U Beogradu je jubilarni put organizovanao okupljanje i njegovanje tradicije i [&hellip;]","og_url":"https:\/\/www.prijedordanas.com\/?p=52265","og_site_name":"PrijedorDanas.com - Prijedorski gradski portal","article_publisher":"https:\/\/www.facebook.com\/PrijedorDanasCom\/","article_published_time":"2016-06-05T15:20:04+00:00","og_image":[{"url":"https:\/\/www.prijedordanas.com\/wp-content\/uploads\/2016\/06\/srna-druzenje-kozarcana-u-beogradu-1-225x300.jpg"}],"author":"admin","twitter_card":"summary_large_image","twitter_misc":{"Written by":"admin","Est. reading time":"1 minute"},"schema":{"@context":"https:\/\/schema.org","@graph":[{"@type":"Article","@id":"https:\/\/www.prijedordanas.com\/?p=52265#article","isPartOf":{"@id":"https:\/\/www.prijedordanas.com\/?p=52265"},"author":{"name":"admin","@id":"https:\/\/www.prijedordanas.com\/#\/schema\/person\/4e08ccf29b506ca916ff86d46bb700e6"},"headline":"DRU\u017dENJE KOZAR\u010cANA U BEOGRADU \u2013 FOTO \u2013 VIDEO","datePublished":"2016-06-05T15:20:04+00:00","dateModified":"2016-06-05T15:20:04+00:00","mainEntityOfPage":{"@id":"https:\/\/www.prijedordanas.com\/?p=52265"},"wordCount":273,"publisher":{"@id":"https:\/\/www.prijedordanas.com\/#organization"},"keywords":["Beograd","dru\u017eenje","gradona\u010delnik Marko Pavi\u0107","Udru\u017eenje Kozar\u010dana"],"articleSection":["Dru\u0161tvo"],"inLanguage":"en-US"},{"@type":"WebPage","@id":"https:\/\/www.prijedordanas.com\/?p=52265","url":"https:\/\/www.prijedordanas.com\/?p=52265","name":"DRU\u017dENJE KOZAR\u010cANA U BEOGRADU \u2013 FOTO \u2013 VIDEO - PrijedorDanas.com - Prijedorski gradski portal","isPartOf":{"@id":"https:\/\/www.prijedordanas.com\/#website"},"datePublished":"2016-06-05T15:20:04+00:00","dateModified":"2016-06-05T15:20:04+00:00","breadcrumb":{"@id":"https:\/\/www.prijedordanas.com\/?p=52265#breadcrumb"},"inLanguage":"en-US","potentialAction":[{"@type":"ReadAction","target":["https:\/\/www.prijedordanas.com\/?p=52265"]}]},{"@type":"BreadcrumbList","@id":"https:\/\/www.prijedordanas.com\/?p=52265#breadcrumb","itemListElement":[{"@type":"ListItem","position":1,"name":"Home","item":"https:\/\/www.prijedordanas.com\/"},{"@type":"ListItem","position":2,"name":"DRU\u017dENJE KOZAR\u010cANA U BEOGRADU \u2013 FOTO \u2013 VIDEO"}]},{"@type":"WebSite","@id":"https:\/\/www.prijedordanas.com\/#website","url":"https:\/\/www.prijedordanas.com\/","name":"PrijedorDanas.com - Prijedorski gradski portal","description":"Portal o doga\u0111anjima u gradu Prijedoru","publisher":{"@id":"https:\/\/www.prijedordanas.com\/#organization"},"potentialAction":[{"@type":"SearchAction","target":{"@type":"EntryPoint","urlTemplate":"https:\/\/www.prijedordanas.com\/?s={search_term_string}"},"query-input":"required name=search_term_string"}],"inLanguage":"en-US"},{"@type":"Organization","@id":"https:\/\/www.prijedordanas.com\/#organization","name":"PrijedorDanas.com","url":"https:\/\/www.prijedordanas.com\/","logo":{"@type":"ImageObject","inLanguage":"en-US","@id":"https:\/\/www.prijedordanas.com\/#\/schema\/logo\/image\/","url":"http:\/\/www.prijedordanas.com\/wp-content\/uploads\/2021\/12\/logopng.png","contentUrl":"http:\/\/www.prijedordanas.com\/wp-content\/uploads\/2021\/12\/logopng.png","width":1019,"height":776,"caption":"PrijedorDanas.com"},"image":{"@id":"https:\/\/www.prijedordanas.com\/#\/schema\/logo\/image\/"},"sameAs":["https:\/\/www.facebook.com\/PrijedorDanasCom\/"]},{"@type":"Person","@id":"https:\/\/www.prijedordanas.com\/#\/schema\/person\/4e08ccf29b506ca916ff86d46bb700e6","name":"admin","image":{"@type":"ImageObject","inLanguage":"en-US","@id":"https:\/\/www.prijedordanas.com\/#\/schema\/person\/image\/","url":"https:\/\/secure.gravatar.com\/avatar\/1d3fc949d550f0b53a5f0d51e06dfd79?s=96&d=mm&r=g","contentUrl":"https:\/\/secure.gravatar.com\/avatar\/1d3fc949d550f0b53a5f0d51e06dfd79?s=96&d=mm&r=g","caption":"admin"},"url":"https:\/\/www.prijedordanas.com\/?author=1"}]}},"_links":{"self":[{"href":"https:\/\/www.prijedordanas.com\/index.php?rest_route=\/wp\/v2\/posts\/52265"}],"collection":[{"href":"https:\/\/www.prijedordanas.com\/index.php?rest_route=\/wp\/v2\/posts"}],"about":[{"href":"https:\/\/www.prijedordanas.com\/index.php?rest_route=\/wp\/v2\/types\/post"}],"author":[{"embeddable":true,"href":"https:\/\/www.prijedordanas.com\/index.php?rest_route=\/wp\/v2\/users\/1"}],"replies":[{"embeddable":true,"href":"https:\/\/www.prijedordanas.com\/index.php?rest_route=%2Fwp%2Fv2%2Fcomments&post=52265"}],"version-history":[{"count":1,"href":"https:\/\/www.prijedordanas.com\/index.php?rest_route=\/wp\/v2\/posts\/52265\/revisions"}],"predecessor-version":[{"id":52270,"href":"https:\/\/www.prijedordanas.com\/index.php?rest_route=\/wp\/v2\/posts\/52265\/revisions\/52270"}],"wp:attachment":[{"href":"https:\/\/www.prijedordanas.com\/index.php?rest_route=%2Fwp%2Fv2%2Fmedia&parent=52265"}],"wp:term":[{"taxonomy":"category","embeddable":true,"href":"https:\/\/www.prijedordanas.com\/index.php?rest_route=%2Fwp%2Fv2%2Fcategories&post=52265"},{"taxonomy":"post_tag","embeddable":true,"href":"https:\/\/www.prijedordanas.com\/index.php?rest_route=%2Fwp%2Fv2%2Ftags&post=52265"}],"curies":[{"name":"wp","href":"https:\/\/api.w.org\/{rel}","templated":true}]}}