{"id":52163,"date":"2016-06-04T12:26:50","date_gmt":"2016-06-04T10:26:50","guid":{"rendered":"https:\/\/www.prijedordanas.com\/?p=52163"},"modified":"2016-06-04T12:26:50","modified_gmt":"2016-06-04T10:26:50","slug":"ofk-berek-1975-porazen-na-kraju-prvenstva-bodovi-odose-u-dobrljin-foto","status":"publish","type":"post","link":"https:\/\/www.prijedordanas.com\/?p=52163","title":{"rendered":"OFK BEREK 1975 PORA\u017dEN NA KRAJU PRVENSTVA: BODOVI ODO\u0160E U DOBRLJIN &#8211; FOTO"},"content":{"rendered":"<p><a href=\"https:\/\/www.prijedordanas.com\/wp-content\/uploads\/2016\/06\/berek-slaven-1.jpg\" rel=\"attachment wp-att-52164\"><img loading=\"lazy\" decoding=\"async\" class=\"alignleft size-medium wp-image-52164\" src=\"https:\/\/www.prijedordanas.com\/wp-content\/uploads\/2016\/06\/berek-slaven-1-300x199.jpg\" alt=\"berek-slaven (1)\" width=\"300\" height=\"199\" srcset=\"https:\/\/www.prijedordanas.com\/wp-content\/uploads\/2016\/06\/berek-slaven-1-300x200.jpg 300w, https:\/\/www.prijedordanas.com\/wp-content\/uploads\/2016\/06\/berek-slaven-1-480x320.jpg 480w, https:\/\/www.prijedordanas.com\/wp-content\/uploads\/2016\/06\/berek-slaven-1.jpg 600w\" sizes=\"(max-width: 300px) 100vw, 300px\" \/><\/a>U utakmici preokreta na zavr\u0161etku prvenstva \u010cetvrte lige FSP Prijedor, \u010diji je po\u010detak, zbog \u010dinjenice da je toga dana i regionalni liga\u0161 Republike Srpske, igrao na stadionu \u201ePoljana\u201c bio po najve\u0107oj vru\u0107ini (13.30) bilo je odsta preokreta za kona\u010dnih OFK Berek 1975-Slaven 2:3.<\/p>\n<p>Prijedor\u010dani su ve\u0107 u 4.minuti mogli do\u0107i u vo\u0111stvo, kada je poslije dobrog prodora i centar\u0161uta Marka Miljatovi\u0107a, Petar Vru\u0107ini\u0107 iz blizine \u0161utirao u golmana Aleksu Ni\u0161evi\u0107a.<\/p>\n<p>Na suprotnoj strani \u010detiri minuta kasnije Bojan Kabi\u0107 sve je dobro uradio, ali je izostala zavr\u0161nica.<\/p>\n<p>U 21.minutu Atif Ikanovi\u0107 se na\u0161ao pred Ni\u0161evi\u0107em, ali ga nije matirao.<\/p>\n<p><a href=\"https:\/\/www.prijedordanas.com\/wp-content\/uploads\/2016\/06\/berek-slaven-2.jpg\" rel=\"attachment wp-att-52165\"><img loading=\"lazy\" decoding=\"async\" class=\"alignleft size-medium wp-image-52165\" src=\"https:\/\/www.prijedordanas.com\/wp-content\/uploads\/2016\/06\/berek-slaven-2-300x199.jpg\" alt=\"berek-slaven (2)\" width=\"300\" height=\"199\" srcset=\"https:\/\/www.prijedordanas.com\/wp-content\/uploads\/2016\/06\/berek-slaven-2-300x200.jpg 300w, https:\/\/www.prijedordanas.com\/wp-content\/uploads\/2016\/06\/berek-slaven-2-480x320.jpg 480w, https:\/\/www.prijedordanas.com\/wp-content\/uploads\/2016\/06\/berek-slaven-2.jpg 600w\" sizes=\"(max-width: 300px) 100vw, 300px\" \/><\/a>Uzvratio je tri minuta kasnije novim poku\u0161ajem ekipe iz Dobrljina, koja njeguje lijep fudbal, Aleksandar Radi\u0107, ali je Marko Curi\u0107 siguran.<\/p>\n<p>Igrao se 26.minut kada je \u201emotor\u201c svih akcija sovg tima Dejan Jovani\u0107 uposlio zaboravljenog u kaznenom prostoru doma\u0107ih Marka Babi\u0107a, koji sa 13-14 metara poga\u0111a mre\u017eu za 0:1.<\/p>\n<p>Nakon jednog neuspje\u0161nog loba gostiju, uslijedilo je izjedna\u010denje u 38.minuti.<\/p>\n<p>Stefan Veki\u0107 je sa desne strane uposlio Damjana Babi\u0107a, koji poga\u0111a za 1:1.<\/p>\n<p>Samo dva minuta kasnije Babi\u0107a iz OFK Bereka 1975 asistencijom pronalazi Dra\u017ean Janjanin, za novi pogodak i rezultat prvog poluvremena od 2:1, iako je Ikanovi\u0107 imao dobar udarac, ali je Ni\u0161evi\u0107 izbio loptu u korner.<\/p>\n<p><a href=\"https:\/\/www.prijedordanas.com\/wp-content\/uploads\/2016\/06\/berek-slaven-3.jpg\" rel=\"attachment wp-att-52166\"><img loading=\"lazy\" decoding=\"async\" class=\"alignleft size-medium wp-image-52166\" src=\"https:\/\/www.prijedordanas.com\/wp-content\/uploads\/2016\/06\/berek-slaven-3-300x199.jpg\" alt=\"berek-slaven (3)\" width=\"300\" height=\"199\" srcset=\"https:\/\/www.prijedordanas.com\/wp-content\/uploads\/2016\/06\/berek-slaven-3-300x200.jpg 300w, https:\/\/www.prijedordanas.com\/wp-content\/uploads\/2016\/06\/berek-slaven-3-480x320.jpg 480w, https:\/\/www.prijedordanas.com\/wp-content\/uploads\/2016\/06\/berek-slaven-3.jpg 600w\" sizes=\"(max-width: 300px) 100vw, 300px\" \/><\/a>Ponovo je u 53.minuti Kabi\u0107 bio u solo-akciji, ali se nije iskazao kao realizator.<\/p>\n<p>Ipak, uspio je to u 58.minuti iz jedanaesterca, izjedna\u010div\u0161i na 2:2.<\/p>\n<p>Prethodno veterana Dragu Ivan\u010devi\u0107a, nekada\u0161njeg prvotimca i kapitena novogradske Slobode, u naletu je oborio u svom \u0161esnaestercu golman Curi\u0107.<\/p>\n<p>U 82.minuti najbolji akter susreta Kabi\u0107 je centrirao sa lijeve strane, a Slavenov Bbai\u0107 bio najvi\u0161i u skoku i iz blizine se drugi put upisao u listu strijelaca postaviv\u0161i kona\u010dnih 2:3.<\/p>\n<p>OFK Berek 1975: Slaven 2:3(2:1)<\/p>\n<p>Prijedor<br \/>\nStadion: \u201ePoljana\u201c<br \/>\nGledalaca: 30<br \/>\nSudija: Aleksandar Karanovi\u0107 (Prijedor) 8<br \/>\nStrijleci: D.Babi\u0107 u 38. i 40.za OFK Berek 1975, a M.Babi\u0107 u 26. i 82. i Kabi\u0107 (iz jedanaesterca) u 58.minuti za Slaven<br \/>\n\u017duti kartoni: Ikanovi\u0107, Curi\u0107, Veki\u0107 (OFK Berek 1975)<\/p>\n<p>OFK BEREK 1975:<br \/>\nCuri\u0107 6, Veki\u0107 6,5, Janjanin 7 (od 46. \u017divani\u0107 6), Pa\u0161ajlija 6,5, Miljatovi\u0107 7, Pro\u0161i\u0107 6,5 (od 46. Kalender 6), Kuburi\u0107 6,5 (od 80. Zdjelar -), Adamovi\u0107 7, Vru\u0107ini\u0107 7, D.Babi\u0107 7,5, Ikanovi\u0107 7.<\/p>\n<p>SLAVEN:<br \/>\nNi\u0161evi\u0107 6,5, M.Babi\u0107 7,5, Kolund\u017eija 7, Kosti\u0107 6,5, Pro\u0161i\u0107 6,5, Vukovi\u0107 6,5, Jelisavac 6,5 (od 42.Rajili\u0107 6,5), Jovani\u0107 7,5, Ivan\u010devi\u0107 7, Radi\u0107 6,5, Kabi\u0107 7,5<\/p>\n<p>Igra\u010d utakmice: Bojan Kabi\u0107 (Slaven)<\/p>\n<p>Rezultati posljednjeg 22.kola:<br \/>\nOFK Berek 1975(Prijedor)-Slaven(Dobrljin) 2:3<br \/>\nPlamen (Donje Vodi\u010devo)-Sloga(Rakeli\u0107i) 3:2<br \/>\nKne\u017eopoljac(Kne\u017eica)-Brzi(Busnovi) 4:2<br \/>\nPartizan(Kostajnica)-Radnik Urije(Prijedor) 6:1<br \/>\nMrakovica(Kozaru\u0161a)-Kozara(Donji Orlovci) 6:0<br \/>\nOmladinac(Drakseni\u0107)-Bratstvo(Kozarac) 4:1<\/p>\n<p>Tekst i foto \u2013 Nenad \u0110eri\u0107\/Aleksandar Drakuli\u0107 \u2013 <a href=\"www.prijedordanas.com\" target=\"_blank\">www.prijedordanas.com<\/a><\/p>\n<p><a href=\"https:\/\/www.prijedordanas.com\/wp-content\/uploads\/2016\/06\/berek-slaven-4.jpg\" rel=\"attachment wp-att-52167\"><img loading=\"lazy\" decoding=\"async\" src=\"https:\/\/www.prijedordanas.com\/wp-content\/uploads\/2016\/06\/berek-slaven-4-300x199.jpg\" alt=\"berek-slaven (4)\" width=\"300\" height=\"199\" class=\"alignleft size-medium wp-image-52167\" srcset=\"https:\/\/www.prijedordanas.com\/wp-content\/uploads\/2016\/06\/berek-slaven-4-300x200.jpg 300w, https:\/\/www.prijedordanas.com\/wp-content\/uploads\/2016\/06\/berek-slaven-4-480x320.jpg 480w, https:\/\/www.prijedordanas.com\/wp-content\/uploads\/2016\/06\/berek-slaven-4.jpg 600w\" sizes=\"(max-width: 300px) 100vw, 300px\" \/><\/a> <a href=\"https:\/\/www.prijedordanas.com\/wp-content\/uploads\/2016\/06\/berek-slaven-5.jpg\" rel=\"attachment wp-att-52168\"><img loading=\"lazy\" decoding=\"async\" src=\"https:\/\/www.prijedordanas.com\/wp-content\/uploads\/2016\/06\/berek-slaven-5-300x199.jpg\" alt=\"berek-slaven (5)\" width=\"300\" height=\"199\" class=\"alignleft size-medium wp-image-52168\" srcset=\"https:\/\/www.prijedordanas.com\/wp-content\/uploads\/2016\/06\/berek-slaven-5-300x200.jpg 300w, https:\/\/www.prijedordanas.com\/wp-content\/uploads\/2016\/06\/berek-slaven-5-480x320.jpg 480w, https:\/\/www.prijedordanas.com\/wp-content\/uploads\/2016\/06\/berek-slaven-5.jpg 600w\" sizes=\"(max-width: 300px) 100vw, 300px\" \/><\/a> <a href=\"https:\/\/www.prijedordanas.com\/wp-content\/uploads\/2016\/06\/berek-slaven-6.jpg\" rel=\"attachment wp-att-52169\"><img loading=\"lazy\" decoding=\"async\" src=\"https:\/\/www.prijedordanas.com\/wp-content\/uploads\/2016\/06\/berek-slaven-6-300x199.jpg\" alt=\"berek-slaven (6)\" width=\"300\" height=\"199\" class=\"alignleft size-medium wp-image-52169\" srcset=\"https:\/\/www.prijedordanas.com\/wp-content\/uploads\/2016\/06\/berek-slaven-6-300x200.jpg 300w, https:\/\/www.prijedordanas.com\/wp-content\/uploads\/2016\/06\/berek-slaven-6-480x320.jpg 480w, https:\/\/www.prijedordanas.com\/wp-content\/uploads\/2016\/06\/berek-slaven-6.jpg 600w\" sizes=\"(max-width: 300px) 100vw, 300px\" \/><\/a> <a href=\"https:\/\/www.prijedordanas.com\/wp-content\/uploads\/2016\/06\/berek-slaven-7.jpg\" rel=\"attachment wp-att-52170\"><img loading=\"lazy\" decoding=\"async\" src=\"https:\/\/www.prijedordanas.com\/wp-content\/uploads\/2016\/06\/berek-slaven-7-300x199.jpg\" alt=\"berek-slaven (7)\" width=\"300\" height=\"199\" class=\"alignleft size-medium wp-image-52170\" srcset=\"https:\/\/www.prijedordanas.com\/wp-content\/uploads\/2016\/06\/berek-slaven-7-300x200.jpg 300w, https:\/\/www.prijedordanas.com\/wp-content\/uploads\/2016\/06\/berek-slaven-7-480x320.jpg 480w, https:\/\/www.prijedordanas.com\/wp-content\/uploads\/2016\/06\/berek-slaven-7.jpg 600w\" sizes=\"(max-width: 300px) 100vw, 300px\" \/><\/a> <a href=\"https:\/\/www.prijedordanas.com\/wp-content\/uploads\/2016\/06\/berek-slaven-8.jpg\" rel=\"attachment wp-att-52171\"><img loading=\"lazy\" decoding=\"async\" src=\"https:\/\/www.prijedordanas.com\/wp-content\/uploads\/2016\/06\/berek-slaven-8-300x199.jpg\" alt=\"berek-slaven (8)\" width=\"300\" height=\"199\" class=\"alignleft size-medium wp-image-52171\" srcset=\"https:\/\/www.prijedordanas.com\/wp-content\/uploads\/2016\/06\/berek-slaven-8-300x200.jpg 300w, https:\/\/www.prijedordanas.com\/wp-content\/uploads\/2016\/06\/berek-slaven-8-480x320.jpg 480w, https:\/\/www.prijedordanas.com\/wp-content\/uploads\/2016\/06\/berek-slaven-8.jpg 600w\" sizes=\"(max-width: 300px) 100vw, 300px\" \/><\/a><\/p>\n","protected":false},"excerpt":{"rendered":"<p>U utakmici preokreta na zavr\u0161etku prvenstva \u010cetvrte lige FSP Prijedor, \u010diji je po\u010detak, zbog \u010dinjenice da je toga dana i regionalni liga\u0161 Republike Srpske, igrao na stadionu \u201ePoljana\u201c bio po [&hellip;]<\/p>\n","protected":false},"author":1,"featured_media":0,"comment_status":"closed","ping_status":"open","sticky":false,"template":"","format":"standard","meta":{"_monsterinsights_skip_tracking":false,"_monsterinsights_sitenote_active":false,"_monsterinsights_sitenote_note":"","_monsterinsights_sitenote_category":0,"footnotes":""},"categories":[7],"tags":[8027,80,1824],"yoast_head":"<!-- This site is optimized with the Yoast SEO plugin v21.6 - https:\/\/yoast.com\/wordpress\/plugins\/seo\/ -->\n<title>OFK BEREK 1975 PORA\u017dEN NA KRAJU PRVENSTVA: BODOVI ODO\u0160E U DOBRLJIN - FOTO - PrijedorDanas.com - Prijedorski gradski portal<\/title>\n<meta name=\"robots\" content=\"index, follow, max-snippet:-1, max-image-preview:large, max-video-preview:-1\" \/>\n<link rel=\"canonical\" href=\"https:\/\/www.prijedordanas.com\/?p=52163\" \/>\n<meta property=\"og:locale\" content=\"en_US\" \/>\n<meta property=\"og:type\" content=\"article\" \/>\n<meta property=\"og:title\" content=\"OFK BEREK 1975 PORA\u017dEN NA KRAJU PRVENSTVA: BODOVI ODO\u0160E U DOBRLJIN - FOTO - PrijedorDanas.com - Prijedorski gradski portal\" \/>\n<meta property=\"og:description\" content=\"U utakmici preokreta na zavr\u0161etku prvenstva \u010cetvrte lige FSP Prijedor, \u010diji je po\u010detak, zbog \u010dinjenice da je toga dana i regionalni liga\u0161 Republike Srpske, igrao na stadionu \u201ePoljana\u201c bio po [&hellip;]\" \/>\n<meta property=\"og:url\" content=\"https:\/\/www.prijedordanas.com\/?p=52163\" \/>\n<meta property=\"og:site_name\" content=\"PrijedorDanas.com - Prijedorski gradski portal\" \/>\n<meta property=\"article:publisher\" content=\"https:\/\/www.facebook.com\/PrijedorDanasCom\/\" \/>\n<meta property=\"article:published_time\" content=\"2016-06-04T10:26:50+00:00\" \/>\n<meta property=\"og:image\" content=\"https:\/\/www.prijedordanas.com\/wp-content\/uploads\/2016\/06\/berek-slaven-1-300x199.jpg\" \/>\n<meta name=\"author\" content=\"admin\" \/>\n<meta name=\"twitter:card\" content=\"summary_large_image\" \/>\n<meta name=\"twitter:label1\" content=\"Written by\" \/>\n\t<meta name=\"twitter:data1\" content=\"admin\" \/>\n\t<meta name=\"twitter:label2\" content=\"Est. reading time\" \/>\n\t<meta name=\"twitter:data2\" content=\"2 minutes\" \/>\n<script type=\"application\/ld+json\" class=\"yoast-schema-graph\">{\"@context\":\"https:\/\/schema.org\",\"@graph\":[{\"@type\":\"Article\",\"@id\":\"https:\/\/www.prijedordanas.com\/?p=52163#article\",\"isPartOf\":{\"@id\":\"https:\/\/www.prijedordanas.com\/?p=52163\"},\"author\":{\"name\":\"admin\",\"@id\":\"https:\/\/www.prijedordanas.com\/#\/schema\/person\/4e08ccf29b506ca916ff86d46bb700e6\"},\"headline\":\"OFK BEREK 1975 PORA\u017dEN NA KRAJU PRVENSTVA: BODOVI ODO\u0160E U DOBRLJIN &#8211; FOTO\",\"datePublished\":\"2016-06-04T10:26:50+00:00\",\"dateModified\":\"2016-06-04T10:26:50+00:00\",\"mainEntityOfPage\":{\"@id\":\"https:\/\/www.prijedordanas.com\/?p=52163\"},\"wordCount\":456,\"publisher\":{\"@id\":\"https:\/\/www.prijedordanas.com\/#organization\"},\"keywords\":[\"FK Slaven Dobrljin\",\"fudbal\",\"OFK Berek 1975\"],\"articleSection\":[\"Sport\"],\"inLanguage\":\"en-US\"},{\"@type\":\"WebPage\",\"@id\":\"https:\/\/www.prijedordanas.com\/?p=52163\",\"url\":\"https:\/\/www.prijedordanas.com\/?p=52163\",\"name\":\"OFK BEREK 1975 PORA\u017dEN NA KRAJU PRVENSTVA: BODOVI ODO\u0160E U DOBRLJIN - FOTO - PrijedorDanas.com - Prijedorski gradski portal\",\"isPartOf\":{\"@id\":\"https:\/\/www.prijedordanas.com\/#website\"},\"datePublished\":\"2016-06-04T10:26:50+00:00\",\"dateModified\":\"2016-06-04T10:26:50+00:00\",\"breadcrumb\":{\"@id\":\"https:\/\/www.prijedordanas.com\/?p=52163#breadcrumb\"},\"inLanguage\":\"en-US\",\"potentialAction\":[{\"@type\":\"ReadAction\",\"target\":[\"https:\/\/www.prijedordanas.com\/?p=52163\"]}]},{\"@type\":\"BreadcrumbList\",\"@id\":\"https:\/\/www.prijedordanas.com\/?p=52163#breadcrumb\",\"itemListElement\":[{\"@type\":\"ListItem\",\"position\":1,\"name\":\"Home\",\"item\":\"https:\/\/www.prijedordanas.com\/\"},{\"@type\":\"ListItem\",\"position\":2,\"name\":\"OFK BEREK 1975 PORA\u017dEN NA KRAJU PRVENSTVA: BODOVI ODO\u0160E U DOBRLJIN &#8211; FOTO\"}]},{\"@type\":\"WebSite\",\"@id\":\"https:\/\/www.prijedordanas.com\/#website\",\"url\":\"https:\/\/www.prijedordanas.com\/\",\"name\":\"PrijedorDanas.com - Prijedorski gradski portal\",\"description\":\"Portal o doga\u0111anjima u gradu Prijedoru\",\"publisher\":{\"@id\":\"https:\/\/www.prijedordanas.com\/#organization\"},\"potentialAction\":[{\"@type\":\"SearchAction\",\"target\":{\"@type\":\"EntryPoint\",\"urlTemplate\":\"https:\/\/www.prijedordanas.com\/?s={search_term_string}\"},\"query-input\":\"required name=search_term_string\"}],\"inLanguage\":\"en-US\"},{\"@type\":\"Organization\",\"@id\":\"https:\/\/www.prijedordanas.com\/#organization\",\"name\":\"PrijedorDanas.com\",\"url\":\"https:\/\/www.prijedordanas.com\/\",\"logo\":{\"@type\":\"ImageObject\",\"inLanguage\":\"en-US\",\"@id\":\"https:\/\/www.prijedordanas.com\/#\/schema\/logo\/image\/\",\"url\":\"http:\/\/www.prijedordanas.com\/wp-content\/uploads\/2021\/12\/logopng.png\",\"contentUrl\":\"http:\/\/www.prijedordanas.com\/wp-content\/uploads\/2021\/12\/logopng.png\",\"width\":1019,\"height\":776,\"caption\":\"PrijedorDanas.com\"},\"image\":{\"@id\":\"https:\/\/www.prijedordanas.com\/#\/schema\/logo\/image\/\"},\"sameAs\":[\"https:\/\/www.facebook.com\/PrijedorDanasCom\/\"]},{\"@type\":\"Person\",\"@id\":\"https:\/\/www.prijedordanas.com\/#\/schema\/person\/4e08ccf29b506ca916ff86d46bb700e6\",\"name\":\"admin\",\"image\":{\"@type\":\"ImageObject\",\"inLanguage\":\"en-US\",\"@id\":\"https:\/\/www.prijedordanas.com\/#\/schema\/person\/image\/\",\"url\":\"https:\/\/secure.gravatar.com\/avatar\/1d3fc949d550f0b53a5f0d51e06dfd79?s=96&d=mm&r=g\",\"contentUrl\":\"https:\/\/secure.gravatar.com\/avatar\/1d3fc949d550f0b53a5f0d51e06dfd79?s=96&d=mm&r=g\",\"caption\":\"admin\"},\"url\":\"https:\/\/www.prijedordanas.com\/?author=1\"}]}<\/script>\n<!-- \/ Yoast SEO plugin. -->","yoast_head_json":{"title":"OFK BEREK 1975 PORA\u017dEN NA KRAJU PRVENSTVA: BODOVI ODO\u0160E U DOBRLJIN - FOTO - PrijedorDanas.com - Prijedorski gradski portal","robots":{"index":"index","follow":"follow","max-snippet":"max-snippet:-1","max-image-preview":"max-image-preview:large","max-video-preview":"max-video-preview:-1"},"canonical":"https:\/\/www.prijedordanas.com\/?p=52163","og_locale":"en_US","og_type":"article","og_title":"OFK BEREK 1975 PORA\u017dEN NA KRAJU PRVENSTVA: BODOVI ODO\u0160E U DOBRLJIN - FOTO - PrijedorDanas.com - Prijedorski gradski portal","og_description":"U utakmici preokreta na zavr\u0161etku prvenstva \u010cetvrte lige FSP Prijedor, \u010diji je po\u010detak, zbog \u010dinjenice da je toga dana i regionalni liga\u0161 Republike Srpske, igrao na stadionu \u201ePoljana\u201c bio po [&hellip;]","og_url":"https:\/\/www.prijedordanas.com\/?p=52163","og_site_name":"PrijedorDanas.com - Prijedorski gradski portal","article_publisher":"https:\/\/www.facebook.com\/PrijedorDanasCom\/","article_published_time":"2016-06-04T10:26:50+00:00","og_image":[{"url":"https:\/\/www.prijedordanas.com\/wp-content\/uploads\/2016\/06\/berek-slaven-1-300x199.jpg"}],"author":"admin","twitter_card":"summary_large_image","twitter_misc":{"Written by":"admin","Est. reading time":"2 minutes"},"schema":{"@context":"https:\/\/schema.org","@graph":[{"@type":"Article","@id":"https:\/\/www.prijedordanas.com\/?p=52163#article","isPartOf":{"@id":"https:\/\/www.prijedordanas.com\/?p=52163"},"author":{"name":"admin","@id":"https:\/\/www.prijedordanas.com\/#\/schema\/person\/4e08ccf29b506ca916ff86d46bb700e6"},"headline":"OFK BEREK 1975 PORA\u017dEN NA KRAJU PRVENSTVA: BODOVI ODO\u0160E U DOBRLJIN &#8211; FOTO","datePublished":"2016-06-04T10:26:50+00:00","dateModified":"2016-06-04T10:26:50+00:00","mainEntityOfPage":{"@id":"https:\/\/www.prijedordanas.com\/?p=52163"},"wordCount":456,"publisher":{"@id":"https:\/\/www.prijedordanas.com\/#organization"},"keywords":["FK Slaven Dobrljin","fudbal","OFK Berek 1975"],"articleSection":["Sport"],"inLanguage":"en-US"},{"@type":"WebPage","@id":"https:\/\/www.prijedordanas.com\/?p=52163","url":"https:\/\/www.prijedordanas.com\/?p=52163","name":"OFK BEREK 1975 PORA\u017dEN NA KRAJU PRVENSTVA: BODOVI ODO\u0160E U DOBRLJIN - FOTO - PrijedorDanas.com - Prijedorski gradski portal","isPartOf":{"@id":"https:\/\/www.prijedordanas.com\/#website"},"datePublished":"2016-06-04T10:26:50+00:00","dateModified":"2016-06-04T10:26:50+00:00","breadcrumb":{"@id":"https:\/\/www.prijedordanas.com\/?p=52163#breadcrumb"},"inLanguage":"en-US","potentialAction":[{"@type":"ReadAction","target":["https:\/\/www.prijedordanas.com\/?p=52163"]}]},{"@type":"BreadcrumbList","@id":"https:\/\/www.prijedordanas.com\/?p=52163#breadcrumb","itemListElement":[{"@type":"ListItem","position":1,"name":"Home","item":"https:\/\/www.prijedordanas.com\/"},{"@type":"ListItem","position":2,"name":"OFK BEREK 1975 PORA\u017dEN NA KRAJU PRVENSTVA: BODOVI ODO\u0160E U DOBRLJIN &#8211; FOTO"}]},{"@type":"WebSite","@id":"https:\/\/www.prijedordanas.com\/#website","url":"https:\/\/www.prijedordanas.com\/","name":"PrijedorDanas.com - Prijedorski gradski portal","description":"Portal o doga\u0111anjima u gradu Prijedoru","publisher":{"@id":"https:\/\/www.prijedordanas.com\/#organization"},"potentialAction":[{"@type":"SearchAction","target":{"@type":"EntryPoint","urlTemplate":"https:\/\/www.prijedordanas.com\/?s={search_term_string}"},"query-input":"required name=search_term_string"}],"inLanguage":"en-US"},{"@type":"Organization","@id":"https:\/\/www.prijedordanas.com\/#organization","name":"PrijedorDanas.com","url":"https:\/\/www.prijedordanas.com\/","logo":{"@type":"ImageObject","inLanguage":"en-US","@id":"https:\/\/www.prijedordanas.com\/#\/schema\/logo\/image\/","url":"http:\/\/www.prijedordanas.com\/wp-content\/uploads\/2021\/12\/logopng.png","contentUrl":"http:\/\/www.prijedordanas.com\/wp-content\/uploads\/2021\/12\/logopng.png","width":1019,"height":776,"caption":"PrijedorDanas.com"},"image":{"@id":"https:\/\/www.prijedordanas.com\/#\/schema\/logo\/image\/"},"sameAs":["https:\/\/www.facebook.com\/PrijedorDanasCom\/"]},{"@type":"Person","@id":"https:\/\/www.prijedordanas.com\/#\/schema\/person\/4e08ccf29b506ca916ff86d46bb700e6","name":"admin","image":{"@type":"ImageObject","inLanguage":"en-US","@id":"https:\/\/www.prijedordanas.com\/#\/schema\/person\/image\/","url":"https:\/\/secure.gravatar.com\/avatar\/1d3fc949d550f0b53a5f0d51e06dfd79?s=96&d=mm&r=g","contentUrl":"https:\/\/secure.gravatar.com\/avatar\/1d3fc949d550f0b53a5f0d51e06dfd79?s=96&d=mm&r=g","caption":"admin"},"url":"https:\/\/www.prijedordanas.com\/?author=1"}]}},"_links":{"self":[{"href":"https:\/\/www.prijedordanas.com\/index.php?rest_route=\/wp\/v2\/posts\/52163"}],"collection":[{"href":"https:\/\/www.prijedordanas.com\/index.php?rest_route=\/wp\/v2\/posts"}],"about":[{"href":"https:\/\/www.prijedordanas.com\/index.php?rest_route=\/wp\/v2\/types\/post"}],"author":[{"embeddable":true,"href":"https:\/\/www.prijedordanas.com\/index.php?rest_route=\/wp\/v2\/users\/1"}],"replies":[{"embeddable":true,"href":"https:\/\/www.prijedordanas.com\/index.php?rest_route=%2Fwp%2Fv2%2Fcomments&post=52163"}],"version-history":[{"count":1,"href":"https:\/\/www.prijedordanas.com\/index.php?rest_route=\/wp\/v2\/posts\/52163\/revisions"}],"predecessor-version":[{"id":52172,"href":"https:\/\/www.prijedordanas.com\/index.php?rest_route=\/wp\/v2\/posts\/52163\/revisions\/52172"}],"wp:attachment":[{"href":"https:\/\/www.prijedordanas.com\/index.php?rest_route=%2Fwp%2Fv2%2Fmedia&parent=52163"}],"wp:term":[{"taxonomy":"category","embeddable":true,"href":"https:\/\/www.prijedordanas.com\/index.php?rest_route=%2Fwp%2Fv2%2Fcategories&post=52163"},{"taxonomy":"post_tag","embeddable":true,"href":"https:\/\/www.prijedordanas.com\/index.php?rest_route=%2Fwp%2Fv2%2Ftags&post=52163"}],"curies":[{"name":"wp","href":"https:\/\/api.w.org\/{rel}","templated":true}]}}