{"id":51183,"date":"2016-05-24T13:40:50","date_gmt":"2016-05-24T11:40:50","guid":{"rendered":"https:\/\/www.prijedordanas.com\/?p=51183"},"modified":"2016-05-24T13:40:50","modified_gmt":"2016-05-24T11:40:50","slug":"laznom-uplatnicom-kupio-radnu-masinu-vrijednu-24-000-km","status":"publish","type":"post","link":"https:\/\/www.prijedordanas.com\/?p=51183","title":{"rendered":"LA\u017dNOM UPLATNICOM KUPIO RADNU MA\u0160INU VRIJEDNU 24.000 KM"},"content":{"rendered":"<p><a href=\"https:\/\/www.prijedordanas.com\/wp-content\/uploads\/2016\/05\/ilustracija-radna-masina.jpg\" rel=\"attachment wp-att-51184\"><img loading=\"lazy\" decoding=\"async\" src=\"https:\/\/www.prijedordanas.com\/wp-content\/uploads\/2016\/05\/ilustracija-radna-masina-300x225.jpg\" alt=\"ilustracija-radna masina\" width=\"300\" height=\"225\" class=\"alignleft size-medium wp-image-51184\" srcset=\"https:\/\/www.prijedordanas.com\/wp-content\/uploads\/2016\/05\/ilustracija-radna-masina-300x225.jpg 300w, https:\/\/www.prijedordanas.com\/wp-content\/uploads\/2016\/05\/ilustracija-radna-masina.jpg 600w\" sizes=\"(max-width: 300px) 100vw, 300px\" \/><\/a>Lice \u010diji su inicijali B.H. \/38\/ iz Sarajeva osumnji\u010deno je da je la\u017enom uplatnicom kupilo radnu ma\u0161inu vrijednu 24.000 KM, saop\u0161teno je danas iz Centra javne bezbjednosti Prijedor.<\/p>\n<p>Osumnji\u010deni se u decembru pro\u0161le godine o\u0161te\u0107enom M.D. predstavio kao kupac radne ma\u0161ine i kao ovla\u0161\u0107eno lice privatne firme iz Sarajeva, s namjerom da za sebe pribavi protivpravnu imovinsku korist.<\/p>\n<p>Kao dokaz da je izvr\u0161io pla\u0107anje, o\u0161te\u0107enom je predao uplatnicu na iznos od 24.000 KM sa prijemnim pe\u010datom banke, sa naznakom primljeno, a koja je bila ovjerena pe\u010datom privatne firme iz Sarajeva i njegovim potpisom kao odgovornog lica te firme. <\/p>\n<p>&#8220;Osumnji\u010deni nije bio ovla\u0161\u0107eno lice za raspolaganje nov\u010danim sredstvima firme niti je predmetna uplatnica bila ispravno popunjena, a na \u017eiro-ra\u010dunu firme nije bilo dovoljno sredstava za prenos, zbog \u010dega pla\u0107anje nije ni izvr\u0161eno&#8221;, dodaje se u saop\u0161tenju. <\/p>\n<p>Osim inicijala, u saop\u0161tenju CJB Prijedor ne navodi se vi\u0161e informacija o o\u0161te\u0107enom. <\/p>\n<p>CJB Prijedor je Okru\u017enom tu\u017eila\u0161tvu Banjaluka podnio izvje\u0161taj protiv B.H. o po\u010dinjenim krivi\u010dnim djelima falsifikovanja isprave i prevare.<\/p>\n<p>SRNA<br \/>\nFoto &#8211; ilustracija<\/p>\n","protected":false},"excerpt":{"rendered":"<p>Lice \u010diji su inicijali B.H. \/38\/ iz Sarajeva osumnji\u010deno je da je la\u017enom uplatnicom kupilo radnu ma\u0161inu vrijednu 24.000 KM, saop\u0161teno je danas iz Centra javne bezbjednosti Prijedor. Osumnji\u010deni se [&hellip;]<\/p>\n","protected":false},"author":1,"featured_media":0,"comment_status":"closed","ping_status":"open","sticky":false,"template":"","format":"standard","meta":{"_monsterinsights_skip_tracking":false,"_monsterinsights_sitenote_active":false,"_monsterinsights_sitenote_note":"","_monsterinsights_sitenote_category":0,"footnotes":""},"categories":[5],"tags":[38,7932,7931],"yoast_head":"<!-- This site is optimized with the Yoast SEO plugin v21.6 - https:\/\/yoast.com\/wordpress\/plugins\/seo\/ -->\n<title>LA\u017dNOM UPLATNICOM KUPIO RADNU MA\u0160INU VRIJEDNU 24.000 KM - PrijedorDanas.com - Prijedorski gradski portal<\/title>\n<meta name=\"robots\" content=\"index, follow, max-snippet:-1, max-image-preview:large, max-video-preview:-1\" \/>\n<link rel=\"canonical\" href=\"https:\/\/www.prijedordanas.com\/?p=51183\" \/>\n<meta property=\"og:locale\" content=\"en_US\" \/>\n<meta property=\"og:type\" content=\"article\" \/>\n<meta property=\"og:title\" content=\"LA\u017dNOM UPLATNICOM KUPIO RADNU MA\u0160INU VRIJEDNU 24.000 KM - PrijedorDanas.com - Prijedorski gradski portal\" \/>\n<meta property=\"og:description\" content=\"Lice \u010diji su inicijali B.H. \/38\/ iz Sarajeva osumnji\u010deno je da je la\u017enom uplatnicom kupilo radnu ma\u0161inu vrijednu 24.000 KM, saop\u0161teno je danas iz Centra javne bezbjednosti Prijedor. Osumnji\u010deni se [&hellip;]\" \/>\n<meta property=\"og:url\" content=\"https:\/\/www.prijedordanas.com\/?p=51183\" \/>\n<meta property=\"og:site_name\" content=\"PrijedorDanas.com - Prijedorski gradski portal\" \/>\n<meta property=\"article:publisher\" content=\"https:\/\/www.facebook.com\/PrijedorDanasCom\/\" \/>\n<meta property=\"article:published_time\" content=\"2016-05-24T11:40:50+00:00\" \/>\n<meta property=\"og:image\" content=\"https:\/\/www.prijedordanas.com\/wp-content\/uploads\/2016\/05\/ilustracija-radna-masina-300x225.jpg\" \/>\n<meta name=\"author\" content=\"admin\" \/>\n<meta name=\"twitter:card\" content=\"summary_large_image\" \/>\n<meta name=\"twitter:label1\" content=\"Written by\" \/>\n\t<meta name=\"twitter:data1\" content=\"admin\" \/>\n\t<meta name=\"twitter:label2\" content=\"Est. reading time\" \/>\n\t<meta name=\"twitter:data2\" content=\"1 minute\" \/>\n<script type=\"application\/ld+json\" class=\"yoast-schema-graph\">{\"@context\":\"https:\/\/schema.org\",\"@graph\":[{\"@type\":\"Article\",\"@id\":\"https:\/\/www.prijedordanas.com\/?p=51183#article\",\"isPartOf\":{\"@id\":\"https:\/\/www.prijedordanas.com\/?p=51183\"},\"author\":{\"name\":\"admin\",\"@id\":\"https:\/\/www.prijedordanas.com\/#\/schema\/person\/4e08ccf29b506ca916ff86d46bb700e6\"},\"headline\":\"LA\u017dNOM UPLATNICOM KUPIO RADNU MA\u0160INU VRIJEDNU 24.000 KM\",\"datePublished\":\"2016-05-24T11:40:50+00:00\",\"dateModified\":\"2016-05-24T11:40:50+00:00\",\"mainEntityOfPage\":{\"@id\":\"https:\/\/www.prijedordanas.com\/?p=51183\"},\"wordCount\":212,\"publisher\":{\"@id\":\"https:\/\/www.prijedordanas.com\/#organization\"},\"keywords\":[\"CJB Prijedor\",\"la\u017ena uplatnica\",\"radna ma\u0161ina\"],\"articleSection\":[\"Hronika\"],\"inLanguage\":\"en-US\"},{\"@type\":\"WebPage\",\"@id\":\"https:\/\/www.prijedordanas.com\/?p=51183\",\"url\":\"https:\/\/www.prijedordanas.com\/?p=51183\",\"name\":\"LA\u017dNOM UPLATNICOM KUPIO RADNU MA\u0160INU VRIJEDNU 24.000 KM - PrijedorDanas.com - Prijedorski gradski portal\",\"isPartOf\":{\"@id\":\"https:\/\/www.prijedordanas.com\/#website\"},\"datePublished\":\"2016-05-24T11:40:50+00:00\",\"dateModified\":\"2016-05-24T11:40:50+00:00\",\"breadcrumb\":{\"@id\":\"https:\/\/www.prijedordanas.com\/?p=51183#breadcrumb\"},\"inLanguage\":\"en-US\",\"potentialAction\":[{\"@type\":\"ReadAction\",\"target\":[\"https:\/\/www.prijedordanas.com\/?p=51183\"]}]},{\"@type\":\"BreadcrumbList\",\"@id\":\"https:\/\/www.prijedordanas.com\/?p=51183#breadcrumb\",\"itemListElement\":[{\"@type\":\"ListItem\",\"position\":1,\"name\":\"Home\",\"item\":\"https:\/\/www.prijedordanas.com\/\"},{\"@type\":\"ListItem\",\"position\":2,\"name\":\"LA\u017dNOM UPLATNICOM KUPIO RADNU MA\u0160INU VRIJEDNU 24.000 KM\"}]},{\"@type\":\"WebSite\",\"@id\":\"https:\/\/www.prijedordanas.com\/#website\",\"url\":\"https:\/\/www.prijedordanas.com\/\",\"name\":\"PrijedorDanas.com - Prijedorski gradski portal\",\"description\":\"Portal o doga\u0111anjima u gradu Prijedoru\",\"publisher\":{\"@id\":\"https:\/\/www.prijedordanas.com\/#organization\"},\"potentialAction\":[{\"@type\":\"SearchAction\",\"target\":{\"@type\":\"EntryPoint\",\"urlTemplate\":\"https:\/\/www.prijedordanas.com\/?s={search_term_string}\"},\"query-input\":\"required name=search_term_string\"}],\"inLanguage\":\"en-US\"},{\"@type\":\"Organization\",\"@id\":\"https:\/\/www.prijedordanas.com\/#organization\",\"name\":\"PrijedorDanas.com\",\"url\":\"https:\/\/www.prijedordanas.com\/\",\"logo\":{\"@type\":\"ImageObject\",\"inLanguage\":\"en-US\",\"@id\":\"https:\/\/www.prijedordanas.com\/#\/schema\/logo\/image\/\",\"url\":\"http:\/\/www.prijedordanas.com\/wp-content\/uploads\/2021\/12\/logopng.png\",\"contentUrl\":\"http:\/\/www.prijedordanas.com\/wp-content\/uploads\/2021\/12\/logopng.png\",\"width\":1019,\"height\":776,\"caption\":\"PrijedorDanas.com\"},\"image\":{\"@id\":\"https:\/\/www.prijedordanas.com\/#\/schema\/logo\/image\/\"},\"sameAs\":[\"https:\/\/www.facebook.com\/PrijedorDanasCom\/\"]},{\"@type\":\"Person\",\"@id\":\"https:\/\/www.prijedordanas.com\/#\/schema\/person\/4e08ccf29b506ca916ff86d46bb700e6\",\"name\":\"admin\",\"image\":{\"@type\":\"ImageObject\",\"inLanguage\":\"en-US\",\"@id\":\"https:\/\/www.prijedordanas.com\/#\/schema\/person\/image\/\",\"url\":\"https:\/\/secure.gravatar.com\/avatar\/1d3fc949d550f0b53a5f0d51e06dfd79?s=96&d=mm&r=g\",\"contentUrl\":\"https:\/\/secure.gravatar.com\/avatar\/1d3fc949d550f0b53a5f0d51e06dfd79?s=96&d=mm&r=g\",\"caption\":\"admin\"},\"url\":\"https:\/\/www.prijedordanas.com\/?author=1\"}]}<\/script>\n<!-- \/ Yoast SEO plugin. -->","yoast_head_json":{"title":"LA\u017dNOM UPLATNICOM KUPIO RADNU MA\u0160INU VRIJEDNU 24.000 KM - PrijedorDanas.com - Prijedorski gradski portal","robots":{"index":"index","follow":"follow","max-snippet":"max-snippet:-1","max-image-preview":"max-image-preview:large","max-video-preview":"max-video-preview:-1"},"canonical":"https:\/\/www.prijedordanas.com\/?p=51183","og_locale":"en_US","og_type":"article","og_title":"LA\u017dNOM UPLATNICOM KUPIO RADNU MA\u0160INU VRIJEDNU 24.000 KM - PrijedorDanas.com - Prijedorski gradski portal","og_description":"Lice \u010diji su inicijali B.H. \/38\/ iz Sarajeva osumnji\u010deno je da je la\u017enom uplatnicom kupilo radnu ma\u0161inu vrijednu 24.000 KM, saop\u0161teno je danas iz Centra javne bezbjednosti Prijedor. Osumnji\u010deni se [&hellip;]","og_url":"https:\/\/www.prijedordanas.com\/?p=51183","og_site_name":"PrijedorDanas.com - Prijedorski gradski portal","article_publisher":"https:\/\/www.facebook.com\/PrijedorDanasCom\/","article_published_time":"2016-05-24T11:40:50+00:00","og_image":[{"url":"https:\/\/www.prijedordanas.com\/wp-content\/uploads\/2016\/05\/ilustracija-radna-masina-300x225.jpg"}],"author":"admin","twitter_card":"summary_large_image","twitter_misc":{"Written by":"admin","Est. reading time":"1 minute"},"schema":{"@context":"https:\/\/schema.org","@graph":[{"@type":"Article","@id":"https:\/\/www.prijedordanas.com\/?p=51183#article","isPartOf":{"@id":"https:\/\/www.prijedordanas.com\/?p=51183"},"author":{"name":"admin","@id":"https:\/\/www.prijedordanas.com\/#\/schema\/person\/4e08ccf29b506ca916ff86d46bb700e6"},"headline":"LA\u017dNOM UPLATNICOM KUPIO RADNU MA\u0160INU VRIJEDNU 24.000 KM","datePublished":"2016-05-24T11:40:50+00:00","dateModified":"2016-05-24T11:40:50+00:00","mainEntityOfPage":{"@id":"https:\/\/www.prijedordanas.com\/?p=51183"},"wordCount":212,"publisher":{"@id":"https:\/\/www.prijedordanas.com\/#organization"},"keywords":["CJB Prijedor","la\u017ena uplatnica","radna ma\u0161ina"],"articleSection":["Hronika"],"inLanguage":"en-US"},{"@type":"WebPage","@id":"https:\/\/www.prijedordanas.com\/?p=51183","url":"https:\/\/www.prijedordanas.com\/?p=51183","name":"LA\u017dNOM UPLATNICOM KUPIO RADNU MA\u0160INU VRIJEDNU 24.000 KM - PrijedorDanas.com - Prijedorski gradski portal","isPartOf":{"@id":"https:\/\/www.prijedordanas.com\/#website"},"datePublished":"2016-05-24T11:40:50+00:00","dateModified":"2016-05-24T11:40:50+00:00","breadcrumb":{"@id":"https:\/\/www.prijedordanas.com\/?p=51183#breadcrumb"},"inLanguage":"en-US","potentialAction":[{"@type":"ReadAction","target":["https:\/\/www.prijedordanas.com\/?p=51183"]}]},{"@type":"BreadcrumbList","@id":"https:\/\/www.prijedordanas.com\/?p=51183#breadcrumb","itemListElement":[{"@type":"ListItem","position":1,"name":"Home","item":"https:\/\/www.prijedordanas.com\/"},{"@type":"ListItem","position":2,"name":"LA\u017dNOM UPLATNICOM KUPIO RADNU MA\u0160INU VRIJEDNU 24.000 KM"}]},{"@type":"WebSite","@id":"https:\/\/www.prijedordanas.com\/#website","url":"https:\/\/www.prijedordanas.com\/","name":"PrijedorDanas.com - Prijedorski gradski portal","description":"Portal o doga\u0111anjima u gradu Prijedoru","publisher":{"@id":"https:\/\/www.prijedordanas.com\/#organization"},"potentialAction":[{"@type":"SearchAction","target":{"@type":"EntryPoint","urlTemplate":"https:\/\/www.prijedordanas.com\/?s={search_term_string}"},"query-input":"required name=search_term_string"}],"inLanguage":"en-US"},{"@type":"Organization","@id":"https:\/\/www.prijedordanas.com\/#organization","name":"PrijedorDanas.com","url":"https:\/\/www.prijedordanas.com\/","logo":{"@type":"ImageObject","inLanguage":"en-US","@id":"https:\/\/www.prijedordanas.com\/#\/schema\/logo\/image\/","url":"http:\/\/www.prijedordanas.com\/wp-content\/uploads\/2021\/12\/logopng.png","contentUrl":"http:\/\/www.prijedordanas.com\/wp-content\/uploads\/2021\/12\/logopng.png","width":1019,"height":776,"caption":"PrijedorDanas.com"},"image":{"@id":"https:\/\/www.prijedordanas.com\/#\/schema\/logo\/image\/"},"sameAs":["https:\/\/www.facebook.com\/PrijedorDanasCom\/"]},{"@type":"Person","@id":"https:\/\/www.prijedordanas.com\/#\/schema\/person\/4e08ccf29b506ca916ff86d46bb700e6","name":"admin","image":{"@type":"ImageObject","inLanguage":"en-US","@id":"https:\/\/www.prijedordanas.com\/#\/schema\/person\/image\/","url":"https:\/\/secure.gravatar.com\/avatar\/1d3fc949d550f0b53a5f0d51e06dfd79?s=96&d=mm&r=g","contentUrl":"https:\/\/secure.gravatar.com\/avatar\/1d3fc949d550f0b53a5f0d51e06dfd79?s=96&d=mm&r=g","caption":"admin"},"url":"https:\/\/www.prijedordanas.com\/?author=1"}]}},"_links":{"self":[{"href":"https:\/\/www.prijedordanas.com\/index.php?rest_route=\/wp\/v2\/posts\/51183"}],"collection":[{"href":"https:\/\/www.prijedordanas.com\/index.php?rest_route=\/wp\/v2\/posts"}],"about":[{"href":"https:\/\/www.prijedordanas.com\/index.php?rest_route=\/wp\/v2\/types\/post"}],"author":[{"embeddable":true,"href":"https:\/\/www.prijedordanas.com\/index.php?rest_route=\/wp\/v2\/users\/1"}],"replies":[{"embeddable":true,"href":"https:\/\/www.prijedordanas.com\/index.php?rest_route=%2Fwp%2Fv2%2Fcomments&post=51183"}],"version-history":[{"count":1,"href":"https:\/\/www.prijedordanas.com\/index.php?rest_route=\/wp\/v2\/posts\/51183\/revisions"}],"predecessor-version":[{"id":51185,"href":"https:\/\/www.prijedordanas.com\/index.php?rest_route=\/wp\/v2\/posts\/51183\/revisions\/51185"}],"wp:attachment":[{"href":"https:\/\/www.prijedordanas.com\/index.php?rest_route=%2Fwp%2Fv2%2Fmedia&parent=51183"}],"wp:term":[{"taxonomy":"category","embeddable":true,"href":"https:\/\/www.prijedordanas.com\/index.php?rest_route=%2Fwp%2Fv2%2Fcategories&post=51183"},{"taxonomy":"post_tag","embeddable":true,"href":"https:\/\/www.prijedordanas.com\/index.php?rest_route=%2Fwp%2Fv2%2Ftags&post=51183"}],"curies":[{"name":"wp","href":"https:\/\/api.w.org\/{rel}","templated":true}]}}