{"id":51077,"date":"2016-05-23T19:53:46","date_gmt":"2016-05-23T17:53:46","guid":{"rendered":"https:\/\/www.prijedordanas.com\/?p=51077"},"modified":"2016-05-23T19:53:46","modified_gmt":"2016-05-23T17:53:46","slug":"nezasluzen-poraz-milosa-janjanina-prijedorcanin-pokraden-u-njemackoj-foto-video","status":"publish","type":"post","link":"https:\/\/www.prijedordanas.com\/?p=51077","title":{"rendered":"NEZASLU\u017dEN PORAZ MILO\u0160A JANJANINA: PRIJEDOR\u010cANIN \u201ePOKRADEN\u201c U NJEMA\u010cKOJ \u2013 FOTO \u2013 VIDEO"},"content":{"rendered":"<p><a href=\"https:\/\/www.prijedordanas.com\/wp-content\/uploads\/2016\/05\/milos-janjanin-foto-andreas-dannhauer-1.jpg\" rel=\"attachment wp-att-51078\"><img loading=\"lazy\" decoding=\"async\" class=\"alignleft size-medium wp-image-51078\" src=\"https:\/\/www.prijedordanas.com\/wp-content\/uploads\/2016\/05\/milos-janjanin-foto-andreas-dannhauer-1-300x200.jpg\" alt=\"milos janjanin-foto andreas dannhauer (1)\" width=\"300\" height=\"200\" srcset=\"https:\/\/www.prijedordanas.com\/wp-content\/uploads\/2016\/05\/milos-janjanin-foto-andreas-dannhauer-1-300x200.jpg 300w, https:\/\/www.prijedordanas.com\/wp-content\/uploads\/2016\/05\/milos-janjanin-foto-andreas-dannhauer-1-480x320.jpg 480w, https:\/\/www.prijedordanas.com\/wp-content\/uploads\/2016\/05\/milos-janjanin-foto-andreas-dannhauer-1.jpg 600w\" sizes=\"(max-width: 300px) 100vw, 300px\" \/><\/a>Prijedorski bokser Milo\u0161 Janjanin po prvi put je pora\u017een u svojoj profi karijeri, me\u0111utim, ono \u0161to se doga\u0111alo protekle subote u njema\u010dkom gradu Dorstenu razo\u010daralo je ovog dvadesetdvogodi\u0161njaka.<\/p>\n<p>Naime, najmla\u0111i od trojice bra\u0107e boksera iz grada na Sani, borio se za titulu Interkontinentalnog \u0161ampiona \u2013 WBU verzija u kategoriji do 62 kg protiv Attile Kayabasija.<\/p>\n<p>-Nisam najbolje otvorio me\u010d pa je protivnik zaista bio bolji u prve dvije runde, nakon \u010dega sam malo promijenio taktiku i ve\u0107 sredinom \u010detvrte runde preuzeo inicijativu. Nakon nekoliko dobro plasiranih udaraca \u201erazbio\u201c sam mu arkadu i \u201ezatvorio\u201c desno oko. Iako je, prema gestikulaciji, doktor htio prekinuti me\u010d, doma\u0107ini su insistirali da se on nastavi \u2013 pri\u010da Milo\u0161.<\/p>\n<p><a href=\"https:\/\/www.prijedordanas.com\/wp-content\/uploads\/2016\/05\/milos-janjanin-foto-andreas-dannhauer-2.jpg\" rel=\"attachment wp-att-51079\"><img loading=\"lazy\" decoding=\"async\" class=\"alignleft size-medium wp-image-51079\" src=\"https:\/\/www.prijedordanas.com\/wp-content\/uploads\/2016\/05\/milos-janjanin-foto-andreas-dannhauer-2-300x200.jpg\" alt=\"milos janjanin-foto andreas dannhauer (2)\" width=\"300\" height=\"200\" srcset=\"https:\/\/www.prijedordanas.com\/wp-content\/uploads\/2016\/05\/milos-janjanin-foto-andreas-dannhauer-2-300x200.jpg 300w, https:\/\/www.prijedordanas.com\/wp-content\/uploads\/2016\/05\/milos-janjanin-foto-andreas-dannhauer-2-480x320.jpg 480w, https:\/\/www.prijedordanas.com\/wp-content\/uploads\/2016\/05\/milos-janjanin-foto-andreas-dannhauer-2.jpg 600w\" sizes=\"(max-width: 300px) 100vw, 300px\" \/><\/a>On dodaje da je do kraja desete runde, koliko je borba trajala, Kayabasijeva arkada \u201epucala\u201c tokom svake runde, lice mu je bilo krvavo a povredu su \u201ekrpili\u201c u pauzama, a sudija u ringu nije prekidao me\u010d.<\/p>\n<p>Na kraju svega, pobjeda je, na bodove, dodijeljena protivniku.<\/p>\n<p>-Svaki realan poznavalac boksa koji je gledao borbu slo\u017ei\u0107e se da sam od \u010detvrte runde do kraja bio bolji i da je me\u010d ranije trebao biti prekinut, ali to se nije desilo \u2013 isti\u010de Janjanin, razo\u010daran sudijskom odlukom smatraju\u0107i da je pokraden.<\/p>\n<p>-Aplauz za Milo\u0161a i zvi\u017educi dijela publike nakon progla\u0161enja pobjednika, dovoljno govore \u0161ta su ljudi vidjeli. Kayabasijeve krvi je bilo svuda ali sudija nije prekidao me\u010d \u2013 ka\u017ee Ivan \u0160aki\u0107, jedan od Milo\u0161evih sekundanata.<\/p>\n<p><a href=\"https:\/\/www.prijedordanas.com\/wp-content\/uploads\/2016\/05\/milos-janjanin-foto-andreas-dannhauer-3.jpg\" rel=\"attachment wp-att-51080\"><img loading=\"lazy\" decoding=\"async\" class=\"alignleft size-medium wp-image-51080\" src=\"https:\/\/www.prijedordanas.com\/wp-content\/uploads\/2016\/05\/milos-janjanin-foto-andreas-dannhauer-3-300x200.jpg\" alt=\"milos janjanin-foto andreas dannhauer (3)\" width=\"300\" height=\"200\" srcset=\"https:\/\/www.prijedordanas.com\/wp-content\/uploads\/2016\/05\/milos-janjanin-foto-andreas-dannhauer-3-300x200.jpg 300w, https:\/\/www.prijedordanas.com\/wp-content\/uploads\/2016\/05\/milos-janjanin-foto-andreas-dannhauer-3-480x320.jpg 480w, https:\/\/www.prijedordanas.com\/wp-content\/uploads\/2016\/05\/milos-janjanin-foto-andreas-dannhauer-3.jpg 600w\" sizes=\"(max-width: 300px) 100vw, 300px\" \/><\/a>Ono \u0161to je \u201ebacilo\u201c dodatnu sumnju u rezultat me\u010da je \u010dinjenica da je prilikom progla\u0161enja pro\u010ditano samo ime pobjednika, bez ukupnog rezultata u poenima, kako ukupnog, tako i svakog sudije pojedina\u010dno.<\/p>\n<p>-Dugo sam prisutan u vi\u0161e borila\u010dkih sportova i znam da su se me\u010devi prekidali i zbog mnogo manjih povreda od onih koje je imao Kayabasi. Svi u Milo\u0161evom taboru smo razo\u010darani porazom, jer je bio bolji. Me\u0111utim, protiv sudija koji su, o\u010digledno, bili na strani doma\u0107eg borca ne mo\u017eemo ni\u0161ta \u2013 rekao je Gordan Zori\u0107 iz Fight Cluba \u201eWinner\u201c Prijedor koji je mladog Prijedor\u010danina i pripremao za ovaj me\u010d.<\/p>\n<p>On se posebno zahvalio menad\u017eeru Mirku Skoki koji je omogu\u0107io ovu borbu i sa kojim Prijedor\u010dani dobro sara\u0111uju.<\/p>\n<p>Nakon pet pobjeda od kojih su \u010detiri bile nokautom, bio je ovo prvi, istina nezaslu\u017een, poraz Milo\u0161a Janjanina u profi karijeri.<\/p>\n<p>Video snimak me\u010da mo\u017eete pogledati <a href=\"http:\/\/www.fight24.tv\/kampfsportvideos\/video\/janjanin-vs-kayabasi\/kategorie\/boxen\/\" target=\"_blank\">OVDJE<\/a><\/p>\n<p>Tekst &#8211; Aleksandar Drakuli\u0107 \u2013 <a href=\"www.prijedordanas.com\" target=\"_blank\">www.prijedordanas.com<\/a><br \/>\nFoto \u2013 Andreas Dannhauer<\/p>\n<p><a href=\"https:\/\/www.prijedordanas.com\/wp-content\/uploads\/2016\/05\/milos-janjanin-foto-andreas-dannhauer-4.jpg\" rel=\"attachment wp-att-51081\"><img loading=\"lazy\" decoding=\"async\" class=\"alignleft size-medium wp-image-51081\" src=\"https:\/\/www.prijedordanas.com\/wp-content\/uploads\/2016\/05\/milos-janjanin-foto-andreas-dannhauer-4-300x200.jpg\" alt=\"milos janjanin-foto andreas dannhauer (4)\" width=\"300\" height=\"200\" srcset=\"https:\/\/www.prijedordanas.com\/wp-content\/uploads\/2016\/05\/milos-janjanin-foto-andreas-dannhauer-4-300x200.jpg 300w, https:\/\/www.prijedordanas.com\/wp-content\/uploads\/2016\/05\/milos-janjanin-foto-andreas-dannhauer-4-480x320.jpg 480w, https:\/\/www.prijedordanas.com\/wp-content\/uploads\/2016\/05\/milos-janjanin-foto-andreas-dannhauer-4.jpg 600w\" sizes=\"(max-width: 300px) 100vw, 300px\" \/><\/a> <a href=\"https:\/\/www.prijedordanas.com\/wp-content\/uploads\/2016\/05\/milos-janjanin-foto-andreas-dannhauer-5.jpg\" rel=\"attachment wp-att-51082\"><img loading=\"lazy\" decoding=\"async\" class=\"alignleft size-medium wp-image-51082\" src=\"https:\/\/www.prijedordanas.com\/wp-content\/uploads\/2016\/05\/milos-janjanin-foto-andreas-dannhauer-5-300x200.jpg\" alt=\"milos janjanin-foto andreas dannhauer (5)\" width=\"300\" height=\"200\" srcset=\"https:\/\/www.prijedordanas.com\/wp-content\/uploads\/2016\/05\/milos-janjanin-foto-andreas-dannhauer-5-300x200.jpg 300w, https:\/\/www.prijedordanas.com\/wp-content\/uploads\/2016\/05\/milos-janjanin-foto-andreas-dannhauer-5-480x320.jpg 480w, https:\/\/www.prijedordanas.com\/wp-content\/uploads\/2016\/05\/milos-janjanin-foto-andreas-dannhauer-5.jpg 600w\" sizes=\"(max-width: 300px) 100vw, 300px\" \/><\/a> <a href=\"https:\/\/www.prijedordanas.com\/wp-content\/uploads\/2016\/05\/milos-janjanin-foto-andreas-dannhauer-6.jpg\" rel=\"attachment wp-att-51083\"><img loading=\"lazy\" decoding=\"async\" class=\"alignleft size-medium wp-image-51083\" src=\"https:\/\/www.prijedordanas.com\/wp-content\/uploads\/2016\/05\/milos-janjanin-foto-andreas-dannhauer-6-300x200.jpg\" alt=\"milos janjanin-foto andreas dannhauer (6)\" width=\"300\" height=\"200\" srcset=\"https:\/\/www.prijedordanas.com\/wp-content\/uploads\/2016\/05\/milos-janjanin-foto-andreas-dannhauer-6-300x200.jpg 300w, https:\/\/www.prijedordanas.com\/wp-content\/uploads\/2016\/05\/milos-janjanin-foto-andreas-dannhauer-6-480x320.jpg 480w, https:\/\/www.prijedordanas.com\/wp-content\/uploads\/2016\/05\/milos-janjanin-foto-andreas-dannhauer-6.jpg 600w\" sizes=\"(max-width: 300px) 100vw, 300px\" \/><\/a> <a href=\"https:\/\/www.prijedordanas.com\/wp-content\/uploads\/2016\/05\/milos-janjanin-foto-andreas-dannhauer-7.jpg\" rel=\"attachment wp-att-51084\"><img loading=\"lazy\" decoding=\"async\" class=\"alignleft size-medium wp-image-51084\" src=\"https:\/\/www.prijedordanas.com\/wp-content\/uploads\/2016\/05\/milos-janjanin-foto-andreas-dannhauer-7-300x200.jpg\" alt=\"milos janjanin-foto andreas dannhauer (7)\" width=\"300\" height=\"200\" srcset=\"https:\/\/www.prijedordanas.com\/wp-content\/uploads\/2016\/05\/milos-janjanin-foto-andreas-dannhauer-7-300x200.jpg 300w, https:\/\/www.prijedordanas.com\/wp-content\/uploads\/2016\/05\/milos-janjanin-foto-andreas-dannhauer-7-480x320.jpg 480w, https:\/\/www.prijedordanas.com\/wp-content\/uploads\/2016\/05\/milos-janjanin-foto-andreas-dannhauer-7.jpg 600w\" sizes=\"(max-width: 300px) 100vw, 300px\" \/><\/a> <a href=\"https:\/\/www.prijedordanas.com\/wp-content\/uploads\/2016\/05\/milos-janjanin-foto-andreas-dannhauer-8.jpg\" rel=\"attachment wp-att-51085\"><img loading=\"lazy\" decoding=\"async\" class=\"alignleft size-medium wp-image-51085\" src=\"https:\/\/www.prijedordanas.com\/wp-content\/uploads\/2016\/05\/milos-janjanin-foto-andreas-dannhauer-8-300x200.jpg\" alt=\"milos janjanin-foto andreas dannhauer (8)\" width=\"300\" height=\"200\" srcset=\"https:\/\/www.prijedordanas.com\/wp-content\/uploads\/2016\/05\/milos-janjanin-foto-andreas-dannhauer-8-300x200.jpg 300w, https:\/\/www.prijedordanas.com\/wp-content\/uploads\/2016\/05\/milos-janjanin-foto-andreas-dannhauer-8-480x320.jpg 480w, https:\/\/www.prijedordanas.com\/wp-content\/uploads\/2016\/05\/milos-janjanin-foto-andreas-dannhauer-8.jpg 600w\" sizes=\"(max-width: 300px) 100vw, 300px\" \/><\/a> <a href=\"https:\/\/www.prijedordanas.com\/wp-content\/uploads\/2016\/05\/milos-janjanin-foto-andreas-dannhauer-9.jpg\" rel=\"attachment wp-att-51086\"><img loading=\"lazy\" decoding=\"async\" class=\"alignleft size-medium wp-image-51086\" src=\"https:\/\/www.prijedordanas.com\/wp-content\/uploads\/2016\/05\/milos-janjanin-foto-andreas-dannhauer-9-300x200.jpg\" alt=\"milos janjanin-foto andreas dannhauer (9)\" width=\"300\" height=\"200\" srcset=\"https:\/\/www.prijedordanas.com\/wp-content\/uploads\/2016\/05\/milos-janjanin-foto-andreas-dannhauer-9-300x200.jpg 300w, https:\/\/www.prijedordanas.com\/wp-content\/uploads\/2016\/05\/milos-janjanin-foto-andreas-dannhauer-9-480x320.jpg 480w, https:\/\/www.prijedordanas.com\/wp-content\/uploads\/2016\/05\/milos-janjanin-foto-andreas-dannhauer-9.jpg 600w\" sizes=\"(max-width: 300px) 100vw, 300px\" \/><\/a> <a href=\"https:\/\/www.prijedordanas.com\/wp-content\/uploads\/2016\/05\/milos-janjanin-foto-andreas-dannhauer-10.jpg\" rel=\"attachment wp-att-51087\"><img loading=\"lazy\" decoding=\"async\" class=\"alignleft size-medium wp-image-51087\" src=\"https:\/\/www.prijedordanas.com\/wp-content\/uploads\/2016\/05\/milos-janjanin-foto-andreas-dannhauer-10-300x200.jpg\" alt=\"milos janjanin-foto andreas dannhauer (10)\" width=\"300\" height=\"200\" srcset=\"https:\/\/www.prijedordanas.com\/wp-content\/uploads\/2016\/05\/milos-janjanin-foto-andreas-dannhauer-10-300x200.jpg 300w, https:\/\/www.prijedordanas.com\/wp-content\/uploads\/2016\/05\/milos-janjanin-foto-andreas-dannhauer-10-480x320.jpg 480w, https:\/\/www.prijedordanas.com\/wp-content\/uploads\/2016\/05\/milos-janjanin-foto-andreas-dannhauer-10.jpg 600w\" sizes=\"(max-width: 300px) 100vw, 300px\" \/><\/a> <a href=\"https:\/\/www.prijedordanas.com\/wp-content\/uploads\/2016\/05\/milos-janjanin-foto-andreas-dannhauer-11.jpg\" rel=\"attachment wp-att-51088\"><img loading=\"lazy\" decoding=\"async\" class=\"alignleft size-medium wp-image-51088\" src=\"https:\/\/www.prijedordanas.com\/wp-content\/uploads\/2016\/05\/milos-janjanin-foto-andreas-dannhauer-11-300x200.jpg\" alt=\"milos janjanin-foto andreas dannhauer (11)\" width=\"300\" height=\"200\" srcset=\"https:\/\/www.prijedordanas.com\/wp-content\/uploads\/2016\/05\/milos-janjanin-foto-andreas-dannhauer-11-300x200.jpg 300w, https:\/\/www.prijedordanas.com\/wp-content\/uploads\/2016\/05\/milos-janjanin-foto-andreas-dannhauer-11-480x320.jpg 480w, https:\/\/www.prijedordanas.com\/wp-content\/uploads\/2016\/05\/milos-janjanin-foto-andreas-dannhauer-11.jpg 600w\" sizes=\"(max-width: 300px) 100vw, 300px\" \/><\/a><\/p>\n","protected":false},"excerpt":{"rendered":"<p>Prijedorski bokser Milo\u0161 Janjanin po prvi put je pora\u017een u svojoj profi karijeri, me\u0111utim, ono \u0161to se doga\u0111alo protekle subote u njema\u010dkom gradu Dorstenu razo\u010daralo je ovog dvadesetdvogodi\u0161njaka. Naime, najmla\u0111i [&hellip;]<\/p>\n","protected":false},"author":1,"featured_media":0,"comment_status":"closed","ping_status":"open","sticky":false,"template":"","format":"standard","meta":{"_monsterinsights_skip_tracking":false,"_monsterinsights_sitenote_active":false,"_monsterinsights_sitenote_note":"","_monsterinsights_sitenote_category":0,"footnotes":""},"categories":[7],"tags":[1984,1988],"yoast_head":"<!-- This site is optimized with the Yoast SEO plugin v21.6 - https:\/\/yoast.com\/wordpress\/plugins\/seo\/ -->\n<title>NEZASLU\u017dEN PORAZ MILO\u0160A JANJANINA: PRIJEDOR\u010cANIN \u201ePOKRADEN\u201c U NJEMA\u010cKOJ \u2013 FOTO \u2013 VIDEO - PrijedorDanas.com - Prijedorski gradski portal<\/title>\n<meta name=\"robots\" content=\"index, follow, max-snippet:-1, max-image-preview:large, max-video-preview:-1\" \/>\n<link rel=\"canonical\" href=\"https:\/\/www.prijedordanas.com\/?p=51077\" \/>\n<meta property=\"og:locale\" content=\"en_US\" \/>\n<meta property=\"og:type\" content=\"article\" \/>\n<meta property=\"og:title\" content=\"NEZASLU\u017dEN PORAZ MILO\u0160A JANJANINA: PRIJEDOR\u010cANIN \u201ePOKRADEN\u201c U NJEMA\u010cKOJ \u2013 FOTO \u2013 VIDEO - PrijedorDanas.com - Prijedorski gradski portal\" \/>\n<meta property=\"og:description\" content=\"Prijedorski bokser Milo\u0161 Janjanin po prvi put je pora\u017een u svojoj profi karijeri, me\u0111utim, ono \u0161to se doga\u0111alo protekle subote u njema\u010dkom gradu Dorstenu razo\u010daralo je ovog dvadesetdvogodi\u0161njaka. Naime, najmla\u0111i [&hellip;]\" \/>\n<meta property=\"og:url\" content=\"https:\/\/www.prijedordanas.com\/?p=51077\" \/>\n<meta property=\"og:site_name\" content=\"PrijedorDanas.com - Prijedorski gradski portal\" \/>\n<meta property=\"article:publisher\" content=\"https:\/\/www.facebook.com\/PrijedorDanasCom\/\" \/>\n<meta property=\"article:published_time\" content=\"2016-05-23T17:53:46+00:00\" \/>\n<meta property=\"og:image\" content=\"https:\/\/www.prijedordanas.com\/wp-content\/uploads\/2016\/05\/milos-janjanin-foto-andreas-dannhauer-1-300x200.jpg\" \/>\n<meta name=\"author\" content=\"admin\" \/>\n<meta name=\"twitter:card\" content=\"summary_large_image\" \/>\n<meta name=\"twitter:label1\" content=\"Written by\" \/>\n\t<meta name=\"twitter:data1\" content=\"admin\" \/>\n\t<meta name=\"twitter:label2\" content=\"Est. reading time\" \/>\n\t<meta name=\"twitter:data2\" content=\"2 minutes\" \/>\n<script type=\"application\/ld+json\" class=\"yoast-schema-graph\">{\"@context\":\"https:\/\/schema.org\",\"@graph\":[{\"@type\":\"Article\",\"@id\":\"https:\/\/www.prijedordanas.com\/?p=51077#article\",\"isPartOf\":{\"@id\":\"https:\/\/www.prijedordanas.com\/?p=51077\"},\"author\":{\"name\":\"admin\",\"@id\":\"https:\/\/www.prijedordanas.com\/#\/schema\/person\/4e08ccf29b506ca916ff86d46bb700e6\"},\"headline\":\"NEZASLU\u017dEN PORAZ MILO\u0160A JANJANINA: PRIJEDOR\u010cANIN \u201ePOKRADEN\u201c U NJEMA\u010cKOJ \u2013 FOTO \u2013 VIDEO\",\"datePublished\":\"2016-05-23T17:53:46+00:00\",\"dateModified\":\"2016-05-23T17:53:46+00:00\",\"mainEntityOfPage\":{\"@id\":\"https:\/\/www.prijedordanas.com\/?p=51077\"},\"wordCount\":440,\"publisher\":{\"@id\":\"https:\/\/www.prijedordanas.com\/#organization\"},\"keywords\":[\"boks\",\"Milo\u0161 Janjanin\"],\"articleSection\":[\"Sport\"],\"inLanguage\":\"en-US\"},{\"@type\":\"WebPage\",\"@id\":\"https:\/\/www.prijedordanas.com\/?p=51077\",\"url\":\"https:\/\/www.prijedordanas.com\/?p=51077\",\"name\":\"NEZASLU\u017dEN PORAZ MILO\u0160A JANJANINA: PRIJEDOR\u010cANIN \u201ePOKRADEN\u201c U NJEMA\u010cKOJ \u2013 FOTO \u2013 VIDEO - PrijedorDanas.com - Prijedorski gradski portal\",\"isPartOf\":{\"@id\":\"https:\/\/www.prijedordanas.com\/#website\"},\"datePublished\":\"2016-05-23T17:53:46+00:00\",\"dateModified\":\"2016-05-23T17:53:46+00:00\",\"breadcrumb\":{\"@id\":\"https:\/\/www.prijedordanas.com\/?p=51077#breadcrumb\"},\"inLanguage\":\"en-US\",\"potentialAction\":[{\"@type\":\"ReadAction\",\"target\":[\"https:\/\/www.prijedordanas.com\/?p=51077\"]}]},{\"@type\":\"BreadcrumbList\",\"@id\":\"https:\/\/www.prijedordanas.com\/?p=51077#breadcrumb\",\"itemListElement\":[{\"@type\":\"ListItem\",\"position\":1,\"name\":\"Home\",\"item\":\"https:\/\/www.prijedordanas.com\/\"},{\"@type\":\"ListItem\",\"position\":2,\"name\":\"NEZASLU\u017dEN PORAZ MILO\u0160A JANJANINA: PRIJEDOR\u010cANIN \u201ePOKRADEN\u201c U NJEMA\u010cKOJ \u2013 FOTO \u2013 VIDEO\"}]},{\"@type\":\"WebSite\",\"@id\":\"https:\/\/www.prijedordanas.com\/#website\",\"url\":\"https:\/\/www.prijedordanas.com\/\",\"name\":\"PrijedorDanas.com - Prijedorski gradski portal\",\"description\":\"Portal o doga\u0111anjima u gradu Prijedoru\",\"publisher\":{\"@id\":\"https:\/\/www.prijedordanas.com\/#organization\"},\"potentialAction\":[{\"@type\":\"SearchAction\",\"target\":{\"@type\":\"EntryPoint\",\"urlTemplate\":\"https:\/\/www.prijedordanas.com\/?s={search_term_string}\"},\"query-input\":\"required name=search_term_string\"}],\"inLanguage\":\"en-US\"},{\"@type\":\"Organization\",\"@id\":\"https:\/\/www.prijedordanas.com\/#organization\",\"name\":\"PrijedorDanas.com\",\"url\":\"https:\/\/www.prijedordanas.com\/\",\"logo\":{\"@type\":\"ImageObject\",\"inLanguage\":\"en-US\",\"@id\":\"https:\/\/www.prijedordanas.com\/#\/schema\/logo\/image\/\",\"url\":\"http:\/\/www.prijedordanas.com\/wp-content\/uploads\/2021\/12\/logopng.png\",\"contentUrl\":\"http:\/\/www.prijedordanas.com\/wp-content\/uploads\/2021\/12\/logopng.png\",\"width\":1019,\"height\":776,\"caption\":\"PrijedorDanas.com\"},\"image\":{\"@id\":\"https:\/\/www.prijedordanas.com\/#\/schema\/logo\/image\/\"},\"sameAs\":[\"https:\/\/www.facebook.com\/PrijedorDanasCom\/\"]},{\"@type\":\"Person\",\"@id\":\"https:\/\/www.prijedordanas.com\/#\/schema\/person\/4e08ccf29b506ca916ff86d46bb700e6\",\"name\":\"admin\",\"image\":{\"@type\":\"ImageObject\",\"inLanguage\":\"en-US\",\"@id\":\"https:\/\/www.prijedordanas.com\/#\/schema\/person\/image\/\",\"url\":\"https:\/\/secure.gravatar.com\/avatar\/1d3fc949d550f0b53a5f0d51e06dfd79?s=96&d=mm&r=g\",\"contentUrl\":\"https:\/\/secure.gravatar.com\/avatar\/1d3fc949d550f0b53a5f0d51e06dfd79?s=96&d=mm&r=g\",\"caption\":\"admin\"},\"url\":\"https:\/\/www.prijedordanas.com\/?author=1\"}]}<\/script>\n<!-- \/ Yoast SEO plugin. -->","yoast_head_json":{"title":"NEZASLU\u017dEN PORAZ MILO\u0160A JANJANINA: PRIJEDOR\u010cANIN \u201ePOKRADEN\u201c U NJEMA\u010cKOJ \u2013 FOTO \u2013 VIDEO - PrijedorDanas.com - Prijedorski gradski portal","robots":{"index":"index","follow":"follow","max-snippet":"max-snippet:-1","max-image-preview":"max-image-preview:large","max-video-preview":"max-video-preview:-1"},"canonical":"https:\/\/www.prijedordanas.com\/?p=51077","og_locale":"en_US","og_type":"article","og_title":"NEZASLU\u017dEN PORAZ MILO\u0160A JANJANINA: PRIJEDOR\u010cANIN \u201ePOKRADEN\u201c U NJEMA\u010cKOJ \u2013 FOTO \u2013 VIDEO - PrijedorDanas.com - Prijedorski gradski portal","og_description":"Prijedorski bokser Milo\u0161 Janjanin po prvi put je pora\u017een u svojoj profi karijeri, me\u0111utim, ono \u0161to se doga\u0111alo protekle subote u njema\u010dkom gradu Dorstenu razo\u010daralo je ovog dvadesetdvogodi\u0161njaka. Naime, najmla\u0111i [&hellip;]","og_url":"https:\/\/www.prijedordanas.com\/?p=51077","og_site_name":"PrijedorDanas.com - Prijedorski gradski portal","article_publisher":"https:\/\/www.facebook.com\/PrijedorDanasCom\/","article_published_time":"2016-05-23T17:53:46+00:00","og_image":[{"url":"https:\/\/www.prijedordanas.com\/wp-content\/uploads\/2016\/05\/milos-janjanin-foto-andreas-dannhauer-1-300x200.jpg"}],"author":"admin","twitter_card":"summary_large_image","twitter_misc":{"Written by":"admin","Est. reading time":"2 minutes"},"schema":{"@context":"https:\/\/schema.org","@graph":[{"@type":"Article","@id":"https:\/\/www.prijedordanas.com\/?p=51077#article","isPartOf":{"@id":"https:\/\/www.prijedordanas.com\/?p=51077"},"author":{"name":"admin","@id":"https:\/\/www.prijedordanas.com\/#\/schema\/person\/4e08ccf29b506ca916ff86d46bb700e6"},"headline":"NEZASLU\u017dEN PORAZ MILO\u0160A JANJANINA: PRIJEDOR\u010cANIN \u201ePOKRADEN\u201c U NJEMA\u010cKOJ \u2013 FOTO \u2013 VIDEO","datePublished":"2016-05-23T17:53:46+00:00","dateModified":"2016-05-23T17:53:46+00:00","mainEntityOfPage":{"@id":"https:\/\/www.prijedordanas.com\/?p=51077"},"wordCount":440,"publisher":{"@id":"https:\/\/www.prijedordanas.com\/#organization"},"keywords":["boks","Milo\u0161 Janjanin"],"articleSection":["Sport"],"inLanguage":"en-US"},{"@type":"WebPage","@id":"https:\/\/www.prijedordanas.com\/?p=51077","url":"https:\/\/www.prijedordanas.com\/?p=51077","name":"NEZASLU\u017dEN PORAZ MILO\u0160A JANJANINA: PRIJEDOR\u010cANIN \u201ePOKRADEN\u201c U NJEMA\u010cKOJ \u2013 FOTO \u2013 VIDEO - PrijedorDanas.com - Prijedorski gradski portal","isPartOf":{"@id":"https:\/\/www.prijedordanas.com\/#website"},"datePublished":"2016-05-23T17:53:46+00:00","dateModified":"2016-05-23T17:53:46+00:00","breadcrumb":{"@id":"https:\/\/www.prijedordanas.com\/?p=51077#breadcrumb"},"inLanguage":"en-US","potentialAction":[{"@type":"ReadAction","target":["https:\/\/www.prijedordanas.com\/?p=51077"]}]},{"@type":"BreadcrumbList","@id":"https:\/\/www.prijedordanas.com\/?p=51077#breadcrumb","itemListElement":[{"@type":"ListItem","position":1,"name":"Home","item":"https:\/\/www.prijedordanas.com\/"},{"@type":"ListItem","position":2,"name":"NEZASLU\u017dEN PORAZ MILO\u0160A JANJANINA: PRIJEDOR\u010cANIN \u201ePOKRADEN\u201c U NJEMA\u010cKOJ \u2013 FOTO \u2013 VIDEO"}]},{"@type":"WebSite","@id":"https:\/\/www.prijedordanas.com\/#website","url":"https:\/\/www.prijedordanas.com\/","name":"PrijedorDanas.com - Prijedorski gradski portal","description":"Portal o doga\u0111anjima u gradu Prijedoru","publisher":{"@id":"https:\/\/www.prijedordanas.com\/#organization"},"potentialAction":[{"@type":"SearchAction","target":{"@type":"EntryPoint","urlTemplate":"https:\/\/www.prijedordanas.com\/?s={search_term_string}"},"query-input":"required name=search_term_string"}],"inLanguage":"en-US"},{"@type":"Organization","@id":"https:\/\/www.prijedordanas.com\/#organization","name":"PrijedorDanas.com","url":"https:\/\/www.prijedordanas.com\/","logo":{"@type":"ImageObject","inLanguage":"en-US","@id":"https:\/\/www.prijedordanas.com\/#\/schema\/logo\/image\/","url":"http:\/\/www.prijedordanas.com\/wp-content\/uploads\/2021\/12\/logopng.png","contentUrl":"http:\/\/www.prijedordanas.com\/wp-content\/uploads\/2021\/12\/logopng.png","width":1019,"height":776,"caption":"PrijedorDanas.com"},"image":{"@id":"https:\/\/www.prijedordanas.com\/#\/schema\/logo\/image\/"},"sameAs":["https:\/\/www.facebook.com\/PrijedorDanasCom\/"]},{"@type":"Person","@id":"https:\/\/www.prijedordanas.com\/#\/schema\/person\/4e08ccf29b506ca916ff86d46bb700e6","name":"admin","image":{"@type":"ImageObject","inLanguage":"en-US","@id":"https:\/\/www.prijedordanas.com\/#\/schema\/person\/image\/","url":"https:\/\/secure.gravatar.com\/avatar\/1d3fc949d550f0b53a5f0d51e06dfd79?s=96&d=mm&r=g","contentUrl":"https:\/\/secure.gravatar.com\/avatar\/1d3fc949d550f0b53a5f0d51e06dfd79?s=96&d=mm&r=g","caption":"admin"},"url":"https:\/\/www.prijedordanas.com\/?author=1"}]}},"_links":{"self":[{"href":"https:\/\/www.prijedordanas.com\/index.php?rest_route=\/wp\/v2\/posts\/51077"}],"collection":[{"href":"https:\/\/www.prijedordanas.com\/index.php?rest_route=\/wp\/v2\/posts"}],"about":[{"href":"https:\/\/www.prijedordanas.com\/index.php?rest_route=\/wp\/v2\/types\/post"}],"author":[{"embeddable":true,"href":"https:\/\/www.prijedordanas.com\/index.php?rest_route=\/wp\/v2\/users\/1"}],"replies":[{"embeddable":true,"href":"https:\/\/www.prijedordanas.com\/index.php?rest_route=%2Fwp%2Fv2%2Fcomments&post=51077"}],"version-history":[{"count":2,"href":"https:\/\/www.prijedordanas.com\/index.php?rest_route=\/wp\/v2\/posts\/51077\/revisions"}],"predecessor-version":[{"id":51090,"href":"https:\/\/www.prijedordanas.com\/index.php?rest_route=\/wp\/v2\/posts\/51077\/revisions\/51090"}],"wp:attachment":[{"href":"https:\/\/www.prijedordanas.com\/index.php?rest_route=%2Fwp%2Fv2%2Fmedia&parent=51077"}],"wp:term":[{"taxonomy":"category","embeddable":true,"href":"https:\/\/www.prijedordanas.com\/index.php?rest_route=%2Fwp%2Fv2%2Fcategories&post=51077"},{"taxonomy":"post_tag","embeddable":true,"href":"https:\/\/www.prijedordanas.com\/index.php?rest_route=%2Fwp%2Fv2%2Ftags&post=51077"}],"curies":[{"name":"wp","href":"https:\/\/api.w.org\/{rel}","templated":true}]}}