{"id":50933,"date":"2016-05-21T14:24:40","date_gmt":"2016-05-21T12:24:40","guid":{"rendered":"https:\/\/www.prijedordanas.com\/?p=50933"},"modified":"2016-05-21T14:24:40","modified_gmt":"2016-05-21T12:24:40","slug":"biblioteka-cirilo-metodije-nagradeni-najvjerniji-citaoci-foto","status":"publish","type":"post","link":"https:\/\/www.prijedordanas.com\/?p=50933","title":{"rendered":"BIBLIOTEKA &#8220;\u0106IRILO I METODIJE&#8221;: NAGRA\u0110ENI NAJVJERNIJI \u010cITAOCI \u2013 FOTO"},"content":{"rendered":"<p><a href=\"https:\/\/www.prijedordanas.com\/wp-content\/uploads\/2016\/05\/srna-biblioteka-nagradjeni-citaoci-1.jpg\" rel=\"attachment wp-att-50929\"><img loading=\"lazy\" decoding=\"async\" class=\"alignleft size-medium wp-image-50929\" src=\"https:\/\/www.prijedordanas.com\/wp-content\/uploads\/2016\/05\/srna-biblioteka-nagradjeni-citaoci-1-300x201.jpg\" alt=\"srna-biblioteka-nagradjeni citaoci (1)\" width=\"300\" height=\"201\" srcset=\"https:\/\/www.prijedordanas.com\/wp-content\/uploads\/2016\/05\/srna-biblioteka-nagradjeni-citaoci-1-300x200.jpg 300w, https:\/\/www.prijedordanas.com\/wp-content\/uploads\/2016\/05\/srna-biblioteka-nagradjeni-citaoci-1-480x320.jpg 480w, https:\/\/www.prijedordanas.com\/wp-content\/uploads\/2016\/05\/srna-biblioteka-nagradjeni-citaoci-1.jpg 600w\" sizes=\"(max-width: 300px) 100vw, 300px\" \/><\/a>Narodna biblioteka &#8220;\u0106irilo i Metodije&#8221; iz Prijedora danas je, povodom 24. maja &#8211; dana ove ustanove, nagradila najvjernije \u010ditaoce u 2015. godini.<\/p>\n<p>U\u010denice Katarina Pa\u0161agi\u0107 i Anja \u010culi\u0107, penzioneri Neboj\u0161a Marijanovi\u0107 i \u0110or\u0111e Amid\u017ei\u0107, te Tanja Anu\u0161i\u0107 Joji\u0107 iz kategorije ostalih \u010dlanova progla\u0161eni su najaktivnijim \u010ditaocima i dobili su zahvalnice, prigodne poklone i knjige odabrane prema stru\u010dnim potrebama svakog od njih.<\/p>\n<p>Katarina ima deset i po godina i u\u010denica je petog razreda Osnovne \u0161kole &#8220;Desanka Maksimovi\u0107&#8221; Prijedor.<\/p>\n<p>&#8220;U \u010ditaonicu dolazim naj\u010de\u0161\u0107e kada radimo panoe u \u0161koli i kada mi treba mnogo podataka, a \u010de\u0161\u0107e dolazim u biblioteku. Ovdje \u010ditam istorijske knjige, a iz biblioteke ku\u0107i nosim nau\u010dnu fantastiku. Najvi\u0161e volim Harija Potera, \u010carli Bol i Uto\u010di\u0161te za bajke&#8221;, rekla je Katarina.<\/p>\n<p>Ona je dodala da ima brojna priznanja jer trenira i ide u \u0161kolu crtanja, ali da joj je ovo najljep\u0161e priznanje koje je ikad dobila jer najvi\u0161e od svega voli da \u010dita.<\/p>\n<p><a href=\"https:\/\/www.prijedordanas.com\/wp-content\/uploads\/2016\/05\/srna-biblioteka-nagradjeni-citaoci-2.jpg\" rel=\"attachment wp-att-50930\"><img loading=\"lazy\" decoding=\"async\" class=\"alignleft size-medium wp-image-50930\" src=\"https:\/\/www.prijedordanas.com\/wp-content\/uploads\/2016\/05\/srna-biblioteka-nagradjeni-citaoci-2-300x201.jpg\" alt=\"srna-biblioteka-nagradjeni citaoci (2)\" width=\"300\" height=\"201\" srcset=\"https:\/\/www.prijedordanas.com\/wp-content\/uploads\/2016\/05\/srna-biblioteka-nagradjeni-citaoci-2-300x200.jpg 300w, https:\/\/www.prijedordanas.com\/wp-content\/uploads\/2016\/05\/srna-biblioteka-nagradjeni-citaoci-2-480x320.jpg 480w, https:\/\/www.prijedordanas.com\/wp-content\/uploads\/2016\/05\/srna-biblioteka-nagradjeni-citaoci-2.jpg 600w\" sizes=\"(max-width: 300px) 100vw, 300px\" \/><\/a>Bibliotekar informator prijedorske biblioteke Sne\u017eana \u0110iki\u0107 podsjetila je da je tradicija nagra\u0111ivanja \u010ditalaca povodom Svetih apostola \u0106irila i Metodija &#8211; za\u0161titnika ustanove, du\u017ea od decenije.<\/p>\n<p>&#8220;Priznanja su za najaktivnije, najvjernije i najanga\u017eovanije \u010ditaoce na\u0161e ustanove. \u010citaoci su od sedam do 77 godina i svih obrazovnih, socijalnih i starosnih kategorija. Tu praksu \u0107emo nastaviti. To je na\u0161a mala sve\u010danost s ciljem \u0161irenja i popularizacije knjige, biblioteke i \u010ditanja&#8221;, rekla je \u0110iki\u0107eva novinarima u Prijedoru.<\/p>\n<p>Ona je dodala da je troje nagra\u0111enih iz centralne biblioteke, a dvoje iz gradske \u010ditaonice.<\/p>\n<p>Dodjela priznanja jedna je u nizu manifestacija kojima se ove godine obilje\u017eava 24. maj &#8211; Dan Narodne biblioteke &#8220;\u0106irilo i Metodije&#8221; Prijedor.<\/p>\n<p>Prethodili su 12. majski susreti mladih pjesnika u organizaciji Dru\u0161tva knji\u017eevnika &#8220;Snaga rije\u010di&#8221; Prijedor, odr\u017eani sino\u0107 u Gradskoj \u010ditaonici gdje je desetak mladih pjesnika imalo priliku da predstavi javnosti svoj pjesni\u010dki opus.<\/p>\n<p><a href=\"https:\/\/www.prijedordanas.com\/wp-content\/uploads\/2016\/05\/srna-biblioteka-nagradjeni-citaoci-3.jpg\" rel=\"attachment wp-att-50931\"><img loading=\"lazy\" decoding=\"async\" src=\"https:\/\/www.prijedordanas.com\/wp-content\/uploads\/2016\/05\/srna-biblioteka-nagradjeni-citaoci-3-300x201.jpg\" alt=\"srna-biblioteka-nagradjeni citaoci (3)\" width=\"300\" height=\"201\" class=\"alignleft size-medium wp-image-50931\" srcset=\"https:\/\/www.prijedordanas.com\/wp-content\/uploads\/2016\/05\/srna-biblioteka-nagradjeni-citaoci-3-300x200.jpg 300w, https:\/\/www.prijedordanas.com\/wp-content\/uploads\/2016\/05\/srna-biblioteka-nagradjeni-citaoci-3-480x320.jpg 480w, https:\/\/www.prijedordanas.com\/wp-content\/uploads\/2016\/05\/srna-biblioteka-nagradjeni-citaoci-3.jpg 600w\" sizes=\"(max-width: 300px) 100vw, 300px\" \/><\/a>Centralni doga\u0111aj zakazan je za ponedjeljak, 23. maj. Rije\u010d je o predstavljanju portreta pisca Slavi\u0161e Pavlovi\u0107a u 19.00 \u010dasova u Muzeju Kozare.<\/p>\n<p>U knji\u017enom fondu Narodne biblioteke &#8220;\u0106irilo i Metodije&#8221; nalazi se 65.000 knjiga, a u\u010dlanjeno je 1.600 \u010ditalaca. Gradska \u010ditaonica broji oko 200 \u010dlanova i svakodnevno je posje\u0107uje oko 40 \u010ditalaca.<\/p>\n<p>Kao ustanova u dana\u0161njem obliku, prijedorska biblioteka postoji od 1968. godine, ali je nastavlja\u010d tradicije \u010ditaonica sa kraja 19. vijeka budu\u0107i da je Srpska \u010ditaonica u Prijedoru postojala jo\u0161 1897. godine.<\/p>\n<p>SRNA<\/p>\n","protected":false},"excerpt":{"rendered":"<p>Narodna biblioteka &#8220;\u0106irilo i Metodije&#8221; iz Prijedora danas je, povodom 24. maja &#8211; dana ove ustanove, nagradila najvjernije \u010ditaoce u 2015. godini. U\u010denice Katarina Pa\u0161agi\u0107 i Anja \u010culi\u0107, penzioneri Neboj\u0161a [&hellip;]<\/p>\n","protected":false},"author":1,"featured_media":0,"comment_status":"closed","ping_status":"open","sticky":false,"template":"","format":"standard","meta":{"_monsterinsights_skip_tracking":false,"_monsterinsights_sitenote_active":false,"_monsterinsights_sitenote_note":"","_monsterinsights_sitenote_category":0,"footnotes":""},"categories":[8],"tags":[4723],"yoast_head":"<!-- This site is optimized with the Yoast SEO plugin v21.6 - https:\/\/yoast.com\/wordpress\/plugins\/seo\/ -->\n<title>BIBLIOTEKA &quot;\u0106IRILO I METODIJE&quot;: NAGRA\u0110ENI NAJVJERNIJI \u010cITAOCI \u2013 FOTO - PrijedorDanas.com - Prijedorski gradski portal<\/title>\n<meta name=\"robots\" content=\"index, follow, max-snippet:-1, max-image-preview:large, max-video-preview:-1\" \/>\n<link rel=\"canonical\" href=\"https:\/\/www.prijedordanas.com\/?p=50933\" \/>\n<meta property=\"og:locale\" content=\"en_US\" \/>\n<meta property=\"og:type\" content=\"article\" \/>\n<meta property=\"og:title\" content=\"BIBLIOTEKA &quot;\u0106IRILO I METODIJE&quot;: NAGRA\u0110ENI NAJVJERNIJI \u010cITAOCI \u2013 FOTO - PrijedorDanas.com - Prijedorski gradski portal\" \/>\n<meta property=\"og:description\" content=\"Narodna biblioteka &#8220;\u0106irilo i Metodije&#8221; iz Prijedora danas je, povodom 24. maja &#8211; dana ove ustanove, nagradila najvjernije \u010ditaoce u 2015. godini. U\u010denice Katarina Pa\u0161agi\u0107 i Anja \u010culi\u0107, penzioneri Neboj\u0161a [&hellip;]\" \/>\n<meta property=\"og:url\" content=\"https:\/\/www.prijedordanas.com\/?p=50933\" \/>\n<meta property=\"og:site_name\" content=\"PrijedorDanas.com - Prijedorski gradski portal\" \/>\n<meta property=\"article:publisher\" content=\"https:\/\/www.facebook.com\/PrijedorDanasCom\/\" \/>\n<meta property=\"article:published_time\" content=\"2016-05-21T12:24:40+00:00\" \/>\n<meta property=\"og:image\" content=\"https:\/\/www.prijedordanas.com\/wp-content\/uploads\/2016\/05\/srna-biblioteka-nagradjeni-citaoci-1-300x201.jpg\" \/>\n<meta name=\"author\" content=\"admin\" \/>\n<meta name=\"twitter:card\" content=\"summary_large_image\" \/>\n<meta name=\"twitter:label1\" content=\"Written by\" \/>\n\t<meta name=\"twitter:data1\" content=\"admin\" \/>\n\t<meta name=\"twitter:label2\" content=\"Est. reading time\" \/>\n\t<meta name=\"twitter:data2\" content=\"2 minutes\" \/>\n<script type=\"application\/ld+json\" class=\"yoast-schema-graph\">{\"@context\":\"https:\/\/schema.org\",\"@graph\":[{\"@type\":\"Article\",\"@id\":\"https:\/\/www.prijedordanas.com\/?p=50933#article\",\"isPartOf\":{\"@id\":\"https:\/\/www.prijedordanas.com\/?p=50933\"},\"author\":{\"name\":\"admin\",\"@id\":\"https:\/\/www.prijedordanas.com\/#\/schema\/person\/4e08ccf29b506ca916ff86d46bb700e6\"},\"headline\":\"BIBLIOTEKA &#8220;\u0106IRILO I METODIJE&#8221;: NAGRA\u0110ENI NAJVJERNIJI \u010cITAOCI \u2013 FOTO\",\"datePublished\":\"2016-05-21T12:24:40+00:00\",\"dateModified\":\"2016-05-21T12:24:40+00:00\",\"mainEntityOfPage\":{\"@id\":\"https:\/\/www.prijedordanas.com\/?p=50933\"},\"wordCount\":417,\"publisher\":{\"@id\":\"https:\/\/www.prijedordanas.com\/#organization\"},\"keywords\":[\"Narodna biblioteka \\\"\u0106irilo i Metodije\\\" Prijedor\"],\"articleSection\":[\"Svakodnevno\"],\"inLanguage\":\"en-US\"},{\"@type\":\"WebPage\",\"@id\":\"https:\/\/www.prijedordanas.com\/?p=50933\",\"url\":\"https:\/\/www.prijedordanas.com\/?p=50933\",\"name\":\"BIBLIOTEKA \\\"\u0106IRILO I METODIJE\\\": NAGRA\u0110ENI NAJVJERNIJI \u010cITAOCI \u2013 FOTO - PrijedorDanas.com - Prijedorski gradski portal\",\"isPartOf\":{\"@id\":\"https:\/\/www.prijedordanas.com\/#website\"},\"datePublished\":\"2016-05-21T12:24:40+00:00\",\"dateModified\":\"2016-05-21T12:24:40+00:00\",\"breadcrumb\":{\"@id\":\"https:\/\/www.prijedordanas.com\/?p=50933#breadcrumb\"},\"inLanguage\":\"en-US\",\"potentialAction\":[{\"@type\":\"ReadAction\",\"target\":[\"https:\/\/www.prijedordanas.com\/?p=50933\"]}]},{\"@type\":\"BreadcrumbList\",\"@id\":\"https:\/\/www.prijedordanas.com\/?p=50933#breadcrumb\",\"itemListElement\":[{\"@type\":\"ListItem\",\"position\":1,\"name\":\"Home\",\"item\":\"https:\/\/www.prijedordanas.com\/\"},{\"@type\":\"ListItem\",\"position\":2,\"name\":\"BIBLIOTEKA &#8220;\u0106IRILO I METODIJE&#8221;: NAGRA\u0110ENI NAJVJERNIJI \u010cITAOCI \u2013 FOTO\"}]},{\"@type\":\"WebSite\",\"@id\":\"https:\/\/www.prijedordanas.com\/#website\",\"url\":\"https:\/\/www.prijedordanas.com\/\",\"name\":\"PrijedorDanas.com - Prijedorski gradski portal\",\"description\":\"Portal o doga\u0111anjima u gradu Prijedoru\",\"publisher\":{\"@id\":\"https:\/\/www.prijedordanas.com\/#organization\"},\"potentialAction\":[{\"@type\":\"SearchAction\",\"target\":{\"@type\":\"EntryPoint\",\"urlTemplate\":\"https:\/\/www.prijedordanas.com\/?s={search_term_string}\"},\"query-input\":\"required name=search_term_string\"}],\"inLanguage\":\"en-US\"},{\"@type\":\"Organization\",\"@id\":\"https:\/\/www.prijedordanas.com\/#organization\",\"name\":\"PrijedorDanas.com\",\"url\":\"https:\/\/www.prijedordanas.com\/\",\"logo\":{\"@type\":\"ImageObject\",\"inLanguage\":\"en-US\",\"@id\":\"https:\/\/www.prijedordanas.com\/#\/schema\/logo\/image\/\",\"url\":\"http:\/\/www.prijedordanas.com\/wp-content\/uploads\/2021\/12\/logopng.png\",\"contentUrl\":\"http:\/\/www.prijedordanas.com\/wp-content\/uploads\/2021\/12\/logopng.png\",\"width\":1019,\"height\":776,\"caption\":\"PrijedorDanas.com\"},\"image\":{\"@id\":\"https:\/\/www.prijedordanas.com\/#\/schema\/logo\/image\/\"},\"sameAs\":[\"https:\/\/www.facebook.com\/PrijedorDanasCom\/\"]},{\"@type\":\"Person\",\"@id\":\"https:\/\/www.prijedordanas.com\/#\/schema\/person\/4e08ccf29b506ca916ff86d46bb700e6\",\"name\":\"admin\",\"image\":{\"@type\":\"ImageObject\",\"inLanguage\":\"en-US\",\"@id\":\"https:\/\/www.prijedordanas.com\/#\/schema\/person\/image\/\",\"url\":\"https:\/\/secure.gravatar.com\/avatar\/1d3fc949d550f0b53a5f0d51e06dfd79?s=96&d=mm&r=g\",\"contentUrl\":\"https:\/\/secure.gravatar.com\/avatar\/1d3fc949d550f0b53a5f0d51e06dfd79?s=96&d=mm&r=g\",\"caption\":\"admin\"},\"url\":\"https:\/\/www.prijedordanas.com\/?author=1\"}]}<\/script>\n<!-- \/ Yoast SEO plugin. -->","yoast_head_json":{"title":"BIBLIOTEKA \"\u0106IRILO I METODIJE\": NAGRA\u0110ENI NAJVJERNIJI \u010cITAOCI \u2013 FOTO - PrijedorDanas.com - Prijedorski gradski portal","robots":{"index":"index","follow":"follow","max-snippet":"max-snippet:-1","max-image-preview":"max-image-preview:large","max-video-preview":"max-video-preview:-1"},"canonical":"https:\/\/www.prijedordanas.com\/?p=50933","og_locale":"en_US","og_type":"article","og_title":"BIBLIOTEKA \"\u0106IRILO I METODIJE\": NAGRA\u0110ENI NAJVJERNIJI \u010cITAOCI \u2013 FOTO - PrijedorDanas.com - Prijedorski gradski portal","og_description":"Narodna biblioteka &#8220;\u0106irilo i Metodije&#8221; iz Prijedora danas je, povodom 24. maja &#8211; dana ove ustanove, nagradila najvjernije \u010ditaoce u 2015. godini. U\u010denice Katarina Pa\u0161agi\u0107 i Anja \u010culi\u0107, penzioneri Neboj\u0161a [&hellip;]","og_url":"https:\/\/www.prijedordanas.com\/?p=50933","og_site_name":"PrijedorDanas.com - Prijedorski gradski portal","article_publisher":"https:\/\/www.facebook.com\/PrijedorDanasCom\/","article_published_time":"2016-05-21T12:24:40+00:00","og_image":[{"url":"https:\/\/www.prijedordanas.com\/wp-content\/uploads\/2016\/05\/srna-biblioteka-nagradjeni-citaoci-1-300x201.jpg"}],"author":"admin","twitter_card":"summary_large_image","twitter_misc":{"Written by":"admin","Est. reading time":"2 minutes"},"schema":{"@context":"https:\/\/schema.org","@graph":[{"@type":"Article","@id":"https:\/\/www.prijedordanas.com\/?p=50933#article","isPartOf":{"@id":"https:\/\/www.prijedordanas.com\/?p=50933"},"author":{"name":"admin","@id":"https:\/\/www.prijedordanas.com\/#\/schema\/person\/4e08ccf29b506ca916ff86d46bb700e6"},"headline":"BIBLIOTEKA &#8220;\u0106IRILO I METODIJE&#8221;: NAGRA\u0110ENI NAJVJERNIJI \u010cITAOCI \u2013 FOTO","datePublished":"2016-05-21T12:24:40+00:00","dateModified":"2016-05-21T12:24:40+00:00","mainEntityOfPage":{"@id":"https:\/\/www.prijedordanas.com\/?p=50933"},"wordCount":417,"publisher":{"@id":"https:\/\/www.prijedordanas.com\/#organization"},"keywords":["Narodna biblioteka \"\u0106irilo i Metodije\" Prijedor"],"articleSection":["Svakodnevno"],"inLanguage":"en-US"},{"@type":"WebPage","@id":"https:\/\/www.prijedordanas.com\/?p=50933","url":"https:\/\/www.prijedordanas.com\/?p=50933","name":"BIBLIOTEKA \"\u0106IRILO I METODIJE\": NAGRA\u0110ENI NAJVJERNIJI \u010cITAOCI \u2013 FOTO - PrijedorDanas.com - Prijedorski gradski portal","isPartOf":{"@id":"https:\/\/www.prijedordanas.com\/#website"},"datePublished":"2016-05-21T12:24:40+00:00","dateModified":"2016-05-21T12:24:40+00:00","breadcrumb":{"@id":"https:\/\/www.prijedordanas.com\/?p=50933#breadcrumb"},"inLanguage":"en-US","potentialAction":[{"@type":"ReadAction","target":["https:\/\/www.prijedordanas.com\/?p=50933"]}]},{"@type":"BreadcrumbList","@id":"https:\/\/www.prijedordanas.com\/?p=50933#breadcrumb","itemListElement":[{"@type":"ListItem","position":1,"name":"Home","item":"https:\/\/www.prijedordanas.com\/"},{"@type":"ListItem","position":2,"name":"BIBLIOTEKA &#8220;\u0106IRILO I METODIJE&#8221;: NAGRA\u0110ENI NAJVJERNIJI \u010cITAOCI \u2013 FOTO"}]},{"@type":"WebSite","@id":"https:\/\/www.prijedordanas.com\/#website","url":"https:\/\/www.prijedordanas.com\/","name":"PrijedorDanas.com - Prijedorski gradski portal","description":"Portal o doga\u0111anjima u gradu Prijedoru","publisher":{"@id":"https:\/\/www.prijedordanas.com\/#organization"},"potentialAction":[{"@type":"SearchAction","target":{"@type":"EntryPoint","urlTemplate":"https:\/\/www.prijedordanas.com\/?s={search_term_string}"},"query-input":"required name=search_term_string"}],"inLanguage":"en-US"},{"@type":"Organization","@id":"https:\/\/www.prijedordanas.com\/#organization","name":"PrijedorDanas.com","url":"https:\/\/www.prijedordanas.com\/","logo":{"@type":"ImageObject","inLanguage":"en-US","@id":"https:\/\/www.prijedordanas.com\/#\/schema\/logo\/image\/","url":"http:\/\/www.prijedordanas.com\/wp-content\/uploads\/2021\/12\/logopng.png","contentUrl":"http:\/\/www.prijedordanas.com\/wp-content\/uploads\/2021\/12\/logopng.png","width":1019,"height":776,"caption":"PrijedorDanas.com"},"image":{"@id":"https:\/\/www.prijedordanas.com\/#\/schema\/logo\/image\/"},"sameAs":["https:\/\/www.facebook.com\/PrijedorDanasCom\/"]},{"@type":"Person","@id":"https:\/\/www.prijedordanas.com\/#\/schema\/person\/4e08ccf29b506ca916ff86d46bb700e6","name":"admin","image":{"@type":"ImageObject","inLanguage":"en-US","@id":"https:\/\/www.prijedordanas.com\/#\/schema\/person\/image\/","url":"https:\/\/secure.gravatar.com\/avatar\/1d3fc949d550f0b53a5f0d51e06dfd79?s=96&d=mm&r=g","contentUrl":"https:\/\/secure.gravatar.com\/avatar\/1d3fc949d550f0b53a5f0d51e06dfd79?s=96&d=mm&r=g","caption":"admin"},"url":"https:\/\/www.prijedordanas.com\/?author=1"}]}},"_links":{"self":[{"href":"https:\/\/www.prijedordanas.com\/index.php?rest_route=\/wp\/v2\/posts\/50933"}],"collection":[{"href":"https:\/\/www.prijedordanas.com\/index.php?rest_route=\/wp\/v2\/posts"}],"about":[{"href":"https:\/\/www.prijedordanas.com\/index.php?rest_route=\/wp\/v2\/types\/post"}],"author":[{"embeddable":true,"href":"https:\/\/www.prijedordanas.com\/index.php?rest_route=\/wp\/v2\/users\/1"}],"replies":[{"embeddable":true,"href":"https:\/\/www.prijedordanas.com\/index.php?rest_route=%2Fwp%2Fv2%2Fcomments&post=50933"}],"version-history":[{"count":1,"href":"https:\/\/www.prijedordanas.com\/index.php?rest_route=\/wp\/v2\/posts\/50933\/revisions"}],"predecessor-version":[{"id":50934,"href":"https:\/\/www.prijedordanas.com\/index.php?rest_route=\/wp\/v2\/posts\/50933\/revisions\/50934"}],"wp:attachment":[{"href":"https:\/\/www.prijedordanas.com\/index.php?rest_route=%2Fwp%2Fv2%2Fmedia&parent=50933"}],"wp:term":[{"taxonomy":"category","embeddable":true,"href":"https:\/\/www.prijedordanas.com\/index.php?rest_route=%2Fwp%2Fv2%2Fcategories&post=50933"},{"taxonomy":"post_tag","embeddable":true,"href":"https:\/\/www.prijedordanas.com\/index.php?rest_route=%2Fwp%2Fv2%2Ftags&post=50933"}],"curies":[{"name":"wp","href":"https:\/\/api.w.org\/{rel}","templated":true}]}}