{"id":50926,"date":"2016-05-21T14:03:10","date_gmt":"2016-05-21T12:03:10","guid":{"rendered":"https:\/\/www.prijedordanas.com\/?p=50926"},"modified":"2016-05-21T14:03:10","modified_gmt":"2016-05-21T12:03:10","slug":"trojica-prijedorcana-ponovo-na-spisku-selektora-nestorovica","status":"publish","type":"post","link":"https:\/\/www.prijedordanas.com\/?p=50926","title":{"rendered":"TROJICA PRIJEDOR\u010cANA PONOVO NA SPISKU SELEKTORA NESTOROVI\u0106A"},"content":{"rendered":"<p><a href=\"https:\/\/www.prijedordanas.com\/wp-content\/uploads\/2016\/03\/sanicanin-redzic-jovicic-3.jpg\" rel=\"attachment wp-att-45387\"><img loading=\"lazy\" decoding=\"async\" class=\"alignleft size-medium wp-image-45387\" src=\"https:\/\/www.prijedordanas.com\/wp-content\/uploads\/2016\/03\/sanicanin-redzic-jovicic-3-300x169.jpg\" alt=\"sanicanin-redzic-jovicic (3)\" width=\"300\" height=\"169\" srcset=\"https:\/\/www.prijedordanas.com\/wp-content\/uploads\/2016\/03\/sanicanin-redzic-jovicic-3-300x169.jpg 300w, https:\/\/www.prijedordanas.com\/wp-content\/uploads\/2016\/03\/sanicanin-redzic-jovicic-3.jpg 600w\" sizes=\"(max-width: 300px) 100vw, 300px\" \/><\/a>Mlada reprezentacija Bosne i Hercegovine odigra\u0107e pripremne utakmice sa na\u0161om olimpijskom selekcijom i \u201eU-21\u201c timom Azerbejd\u017eana.<\/p>\n<p>Me\u010d bh mlade i olimpijske selekcije bi\u0107e odigran u utorak 31. maja u 17 sati u Trening centru FS BiH u Zenici, dok je susret sa Azerbejd\u017eanom na programu 3. juna u 17 sati u Kr\u0161kom (Slovenija).<\/p>\n<p>Selektor Darko Nestorovi\u0107 za ove susrete ponovo je pozvao trojicu mladih Prijedor\u010dana, Aleksandra Jovi\u010di\u0107 (Rudar-Prijedor), Sini\u0161u Sani\u010danina (Mladost Lu\u010dani, Srbija) i Ajdina Red\u017ei\u0107a (Borac Banja Luka).<\/p>\n<p>Oni su ve\u0107 postali standardni \u010dlanovi ovog tima, a odigrali su u prvoj postavi nekoliko posljednjih kvalifikacionih utakmica.<\/p>\n<p><a href=\"https:\/\/www.prijedordanas.com\/wp-content\/uploads\/2016\/03\/sanicanin-redzic-jovicic-2.jpg\" rel=\"attachment wp-att-45388\"><img loading=\"lazy\" decoding=\"async\" class=\"alignleft size-medium wp-image-45388\" src=\"https:\/\/www.prijedordanas.com\/wp-content\/uploads\/2016\/03\/sanicanin-redzic-jovicic-2-169x300.jpg\" alt=\"sanicanin-redzic-jovicic (2)\" width=\"169\" height=\"300\" srcset=\"https:\/\/www.prijedordanas.com\/wp-content\/uploads\/2016\/03\/sanicanin-redzic-jovicic-2-169x300.jpg 169w, https:\/\/www.prijedordanas.com\/wp-content\/uploads\/2016\/03\/sanicanin-redzic-jovicic-2.jpg 338w\" sizes=\"(max-width: 169px) 100vw, 169px\" \/><\/a>Na spisku se nalaze sljede\u0107i igra\u010di:<br \/>\nNemanja Trkulja (Kozara), Nikola Vasilj (Zrinjski), Kerim Memija (\u017deljezni\u010dar), Eldar \u010civi\u0107 (Slova\u010dko, \u010ce\u0161ka Republika), Advan Kadu\u0161i\u0107 (Sarajevo), Milo\u0161 \u0160atara (Mladost Lu\u010dani, Srbija), Sini\u0161a Sani\u010danin (Mladost Lu\u010dani, Srbija), Aleksandar Jovi\u010di\u0107 (Rudar Prijedor), Ajdin Red\u017ei\u0107 (Borac), Amir Had\u017eiahmetovi\u0107 (Konjaspor, Turska), Damir Sadikovi\u0107 (\u017deljezni\u010dar), \u0106azim Sulji\u0107 (Sent Etjen, Francuska), Dino Bajri\u0107 (Kajzerslautern, Njema\u010dka), Deni Milo\u0161evi\u0107 (Beveren, Belgija), Marin Popovi\u0107 (\u010celik), Armin \u010cerimagi\u0107 (Gornik Zabrze), Miljan Govedarica (Sloboda), Semir Musi\u0107 (Grashoppers, \u0160vajcarska), Haris Hajradinovi\u0107 (Haugesund, Norve\u0161ka), Kemil Festi\u0107 (Albasete, \u0160panija), Amer Gojak (Dinamo Zagreb, Hrvatska), Asim Zec (Travnik).<\/p>\n<p>O predstoje\u0107im susretima Nestorovi\u0107 ka\u017ee: &#8220;Dobra stvar za nas je \u0161to \u0107emo imati ovo okupljanje i biti u mogu\u0107nosti da odigramo dvije prijateljske utakmice. Pozitivno je i to \u0161to \u0107e neki igra\u010di dobiti priliku da se poka\u017eu u \u201eA\u201c timu. Bi\u0107emo i hendikepirani jer Smail Prevljak, koji je nedavno operisan, ne\u0107e biti na raspolaganju. U svakom slu\u010daju, ima\u0107emo priliku da steknemo uvid u formu reprezentativca&#8221;.<\/p>\n<p>\u201eU-21\u201c reprezentativci \u0107e se okupiti 30. maja u zeni\u010dkom Trening kampu.<\/p>\n<p><a href=\"https:\/\/www.prijedordanas.com\/wp-content\/uploads\/2016\/03\/sanicanin-redzic-jovicic-1.jpg\" rel=\"attachment wp-att-45386\"><img loading=\"lazy\" decoding=\"async\" src=\"https:\/\/www.prijedordanas.com\/wp-content\/uploads\/2016\/03\/sanicanin-redzic-jovicic-1-300x216.jpg\" alt=\"sanicanin-redzic-jovicic (1)\" width=\"300\" height=\"216\" class=\"alignleft size-medium wp-image-45386\" srcset=\"https:\/\/www.prijedordanas.com\/wp-content\/uploads\/2016\/03\/sanicanin-redzic-jovicic-1-300x216.jpg 300w, https:\/\/www.prijedordanas.com\/wp-content\/uploads\/2016\/03\/sanicanin-redzic-jovicic-1-768x553.jpg 768w, https:\/\/www.prijedordanas.com\/wp-content\/uploads\/2016\/03\/sanicanin-redzic-jovicic-1.jpg 800w\" sizes=\"(max-width: 300px) 100vw, 300px\" \/><\/a>Osim Darka Nestorovi\u0107a i selektor olimpijskog tima BiH Mirza Vare\u0161anovi\u0107 objavio je spisak igra\u010da:<\/p>\n<p>Emir Plakalo (Sarajevo), Kristijan Jajalo (Zrinjski), Darko Todorovi\u0107 (Sloboda), Josip \u0106orluka (\u0160iroki Brijeg), D\u017eenan Burekovi\u0107 (\u010celik), Stipo Markovi\u0107 (\u0160iroki Brijeg), Samir Memi\u0161evi\u0107 (Radnik), Adnan Kova\u010devi\u0107 (Sarajevo), Marko Mihojevi\u0107 (Sarajevo), Nermin Zoloti\u0107 (\u017deljezni\u010dar), Mladen Veselinovi\u0107 (Sloboda), Dino Be\u0161irevi\u0107 (Radnik), Luka Menalo (\u0160iroki Brijeg), Omar Pr\u0161e\u0161 (Sloboda), Samir Radovac (Sarajevo), Elvis Sari\u0107 (Sloboda).<\/p>\n<p>Vare\u0161anovi\u0107 smatra da su ovakve utakmice korisne svim nacionalnim selekcijama: &#8220;Drago mi je \u0161to se okuplja olimpijska reprezentacija i \u0161to \u0107emo testirati na\u0161 \u201eU-21\u201c tim pred kojim su kvalifikacione utakmice. Nadam se da \u0107emo pomo\u0107i selektoru Nestorovi\u0107u da vidi \u010dime raspola\u017ee. Osim toga, vjerujem da \u0107e ove provjere donijeti dobro i nama i mladoj selekciji, ali i \u201eA\u201c timu u \u010dijoj smo svi slu\u017ebi. Ima u ovim timovima kvalitetnih igra\u010da na koje se mo\u017ee obratiti pa\u017enja&#8221;.<\/p>\n<p>Tekst \u2013 mondo.ba<br \/>\nFoto \u2013 Aleksandar Drakuli\u0107 \u2013 <a href=\"www.prijedordanas.com\" target=\"_blank\">www.prijedordanas.com<\/a><\/p>\n","protected":false},"excerpt":{"rendered":"<p>Mlada reprezentacija Bosne i Hercegovine odigra\u0107e pripremne utakmice sa na\u0161om olimpijskom selekcijom i \u201eU-21\u201c timom Azerbejd\u017eana. Me\u010d bh mlade i olimpijske selekcije bi\u0107e odigran u utorak 31. maja u 17 [&hellip;]<\/p>\n","protected":false},"author":1,"featured_media":0,"comment_status":"closed","ping_status":"open","sticky":false,"template":"","format":"standard","meta":{"_monsterinsights_skip_tracking":false,"_monsterinsights_sitenote_active":false,"_monsterinsights_sitenote_note":"","_monsterinsights_sitenote_category":0,"footnotes":""},"categories":[7],"tags":[792,1675,353,5195,7909,1014],"yoast_head":"<!-- This site is optimized with the Yoast SEO plugin v21.6 - https:\/\/yoast.com\/wordpress\/plugins\/seo\/ -->\n<title>TROJICA PRIJEDOR\u010cANA PONOVO NA SPISKU SELEKTORA NESTOROVI\u0106A - PrijedorDanas.com - Prijedorski gradski portal<\/title>\n<meta name=\"robots\" content=\"index, follow, max-snippet:-1, max-image-preview:large, max-video-preview:-1\" \/>\n<link rel=\"canonical\" href=\"https:\/\/www.prijedordanas.com\/?p=50926\" \/>\n<meta property=\"og:locale\" content=\"en_US\" \/>\n<meta property=\"og:type\" content=\"article\" \/>\n<meta property=\"og:title\" content=\"TROJICA PRIJEDOR\u010cANA PONOVO NA SPISKU SELEKTORA NESTOROVI\u0106A - PrijedorDanas.com - Prijedorski gradski portal\" \/>\n<meta property=\"og:description\" content=\"Mlada reprezentacija Bosne i Hercegovine odigra\u0107e pripremne utakmice sa na\u0161om olimpijskom selekcijom i \u201eU-21\u201c timom Azerbejd\u017eana. Me\u010d bh mlade i olimpijske selekcije bi\u0107e odigran u utorak 31. maja u 17 [&hellip;]\" \/>\n<meta property=\"og:url\" content=\"https:\/\/www.prijedordanas.com\/?p=50926\" \/>\n<meta property=\"og:site_name\" content=\"PrijedorDanas.com - Prijedorski gradski portal\" \/>\n<meta property=\"article:publisher\" content=\"https:\/\/www.facebook.com\/PrijedorDanasCom\/\" \/>\n<meta property=\"article:published_time\" content=\"2016-05-21T12:03:10+00:00\" \/>\n<meta property=\"og:image\" content=\"https:\/\/www.prijedordanas.com\/wp-content\/uploads\/2016\/03\/sanicanin-redzic-jovicic-3-300x169.jpg\" \/>\n<meta name=\"author\" content=\"admin\" \/>\n<meta name=\"twitter:card\" content=\"summary_large_image\" \/>\n<meta name=\"twitter:label1\" content=\"Written by\" \/>\n\t<meta name=\"twitter:data1\" content=\"admin\" \/>\n\t<meta name=\"twitter:label2\" content=\"Est. reading time\" \/>\n\t<meta name=\"twitter:data2\" content=\"2 minutes\" \/>\n<script type=\"application\/ld+json\" class=\"yoast-schema-graph\">{\"@context\":\"https:\/\/schema.org\",\"@graph\":[{\"@type\":\"Article\",\"@id\":\"https:\/\/www.prijedordanas.com\/?p=50926#article\",\"isPartOf\":{\"@id\":\"https:\/\/www.prijedordanas.com\/?p=50926\"},\"author\":{\"name\":\"admin\",\"@id\":\"https:\/\/www.prijedordanas.com\/#\/schema\/person\/4e08ccf29b506ca916ff86d46bb700e6\"},\"headline\":\"TROJICA PRIJEDOR\u010cANA PONOVO NA SPISKU SELEKTORA NESTOROVI\u0106A\",\"datePublished\":\"2016-05-21T12:03:10+00:00\",\"dateModified\":\"2016-05-21T12:03:10+00:00\",\"mainEntityOfPage\":{\"@id\":\"https:\/\/www.prijedordanas.com\/?p=50926\"},\"wordCount\":474,\"publisher\":{\"@id\":\"https:\/\/www.prijedordanas.com\/#organization\"},\"keywords\":[\"Ajdin Red\u017ei\u0107\",\"Aleksandar Jovi\u010di\u0107\",\"Darko Nestorovi\u0107\",\"mlada reprezentacija BiH\",\"pripremne utakmice\",\"Sini\u0161a Sani\u010danin\"],\"articleSection\":[\"Sport\"],\"inLanguage\":\"en-US\"},{\"@type\":\"WebPage\",\"@id\":\"https:\/\/www.prijedordanas.com\/?p=50926\",\"url\":\"https:\/\/www.prijedordanas.com\/?p=50926\",\"name\":\"TROJICA PRIJEDOR\u010cANA PONOVO NA SPISKU SELEKTORA NESTOROVI\u0106A - PrijedorDanas.com - Prijedorski gradski portal\",\"isPartOf\":{\"@id\":\"https:\/\/www.prijedordanas.com\/#website\"},\"datePublished\":\"2016-05-21T12:03:10+00:00\",\"dateModified\":\"2016-05-21T12:03:10+00:00\",\"breadcrumb\":{\"@id\":\"https:\/\/www.prijedordanas.com\/?p=50926#breadcrumb\"},\"inLanguage\":\"en-US\",\"potentialAction\":[{\"@type\":\"ReadAction\",\"target\":[\"https:\/\/www.prijedordanas.com\/?p=50926\"]}]},{\"@type\":\"BreadcrumbList\",\"@id\":\"https:\/\/www.prijedordanas.com\/?p=50926#breadcrumb\",\"itemListElement\":[{\"@type\":\"ListItem\",\"position\":1,\"name\":\"Home\",\"item\":\"https:\/\/www.prijedordanas.com\/\"},{\"@type\":\"ListItem\",\"position\":2,\"name\":\"TROJICA PRIJEDOR\u010cANA PONOVO NA SPISKU SELEKTORA NESTOROVI\u0106A\"}]},{\"@type\":\"WebSite\",\"@id\":\"https:\/\/www.prijedordanas.com\/#website\",\"url\":\"https:\/\/www.prijedordanas.com\/\",\"name\":\"PrijedorDanas.com - Prijedorski gradski portal\",\"description\":\"Portal o doga\u0111anjima u gradu Prijedoru\",\"publisher\":{\"@id\":\"https:\/\/www.prijedordanas.com\/#organization\"},\"potentialAction\":[{\"@type\":\"SearchAction\",\"target\":{\"@type\":\"EntryPoint\",\"urlTemplate\":\"https:\/\/www.prijedordanas.com\/?s={search_term_string}\"},\"query-input\":\"required name=search_term_string\"}],\"inLanguage\":\"en-US\"},{\"@type\":\"Organization\",\"@id\":\"https:\/\/www.prijedordanas.com\/#organization\",\"name\":\"PrijedorDanas.com\",\"url\":\"https:\/\/www.prijedordanas.com\/\",\"logo\":{\"@type\":\"ImageObject\",\"inLanguage\":\"en-US\",\"@id\":\"https:\/\/www.prijedordanas.com\/#\/schema\/logo\/image\/\",\"url\":\"http:\/\/www.prijedordanas.com\/wp-content\/uploads\/2021\/12\/logopng.png\",\"contentUrl\":\"http:\/\/www.prijedordanas.com\/wp-content\/uploads\/2021\/12\/logopng.png\",\"width\":1019,\"height\":776,\"caption\":\"PrijedorDanas.com\"},\"image\":{\"@id\":\"https:\/\/www.prijedordanas.com\/#\/schema\/logo\/image\/\"},\"sameAs\":[\"https:\/\/www.facebook.com\/PrijedorDanasCom\/\"]},{\"@type\":\"Person\",\"@id\":\"https:\/\/www.prijedordanas.com\/#\/schema\/person\/4e08ccf29b506ca916ff86d46bb700e6\",\"name\":\"admin\",\"image\":{\"@type\":\"ImageObject\",\"inLanguage\":\"en-US\",\"@id\":\"https:\/\/www.prijedordanas.com\/#\/schema\/person\/image\/\",\"url\":\"https:\/\/secure.gravatar.com\/avatar\/1d3fc949d550f0b53a5f0d51e06dfd79?s=96&d=mm&r=g\",\"contentUrl\":\"https:\/\/secure.gravatar.com\/avatar\/1d3fc949d550f0b53a5f0d51e06dfd79?s=96&d=mm&r=g\",\"caption\":\"admin\"},\"url\":\"https:\/\/www.prijedordanas.com\/?author=1\"}]}<\/script>\n<!-- \/ Yoast SEO plugin. -->","yoast_head_json":{"title":"TROJICA PRIJEDOR\u010cANA PONOVO NA SPISKU SELEKTORA NESTOROVI\u0106A - PrijedorDanas.com - Prijedorski gradski portal","robots":{"index":"index","follow":"follow","max-snippet":"max-snippet:-1","max-image-preview":"max-image-preview:large","max-video-preview":"max-video-preview:-1"},"canonical":"https:\/\/www.prijedordanas.com\/?p=50926","og_locale":"en_US","og_type":"article","og_title":"TROJICA PRIJEDOR\u010cANA PONOVO NA SPISKU SELEKTORA NESTOROVI\u0106A - PrijedorDanas.com - Prijedorski gradski portal","og_description":"Mlada reprezentacija Bosne i Hercegovine odigra\u0107e pripremne utakmice sa na\u0161om olimpijskom selekcijom i \u201eU-21\u201c timom Azerbejd\u017eana. Me\u010d bh mlade i olimpijske selekcije bi\u0107e odigran u utorak 31. maja u 17 [&hellip;]","og_url":"https:\/\/www.prijedordanas.com\/?p=50926","og_site_name":"PrijedorDanas.com - Prijedorski gradski portal","article_publisher":"https:\/\/www.facebook.com\/PrijedorDanasCom\/","article_published_time":"2016-05-21T12:03:10+00:00","og_image":[{"url":"https:\/\/www.prijedordanas.com\/wp-content\/uploads\/2016\/03\/sanicanin-redzic-jovicic-3-300x169.jpg"}],"author":"admin","twitter_card":"summary_large_image","twitter_misc":{"Written by":"admin","Est. reading time":"2 minutes"},"schema":{"@context":"https:\/\/schema.org","@graph":[{"@type":"Article","@id":"https:\/\/www.prijedordanas.com\/?p=50926#article","isPartOf":{"@id":"https:\/\/www.prijedordanas.com\/?p=50926"},"author":{"name":"admin","@id":"https:\/\/www.prijedordanas.com\/#\/schema\/person\/4e08ccf29b506ca916ff86d46bb700e6"},"headline":"TROJICA PRIJEDOR\u010cANA PONOVO NA SPISKU SELEKTORA NESTOROVI\u0106A","datePublished":"2016-05-21T12:03:10+00:00","dateModified":"2016-05-21T12:03:10+00:00","mainEntityOfPage":{"@id":"https:\/\/www.prijedordanas.com\/?p=50926"},"wordCount":474,"publisher":{"@id":"https:\/\/www.prijedordanas.com\/#organization"},"keywords":["Ajdin Red\u017ei\u0107","Aleksandar Jovi\u010di\u0107","Darko Nestorovi\u0107","mlada reprezentacija BiH","pripremne utakmice","Sini\u0161a Sani\u010danin"],"articleSection":["Sport"],"inLanguage":"en-US"},{"@type":"WebPage","@id":"https:\/\/www.prijedordanas.com\/?p=50926","url":"https:\/\/www.prijedordanas.com\/?p=50926","name":"TROJICA PRIJEDOR\u010cANA PONOVO NA SPISKU SELEKTORA NESTOROVI\u0106A - PrijedorDanas.com - Prijedorski gradski portal","isPartOf":{"@id":"https:\/\/www.prijedordanas.com\/#website"},"datePublished":"2016-05-21T12:03:10+00:00","dateModified":"2016-05-21T12:03:10+00:00","breadcrumb":{"@id":"https:\/\/www.prijedordanas.com\/?p=50926#breadcrumb"},"inLanguage":"en-US","potentialAction":[{"@type":"ReadAction","target":["https:\/\/www.prijedordanas.com\/?p=50926"]}]},{"@type":"BreadcrumbList","@id":"https:\/\/www.prijedordanas.com\/?p=50926#breadcrumb","itemListElement":[{"@type":"ListItem","position":1,"name":"Home","item":"https:\/\/www.prijedordanas.com\/"},{"@type":"ListItem","position":2,"name":"TROJICA PRIJEDOR\u010cANA PONOVO NA SPISKU SELEKTORA NESTOROVI\u0106A"}]},{"@type":"WebSite","@id":"https:\/\/www.prijedordanas.com\/#website","url":"https:\/\/www.prijedordanas.com\/","name":"PrijedorDanas.com - Prijedorski gradski portal","description":"Portal o doga\u0111anjima u gradu Prijedoru","publisher":{"@id":"https:\/\/www.prijedordanas.com\/#organization"},"potentialAction":[{"@type":"SearchAction","target":{"@type":"EntryPoint","urlTemplate":"https:\/\/www.prijedordanas.com\/?s={search_term_string}"},"query-input":"required name=search_term_string"}],"inLanguage":"en-US"},{"@type":"Organization","@id":"https:\/\/www.prijedordanas.com\/#organization","name":"PrijedorDanas.com","url":"https:\/\/www.prijedordanas.com\/","logo":{"@type":"ImageObject","inLanguage":"en-US","@id":"https:\/\/www.prijedordanas.com\/#\/schema\/logo\/image\/","url":"http:\/\/www.prijedordanas.com\/wp-content\/uploads\/2021\/12\/logopng.png","contentUrl":"http:\/\/www.prijedordanas.com\/wp-content\/uploads\/2021\/12\/logopng.png","width":1019,"height":776,"caption":"PrijedorDanas.com"},"image":{"@id":"https:\/\/www.prijedordanas.com\/#\/schema\/logo\/image\/"},"sameAs":["https:\/\/www.facebook.com\/PrijedorDanasCom\/"]},{"@type":"Person","@id":"https:\/\/www.prijedordanas.com\/#\/schema\/person\/4e08ccf29b506ca916ff86d46bb700e6","name":"admin","image":{"@type":"ImageObject","inLanguage":"en-US","@id":"https:\/\/www.prijedordanas.com\/#\/schema\/person\/image\/","url":"https:\/\/secure.gravatar.com\/avatar\/1d3fc949d550f0b53a5f0d51e06dfd79?s=96&d=mm&r=g","contentUrl":"https:\/\/secure.gravatar.com\/avatar\/1d3fc949d550f0b53a5f0d51e06dfd79?s=96&d=mm&r=g","caption":"admin"},"url":"https:\/\/www.prijedordanas.com\/?author=1"}]}},"_links":{"self":[{"href":"https:\/\/www.prijedordanas.com\/index.php?rest_route=\/wp\/v2\/posts\/50926"}],"collection":[{"href":"https:\/\/www.prijedordanas.com\/index.php?rest_route=\/wp\/v2\/posts"}],"about":[{"href":"https:\/\/www.prijedordanas.com\/index.php?rest_route=\/wp\/v2\/types\/post"}],"author":[{"embeddable":true,"href":"https:\/\/www.prijedordanas.com\/index.php?rest_route=\/wp\/v2\/users\/1"}],"replies":[{"embeddable":true,"href":"https:\/\/www.prijedordanas.com\/index.php?rest_route=%2Fwp%2Fv2%2Fcomments&post=50926"}],"version-history":[{"count":1,"href":"https:\/\/www.prijedordanas.com\/index.php?rest_route=\/wp\/v2\/posts\/50926\/revisions"}],"predecessor-version":[{"id":50927,"href":"https:\/\/www.prijedordanas.com\/index.php?rest_route=\/wp\/v2\/posts\/50926\/revisions\/50927"}],"wp:attachment":[{"href":"https:\/\/www.prijedordanas.com\/index.php?rest_route=%2Fwp%2Fv2%2Fmedia&parent=50926"}],"wp:term":[{"taxonomy":"category","embeddable":true,"href":"https:\/\/www.prijedordanas.com\/index.php?rest_route=%2Fwp%2Fv2%2Fcategories&post=50926"},{"taxonomy":"post_tag","embeddable":true,"href":"https:\/\/www.prijedordanas.com\/index.php?rest_route=%2Fwp%2Fv2%2Ftags&post=50926"}],"curies":[{"name":"wp","href":"https:\/\/api.w.org\/{rel}","templated":true}]}}