{"id":50833,"date":"2016-05-20T22:10:54","date_gmt":"2016-05-20T20:10:54","guid":{"rendered":"https:\/\/www.prijedordanas.com\/?p=50833"},"modified":"2016-05-21T05:31:12","modified_gmt":"2016-05-21T03:31:12","slug":"matursko-vece-ugostiteljsko-ekonomske-skole-elektrotehnicke-skole-foto-video","status":"publish","type":"post","link":"https:\/\/www.prijedordanas.com\/?p=50833","title":{"rendered":"MATURSKO VE\u010cE UGOSTITELJSKO-EKONOMSKE \u0160KOLE I ELEKTROTEHNI\u010cKE \u0160KOLE \u2013 FOTO \u2013 VIDEO"},"content":{"rendered":"<p><a href=\"https:\/\/www.prijedordanas.com\/wp-content\/uploads\/2016\/05\/matursko-vece-ugostiteljsko-ekonomska-elektrotehnicka-1.jpg\" rel=\"attachment wp-att-50834\"><img loading=\"lazy\" decoding=\"async\" class=\"alignleft size-medium wp-image-50834\" src=\"https:\/\/www.prijedordanas.com\/wp-content\/uploads\/2016\/05\/matursko-vece-ugostiteljsko-ekonomska-elektrotehnicka-1-300x199.jpg\" alt=\"matursko vece-ugostiteljsko ekonomska-elektrotehnicka (1)\" width=\"300\" height=\"199\" srcset=\"https:\/\/www.prijedordanas.com\/wp-content\/uploads\/2016\/05\/matursko-vece-ugostiteljsko-ekonomska-elektrotehnicka-1-300x200.jpg 300w, https:\/\/www.prijedordanas.com\/wp-content\/uploads\/2016\/05\/matursko-vece-ugostiteljsko-ekonomska-elektrotehnicka-1-768x509.jpg 768w, https:\/\/www.prijedordanas.com\/wp-content\/uploads\/2016\/05\/matursko-vece-ugostiteljsko-ekonomska-elektrotehnicka-1-480x320.jpg 480w, https:\/\/www.prijedordanas.com\/wp-content\/uploads\/2016\/05\/matursko-vece-ugostiteljsko-ekonomska-elektrotehnicka-1.jpg 800w\" sizes=\"(max-width: 300px) 100vw, 300px\" \/><\/a>Ve\u010deras su u Prijedoru zavr\u0161ene ovogodi\u0161nje proslave srednjo\u0161kolskih maturskih ve\u010deri.<\/p>\n<p>Petak je bio \u201crezervisan\u201d za maturante Ugostiteljsko-ekonomske \u0161kole i Elektrotehni\u010dke \u0161kole iz na\u0161eg grada.<\/p>\n<p>Nakon brojnih \u010destitki i fotografisanja za uspomenu sa roditeljima, rodbinom i prijateljima, ispred pomenutih \u0161kola, maturanti su pro\u0161etali glavnim ulicama na\u0161eg grada pra\u0107eni brojnim sugra\u0111anima, da bi svoje slavlje nastavili u hotelu \u201cPrijedor\u201d uz Remix Band.<\/p>\n<p>Na sre\u0107u srednjo\u0161kolaca, sitna ki\u0161a koja je po\u010dela da pada kada je kolona maturanata bila kod Glavne po\u0161te, ubrzo je prestala, pa je \u0161etnja nastavljena bez ki\u0161obrana.<\/p>\n<p>Svim maturantima prijedorskih srednjih \u0161kola internet portal www.PrijedorDanas.com upu\u0107uje iskrene \u010destitke sa \u017eeljom da uspje\u0161no nastave svoje \u0161kolovanje onima koji se za to odlu\u010de a ostalima \u017eelimo da \u0161to prije prona\u0111u posao i rade ono za \u0161ta su se \u0161kolovali.<\/p>\n<p>Vi\u0161e fotografija pogledajte <a href=\"https:\/\/www.facebook.com\/media\/set\/?set=a.502802286579605.1073741857.226087317584438&amp;type=3\" target=\"_blank\">OVDJE<\/a><\/p>\n<p>Tekst i foto \u2013 Aleksandar Drakuli\u0107 \u2013 <a href=\"www.prijedordanas.com\" target=\"_blank\">www.prijedordanas.com<\/a><\/p>\n<p><iframe loading=\"lazy\" width=\"500\" height=\"281\" src=\"https:\/\/www.youtube.com\/embed\/MOrGF-YBJ28?feature=oembed\" frameborder=\"0\" allowfullscreen><\/iframe><\/p>\n<p><a href=\"https:\/\/www.prijedordanas.com\/wp-content\/uploads\/2016\/05\/matursko-vece-ugostiteljsko-ekonomska-elektrotehnicka-2.jpg\" rel=\"attachment wp-att-50835\"><img loading=\"lazy\" decoding=\"async\" class=\"alignleft size-medium wp-image-50835\" src=\"https:\/\/www.prijedordanas.com\/wp-content\/uploads\/2016\/05\/matursko-vece-ugostiteljsko-ekonomska-elektrotehnicka-2-300x199.jpg\" alt=\"matursko vece-ugostiteljsko ekonomska-elektrotehnicka (2)\" width=\"300\" height=\"199\" srcset=\"https:\/\/www.prijedordanas.com\/wp-content\/uploads\/2016\/05\/matursko-vece-ugostiteljsko-ekonomska-elektrotehnicka-2-300x200.jpg 300w, https:\/\/www.prijedordanas.com\/wp-content\/uploads\/2016\/05\/matursko-vece-ugostiteljsko-ekonomska-elektrotehnicka-2-768x509.jpg 768w, https:\/\/www.prijedordanas.com\/wp-content\/uploads\/2016\/05\/matursko-vece-ugostiteljsko-ekonomska-elektrotehnicka-2-480x320.jpg 480w, https:\/\/www.prijedordanas.com\/wp-content\/uploads\/2016\/05\/matursko-vece-ugostiteljsko-ekonomska-elektrotehnicka-2.jpg 800w\" sizes=\"(max-width: 300px) 100vw, 300px\" \/><\/a> <a href=\"https:\/\/www.prijedordanas.com\/wp-content\/uploads\/2016\/05\/matursko-vece-ugostiteljsko-ekonomska-elektrotehnicka-3.jpg\" rel=\"attachment wp-att-50836\"><img loading=\"lazy\" decoding=\"async\" class=\"alignleft size-medium wp-image-50836\" src=\"https:\/\/www.prijedordanas.com\/wp-content\/uploads\/2016\/05\/matursko-vece-ugostiteljsko-ekonomska-elektrotehnicka-3-300x199.jpg\" alt=\"matursko vece-ugostiteljsko ekonomska-elektrotehnicka (3)\" width=\"300\" height=\"199\" srcset=\"https:\/\/www.prijedordanas.com\/wp-content\/uploads\/2016\/05\/matursko-vece-ugostiteljsko-ekonomska-elektrotehnicka-3-300x200.jpg 300w, https:\/\/www.prijedordanas.com\/wp-content\/uploads\/2016\/05\/matursko-vece-ugostiteljsko-ekonomska-elektrotehnicka-3-768x509.jpg 768w, https:\/\/www.prijedordanas.com\/wp-content\/uploads\/2016\/05\/matursko-vece-ugostiteljsko-ekonomska-elektrotehnicka-3-480x320.jpg 480w, https:\/\/www.prijedordanas.com\/wp-content\/uploads\/2016\/05\/matursko-vece-ugostiteljsko-ekonomska-elektrotehnicka-3.jpg 800w\" sizes=\"(max-width: 300px) 100vw, 300px\" \/><\/a> <a href=\"https:\/\/www.prijedordanas.com\/wp-content\/uploads\/2016\/05\/matursko-vece-ugostiteljsko-ekonomska-elektrotehnicka-4.jpg\" rel=\"attachment wp-att-50837\"><img loading=\"lazy\" decoding=\"async\" class=\"alignleft size-medium wp-image-50837\" src=\"https:\/\/www.prijedordanas.com\/wp-content\/uploads\/2016\/05\/matursko-vece-ugostiteljsko-ekonomska-elektrotehnicka-4-300x199.jpg\" alt=\"matursko vece-ugostiteljsko ekonomska-elektrotehnicka (4)\" width=\"300\" height=\"199\" srcset=\"https:\/\/www.prijedordanas.com\/wp-content\/uploads\/2016\/05\/matursko-vece-ugostiteljsko-ekonomska-elektrotehnicka-4-300x200.jpg 300w, https:\/\/www.prijedordanas.com\/wp-content\/uploads\/2016\/05\/matursko-vece-ugostiteljsko-ekonomska-elektrotehnicka-4-768x509.jpg 768w, https:\/\/www.prijedordanas.com\/wp-content\/uploads\/2016\/05\/matursko-vece-ugostiteljsko-ekonomska-elektrotehnicka-4-480x320.jpg 480w, https:\/\/www.prijedordanas.com\/wp-content\/uploads\/2016\/05\/matursko-vece-ugostiteljsko-ekonomska-elektrotehnicka-4.jpg 800w\" sizes=\"(max-width: 300px) 100vw, 300px\" \/><\/a> <a href=\"https:\/\/www.prijedordanas.com\/wp-content\/uploads\/2016\/05\/matursko-vece-ugostiteljsko-ekonomska-elektrotehnicka-5.jpg\" rel=\"attachment wp-att-50838\"><img loading=\"lazy\" decoding=\"async\" class=\"alignleft size-medium wp-image-50838\" src=\"https:\/\/www.prijedordanas.com\/wp-content\/uploads\/2016\/05\/matursko-vece-ugostiteljsko-ekonomska-elektrotehnicka-5-300x199.jpg\" alt=\"matursko vece-ugostiteljsko ekonomska-elektrotehnicka (5)\" width=\"300\" height=\"199\" srcset=\"https:\/\/www.prijedordanas.com\/wp-content\/uploads\/2016\/05\/matursko-vece-ugostiteljsko-ekonomska-elektrotehnicka-5-300x200.jpg 300w, https:\/\/www.prijedordanas.com\/wp-content\/uploads\/2016\/05\/matursko-vece-ugostiteljsko-ekonomska-elektrotehnicka-5-768x509.jpg 768w, https:\/\/www.prijedordanas.com\/wp-content\/uploads\/2016\/05\/matursko-vece-ugostiteljsko-ekonomska-elektrotehnicka-5-480x320.jpg 480w, https:\/\/www.prijedordanas.com\/wp-content\/uploads\/2016\/05\/matursko-vece-ugostiteljsko-ekonomska-elektrotehnicka-5.jpg 800w\" sizes=\"(max-width: 300px) 100vw, 300px\" \/><\/a> <a href=\"https:\/\/www.prijedordanas.com\/wp-content\/uploads\/2016\/05\/matursko-vece-ugostiteljsko-ekonomska-elektrotehnicka-6.jpg\" rel=\"attachment wp-att-50839\"><img loading=\"lazy\" decoding=\"async\" class=\"alignleft size-medium wp-image-50839\" src=\"https:\/\/www.prijedordanas.com\/wp-content\/uploads\/2016\/05\/matursko-vece-ugostiteljsko-ekonomska-elektrotehnicka-6-300x199.jpg\" alt=\"matursko vece-ugostiteljsko ekonomska-elektrotehnicka (6)\" width=\"300\" height=\"199\" srcset=\"https:\/\/www.prijedordanas.com\/wp-content\/uploads\/2016\/05\/matursko-vece-ugostiteljsko-ekonomska-elektrotehnicka-6-300x200.jpg 300w, https:\/\/www.prijedordanas.com\/wp-content\/uploads\/2016\/05\/matursko-vece-ugostiteljsko-ekonomska-elektrotehnicka-6-768x509.jpg 768w, https:\/\/www.prijedordanas.com\/wp-content\/uploads\/2016\/05\/matursko-vece-ugostiteljsko-ekonomska-elektrotehnicka-6-480x320.jpg 480w, https:\/\/www.prijedordanas.com\/wp-content\/uploads\/2016\/05\/matursko-vece-ugostiteljsko-ekonomska-elektrotehnicka-6.jpg 800w\" sizes=\"(max-width: 300px) 100vw, 300px\" \/><\/a> <a href=\"https:\/\/www.prijedordanas.com\/wp-content\/uploads\/2016\/05\/matursko-vece-ugostiteljsko-ekonomska-elektrotehnicka-7.jpg\" rel=\"attachment wp-att-50840\"><img loading=\"lazy\" decoding=\"async\" class=\"alignleft size-medium wp-image-50840\" src=\"https:\/\/www.prijedordanas.com\/wp-content\/uploads\/2016\/05\/matursko-vece-ugostiteljsko-ekonomska-elektrotehnicka-7-300x199.jpg\" alt=\"matursko vece-ugostiteljsko ekonomska-elektrotehnicka (7)\" width=\"300\" height=\"199\" srcset=\"https:\/\/www.prijedordanas.com\/wp-content\/uploads\/2016\/05\/matursko-vece-ugostiteljsko-ekonomska-elektrotehnicka-7-300x200.jpg 300w, https:\/\/www.prijedordanas.com\/wp-content\/uploads\/2016\/05\/matursko-vece-ugostiteljsko-ekonomska-elektrotehnicka-7-768x509.jpg 768w, https:\/\/www.prijedordanas.com\/wp-content\/uploads\/2016\/05\/matursko-vece-ugostiteljsko-ekonomska-elektrotehnicka-7-480x320.jpg 480w, https:\/\/www.prijedordanas.com\/wp-content\/uploads\/2016\/05\/matursko-vece-ugostiteljsko-ekonomska-elektrotehnicka-7.jpg 800w\" sizes=\"(max-width: 300px) 100vw, 300px\" \/><\/a> <a href=\"https:\/\/www.prijedordanas.com\/wp-content\/uploads\/2016\/05\/matursko-vece-ugostiteljsko-ekonomska-elektrotehnicka-8.jpg\" rel=\"attachment wp-att-50841\"><img loading=\"lazy\" decoding=\"async\" class=\"alignleft size-medium wp-image-50841\" src=\"https:\/\/www.prijedordanas.com\/wp-content\/uploads\/2016\/05\/matursko-vece-ugostiteljsko-ekonomska-elektrotehnicka-8-300x199.jpg\" alt=\"matursko vece-ugostiteljsko ekonomska-elektrotehnicka (8)\" width=\"300\" height=\"199\" srcset=\"https:\/\/www.prijedordanas.com\/wp-content\/uploads\/2016\/05\/matursko-vece-ugostiteljsko-ekonomska-elektrotehnicka-8-300x200.jpg 300w, https:\/\/www.prijedordanas.com\/wp-content\/uploads\/2016\/05\/matursko-vece-ugostiteljsko-ekonomska-elektrotehnicka-8-768x509.jpg 768w, https:\/\/www.prijedordanas.com\/wp-content\/uploads\/2016\/05\/matursko-vece-ugostiteljsko-ekonomska-elektrotehnicka-8-480x320.jpg 480w, https:\/\/www.prijedordanas.com\/wp-content\/uploads\/2016\/05\/matursko-vece-ugostiteljsko-ekonomska-elektrotehnicka-8.jpg 800w\" sizes=\"(max-width: 300px) 100vw, 300px\" \/><\/a> <a href=\"https:\/\/www.prijedordanas.com\/wp-content\/uploads\/2016\/05\/matursko-vece-ugostiteljsko-ekonomska-elektrotehnicka-9.jpg\" rel=\"attachment wp-att-50842\"><img loading=\"lazy\" decoding=\"async\" class=\"alignleft size-medium wp-image-50842\" src=\"https:\/\/www.prijedordanas.com\/wp-content\/uploads\/2016\/05\/matursko-vece-ugostiteljsko-ekonomska-elektrotehnicka-9-300x199.jpg\" alt=\"matursko vece-ugostiteljsko ekonomska-elektrotehnicka (9)\" width=\"300\" height=\"199\" srcset=\"https:\/\/www.prijedordanas.com\/wp-content\/uploads\/2016\/05\/matursko-vece-ugostiteljsko-ekonomska-elektrotehnicka-9-300x200.jpg 300w, https:\/\/www.prijedordanas.com\/wp-content\/uploads\/2016\/05\/matursko-vece-ugostiteljsko-ekonomska-elektrotehnicka-9-768x509.jpg 768w, https:\/\/www.prijedordanas.com\/wp-content\/uploads\/2016\/05\/matursko-vece-ugostiteljsko-ekonomska-elektrotehnicka-9-480x320.jpg 480w, https:\/\/www.prijedordanas.com\/wp-content\/uploads\/2016\/05\/matursko-vece-ugostiteljsko-ekonomska-elektrotehnicka-9.jpg 800w\" sizes=\"(max-width: 300px) 100vw, 300px\" \/><\/a> <a href=\"https:\/\/www.prijedordanas.com\/wp-content\/uploads\/2016\/05\/matursko-vece-ugostiteljsko-ekonomska-elektrotehnicka-10.jpg\" rel=\"attachment wp-att-50843\"><img loading=\"lazy\" decoding=\"async\" class=\"alignleft size-medium wp-image-50843\" src=\"https:\/\/www.prijedordanas.com\/wp-content\/uploads\/2016\/05\/matursko-vece-ugostiteljsko-ekonomska-elektrotehnicka-10-300x199.jpg\" alt=\"matursko vece-ugostiteljsko ekonomska-elektrotehnicka (10)\" width=\"300\" height=\"199\" srcset=\"https:\/\/www.prijedordanas.com\/wp-content\/uploads\/2016\/05\/matursko-vece-ugostiteljsko-ekonomska-elektrotehnicka-10-300x200.jpg 300w, https:\/\/www.prijedordanas.com\/wp-content\/uploads\/2016\/05\/matursko-vece-ugostiteljsko-ekonomska-elektrotehnicka-10-768x509.jpg 768w, https:\/\/www.prijedordanas.com\/wp-content\/uploads\/2016\/05\/matursko-vece-ugostiteljsko-ekonomska-elektrotehnicka-10-480x320.jpg 480w, https:\/\/www.prijedordanas.com\/wp-content\/uploads\/2016\/05\/matursko-vece-ugostiteljsko-ekonomska-elektrotehnicka-10.jpg 800w\" sizes=\"(max-width: 300px) 100vw, 300px\" \/><\/a> <a href=\"https:\/\/www.prijedordanas.com\/wp-content\/uploads\/2016\/05\/matursko-vece-ugostiteljsko-ekonomska-elektrotehnicka-11.jpg\" rel=\"attachment wp-att-50846\"><img loading=\"lazy\" decoding=\"async\" class=\"alignleft size-medium wp-image-50846\" src=\"https:\/\/www.prijedordanas.com\/wp-content\/uploads\/2016\/05\/matursko-vece-ugostiteljsko-ekonomska-elektrotehnicka-11-300x199.jpg\" alt=\"matursko vece-ugostiteljsko ekonomska-elektrotehnicka (11)\" width=\"300\" height=\"199\" srcset=\"https:\/\/www.prijedordanas.com\/wp-content\/uploads\/2016\/05\/matursko-vece-ugostiteljsko-ekonomska-elektrotehnicka-11-300x200.jpg 300w, https:\/\/www.prijedordanas.com\/wp-content\/uploads\/2016\/05\/matursko-vece-ugostiteljsko-ekonomska-elektrotehnicka-11-768x509.jpg 768w, https:\/\/www.prijedordanas.com\/wp-content\/uploads\/2016\/05\/matursko-vece-ugostiteljsko-ekonomska-elektrotehnicka-11-480x320.jpg 480w, https:\/\/www.prijedordanas.com\/wp-content\/uploads\/2016\/05\/matursko-vece-ugostiteljsko-ekonomska-elektrotehnicka-11.jpg 800w\" sizes=\"(max-width: 300px) 100vw, 300px\" \/><\/a> <a href=\"https:\/\/www.prijedordanas.com\/wp-content\/uploads\/2016\/05\/matursko-vece-ugostiteljsko-ekonomska-elektrotehnicka-12.jpg\" rel=\"attachment wp-att-50847\"><img loading=\"lazy\" decoding=\"async\" class=\"alignleft size-medium wp-image-50847\" src=\"https:\/\/www.prijedordanas.com\/wp-content\/uploads\/2016\/05\/matursko-vece-ugostiteljsko-ekonomska-elektrotehnicka-12-300x199.jpg\" alt=\"matursko vece-ugostiteljsko ekonomska-elektrotehnicka (12)\" width=\"300\" height=\"199\" srcset=\"https:\/\/www.prijedordanas.com\/wp-content\/uploads\/2016\/05\/matursko-vece-ugostiteljsko-ekonomska-elektrotehnicka-12-300x200.jpg 300w, https:\/\/www.prijedordanas.com\/wp-content\/uploads\/2016\/05\/matursko-vece-ugostiteljsko-ekonomska-elektrotehnicka-12-768x509.jpg 768w, https:\/\/www.prijedordanas.com\/wp-content\/uploads\/2016\/05\/matursko-vece-ugostiteljsko-ekonomska-elektrotehnicka-12-480x320.jpg 480w, https:\/\/www.prijedordanas.com\/wp-content\/uploads\/2016\/05\/matursko-vece-ugostiteljsko-ekonomska-elektrotehnicka-12.jpg 800w\" sizes=\"(max-width: 300px) 100vw, 300px\" \/><\/a> <a href=\"https:\/\/www.prijedordanas.com\/wp-content\/uploads\/2016\/05\/matursko-vece-ugostiteljsko-ekonomska-elektrotehnicka-13.jpg\" rel=\"attachment wp-att-50848\"><img loading=\"lazy\" decoding=\"async\" class=\"alignleft size-medium wp-image-50848\" src=\"https:\/\/www.prijedordanas.com\/wp-content\/uploads\/2016\/05\/matursko-vece-ugostiteljsko-ekonomska-elektrotehnicka-13-300x199.jpg\" alt=\"matursko vece-ugostiteljsko ekonomska-elektrotehnicka (13)\" width=\"300\" height=\"199\" srcset=\"https:\/\/www.prijedordanas.com\/wp-content\/uploads\/2016\/05\/matursko-vece-ugostiteljsko-ekonomska-elektrotehnicka-13-300x200.jpg 300w, https:\/\/www.prijedordanas.com\/wp-content\/uploads\/2016\/05\/matursko-vece-ugostiteljsko-ekonomska-elektrotehnicka-13-768x509.jpg 768w, https:\/\/www.prijedordanas.com\/wp-content\/uploads\/2016\/05\/matursko-vece-ugostiteljsko-ekonomska-elektrotehnicka-13-480x320.jpg 480w, https:\/\/www.prijedordanas.com\/wp-content\/uploads\/2016\/05\/matursko-vece-ugostiteljsko-ekonomska-elektrotehnicka-13.jpg 800w\" sizes=\"(max-width: 300px) 100vw, 300px\" \/><\/a> <a href=\"https:\/\/www.prijedordanas.com\/wp-content\/uploads\/2016\/05\/matursko-vece-ugostiteljsko-ekonomska-elektrotehnicka-14.jpg\" rel=\"attachment wp-att-50849\"><img loading=\"lazy\" decoding=\"async\" class=\"alignleft size-medium wp-image-50849\" src=\"https:\/\/www.prijedordanas.com\/wp-content\/uploads\/2016\/05\/matursko-vece-ugostiteljsko-ekonomska-elektrotehnicka-14-300x199.jpg\" alt=\"matursko vece-ugostiteljsko ekonomska-elektrotehnicka (14)\" width=\"300\" height=\"199\" srcset=\"https:\/\/www.prijedordanas.com\/wp-content\/uploads\/2016\/05\/matursko-vece-ugostiteljsko-ekonomska-elektrotehnicka-14-300x200.jpg 300w, https:\/\/www.prijedordanas.com\/wp-content\/uploads\/2016\/05\/matursko-vece-ugostiteljsko-ekonomska-elektrotehnicka-14-768x509.jpg 768w, https:\/\/www.prijedordanas.com\/wp-content\/uploads\/2016\/05\/matursko-vece-ugostiteljsko-ekonomska-elektrotehnicka-14-480x320.jpg 480w, https:\/\/www.prijedordanas.com\/wp-content\/uploads\/2016\/05\/matursko-vece-ugostiteljsko-ekonomska-elektrotehnicka-14.jpg 800w\" sizes=\"(max-width: 300px) 100vw, 300px\" \/><\/a> <a href=\"https:\/\/www.prijedordanas.com\/wp-content\/uploads\/2016\/05\/matursko-vece-ugostiteljsko-ekonomska-elektrotehnicka-15.jpg\" rel=\"attachment wp-att-50850\"><img loading=\"lazy\" decoding=\"async\" class=\"alignleft size-medium wp-image-50850\" src=\"https:\/\/www.prijedordanas.com\/wp-content\/uploads\/2016\/05\/matursko-vece-ugostiteljsko-ekonomska-elektrotehnicka-15-300x199.jpg\" alt=\"matursko vece-ugostiteljsko ekonomska-elektrotehnicka (15)\" width=\"300\" height=\"199\" srcset=\"https:\/\/www.prijedordanas.com\/wp-content\/uploads\/2016\/05\/matursko-vece-ugostiteljsko-ekonomska-elektrotehnicka-15-300x200.jpg 300w, https:\/\/www.prijedordanas.com\/wp-content\/uploads\/2016\/05\/matursko-vece-ugostiteljsko-ekonomska-elektrotehnicka-15-768x509.jpg 768w, https:\/\/www.prijedordanas.com\/wp-content\/uploads\/2016\/05\/matursko-vece-ugostiteljsko-ekonomska-elektrotehnicka-15-480x320.jpg 480w, https:\/\/www.prijedordanas.com\/wp-content\/uploads\/2016\/05\/matursko-vece-ugostiteljsko-ekonomska-elektrotehnicka-15.jpg 800w\" sizes=\"(max-width: 300px) 100vw, 300px\" \/><\/a> <a href=\"https:\/\/www.prijedordanas.com\/wp-content\/uploads\/2016\/05\/matursko-vece-ugostiteljsko-ekonomska-elektrotehnicka-16.jpg\" rel=\"attachment wp-att-50851\"><img loading=\"lazy\" decoding=\"async\" class=\"alignleft size-medium wp-image-50851\" src=\"https:\/\/www.prijedordanas.com\/wp-content\/uploads\/2016\/05\/matursko-vece-ugostiteljsko-ekonomska-elektrotehnicka-16-300x199.jpg\" alt=\"matursko vece-ugostiteljsko ekonomska-elektrotehnicka (16)\" width=\"300\" height=\"199\" srcset=\"https:\/\/www.prijedordanas.com\/wp-content\/uploads\/2016\/05\/matursko-vece-ugostiteljsko-ekonomska-elektrotehnicka-16-300x200.jpg 300w, https:\/\/www.prijedordanas.com\/wp-content\/uploads\/2016\/05\/matursko-vece-ugostiteljsko-ekonomska-elektrotehnicka-16-768x509.jpg 768w, https:\/\/www.prijedordanas.com\/wp-content\/uploads\/2016\/05\/matursko-vece-ugostiteljsko-ekonomska-elektrotehnicka-16-480x320.jpg 480w, https:\/\/www.prijedordanas.com\/wp-content\/uploads\/2016\/05\/matursko-vece-ugostiteljsko-ekonomska-elektrotehnicka-16.jpg 800w\" sizes=\"(max-width: 300px) 100vw, 300px\" \/><\/a><\/p>\n","protected":false},"excerpt":{"rendered":"<p>Ve\u010deras su u Prijedoru zavr\u0161ene ovogodi\u0161nje proslave srednjo\u0161kolskih maturskih ve\u010deri. Petak je bio \u201crezervisan\u201d za maturante Ugostiteljsko-ekonomske \u0161kole i Elektrotehni\u010dke \u0161kole iz na\u0161eg grada. Nakon brojnih \u010destitki i fotografisanja za [&hellip;]<\/p>\n","protected":false},"author":1,"featured_media":0,"comment_status":"closed","ping_status":"open","sticky":false,"template":"","format":"standard","meta":{"_monsterinsights_skip_tracking":false,"_monsterinsights_sitenote_active":false,"_monsterinsights_sitenote_note":"","_monsterinsights_sitenote_category":0,"footnotes":""},"categories":[4,7518],"tags":[1474,1392,3039,3613],"yoast_head":"<!-- This site is optimized with the Yoast SEO plugin v21.6 - https:\/\/yoast.com\/wordpress\/plugins\/seo\/ -->\n<title>MATURSKO VE\u010cE UGOSTITELJSKO-EKONOMSKE \u0160KOLE I ELEKTROTEHNI\u010cKE \u0160KOLE \u2013 FOTO \u2013 VIDEO - PrijedorDanas.com - Prijedorski gradski portal<\/title>\n<meta name=\"robots\" content=\"index, follow, max-snippet:-1, max-image-preview:large, max-video-preview:-1\" \/>\n<link rel=\"canonical\" href=\"https:\/\/www.prijedordanas.com\/?p=50833\" \/>\n<meta property=\"og:locale\" content=\"en_US\" \/>\n<meta property=\"og:type\" content=\"article\" \/>\n<meta property=\"og:title\" content=\"MATURSKO VE\u010cE UGOSTITELJSKO-EKONOMSKE \u0160KOLE I ELEKTROTEHNI\u010cKE \u0160KOLE \u2013 FOTO \u2013 VIDEO - PrijedorDanas.com - Prijedorski gradski portal\" \/>\n<meta property=\"og:description\" content=\"Ve\u010deras su u Prijedoru zavr\u0161ene ovogodi\u0161nje proslave srednjo\u0161kolskih maturskih ve\u010deri. Petak je bio \u201crezervisan\u201d za maturante Ugostiteljsko-ekonomske \u0161kole i Elektrotehni\u010dke \u0161kole iz na\u0161eg grada. Nakon brojnih \u010destitki i fotografisanja za [&hellip;]\" \/>\n<meta property=\"og:url\" content=\"https:\/\/www.prijedordanas.com\/?p=50833\" \/>\n<meta property=\"og:site_name\" content=\"PrijedorDanas.com - Prijedorski gradski portal\" \/>\n<meta property=\"article:publisher\" content=\"https:\/\/www.facebook.com\/PrijedorDanasCom\/\" \/>\n<meta property=\"article:published_time\" content=\"2016-05-20T20:10:54+00:00\" \/>\n<meta property=\"article:modified_time\" content=\"2016-05-21T03:31:12+00:00\" \/>\n<meta property=\"og:image\" content=\"https:\/\/www.prijedordanas.com\/wp-content\/uploads\/2016\/05\/matursko-vece-ugostiteljsko-ekonomska-elektrotehnicka-1-300x199.jpg\" \/>\n<meta name=\"author\" content=\"admin\" \/>\n<meta name=\"twitter:card\" content=\"summary_large_image\" \/>\n<meta name=\"twitter:label1\" content=\"Written by\" \/>\n\t<meta name=\"twitter:data1\" content=\"admin\" \/>\n\t<meta name=\"twitter:label2\" content=\"Est. reading time\" \/>\n\t<meta name=\"twitter:data2\" content=\"1 minute\" \/>\n<script type=\"application\/ld+json\" class=\"yoast-schema-graph\">{\"@context\":\"https:\/\/schema.org\",\"@graph\":[{\"@type\":\"Article\",\"@id\":\"https:\/\/www.prijedordanas.com\/?p=50833#article\",\"isPartOf\":{\"@id\":\"https:\/\/www.prijedordanas.com\/?p=50833\"},\"author\":{\"name\":\"admin\",\"@id\":\"https:\/\/www.prijedordanas.com\/#\/schema\/person\/4e08ccf29b506ca916ff86d46bb700e6\"},\"headline\":\"MATURSKO VE\u010cE UGOSTITELJSKO-EKONOMSKE \u0160KOLE I ELEKTROTEHNI\u010cKE \u0160KOLE \u2013 FOTO \u2013 VIDEO\",\"datePublished\":\"2016-05-20T20:10:54+00:00\",\"dateModified\":\"2016-05-21T03:31:12+00:00\",\"mainEntityOfPage\":{\"@id\":\"https:\/\/www.prijedordanas.com\/?p=50833\"},\"wordCount\":178,\"publisher\":{\"@id\":\"https:\/\/www.prijedordanas.com\/#organization\"},\"keywords\":[\"Elektrotehni\u010dka \u0161kola\",\"matursko ve\u010de\",\"\u0161etnja\",\"Ugostiteljsko-ekonomska \u0161kola\"],\"articleSection\":[\"Dru\u0161tvo\",\"Mladi\"],\"inLanguage\":\"en-US\"},{\"@type\":\"WebPage\",\"@id\":\"https:\/\/www.prijedordanas.com\/?p=50833\",\"url\":\"https:\/\/www.prijedordanas.com\/?p=50833\",\"name\":\"MATURSKO VE\u010cE UGOSTITELJSKO-EKONOMSKE \u0160KOLE I ELEKTROTEHNI\u010cKE \u0160KOLE \u2013 FOTO \u2013 VIDEO - PrijedorDanas.com - Prijedorski gradski portal\",\"isPartOf\":{\"@id\":\"https:\/\/www.prijedordanas.com\/#website\"},\"datePublished\":\"2016-05-20T20:10:54+00:00\",\"dateModified\":\"2016-05-21T03:31:12+00:00\",\"breadcrumb\":{\"@id\":\"https:\/\/www.prijedordanas.com\/?p=50833#breadcrumb\"},\"inLanguage\":\"en-US\",\"potentialAction\":[{\"@type\":\"ReadAction\",\"target\":[\"https:\/\/www.prijedordanas.com\/?p=50833\"]}]},{\"@type\":\"BreadcrumbList\",\"@id\":\"https:\/\/www.prijedordanas.com\/?p=50833#breadcrumb\",\"itemListElement\":[{\"@type\":\"ListItem\",\"position\":1,\"name\":\"Home\",\"item\":\"https:\/\/www.prijedordanas.com\/\"},{\"@type\":\"ListItem\",\"position\":2,\"name\":\"MATURSKO VE\u010cE UGOSTITELJSKO-EKONOMSKE \u0160KOLE I ELEKTROTEHNI\u010cKE \u0160KOLE \u2013 FOTO \u2013 VIDEO\"}]},{\"@type\":\"WebSite\",\"@id\":\"https:\/\/www.prijedordanas.com\/#website\",\"url\":\"https:\/\/www.prijedordanas.com\/\",\"name\":\"PrijedorDanas.com - Prijedorski gradski portal\",\"description\":\"Portal o doga\u0111anjima u gradu Prijedoru\",\"publisher\":{\"@id\":\"https:\/\/www.prijedordanas.com\/#organization\"},\"potentialAction\":[{\"@type\":\"SearchAction\",\"target\":{\"@type\":\"EntryPoint\",\"urlTemplate\":\"https:\/\/www.prijedordanas.com\/?s={search_term_string}\"},\"query-input\":\"required name=search_term_string\"}],\"inLanguage\":\"en-US\"},{\"@type\":\"Organization\",\"@id\":\"https:\/\/www.prijedordanas.com\/#organization\",\"name\":\"PrijedorDanas.com\",\"url\":\"https:\/\/www.prijedordanas.com\/\",\"logo\":{\"@type\":\"ImageObject\",\"inLanguage\":\"en-US\",\"@id\":\"https:\/\/www.prijedordanas.com\/#\/schema\/logo\/image\/\",\"url\":\"http:\/\/www.prijedordanas.com\/wp-content\/uploads\/2021\/12\/logopng.png\",\"contentUrl\":\"http:\/\/www.prijedordanas.com\/wp-content\/uploads\/2021\/12\/logopng.png\",\"width\":1019,\"height\":776,\"caption\":\"PrijedorDanas.com\"},\"image\":{\"@id\":\"https:\/\/www.prijedordanas.com\/#\/schema\/logo\/image\/\"},\"sameAs\":[\"https:\/\/www.facebook.com\/PrijedorDanasCom\/\"]},{\"@type\":\"Person\",\"@id\":\"https:\/\/www.prijedordanas.com\/#\/schema\/person\/4e08ccf29b506ca916ff86d46bb700e6\",\"name\":\"admin\",\"image\":{\"@type\":\"ImageObject\",\"inLanguage\":\"en-US\",\"@id\":\"https:\/\/www.prijedordanas.com\/#\/schema\/person\/image\/\",\"url\":\"https:\/\/secure.gravatar.com\/avatar\/1d3fc949d550f0b53a5f0d51e06dfd79?s=96&d=mm&r=g\",\"contentUrl\":\"https:\/\/secure.gravatar.com\/avatar\/1d3fc949d550f0b53a5f0d51e06dfd79?s=96&d=mm&r=g\",\"caption\":\"admin\"},\"url\":\"https:\/\/www.prijedordanas.com\/?author=1\"}]}<\/script>\n<!-- \/ Yoast SEO plugin. -->","yoast_head_json":{"title":"MATURSKO VE\u010cE UGOSTITELJSKO-EKONOMSKE \u0160KOLE I ELEKTROTEHNI\u010cKE \u0160KOLE \u2013 FOTO \u2013 VIDEO - PrijedorDanas.com - Prijedorski gradski portal","robots":{"index":"index","follow":"follow","max-snippet":"max-snippet:-1","max-image-preview":"max-image-preview:large","max-video-preview":"max-video-preview:-1"},"canonical":"https:\/\/www.prijedordanas.com\/?p=50833","og_locale":"en_US","og_type":"article","og_title":"MATURSKO VE\u010cE UGOSTITELJSKO-EKONOMSKE \u0160KOLE I ELEKTROTEHNI\u010cKE \u0160KOLE \u2013 FOTO \u2013 VIDEO - PrijedorDanas.com - Prijedorski gradski portal","og_description":"Ve\u010deras su u Prijedoru zavr\u0161ene ovogodi\u0161nje proslave srednjo\u0161kolskih maturskih ve\u010deri. Petak je bio \u201crezervisan\u201d za maturante Ugostiteljsko-ekonomske \u0161kole i Elektrotehni\u010dke \u0161kole iz na\u0161eg grada. Nakon brojnih \u010destitki i fotografisanja za [&hellip;]","og_url":"https:\/\/www.prijedordanas.com\/?p=50833","og_site_name":"PrijedorDanas.com - Prijedorski gradski portal","article_publisher":"https:\/\/www.facebook.com\/PrijedorDanasCom\/","article_published_time":"2016-05-20T20:10:54+00:00","article_modified_time":"2016-05-21T03:31:12+00:00","og_image":[{"url":"https:\/\/www.prijedordanas.com\/wp-content\/uploads\/2016\/05\/matursko-vece-ugostiteljsko-ekonomska-elektrotehnicka-1-300x199.jpg"}],"author":"admin","twitter_card":"summary_large_image","twitter_misc":{"Written by":"admin","Est. reading time":"1 minute"},"schema":{"@context":"https:\/\/schema.org","@graph":[{"@type":"Article","@id":"https:\/\/www.prijedordanas.com\/?p=50833#article","isPartOf":{"@id":"https:\/\/www.prijedordanas.com\/?p=50833"},"author":{"name":"admin","@id":"https:\/\/www.prijedordanas.com\/#\/schema\/person\/4e08ccf29b506ca916ff86d46bb700e6"},"headline":"MATURSKO VE\u010cE UGOSTITELJSKO-EKONOMSKE \u0160KOLE I ELEKTROTEHNI\u010cKE \u0160KOLE \u2013 FOTO \u2013 VIDEO","datePublished":"2016-05-20T20:10:54+00:00","dateModified":"2016-05-21T03:31:12+00:00","mainEntityOfPage":{"@id":"https:\/\/www.prijedordanas.com\/?p=50833"},"wordCount":178,"publisher":{"@id":"https:\/\/www.prijedordanas.com\/#organization"},"keywords":["Elektrotehni\u010dka \u0161kola","matursko ve\u010de","\u0161etnja","Ugostiteljsko-ekonomska \u0161kola"],"articleSection":["Dru\u0161tvo","Mladi"],"inLanguage":"en-US"},{"@type":"WebPage","@id":"https:\/\/www.prijedordanas.com\/?p=50833","url":"https:\/\/www.prijedordanas.com\/?p=50833","name":"MATURSKO VE\u010cE UGOSTITELJSKO-EKONOMSKE \u0160KOLE I ELEKTROTEHNI\u010cKE \u0160KOLE \u2013 FOTO \u2013 VIDEO - PrijedorDanas.com - Prijedorski gradski portal","isPartOf":{"@id":"https:\/\/www.prijedordanas.com\/#website"},"datePublished":"2016-05-20T20:10:54+00:00","dateModified":"2016-05-21T03:31:12+00:00","breadcrumb":{"@id":"https:\/\/www.prijedordanas.com\/?p=50833#breadcrumb"},"inLanguage":"en-US","potentialAction":[{"@type":"ReadAction","target":["https:\/\/www.prijedordanas.com\/?p=50833"]}]},{"@type":"BreadcrumbList","@id":"https:\/\/www.prijedordanas.com\/?p=50833#breadcrumb","itemListElement":[{"@type":"ListItem","position":1,"name":"Home","item":"https:\/\/www.prijedordanas.com\/"},{"@type":"ListItem","position":2,"name":"MATURSKO VE\u010cE UGOSTITELJSKO-EKONOMSKE \u0160KOLE I ELEKTROTEHNI\u010cKE \u0160KOLE \u2013 FOTO \u2013 VIDEO"}]},{"@type":"WebSite","@id":"https:\/\/www.prijedordanas.com\/#website","url":"https:\/\/www.prijedordanas.com\/","name":"PrijedorDanas.com - Prijedorski gradski portal","description":"Portal o doga\u0111anjima u gradu Prijedoru","publisher":{"@id":"https:\/\/www.prijedordanas.com\/#organization"},"potentialAction":[{"@type":"SearchAction","target":{"@type":"EntryPoint","urlTemplate":"https:\/\/www.prijedordanas.com\/?s={search_term_string}"},"query-input":"required name=search_term_string"}],"inLanguage":"en-US"},{"@type":"Organization","@id":"https:\/\/www.prijedordanas.com\/#organization","name":"PrijedorDanas.com","url":"https:\/\/www.prijedordanas.com\/","logo":{"@type":"ImageObject","inLanguage":"en-US","@id":"https:\/\/www.prijedordanas.com\/#\/schema\/logo\/image\/","url":"http:\/\/www.prijedordanas.com\/wp-content\/uploads\/2021\/12\/logopng.png","contentUrl":"http:\/\/www.prijedordanas.com\/wp-content\/uploads\/2021\/12\/logopng.png","width":1019,"height":776,"caption":"PrijedorDanas.com"},"image":{"@id":"https:\/\/www.prijedordanas.com\/#\/schema\/logo\/image\/"},"sameAs":["https:\/\/www.facebook.com\/PrijedorDanasCom\/"]},{"@type":"Person","@id":"https:\/\/www.prijedordanas.com\/#\/schema\/person\/4e08ccf29b506ca916ff86d46bb700e6","name":"admin","image":{"@type":"ImageObject","inLanguage":"en-US","@id":"https:\/\/www.prijedordanas.com\/#\/schema\/person\/image\/","url":"https:\/\/secure.gravatar.com\/avatar\/1d3fc949d550f0b53a5f0d51e06dfd79?s=96&d=mm&r=g","contentUrl":"https:\/\/secure.gravatar.com\/avatar\/1d3fc949d550f0b53a5f0d51e06dfd79?s=96&d=mm&r=g","caption":"admin"},"url":"https:\/\/www.prijedordanas.com\/?author=1"}]}},"_links":{"self":[{"href":"https:\/\/www.prijedordanas.com\/index.php?rest_route=\/wp\/v2\/posts\/50833"}],"collection":[{"href":"https:\/\/www.prijedordanas.com\/index.php?rest_route=\/wp\/v2\/posts"}],"about":[{"href":"https:\/\/www.prijedordanas.com\/index.php?rest_route=\/wp\/v2\/types\/post"}],"author":[{"embeddable":true,"href":"https:\/\/www.prijedordanas.com\/index.php?rest_route=\/wp\/v2\/users\/1"}],"replies":[{"embeddable":true,"href":"https:\/\/www.prijedordanas.com\/index.php?rest_route=%2Fwp%2Fv2%2Fcomments&post=50833"}],"version-history":[{"count":5,"href":"https:\/\/www.prijedordanas.com\/index.php?rest_route=\/wp\/v2\/posts\/50833\/revisions"}],"predecessor-version":[{"id":50865,"href":"https:\/\/www.prijedordanas.com\/index.php?rest_route=\/wp\/v2\/posts\/50833\/revisions\/50865"}],"wp:attachment":[{"href":"https:\/\/www.prijedordanas.com\/index.php?rest_route=%2Fwp%2Fv2%2Fmedia&parent=50833"}],"wp:term":[{"taxonomy":"category","embeddable":true,"href":"https:\/\/www.prijedordanas.com\/index.php?rest_route=%2Fwp%2Fv2%2Fcategories&post=50833"},{"taxonomy":"post_tag","embeddable":true,"href":"https:\/\/www.prijedordanas.com\/index.php?rest_route=%2Fwp%2Fv2%2Ftags&post=50833"}],"curies":[{"name":"wp","href":"https:\/\/api.w.org\/{rel}","templated":true}]}}