{"id":50717,"date":"2016-05-19T21:44:10","date_gmt":"2016-05-19T19:44:10","guid":{"rendered":"https:\/\/www.prijedordanas.com\/?p=50717"},"modified":"2016-05-19T21:44:10","modified_gmt":"2016-05-19T19:44:10","slug":"rasvijetljeno-ubistvo-u-prijedoru-namamio-ga-da-dode-po-dug-pa-ga-ubio-iz-puske","status":"publish","type":"post","link":"https:\/\/www.prijedordanas.com\/?p=50717","title":{"rendered":"RASVIJETLJENO UBISTVO U PRIJEDORU: NAMAMIO GA DA DO\u0110E PO DUG, PA GA UBIO IZ PU\u0160KE"},"content":{"rendered":"<p><a href=\"https:\/\/www.prijedordanas.com\/wp-content\/uploads\/2016\/05\/nezavisne-vekic.jpg\" rel=\"attachment wp-att-50718\"><img loading=\"lazy\" decoding=\"async\" src=\"https:\/\/www.prijedordanas.com\/wp-content\/uploads\/2016\/05\/nezavisne-vekic-300x200.jpg\" alt=\"nezavisne-vekic\" width=\"300\" height=\"200\" class=\"alignleft size-medium wp-image-50718\" srcset=\"https:\/\/www.prijedordanas.com\/wp-content\/uploads\/2016\/05\/nezavisne-vekic-300x200.jpg 300w, https:\/\/www.prijedordanas.com\/wp-content\/uploads\/2016\/05\/nezavisne-vekic-480x320.jpg 480w, https:\/\/www.prijedordanas.com\/wp-content\/uploads\/2016\/05\/nezavisne-vekic.jpg 600w\" sizes=\"(max-width: 300px) 100vw, 300px\" \/><\/a>\u010cetiri dana nakon \u0161to je u zaseoku \u0160padi\u0107i na putu prema selu Donja Mari\u0107ka na podru\u010dju Prijedora ubijen Milan Maksimovi\u0107 (50), policija je uhapsila Radana Veki\u0107a (24) iz Jeli\u0107ke, kao glavnog osumnji\u010denog za ovo ubistvo. <\/p>\n<p>Ovu vijest, dodu\u0161e uz navo\u0111enje inicijala, ju\u010de su na vanrednoj konferenciji za medije saop\u0161tili iz Centra javne bezbjednosti (CJB) u Prijedoru, u kojem smatraju kako je ovaj slu\u010daj u potpunosti rasvijetljen. <\/p>\n<p>U \u0161iblju, desetak kilometara od mjesta ubistva, prona\u0111ena je pu\u0161ka M42 kojom je Veki\u0107 ubio Maksimovi\u0107a, a \u0161to je najbitnije od osumnji\u010denog su dobili priznanje, kao i motiv ubistva, a to su dugovi koje je imao prema ubijenom, koji su se iz dana u dan pove\u0107avali zbog velike kamate. <\/p>\n<p>Dalibor Ivani\u0107, na\u010delnik CJB Prijedor, rekao je kako je R.V. uhap\u0161en u utorak oko 21 \u010das, te kako je prikupljen dovoljan broj dokaza koji pokazuju kako je on egzekutor. <\/p>\n<p>&#8220;Mi smo imali saznanja da se M.M. bavio preprodajom vozila, ali prema izjavi osumnji\u010denog, postojala su odre\u0111ena nov\u010dana dugovanja, odnosno pozajmice novca uz kamatu&#8221;, rekao je on. <\/p>\n<p>Goran Karan, na\u010delnik za op\u0161ti kriminalitet u CJB Prijedor, kazao je da je utvr\u0111eno da je osumnji\u010deni dugovao novac \u017ertvi unazad dvije-tri godine i da je, prema izjavi osumnji\u010denog, u tom periodu izmirio oko 10.000 KM, ali da ukupan iznos posu\u0111enog novca i kamate, koja je trebalo da bude vra\u0107ena, nisu utvr\u0111eni. <\/p>\n<p>&#8220;Mi smo nesporno utvrdili da postoje nov\u010dana dugovanja, a po izjavi osumnji\u010denog rije\u010d je o zelena\u0161kim kamatama. Spornog dana osumnji\u010deni je navodno trebalo da izmiri \u017ertvi oko 3.500 KM, a kako nije imao novac, on je odlu\u010dio da po\u010dini ubistvo&#8221;, naveo je Karan. <\/p>\n<p>Na dan ubistva Veki\u0107 je oti\u0161ao u \u0160padi\u0107e, odakle je pozvao telefonom Maksimovi\u0107a da do\u0111e po dio novca, a kad je ovaj do\u0161ao, umjesto para dobio je dva metka. <\/p>\n<p>Podsje\u0107amo, ubistvo je policiji prijavljeno u subotu, 14. maja, oko 16 \u010dasova na lokalnom putu Petrov Gaj &#8211; Donja Mari\u0107ka, u zaseoku \u0160padi\u0107i, gdje je i prona\u0111eno tijelo ubijenog.<\/p>\n<p>Nezavisne novine<\/p>\n","protected":false},"excerpt":{"rendered":"<p>\u010cetiri dana nakon \u0161to je u zaseoku \u0160padi\u0107i na putu prema selu Donja Mari\u0107ka na podru\u010dju Prijedora ubijen Milan Maksimovi\u0107 (50), policija je uhapsila Radana Veki\u0107a (24) iz Jeli\u0107ke, kao [&hellip;]<\/p>\n","protected":false},"author":1,"featured_media":0,"comment_status":"closed","ping_status":"open","sticky":false,"template":"","format":"standard","meta":{"_monsterinsights_skip_tracking":false,"_monsterinsights_sitenote_active":false,"_monsterinsights_sitenote_note":"","_monsterinsights_sitenote_category":0,"footnotes":""},"categories":[5],"tags":[38,6860,7845,2667,7867,1002],"yoast_head":"<!-- This site is optimized with the Yoast SEO plugin v21.6 - https:\/\/yoast.com\/wordpress\/plugins\/seo\/ -->\n<title>RASVIJETLJENO UBISTVO U PRIJEDORU: NAMAMIO GA DA DO\u0110E PO DUG, PA GA UBIO IZ PU\u0160KE - PrijedorDanas.com - Prijedorski gradski portal<\/title>\n<meta name=\"robots\" content=\"index, follow, max-snippet:-1, max-image-preview:large, max-video-preview:-1\" \/>\n<link rel=\"canonical\" href=\"https:\/\/www.prijedordanas.com\/?p=50717\" \/>\n<meta property=\"og:locale\" content=\"en_US\" \/>\n<meta property=\"og:type\" content=\"article\" \/>\n<meta property=\"og:title\" content=\"RASVIJETLJENO UBISTVO U PRIJEDORU: NAMAMIO GA DA DO\u0110E PO DUG, PA GA UBIO IZ PU\u0160KE - PrijedorDanas.com - Prijedorski gradski portal\" \/>\n<meta property=\"og:description\" content=\"\u010cetiri dana nakon \u0161to je u zaseoku \u0160padi\u0107i na putu prema selu Donja Mari\u0107ka na podru\u010dju Prijedora ubijen Milan Maksimovi\u0107 (50), policija je uhapsila Radana Veki\u0107a (24) iz Jeli\u0107ke, kao [&hellip;]\" \/>\n<meta property=\"og:url\" content=\"https:\/\/www.prijedordanas.com\/?p=50717\" \/>\n<meta property=\"og:site_name\" content=\"PrijedorDanas.com - Prijedorski gradski portal\" \/>\n<meta property=\"article:publisher\" content=\"https:\/\/www.facebook.com\/PrijedorDanasCom\/\" \/>\n<meta property=\"article:published_time\" content=\"2016-05-19T19:44:10+00:00\" \/>\n<meta property=\"og:image\" content=\"https:\/\/www.prijedordanas.com\/wp-content\/uploads\/2016\/05\/nezavisne-vekic-300x200.jpg\" \/>\n<meta name=\"author\" content=\"admin\" \/>\n<meta name=\"twitter:card\" content=\"summary_large_image\" \/>\n<meta name=\"twitter:label1\" content=\"Written by\" \/>\n\t<meta name=\"twitter:data1\" content=\"admin\" \/>\n\t<meta name=\"twitter:label2\" content=\"Est. reading time\" \/>\n\t<meta name=\"twitter:data2\" content=\"2 minutes\" \/>\n<script type=\"application\/ld+json\" class=\"yoast-schema-graph\">{\"@context\":\"https:\/\/schema.org\",\"@graph\":[{\"@type\":\"Article\",\"@id\":\"https:\/\/www.prijedordanas.com\/?p=50717#article\",\"isPartOf\":{\"@id\":\"https:\/\/www.prijedordanas.com\/?p=50717\"},\"author\":{\"name\":\"admin\",\"@id\":\"https:\/\/www.prijedordanas.com\/#\/schema\/person\/4e08ccf29b506ca916ff86d46bb700e6\"},\"headline\":\"RASVIJETLJENO UBISTVO U PRIJEDORU: NAMAMIO GA DA DO\u0110E PO DUG, PA GA UBIO IZ PU\u0160KE\",\"datePublished\":\"2016-05-19T19:44:10+00:00\",\"dateModified\":\"2016-05-19T19:44:10+00:00\",\"mainEntityOfPage\":{\"@id\":\"https:\/\/www.prijedordanas.com\/?p=50717\"},\"wordCount\":382,\"publisher\":{\"@id\":\"https:\/\/www.prijedordanas.com\/#organization\"},\"keywords\":[\"CJB Prijedor\",\"dug\",\"Milan Maksimovi\u0107\",\"pu\u0161ka\",\"Radan Veki\u0107\",\"ubistvo\"],\"articleSection\":[\"Hronika\"],\"inLanguage\":\"en-US\"},{\"@type\":\"WebPage\",\"@id\":\"https:\/\/www.prijedordanas.com\/?p=50717\",\"url\":\"https:\/\/www.prijedordanas.com\/?p=50717\",\"name\":\"RASVIJETLJENO UBISTVO U PRIJEDORU: NAMAMIO GA DA DO\u0110E PO DUG, PA GA UBIO IZ PU\u0160KE - PrijedorDanas.com - Prijedorski gradski portal\",\"isPartOf\":{\"@id\":\"https:\/\/www.prijedordanas.com\/#website\"},\"datePublished\":\"2016-05-19T19:44:10+00:00\",\"dateModified\":\"2016-05-19T19:44:10+00:00\",\"breadcrumb\":{\"@id\":\"https:\/\/www.prijedordanas.com\/?p=50717#breadcrumb\"},\"inLanguage\":\"en-US\",\"potentialAction\":[{\"@type\":\"ReadAction\",\"target\":[\"https:\/\/www.prijedordanas.com\/?p=50717\"]}]},{\"@type\":\"BreadcrumbList\",\"@id\":\"https:\/\/www.prijedordanas.com\/?p=50717#breadcrumb\",\"itemListElement\":[{\"@type\":\"ListItem\",\"position\":1,\"name\":\"Home\",\"item\":\"https:\/\/www.prijedordanas.com\/\"},{\"@type\":\"ListItem\",\"position\":2,\"name\":\"RASVIJETLJENO UBISTVO U PRIJEDORU: NAMAMIO GA DA DO\u0110E PO DUG, PA GA UBIO IZ PU\u0160KE\"}]},{\"@type\":\"WebSite\",\"@id\":\"https:\/\/www.prijedordanas.com\/#website\",\"url\":\"https:\/\/www.prijedordanas.com\/\",\"name\":\"PrijedorDanas.com - Prijedorski gradski portal\",\"description\":\"Portal o doga\u0111anjima u gradu Prijedoru\",\"publisher\":{\"@id\":\"https:\/\/www.prijedordanas.com\/#organization\"},\"potentialAction\":[{\"@type\":\"SearchAction\",\"target\":{\"@type\":\"EntryPoint\",\"urlTemplate\":\"https:\/\/www.prijedordanas.com\/?s={search_term_string}\"},\"query-input\":\"required name=search_term_string\"}],\"inLanguage\":\"en-US\"},{\"@type\":\"Organization\",\"@id\":\"https:\/\/www.prijedordanas.com\/#organization\",\"name\":\"PrijedorDanas.com\",\"url\":\"https:\/\/www.prijedordanas.com\/\",\"logo\":{\"@type\":\"ImageObject\",\"inLanguage\":\"en-US\",\"@id\":\"https:\/\/www.prijedordanas.com\/#\/schema\/logo\/image\/\",\"url\":\"http:\/\/www.prijedordanas.com\/wp-content\/uploads\/2021\/12\/logopng.png\",\"contentUrl\":\"http:\/\/www.prijedordanas.com\/wp-content\/uploads\/2021\/12\/logopng.png\",\"width\":1019,\"height\":776,\"caption\":\"PrijedorDanas.com\"},\"image\":{\"@id\":\"https:\/\/www.prijedordanas.com\/#\/schema\/logo\/image\/\"},\"sameAs\":[\"https:\/\/www.facebook.com\/PrijedorDanasCom\/\"]},{\"@type\":\"Person\",\"@id\":\"https:\/\/www.prijedordanas.com\/#\/schema\/person\/4e08ccf29b506ca916ff86d46bb700e6\",\"name\":\"admin\",\"image\":{\"@type\":\"ImageObject\",\"inLanguage\":\"en-US\",\"@id\":\"https:\/\/www.prijedordanas.com\/#\/schema\/person\/image\/\",\"url\":\"https:\/\/secure.gravatar.com\/avatar\/1d3fc949d550f0b53a5f0d51e06dfd79?s=96&d=mm&r=g\",\"contentUrl\":\"https:\/\/secure.gravatar.com\/avatar\/1d3fc949d550f0b53a5f0d51e06dfd79?s=96&d=mm&r=g\",\"caption\":\"admin\"},\"url\":\"https:\/\/www.prijedordanas.com\/?author=1\"}]}<\/script>\n<!-- \/ Yoast SEO plugin. -->","yoast_head_json":{"title":"RASVIJETLJENO UBISTVO U PRIJEDORU: NAMAMIO GA DA DO\u0110E PO DUG, PA GA UBIO IZ PU\u0160KE - PrijedorDanas.com - Prijedorski gradski portal","robots":{"index":"index","follow":"follow","max-snippet":"max-snippet:-1","max-image-preview":"max-image-preview:large","max-video-preview":"max-video-preview:-1"},"canonical":"https:\/\/www.prijedordanas.com\/?p=50717","og_locale":"en_US","og_type":"article","og_title":"RASVIJETLJENO UBISTVO U PRIJEDORU: NAMAMIO GA DA DO\u0110E PO DUG, PA GA UBIO IZ PU\u0160KE - PrijedorDanas.com - Prijedorski gradski portal","og_description":"\u010cetiri dana nakon \u0161to je u zaseoku \u0160padi\u0107i na putu prema selu Donja Mari\u0107ka na podru\u010dju Prijedora ubijen Milan Maksimovi\u0107 (50), policija je uhapsila Radana Veki\u0107a (24) iz Jeli\u0107ke, kao [&hellip;]","og_url":"https:\/\/www.prijedordanas.com\/?p=50717","og_site_name":"PrijedorDanas.com - Prijedorski gradski portal","article_publisher":"https:\/\/www.facebook.com\/PrijedorDanasCom\/","article_published_time":"2016-05-19T19:44:10+00:00","og_image":[{"url":"https:\/\/www.prijedordanas.com\/wp-content\/uploads\/2016\/05\/nezavisne-vekic-300x200.jpg"}],"author":"admin","twitter_card":"summary_large_image","twitter_misc":{"Written by":"admin","Est. reading time":"2 minutes"},"schema":{"@context":"https:\/\/schema.org","@graph":[{"@type":"Article","@id":"https:\/\/www.prijedordanas.com\/?p=50717#article","isPartOf":{"@id":"https:\/\/www.prijedordanas.com\/?p=50717"},"author":{"name":"admin","@id":"https:\/\/www.prijedordanas.com\/#\/schema\/person\/4e08ccf29b506ca916ff86d46bb700e6"},"headline":"RASVIJETLJENO UBISTVO U PRIJEDORU: NAMAMIO GA DA DO\u0110E PO DUG, PA GA UBIO IZ PU\u0160KE","datePublished":"2016-05-19T19:44:10+00:00","dateModified":"2016-05-19T19:44:10+00:00","mainEntityOfPage":{"@id":"https:\/\/www.prijedordanas.com\/?p=50717"},"wordCount":382,"publisher":{"@id":"https:\/\/www.prijedordanas.com\/#organization"},"keywords":["CJB Prijedor","dug","Milan Maksimovi\u0107","pu\u0161ka","Radan Veki\u0107","ubistvo"],"articleSection":["Hronika"],"inLanguage":"en-US"},{"@type":"WebPage","@id":"https:\/\/www.prijedordanas.com\/?p=50717","url":"https:\/\/www.prijedordanas.com\/?p=50717","name":"RASVIJETLJENO UBISTVO U PRIJEDORU: NAMAMIO GA DA DO\u0110E PO DUG, PA GA UBIO IZ PU\u0160KE - PrijedorDanas.com - Prijedorski gradski portal","isPartOf":{"@id":"https:\/\/www.prijedordanas.com\/#website"},"datePublished":"2016-05-19T19:44:10+00:00","dateModified":"2016-05-19T19:44:10+00:00","breadcrumb":{"@id":"https:\/\/www.prijedordanas.com\/?p=50717#breadcrumb"},"inLanguage":"en-US","potentialAction":[{"@type":"ReadAction","target":["https:\/\/www.prijedordanas.com\/?p=50717"]}]},{"@type":"BreadcrumbList","@id":"https:\/\/www.prijedordanas.com\/?p=50717#breadcrumb","itemListElement":[{"@type":"ListItem","position":1,"name":"Home","item":"https:\/\/www.prijedordanas.com\/"},{"@type":"ListItem","position":2,"name":"RASVIJETLJENO UBISTVO U PRIJEDORU: NAMAMIO GA DA DO\u0110E PO DUG, PA GA UBIO IZ PU\u0160KE"}]},{"@type":"WebSite","@id":"https:\/\/www.prijedordanas.com\/#website","url":"https:\/\/www.prijedordanas.com\/","name":"PrijedorDanas.com - Prijedorski gradski portal","description":"Portal o doga\u0111anjima u gradu Prijedoru","publisher":{"@id":"https:\/\/www.prijedordanas.com\/#organization"},"potentialAction":[{"@type":"SearchAction","target":{"@type":"EntryPoint","urlTemplate":"https:\/\/www.prijedordanas.com\/?s={search_term_string}"},"query-input":"required name=search_term_string"}],"inLanguage":"en-US"},{"@type":"Organization","@id":"https:\/\/www.prijedordanas.com\/#organization","name":"PrijedorDanas.com","url":"https:\/\/www.prijedordanas.com\/","logo":{"@type":"ImageObject","inLanguage":"en-US","@id":"https:\/\/www.prijedordanas.com\/#\/schema\/logo\/image\/","url":"http:\/\/www.prijedordanas.com\/wp-content\/uploads\/2021\/12\/logopng.png","contentUrl":"http:\/\/www.prijedordanas.com\/wp-content\/uploads\/2021\/12\/logopng.png","width":1019,"height":776,"caption":"PrijedorDanas.com"},"image":{"@id":"https:\/\/www.prijedordanas.com\/#\/schema\/logo\/image\/"},"sameAs":["https:\/\/www.facebook.com\/PrijedorDanasCom\/"]},{"@type":"Person","@id":"https:\/\/www.prijedordanas.com\/#\/schema\/person\/4e08ccf29b506ca916ff86d46bb700e6","name":"admin","image":{"@type":"ImageObject","inLanguage":"en-US","@id":"https:\/\/www.prijedordanas.com\/#\/schema\/person\/image\/","url":"https:\/\/secure.gravatar.com\/avatar\/1d3fc949d550f0b53a5f0d51e06dfd79?s=96&d=mm&r=g","contentUrl":"https:\/\/secure.gravatar.com\/avatar\/1d3fc949d550f0b53a5f0d51e06dfd79?s=96&d=mm&r=g","caption":"admin"},"url":"https:\/\/www.prijedordanas.com\/?author=1"}]}},"_links":{"self":[{"href":"https:\/\/www.prijedordanas.com\/index.php?rest_route=\/wp\/v2\/posts\/50717"}],"collection":[{"href":"https:\/\/www.prijedordanas.com\/index.php?rest_route=\/wp\/v2\/posts"}],"about":[{"href":"https:\/\/www.prijedordanas.com\/index.php?rest_route=\/wp\/v2\/types\/post"}],"author":[{"embeddable":true,"href":"https:\/\/www.prijedordanas.com\/index.php?rest_route=\/wp\/v2\/users\/1"}],"replies":[{"embeddable":true,"href":"https:\/\/www.prijedordanas.com\/index.php?rest_route=%2Fwp%2Fv2%2Fcomments&post=50717"}],"version-history":[{"count":1,"href":"https:\/\/www.prijedordanas.com\/index.php?rest_route=\/wp\/v2\/posts\/50717\/revisions"}],"predecessor-version":[{"id":50719,"href":"https:\/\/www.prijedordanas.com\/index.php?rest_route=\/wp\/v2\/posts\/50717\/revisions\/50719"}],"wp:attachment":[{"href":"https:\/\/www.prijedordanas.com\/index.php?rest_route=%2Fwp%2Fv2%2Fmedia&parent=50717"}],"wp:term":[{"taxonomy":"category","embeddable":true,"href":"https:\/\/www.prijedordanas.com\/index.php?rest_route=%2Fwp%2Fv2%2Fcategories&post=50717"},{"taxonomy":"post_tag","embeddable":true,"href":"https:\/\/www.prijedordanas.com\/index.php?rest_route=%2Fwp%2Fv2%2Ftags&post=50717"}],"curies":[{"name":"wp","href":"https:\/\/api.w.org\/{rel}","templated":true}]}}