{"id":50672,"date":"2016-05-19T13:40:54","date_gmt":"2016-05-19T11:40:54","guid":{"rendered":"https:\/\/www.prijedordanas.com\/?p=50672"},"modified":"2016-05-19T13:40:54","modified_gmt":"2016-05-19T11:40:54","slug":"prijedorski-srednjoskolci-predstavili-srpsku-na-takmicenju-u-robotici-foto","status":"publish","type":"post","link":"https:\/\/www.prijedordanas.com\/?p=50672","title":{"rendered":"PRIJEDORSKI SREDNJO\u0160KOLCI PREDSTAVILI SRPSKU NA TAKMI\u010cENJU U ROBOTICI &#8211; FOTO"},"content":{"rendered":"<p><a href=\"https:\/\/www.prijedordanas.com\/wp-content\/uploads\/2016\/05\/prijedorski-srednjoskolci-robotika-takmicenje-zajecar-1.jpg\" rel=\"attachment wp-att-50673\"><img loading=\"lazy\" decoding=\"async\" class=\"alignleft size-medium wp-image-50673\" src=\"https:\/\/www.prijedordanas.com\/wp-content\/uploads\/2016\/05\/prijedorski-srednjoskolci-robotika-takmicenje-zajecar-1-300x225.jpg\" alt=\"prijedorski srednjoskolci-robotika-takmicenje-zajecar (1)\" width=\"300\" height=\"225\" srcset=\"https:\/\/www.prijedordanas.com\/wp-content\/uploads\/2016\/05\/prijedorski-srednjoskolci-robotika-takmicenje-zajecar-1-300x225.jpg 300w, https:\/\/www.prijedordanas.com\/wp-content\/uploads\/2016\/05\/prijedorski-srednjoskolci-robotika-takmicenje-zajecar-1.jpg 600w\" sizes=\"(max-width: 300px) 100vw, 300px\" \/><\/a>Prijedorski srednjo\u0161kolci osvojili su peto mjesto na Republi\u010dkom takmi\u010denje tehni\u010dkih \u0161kola u programiranju robota u Srbiji na koje su pozvani jer je grad Prijedor jedini u Republici Srpskoj i BiH u kojem se prethodno odr\u017ealo takmi\u010denje u programiranju LEGO robota.<\/p>\n<p>Sa\u0161a Karali\u0107 iz Agencije za ekonomski razvoj grada Prijedora &#8220;Preda-PD&#8221; rekao je na koferenciji za novinare da je organizator takmi\u010denja u Srbiji pozvao profesore i u\u010denike iz Prijedora da u\u010destvuju u revijalnom dijelu ovog takmi\u010denja kao predstavnici Republike Srpske.<\/p>\n<p>&#8220;Agencija `Preda-PD` lani je, uz finansijku podr\u0161ku kompanije `Arselor Mital Prijedor`, prvi put organizovala pilot-takmi\u010denje srednjih \u0161kola u programiranju LEGO robota u kojem su u\u010destvovale Gimnazija `Sveti Sava`, Elektrotehni\u010dka \u0161kola i Ma\u0161inska \u0161kola&#8221;, podsjetio je Karali\u0107.<\/p>\n<p><a href=\"https:\/\/www.prijedordanas.com\/wp-content\/uploads\/2016\/05\/srna-uspjesi-prijedorskih-srednjoskolaca-robotika-1.jpg\" rel=\"attachment wp-att-50674\"><img loading=\"lazy\" decoding=\"async\" class=\"alignleft size-medium wp-image-50674\" src=\"https:\/\/www.prijedordanas.com\/wp-content\/uploads\/2016\/05\/srna-uspjesi-prijedorskih-srednjoskolaca-robotika-1-300x201.jpg\" alt=\"srna-uspjesi prijedorskih srednjoskolaca-robotika (1)\" width=\"300\" height=\"201\" srcset=\"https:\/\/www.prijedordanas.com\/wp-content\/uploads\/2016\/05\/srna-uspjesi-prijedorskih-srednjoskolaca-robotika-1-300x200.jpg 300w, https:\/\/www.prijedordanas.com\/wp-content\/uploads\/2016\/05\/srna-uspjesi-prijedorskih-srednjoskolaca-robotika-1-480x320.jpg 480w, https:\/\/www.prijedordanas.com\/wp-content\/uploads\/2016\/05\/srna-uspjesi-prijedorskih-srednjoskolaca-robotika-1.jpg 600w\" sizes=\"(max-width: 300px) 100vw, 300px\" \/><\/a>On je pojasnio da su u\u010denici iz Prijedora u\u010destvovali u revijalnom dijelu, kao i u\u010denici iz Bugarske, a da im je bodovnim sistemom odre\u0111en plasman.<\/p>\n<p>&#8220;Na\u0161i u\u010denici pokazali su zavidan nivo znanja, kada se uzme u obzir konkurencija i \u010dinjenica da su sve ekipe iz Srbije pro\u0161le \u0161kolska, op\u0161tinska i regionalna takmi\u010denja da bi obezbijedila u\u010de\u0161\u0107e na republi\u010dkom takmi\u010denju&#8221;, pojasnio je Karali\u0107.<\/p>\n<p>Prema njegovim rije\u010dima, &#8220;PREDA-PD&#8221; je uz podr\u0161ku grada omogu\u0107ila odlazak u\u010denika i profesora na ovo takmi\u010denje, kao i predstavnika Ministarstva prosvjete i kulture Republike Srpske.<\/p>\n<p>Karali\u0107 je najavio da se za ovu godinu planira nastavak takmi\u010denja uvo\u0111enjem novih zadataka i problema koje LEGO roboti treba da rije\u0161e, \u010dime \u0107e se samo takmi\u010denje podi\u0107i na jo\u0161 vi\u0161i nivo.<\/p>\n<p><a href=\"https:\/\/www.prijedordanas.com\/wp-content\/uploads\/2016\/05\/srna-uspjesi-prijedorskih-srednjoskolaca-robotika-2.jpg\" rel=\"attachment wp-att-50675\"><img loading=\"lazy\" decoding=\"async\" class=\"alignleft size-medium wp-image-50675\" src=\"https:\/\/www.prijedordanas.com\/wp-content\/uploads\/2016\/05\/srna-uspjesi-prijedorskih-srednjoskolaca-robotika-2-300x201.jpg\" alt=\"srna-uspjesi prijedorskih srednjoskolaca-robotika (2)\" width=\"300\" height=\"201\" srcset=\"https:\/\/www.prijedordanas.com\/wp-content\/uploads\/2016\/05\/srna-uspjesi-prijedorskih-srednjoskolaca-robotika-2-300x200.jpg 300w, https:\/\/www.prijedordanas.com\/wp-content\/uploads\/2016\/05\/srna-uspjesi-prijedorskih-srednjoskolaca-robotika-2-480x320.jpg 480w, https:\/\/www.prijedordanas.com\/wp-content\/uploads\/2016\/05\/srna-uspjesi-prijedorskih-srednjoskolaca-robotika-2.jpg 600w\" sizes=\"(max-width: 300px) 100vw, 300px\" \/><\/a>Pomo\u0107nik direktora Ma\u0161inske \u0161kole Prijedor Svetlana \u010ceko rekla je da su prijedorski \u0111aci zauzelo peto mjesto u konkurenciji 15 ekipa.<\/p>\n<p>&#8220;U\u010destvovali smo i na prate\u0107im okruglim stolovima u organizaciji Ministarstva prosvete, nauke i tehnolo\u0161kog razvoja Srbije gdje smo razmijenili iskustva o reformama obrazovanja i o potrebi ve\u0107eg u\u010de\u0161\u0107a informacionih tehnologija i robotike u nastavnom procesu&#8221;, navela je \u010ceko.<\/p>\n<p>Tre\u0107e republi\u010dko takmi\u010denje u robotici iz programiranja LEGO robota Repubike Srbije odr\u017eano je u Zaje\u010daru pro\u0161le sedmice.<\/p>\n<p>SRNA<\/p>\n<p><a href=\"https:\/\/www.prijedordanas.com\/wp-content\/uploads\/2016\/05\/prijedorski-srednjoskolci-robotika-takmicenje-zajecar-2.jpg\" rel=\"attachment wp-att-50676\"><img loading=\"lazy\" decoding=\"async\" src=\"https:\/\/www.prijedordanas.com\/wp-content\/uploads\/2016\/05\/prijedorski-srednjoskolci-robotika-takmicenje-zajecar-2-300x225.jpg\" alt=\"prijedorski srednjoskolci-robotika-takmicenje-zajecar (2)\" width=\"300\" height=\"225\" class=\"alignleft size-medium wp-image-50676\" srcset=\"https:\/\/www.prijedordanas.com\/wp-content\/uploads\/2016\/05\/prijedorski-srednjoskolci-robotika-takmicenje-zajecar-2-300x225.jpg 300w, https:\/\/www.prijedordanas.com\/wp-content\/uploads\/2016\/05\/prijedorski-srednjoskolci-robotika-takmicenje-zajecar-2.jpg 600w\" sizes=\"(max-width: 300px) 100vw, 300px\" \/><\/a> <a href=\"https:\/\/www.prijedordanas.com\/wp-content\/uploads\/2016\/05\/prijedorski-srednjoskolci-robotika-takmicenje-zajecar-3.jpg\" rel=\"attachment wp-att-50677\"><img loading=\"lazy\" decoding=\"async\" src=\"https:\/\/www.prijedordanas.com\/wp-content\/uploads\/2016\/05\/prijedorski-srednjoskolci-robotika-takmicenje-zajecar-3-300x225.jpg\" alt=\"prijedorski srednjoskolci-robotika-takmicenje-zajecar (3)\" width=\"300\" height=\"225\" class=\"alignleft size-medium wp-image-50677\" srcset=\"https:\/\/www.prijedordanas.com\/wp-content\/uploads\/2016\/05\/prijedorski-srednjoskolci-robotika-takmicenje-zajecar-3-300x225.jpg 300w, https:\/\/www.prijedordanas.com\/wp-content\/uploads\/2016\/05\/prijedorski-srednjoskolci-robotika-takmicenje-zajecar-3.jpg 600w\" sizes=\"(max-width: 300px) 100vw, 300px\" \/><\/a> <a href=\"https:\/\/www.prijedordanas.com\/wp-content\/uploads\/2016\/05\/prijedorski-srednjoskolci-robotika-takmicenje-zajecar-4.jpg\" rel=\"attachment wp-att-50678\"><img loading=\"lazy\" decoding=\"async\" src=\"https:\/\/www.prijedordanas.com\/wp-content\/uploads\/2016\/05\/prijedorski-srednjoskolci-robotika-takmicenje-zajecar-4-300x225.jpg\" alt=\"prijedorski srednjoskolci-robotika-takmicenje-zajecar (4)\" width=\"300\" height=\"225\" class=\"alignleft size-medium wp-image-50678\" srcset=\"https:\/\/www.prijedordanas.com\/wp-content\/uploads\/2016\/05\/prijedorski-srednjoskolci-robotika-takmicenje-zajecar-4-300x225.jpg 300w, https:\/\/www.prijedordanas.com\/wp-content\/uploads\/2016\/05\/prijedorski-srednjoskolci-robotika-takmicenje-zajecar-4.jpg 600w\" sizes=\"(max-width: 300px) 100vw, 300px\" \/><\/a><\/p>\n","protected":false},"excerpt":{"rendered":"<p>Prijedorski srednjo\u0161kolci osvojili su peto mjesto na Republi\u010dkom takmi\u010denje tehni\u010dkih \u0161kola u programiranju robota u Srbiji na koje su pozvani jer je grad Prijedor jedini u Republici Srpskoj i BiH [&hellip;]<\/p>\n","protected":false},"author":1,"featured_media":0,"comment_status":"closed","ping_status":"open","sticky":false,"template":"","format":"standard","meta":{"_monsterinsights_skip_tracking":false,"_monsterinsights_sitenote_active":false,"_monsterinsights_sitenote_note":"","_monsterinsights_sitenote_category":0,"footnotes":""},"categories":[7518],"tags":[191,7875,280,1116],"yoast_head":"<!-- This site is optimized with the Yoast SEO plugin v21.6 - https:\/\/yoast.com\/wordpress\/plugins\/seo\/ -->\n<title>PRIJEDORSKI SREDNJO\u0160KOLCI PREDSTAVILI SRPSKU NA TAKMI\u010cENJU U ROBOTICI - FOTO - PrijedorDanas.com - Prijedorski gradski portal<\/title>\n<meta name=\"robots\" content=\"index, follow, max-snippet:-1, max-image-preview:large, max-video-preview:-1\" \/>\n<link rel=\"canonical\" href=\"https:\/\/www.prijedordanas.com\/?p=50672\" \/>\n<meta property=\"og:locale\" content=\"en_US\" \/>\n<meta property=\"og:type\" content=\"article\" \/>\n<meta property=\"og:title\" content=\"PRIJEDORSKI SREDNJO\u0160KOLCI PREDSTAVILI SRPSKU NA TAKMI\u010cENJU U ROBOTICI - FOTO - PrijedorDanas.com - Prijedorski gradski portal\" \/>\n<meta property=\"og:description\" content=\"Prijedorski srednjo\u0161kolci osvojili su peto mjesto na Republi\u010dkom takmi\u010denje tehni\u010dkih \u0161kola u programiranju robota u Srbiji na koje su pozvani jer je grad Prijedor jedini u Republici Srpskoj i BiH [&hellip;]\" \/>\n<meta property=\"og:url\" content=\"https:\/\/www.prijedordanas.com\/?p=50672\" \/>\n<meta property=\"og:site_name\" content=\"PrijedorDanas.com - Prijedorski gradski portal\" \/>\n<meta property=\"article:publisher\" content=\"https:\/\/www.facebook.com\/PrijedorDanasCom\/\" \/>\n<meta property=\"article:published_time\" content=\"2016-05-19T11:40:54+00:00\" \/>\n<meta property=\"og:image\" content=\"https:\/\/www.prijedordanas.com\/wp-content\/uploads\/2016\/05\/prijedorski-srednjoskolci-robotika-takmicenje-zajecar-1-300x225.jpg\" \/>\n<meta name=\"author\" content=\"admin\" \/>\n<meta name=\"twitter:card\" content=\"summary_large_image\" \/>\n<meta name=\"twitter:label1\" content=\"Written by\" \/>\n\t<meta name=\"twitter:data1\" content=\"admin\" \/>\n\t<meta name=\"twitter:label2\" content=\"Est. reading time\" \/>\n\t<meta name=\"twitter:data2\" content=\"2 minutes\" \/>\n<script type=\"application\/ld+json\" class=\"yoast-schema-graph\">{\"@context\":\"https:\/\/schema.org\",\"@graph\":[{\"@type\":\"Article\",\"@id\":\"https:\/\/www.prijedordanas.com\/?p=50672#article\",\"isPartOf\":{\"@id\":\"https:\/\/www.prijedordanas.com\/?p=50672\"},\"author\":{\"name\":\"admin\",\"@id\":\"https:\/\/www.prijedordanas.com\/#\/schema\/person\/4e08ccf29b506ca916ff86d46bb700e6\"},\"headline\":\"PRIJEDORSKI SREDNJO\u0160KOLCI PREDSTAVILI SRPSKU NA TAKMI\u010cENJU U ROBOTICI &#8211; FOTO\",\"datePublished\":\"2016-05-19T11:40:54+00:00\",\"dateModified\":\"2016-05-19T11:40:54+00:00\",\"mainEntityOfPage\":{\"@id\":\"https:\/\/www.prijedordanas.com\/?p=50672\"},\"wordCount\":375,\"publisher\":{\"@id\":\"https:\/\/www.prijedordanas.com\/#organization\"},\"keywords\":[\"Preda-PD\",\"robotika\",\"srednjo\u0161kolci\",\"takmi\u010denje\"],\"articleSection\":[\"Mladi\"],\"inLanguage\":\"en-US\"},{\"@type\":\"WebPage\",\"@id\":\"https:\/\/www.prijedordanas.com\/?p=50672\",\"url\":\"https:\/\/www.prijedordanas.com\/?p=50672\",\"name\":\"PRIJEDORSKI SREDNJO\u0160KOLCI PREDSTAVILI SRPSKU NA TAKMI\u010cENJU U ROBOTICI - FOTO - PrijedorDanas.com - Prijedorski gradski portal\",\"isPartOf\":{\"@id\":\"https:\/\/www.prijedordanas.com\/#website\"},\"datePublished\":\"2016-05-19T11:40:54+00:00\",\"dateModified\":\"2016-05-19T11:40:54+00:00\",\"breadcrumb\":{\"@id\":\"https:\/\/www.prijedordanas.com\/?p=50672#breadcrumb\"},\"inLanguage\":\"en-US\",\"potentialAction\":[{\"@type\":\"ReadAction\",\"target\":[\"https:\/\/www.prijedordanas.com\/?p=50672\"]}]},{\"@type\":\"BreadcrumbList\",\"@id\":\"https:\/\/www.prijedordanas.com\/?p=50672#breadcrumb\",\"itemListElement\":[{\"@type\":\"ListItem\",\"position\":1,\"name\":\"Home\",\"item\":\"https:\/\/www.prijedordanas.com\/\"},{\"@type\":\"ListItem\",\"position\":2,\"name\":\"PRIJEDORSKI SREDNJO\u0160KOLCI PREDSTAVILI SRPSKU NA TAKMI\u010cENJU U ROBOTICI &#8211; FOTO\"}]},{\"@type\":\"WebSite\",\"@id\":\"https:\/\/www.prijedordanas.com\/#website\",\"url\":\"https:\/\/www.prijedordanas.com\/\",\"name\":\"PrijedorDanas.com - Prijedorski gradski portal\",\"description\":\"Portal o doga\u0111anjima u gradu Prijedoru\",\"publisher\":{\"@id\":\"https:\/\/www.prijedordanas.com\/#organization\"},\"potentialAction\":[{\"@type\":\"SearchAction\",\"target\":{\"@type\":\"EntryPoint\",\"urlTemplate\":\"https:\/\/www.prijedordanas.com\/?s={search_term_string}\"},\"query-input\":\"required name=search_term_string\"}],\"inLanguage\":\"en-US\"},{\"@type\":\"Organization\",\"@id\":\"https:\/\/www.prijedordanas.com\/#organization\",\"name\":\"PrijedorDanas.com\",\"url\":\"https:\/\/www.prijedordanas.com\/\",\"logo\":{\"@type\":\"ImageObject\",\"inLanguage\":\"en-US\",\"@id\":\"https:\/\/www.prijedordanas.com\/#\/schema\/logo\/image\/\",\"url\":\"http:\/\/www.prijedordanas.com\/wp-content\/uploads\/2021\/12\/logopng.png\",\"contentUrl\":\"http:\/\/www.prijedordanas.com\/wp-content\/uploads\/2021\/12\/logopng.png\",\"width\":1019,\"height\":776,\"caption\":\"PrijedorDanas.com\"},\"image\":{\"@id\":\"https:\/\/www.prijedordanas.com\/#\/schema\/logo\/image\/\"},\"sameAs\":[\"https:\/\/www.facebook.com\/PrijedorDanasCom\/\"]},{\"@type\":\"Person\",\"@id\":\"https:\/\/www.prijedordanas.com\/#\/schema\/person\/4e08ccf29b506ca916ff86d46bb700e6\",\"name\":\"admin\",\"image\":{\"@type\":\"ImageObject\",\"inLanguage\":\"en-US\",\"@id\":\"https:\/\/www.prijedordanas.com\/#\/schema\/person\/image\/\",\"url\":\"https:\/\/secure.gravatar.com\/avatar\/1d3fc949d550f0b53a5f0d51e06dfd79?s=96&d=mm&r=g\",\"contentUrl\":\"https:\/\/secure.gravatar.com\/avatar\/1d3fc949d550f0b53a5f0d51e06dfd79?s=96&d=mm&r=g\",\"caption\":\"admin\"},\"url\":\"https:\/\/www.prijedordanas.com\/?author=1\"}]}<\/script>\n<!-- \/ Yoast SEO plugin. -->","yoast_head_json":{"title":"PRIJEDORSKI SREDNJO\u0160KOLCI PREDSTAVILI SRPSKU NA TAKMI\u010cENJU U ROBOTICI - FOTO - PrijedorDanas.com - Prijedorski gradski portal","robots":{"index":"index","follow":"follow","max-snippet":"max-snippet:-1","max-image-preview":"max-image-preview:large","max-video-preview":"max-video-preview:-1"},"canonical":"https:\/\/www.prijedordanas.com\/?p=50672","og_locale":"en_US","og_type":"article","og_title":"PRIJEDORSKI SREDNJO\u0160KOLCI PREDSTAVILI SRPSKU NA TAKMI\u010cENJU U ROBOTICI - FOTO - PrijedorDanas.com - Prijedorski gradski portal","og_description":"Prijedorski srednjo\u0161kolci osvojili su peto mjesto na Republi\u010dkom takmi\u010denje tehni\u010dkih \u0161kola u programiranju robota u Srbiji na koje su pozvani jer je grad Prijedor jedini u Republici Srpskoj i BiH [&hellip;]","og_url":"https:\/\/www.prijedordanas.com\/?p=50672","og_site_name":"PrijedorDanas.com - Prijedorski gradski portal","article_publisher":"https:\/\/www.facebook.com\/PrijedorDanasCom\/","article_published_time":"2016-05-19T11:40:54+00:00","og_image":[{"url":"https:\/\/www.prijedordanas.com\/wp-content\/uploads\/2016\/05\/prijedorski-srednjoskolci-robotika-takmicenje-zajecar-1-300x225.jpg"}],"author":"admin","twitter_card":"summary_large_image","twitter_misc":{"Written by":"admin","Est. reading time":"2 minutes"},"schema":{"@context":"https:\/\/schema.org","@graph":[{"@type":"Article","@id":"https:\/\/www.prijedordanas.com\/?p=50672#article","isPartOf":{"@id":"https:\/\/www.prijedordanas.com\/?p=50672"},"author":{"name":"admin","@id":"https:\/\/www.prijedordanas.com\/#\/schema\/person\/4e08ccf29b506ca916ff86d46bb700e6"},"headline":"PRIJEDORSKI SREDNJO\u0160KOLCI PREDSTAVILI SRPSKU NA TAKMI\u010cENJU U ROBOTICI &#8211; FOTO","datePublished":"2016-05-19T11:40:54+00:00","dateModified":"2016-05-19T11:40:54+00:00","mainEntityOfPage":{"@id":"https:\/\/www.prijedordanas.com\/?p=50672"},"wordCount":375,"publisher":{"@id":"https:\/\/www.prijedordanas.com\/#organization"},"keywords":["Preda-PD","robotika","srednjo\u0161kolci","takmi\u010denje"],"articleSection":["Mladi"],"inLanguage":"en-US"},{"@type":"WebPage","@id":"https:\/\/www.prijedordanas.com\/?p=50672","url":"https:\/\/www.prijedordanas.com\/?p=50672","name":"PRIJEDORSKI SREDNJO\u0160KOLCI PREDSTAVILI SRPSKU NA TAKMI\u010cENJU U ROBOTICI - FOTO - PrijedorDanas.com - Prijedorski gradski portal","isPartOf":{"@id":"https:\/\/www.prijedordanas.com\/#website"},"datePublished":"2016-05-19T11:40:54+00:00","dateModified":"2016-05-19T11:40:54+00:00","breadcrumb":{"@id":"https:\/\/www.prijedordanas.com\/?p=50672#breadcrumb"},"inLanguage":"en-US","potentialAction":[{"@type":"ReadAction","target":["https:\/\/www.prijedordanas.com\/?p=50672"]}]},{"@type":"BreadcrumbList","@id":"https:\/\/www.prijedordanas.com\/?p=50672#breadcrumb","itemListElement":[{"@type":"ListItem","position":1,"name":"Home","item":"https:\/\/www.prijedordanas.com\/"},{"@type":"ListItem","position":2,"name":"PRIJEDORSKI SREDNJO\u0160KOLCI PREDSTAVILI SRPSKU NA TAKMI\u010cENJU U ROBOTICI &#8211; FOTO"}]},{"@type":"WebSite","@id":"https:\/\/www.prijedordanas.com\/#website","url":"https:\/\/www.prijedordanas.com\/","name":"PrijedorDanas.com - Prijedorski gradski portal","description":"Portal o doga\u0111anjima u gradu Prijedoru","publisher":{"@id":"https:\/\/www.prijedordanas.com\/#organization"},"potentialAction":[{"@type":"SearchAction","target":{"@type":"EntryPoint","urlTemplate":"https:\/\/www.prijedordanas.com\/?s={search_term_string}"},"query-input":"required name=search_term_string"}],"inLanguage":"en-US"},{"@type":"Organization","@id":"https:\/\/www.prijedordanas.com\/#organization","name":"PrijedorDanas.com","url":"https:\/\/www.prijedordanas.com\/","logo":{"@type":"ImageObject","inLanguage":"en-US","@id":"https:\/\/www.prijedordanas.com\/#\/schema\/logo\/image\/","url":"http:\/\/www.prijedordanas.com\/wp-content\/uploads\/2021\/12\/logopng.png","contentUrl":"http:\/\/www.prijedordanas.com\/wp-content\/uploads\/2021\/12\/logopng.png","width":1019,"height":776,"caption":"PrijedorDanas.com"},"image":{"@id":"https:\/\/www.prijedordanas.com\/#\/schema\/logo\/image\/"},"sameAs":["https:\/\/www.facebook.com\/PrijedorDanasCom\/"]},{"@type":"Person","@id":"https:\/\/www.prijedordanas.com\/#\/schema\/person\/4e08ccf29b506ca916ff86d46bb700e6","name":"admin","image":{"@type":"ImageObject","inLanguage":"en-US","@id":"https:\/\/www.prijedordanas.com\/#\/schema\/person\/image\/","url":"https:\/\/secure.gravatar.com\/avatar\/1d3fc949d550f0b53a5f0d51e06dfd79?s=96&d=mm&r=g","contentUrl":"https:\/\/secure.gravatar.com\/avatar\/1d3fc949d550f0b53a5f0d51e06dfd79?s=96&d=mm&r=g","caption":"admin"},"url":"https:\/\/www.prijedordanas.com\/?author=1"}]}},"_links":{"self":[{"href":"https:\/\/www.prijedordanas.com\/index.php?rest_route=\/wp\/v2\/posts\/50672"}],"collection":[{"href":"https:\/\/www.prijedordanas.com\/index.php?rest_route=\/wp\/v2\/posts"}],"about":[{"href":"https:\/\/www.prijedordanas.com\/index.php?rest_route=\/wp\/v2\/types\/post"}],"author":[{"embeddable":true,"href":"https:\/\/www.prijedordanas.com\/index.php?rest_route=\/wp\/v2\/users\/1"}],"replies":[{"embeddable":true,"href":"https:\/\/www.prijedordanas.com\/index.php?rest_route=%2Fwp%2Fv2%2Fcomments&post=50672"}],"version-history":[{"count":1,"href":"https:\/\/www.prijedordanas.com\/index.php?rest_route=\/wp\/v2\/posts\/50672\/revisions"}],"predecessor-version":[{"id":50679,"href":"https:\/\/www.prijedordanas.com\/index.php?rest_route=\/wp\/v2\/posts\/50672\/revisions\/50679"}],"wp:attachment":[{"href":"https:\/\/www.prijedordanas.com\/index.php?rest_route=%2Fwp%2Fv2%2Fmedia&parent=50672"}],"wp:term":[{"taxonomy":"category","embeddable":true,"href":"https:\/\/www.prijedordanas.com\/index.php?rest_route=%2Fwp%2Fv2%2Fcategories&post=50672"},{"taxonomy":"post_tag","embeddable":true,"href":"https:\/\/www.prijedordanas.com\/index.php?rest_route=%2Fwp%2Fv2%2Ftags&post=50672"}],"curies":[{"name":"wp","href":"https:\/\/api.w.org\/{rel}","templated":true}]}}