{"id":50667,"date":"2016-05-19T10:29:10","date_gmt":"2016-05-19T08:29:10","guid":{"rendered":"https:\/\/www.prijedordanas.com\/?p=50667"},"modified":"2016-05-19T10:29:10","modified_gmt":"2016-05-19T08:29:10","slug":"bosnjacka-djeca-u-rs-bojkotovace-nastavu-zbog-nepriznavanja-prava-na-bosanski-jezik-bojkot-u-prijedoru","status":"publish","type":"post","link":"https:\/\/www.prijedordanas.com\/?p=50667","title":{"rendered":"BO\u0160NJA\u010cKA DJECA U RS BOJKOTOVA\u0106E NASTAVU ZBOG NEPRIZNAVANJA PRAVA NA BOSANSKI JEZIK: BOJKOT I U PRIJEDORU?"},"content":{"rendered":"<p><a href=\"https:\/\/www.prijedordanas.com\/wp-content\/uploads\/2016\/05\/klix-bojkot-nastave-bosnjacka-djeca.jpg\" rel=\"attachment wp-att-50668\"><img loading=\"lazy\" decoding=\"async\" src=\"https:\/\/www.prijedordanas.com\/wp-content\/uploads\/2016\/05\/klix-bojkot-nastave-bosnjacka-djeca-300x225.jpg\" alt=\"klix-bojkot nastave bosnjacka djeca\" width=\"300\" height=\"225\" class=\"alignleft size-medium wp-image-50668\" srcset=\"https:\/\/www.prijedordanas.com\/wp-content\/uploads\/2016\/05\/klix-bojkot-nastave-bosnjacka-djeca-300x225.jpg 300w, https:\/\/www.prijedordanas.com\/wp-content\/uploads\/2016\/05\/klix-bojkot-nastave-bosnjacka-djeca.jpg 600w\" sizes=\"(max-width: 300px) 100vw, 300px\" \/><\/a>Potpredsjednik Republike Srpske (RS) Ramiz Salki\u0107 za Klix.ba je potvrdio da \u0107e bo\u0161nja\u010dka djeca u nekim mjestima u RS-u bojkotovati nastavu, jer im vlasti tog entiteta ne \u017eele priznati pravo na bosanski jezik. Tako \u0107e bo\u0161nja\u010dki u\u010denici u Janji bojkotovati nastavu.<\/p>\n<p>Bojkot nastave uslijedi\u0107e u Janji, u Zvorniku, okolini Prijedora i brojnim drugim mjestima zbog kontinuiranog negiranja i osporavanja vlasti u RS-u da priznaju pravo bo\u0161nja\u010dkim u\u010denicima na bosanski jezik.<\/p>\n<p>Iako je taj problem prisutan ve\u0107 du\u017ee vrijeme ni\u0161ta konkretno nije ura\u0111eno da bi se zaustavila diskriminacija bo\u0161nja\u010dke djece u RS-u. Nedavno je Pedago\u0161ki zavod RS-a donio instrukciju da se u\u010denicima 9. razreda prilikom vrednovanja na eksternoj maturi, a koji ne govore srpskim jezikom, u posebnu kolonu upi\u0161e naziv &#8220;bo\u0161nja\u010dki jezik&#8221;.<\/p>\n<p>&#8220;Diskriminacija bo\u0161nja\u010dke djece u RS-u traje ve\u0107 nekoliko godina, tako \u0161to je onemogu\u0107eno obrazovanje na bosanskom jeziku. Ja imam informacije da je u Janji veoma ozbiljna situacija, a roditelji djece su saglasni da uop\u0107e ne\u0107e prihvatiti dokumente na kojima ne bude pisalo &#8216;bosanski jezik&#8217;. Isti problemi postoje u Prijedoru, Bratuncu, Doboju i brojnim drugim mjestima&#8221;, isti\u010de Salki\u0107.<\/p>\n<p>Salki\u0107 navodi kako je zabrinut ignorantskim stavom OSCE-a, OHR-a i drugih me\u0111unarodnih isntitucija, jer samo one mogu &#8220;natjerati&#8221; nadle\u017ene u RS-u na po\u0161tivanje zakona.<\/p>\n<p>&#8220;Me\u0111unarodne organizacije imaju obavezu da \u0161tite djecu od diskriminacije. Nas vi\u0161e ne iznena\u0111uje ovo \u0161to rade vladaju\u0107e strukture u RS-u, jer diskriminacijom \u017eele natjerati Bo\u0161njake da se isele, ali nas iznena\u0111uje ignorantski stav OSCE-a i OHR-a. Mi \u010dinimo koliko mo\u017eemo, ali nemamo sagovornika u Vladi RS-a. Ovu situaciju mo\u017ee rije\u0161iti samo me\u0111unarodna zajednica, tako \u0161to \u0107e primorati predsjednika entiteta da zaustavi diskriminaciju&#8221;, isti\u010de Salki\u0107.<\/p>\n<p>Situacija je jo\u0161 slo\u017eenija s obzirom da se pribli\u017eava kraj \u0161kolske godine, pa je upitno da li \u0107e u\u010denici dobiti valjane diplome. Veliki broj bo\u0161nja\u010dke djece koji zavr\u0161avaju osnovnu \u0161kolu u RS-u srednje \u0161kole \u0107e upisivati u FBiH, ali je upitno na koji na\u010din to tretirati, jer \u0107e u\u010denici u svom svjedo\u010danstvu imati naziv predmeta (bo\u0161nja\u010dki jezik), koji ne postoji u FBiH.<\/p>\n<p>&#8220;Na\u0161e nacionalno pravo je pravo na bosanski jezik, jer smo se na popisu tako izjasnili, a \u0161to je i historijska \u010dinjenica. Vidjet \u0107emo kako \u0107e reagovati Ministarstvo prosvjete RS-a ali je evidentno da \u0107e u \u010detvrtak uslijediti bojkot nastave bo\u0161nja\u010dke djece u \u0161koli u Janji, a poslije toga i u drugim mjestima&#8221;, zaklju\u010dio je Salki\u0107.<\/p>\n<p>Klix.ba<\/p>\n","protected":false},"excerpt":{"rendered":"<p>Potpredsjednik Republike Srpske (RS) Ramiz Salki\u0107 za Klix.ba je potvrdio da \u0107e bo\u0161nja\u010dka djeca u nekim mjestima u RS-u bojkotovati nastavu, jer im vlasti tog entiteta ne \u017eele priznati pravo [&hellip;]<\/p>\n","protected":false},"author":1,"featured_media":0,"comment_status":"closed","ping_status":"open","sticky":false,"template":"","format":"standard","meta":{"_monsterinsights_skip_tracking":false,"_monsterinsights_sitenote_active":false,"_monsterinsights_sitenote_note":"","_monsterinsights_sitenote_category":0,"footnotes":""},"categories":[8],"tags":[7872,7873,2944,7874],"yoast_head":"<!-- This site is optimized with the Yoast SEO plugin v21.6 - https:\/\/yoast.com\/wordpress\/plugins\/seo\/ -->\n<title>BO\u0160NJA\u010cKA DJECA U RS BOJKOTOVA\u0106E NASTAVU ZBOG NEPRIZNAVANJA PRAVA NA BOSANSKI JEZIK: BOJKOT I U PRIJEDORU? - PrijedorDanas.com - Prijedorski gradski portal<\/title>\n<meta name=\"robots\" content=\"index, follow, max-snippet:-1, max-image-preview:large, max-video-preview:-1\" \/>\n<link rel=\"canonical\" href=\"https:\/\/www.prijedordanas.com\/?p=50667\" \/>\n<meta property=\"og:locale\" content=\"en_US\" \/>\n<meta property=\"og:type\" content=\"article\" \/>\n<meta property=\"og:title\" content=\"BO\u0160NJA\u010cKA DJECA U RS BOJKOTOVA\u0106E NASTAVU ZBOG NEPRIZNAVANJA PRAVA NA BOSANSKI JEZIK: BOJKOT I U PRIJEDORU? - PrijedorDanas.com - Prijedorski gradski portal\" \/>\n<meta property=\"og:description\" content=\"Potpredsjednik Republike Srpske (RS) Ramiz Salki\u0107 za Klix.ba je potvrdio da \u0107e bo\u0161nja\u010dka djeca u nekim mjestima u RS-u bojkotovati nastavu, jer im vlasti tog entiteta ne \u017eele priznati pravo [&hellip;]\" \/>\n<meta property=\"og:url\" content=\"https:\/\/www.prijedordanas.com\/?p=50667\" \/>\n<meta property=\"og:site_name\" content=\"PrijedorDanas.com - Prijedorski gradski portal\" \/>\n<meta property=\"article:publisher\" content=\"https:\/\/www.facebook.com\/PrijedorDanasCom\/\" \/>\n<meta property=\"article:published_time\" content=\"2016-05-19T08:29:10+00:00\" \/>\n<meta property=\"og:image\" content=\"https:\/\/www.prijedordanas.com\/wp-content\/uploads\/2016\/05\/klix-bojkot-nastave-bosnjacka-djeca-300x225.jpg\" \/>\n<meta name=\"author\" content=\"admin\" \/>\n<meta name=\"twitter:card\" content=\"summary_large_image\" \/>\n<meta name=\"twitter:label1\" content=\"Written by\" \/>\n\t<meta name=\"twitter:data1\" content=\"admin\" \/>\n\t<meta name=\"twitter:label2\" content=\"Est. reading time\" \/>\n\t<meta name=\"twitter:data2\" content=\"2 minutes\" \/>\n<script type=\"application\/ld+json\" class=\"yoast-schema-graph\">{\"@context\":\"https:\/\/schema.org\",\"@graph\":[{\"@type\":\"Article\",\"@id\":\"https:\/\/www.prijedordanas.com\/?p=50667#article\",\"isPartOf\":{\"@id\":\"https:\/\/www.prijedordanas.com\/?p=50667\"},\"author\":{\"name\":\"admin\",\"@id\":\"https:\/\/www.prijedordanas.com\/#\/schema\/person\/4e08ccf29b506ca916ff86d46bb700e6\"},\"headline\":\"BO\u0160NJA\u010cKA DJECA U RS BOJKOTOVA\u0106E NASTAVU ZBOG NEPRIZNAVANJA PRAVA NA BOSANSKI JEZIK: BOJKOT I U PRIJEDORU?\",\"datePublished\":\"2016-05-19T08:29:10+00:00\",\"dateModified\":\"2016-05-19T08:29:10+00:00\",\"mainEntityOfPage\":{\"@id\":\"https:\/\/www.prijedordanas.com\/?p=50667\"},\"wordCount\":458,\"publisher\":{\"@id\":\"https:\/\/www.prijedordanas.com\/#organization\"},\"keywords\":[\"bojkot\",\"bo\u0161nja\u010dki jezik\",\"nastava\",\"Ramiz Salki\u0107\"],\"articleSection\":[\"Svakodnevno\"],\"inLanguage\":\"en-US\"},{\"@type\":\"WebPage\",\"@id\":\"https:\/\/www.prijedordanas.com\/?p=50667\",\"url\":\"https:\/\/www.prijedordanas.com\/?p=50667\",\"name\":\"BO\u0160NJA\u010cKA DJECA U RS BOJKOTOVA\u0106E NASTAVU ZBOG NEPRIZNAVANJA PRAVA NA BOSANSKI JEZIK: BOJKOT I U PRIJEDORU? - PrijedorDanas.com - Prijedorski gradski portal\",\"isPartOf\":{\"@id\":\"https:\/\/www.prijedordanas.com\/#website\"},\"datePublished\":\"2016-05-19T08:29:10+00:00\",\"dateModified\":\"2016-05-19T08:29:10+00:00\",\"breadcrumb\":{\"@id\":\"https:\/\/www.prijedordanas.com\/?p=50667#breadcrumb\"},\"inLanguage\":\"en-US\",\"potentialAction\":[{\"@type\":\"ReadAction\",\"target\":[\"https:\/\/www.prijedordanas.com\/?p=50667\"]}]},{\"@type\":\"BreadcrumbList\",\"@id\":\"https:\/\/www.prijedordanas.com\/?p=50667#breadcrumb\",\"itemListElement\":[{\"@type\":\"ListItem\",\"position\":1,\"name\":\"Home\",\"item\":\"https:\/\/www.prijedordanas.com\/\"},{\"@type\":\"ListItem\",\"position\":2,\"name\":\"BO\u0160NJA\u010cKA DJECA U RS BOJKOTOVA\u0106E NASTAVU ZBOG NEPRIZNAVANJA PRAVA NA BOSANSKI JEZIK: BOJKOT I U PRIJEDORU?\"}]},{\"@type\":\"WebSite\",\"@id\":\"https:\/\/www.prijedordanas.com\/#website\",\"url\":\"https:\/\/www.prijedordanas.com\/\",\"name\":\"PrijedorDanas.com - Prijedorski gradski portal\",\"description\":\"Portal o doga\u0111anjima u gradu Prijedoru\",\"publisher\":{\"@id\":\"https:\/\/www.prijedordanas.com\/#organization\"},\"potentialAction\":[{\"@type\":\"SearchAction\",\"target\":{\"@type\":\"EntryPoint\",\"urlTemplate\":\"https:\/\/www.prijedordanas.com\/?s={search_term_string}\"},\"query-input\":\"required name=search_term_string\"}],\"inLanguage\":\"en-US\"},{\"@type\":\"Organization\",\"@id\":\"https:\/\/www.prijedordanas.com\/#organization\",\"name\":\"PrijedorDanas.com\",\"url\":\"https:\/\/www.prijedordanas.com\/\",\"logo\":{\"@type\":\"ImageObject\",\"inLanguage\":\"en-US\",\"@id\":\"https:\/\/www.prijedordanas.com\/#\/schema\/logo\/image\/\",\"url\":\"http:\/\/www.prijedordanas.com\/wp-content\/uploads\/2021\/12\/logopng.png\",\"contentUrl\":\"http:\/\/www.prijedordanas.com\/wp-content\/uploads\/2021\/12\/logopng.png\",\"width\":1019,\"height\":776,\"caption\":\"PrijedorDanas.com\"},\"image\":{\"@id\":\"https:\/\/www.prijedordanas.com\/#\/schema\/logo\/image\/\"},\"sameAs\":[\"https:\/\/www.facebook.com\/PrijedorDanasCom\/\"]},{\"@type\":\"Person\",\"@id\":\"https:\/\/www.prijedordanas.com\/#\/schema\/person\/4e08ccf29b506ca916ff86d46bb700e6\",\"name\":\"admin\",\"image\":{\"@type\":\"ImageObject\",\"inLanguage\":\"en-US\",\"@id\":\"https:\/\/www.prijedordanas.com\/#\/schema\/person\/image\/\",\"url\":\"https:\/\/secure.gravatar.com\/avatar\/1d3fc949d550f0b53a5f0d51e06dfd79?s=96&d=mm&r=g\",\"contentUrl\":\"https:\/\/secure.gravatar.com\/avatar\/1d3fc949d550f0b53a5f0d51e06dfd79?s=96&d=mm&r=g\",\"caption\":\"admin\"},\"url\":\"https:\/\/www.prijedordanas.com\/?author=1\"}]}<\/script>\n<!-- \/ Yoast SEO plugin. -->","yoast_head_json":{"title":"BO\u0160NJA\u010cKA DJECA U RS BOJKOTOVA\u0106E NASTAVU ZBOG NEPRIZNAVANJA PRAVA NA BOSANSKI JEZIK: BOJKOT I U PRIJEDORU? - PrijedorDanas.com - Prijedorski gradski portal","robots":{"index":"index","follow":"follow","max-snippet":"max-snippet:-1","max-image-preview":"max-image-preview:large","max-video-preview":"max-video-preview:-1"},"canonical":"https:\/\/www.prijedordanas.com\/?p=50667","og_locale":"en_US","og_type":"article","og_title":"BO\u0160NJA\u010cKA DJECA U RS BOJKOTOVA\u0106E NASTAVU ZBOG NEPRIZNAVANJA PRAVA NA BOSANSKI JEZIK: BOJKOT I U PRIJEDORU? - PrijedorDanas.com - Prijedorski gradski portal","og_description":"Potpredsjednik Republike Srpske (RS) Ramiz Salki\u0107 za Klix.ba je potvrdio da \u0107e bo\u0161nja\u010dka djeca u nekim mjestima u RS-u bojkotovati nastavu, jer im vlasti tog entiteta ne \u017eele priznati pravo [&hellip;]","og_url":"https:\/\/www.prijedordanas.com\/?p=50667","og_site_name":"PrijedorDanas.com - Prijedorski gradski portal","article_publisher":"https:\/\/www.facebook.com\/PrijedorDanasCom\/","article_published_time":"2016-05-19T08:29:10+00:00","og_image":[{"url":"https:\/\/www.prijedordanas.com\/wp-content\/uploads\/2016\/05\/klix-bojkot-nastave-bosnjacka-djeca-300x225.jpg"}],"author":"admin","twitter_card":"summary_large_image","twitter_misc":{"Written by":"admin","Est. reading time":"2 minutes"},"schema":{"@context":"https:\/\/schema.org","@graph":[{"@type":"Article","@id":"https:\/\/www.prijedordanas.com\/?p=50667#article","isPartOf":{"@id":"https:\/\/www.prijedordanas.com\/?p=50667"},"author":{"name":"admin","@id":"https:\/\/www.prijedordanas.com\/#\/schema\/person\/4e08ccf29b506ca916ff86d46bb700e6"},"headline":"BO\u0160NJA\u010cKA DJECA U RS BOJKOTOVA\u0106E NASTAVU ZBOG NEPRIZNAVANJA PRAVA NA BOSANSKI JEZIK: BOJKOT I U PRIJEDORU?","datePublished":"2016-05-19T08:29:10+00:00","dateModified":"2016-05-19T08:29:10+00:00","mainEntityOfPage":{"@id":"https:\/\/www.prijedordanas.com\/?p=50667"},"wordCount":458,"publisher":{"@id":"https:\/\/www.prijedordanas.com\/#organization"},"keywords":["bojkot","bo\u0161nja\u010dki jezik","nastava","Ramiz Salki\u0107"],"articleSection":["Svakodnevno"],"inLanguage":"en-US"},{"@type":"WebPage","@id":"https:\/\/www.prijedordanas.com\/?p=50667","url":"https:\/\/www.prijedordanas.com\/?p=50667","name":"BO\u0160NJA\u010cKA DJECA U RS BOJKOTOVA\u0106E NASTAVU ZBOG NEPRIZNAVANJA PRAVA NA BOSANSKI JEZIK: BOJKOT I U PRIJEDORU? - PrijedorDanas.com - Prijedorski gradski portal","isPartOf":{"@id":"https:\/\/www.prijedordanas.com\/#website"},"datePublished":"2016-05-19T08:29:10+00:00","dateModified":"2016-05-19T08:29:10+00:00","breadcrumb":{"@id":"https:\/\/www.prijedordanas.com\/?p=50667#breadcrumb"},"inLanguage":"en-US","potentialAction":[{"@type":"ReadAction","target":["https:\/\/www.prijedordanas.com\/?p=50667"]}]},{"@type":"BreadcrumbList","@id":"https:\/\/www.prijedordanas.com\/?p=50667#breadcrumb","itemListElement":[{"@type":"ListItem","position":1,"name":"Home","item":"https:\/\/www.prijedordanas.com\/"},{"@type":"ListItem","position":2,"name":"BO\u0160NJA\u010cKA DJECA U RS BOJKOTOVA\u0106E NASTAVU ZBOG NEPRIZNAVANJA PRAVA NA BOSANSKI JEZIK: BOJKOT I U PRIJEDORU?"}]},{"@type":"WebSite","@id":"https:\/\/www.prijedordanas.com\/#website","url":"https:\/\/www.prijedordanas.com\/","name":"PrijedorDanas.com - Prijedorski gradski portal","description":"Portal o doga\u0111anjima u gradu Prijedoru","publisher":{"@id":"https:\/\/www.prijedordanas.com\/#organization"},"potentialAction":[{"@type":"SearchAction","target":{"@type":"EntryPoint","urlTemplate":"https:\/\/www.prijedordanas.com\/?s={search_term_string}"},"query-input":"required name=search_term_string"}],"inLanguage":"en-US"},{"@type":"Organization","@id":"https:\/\/www.prijedordanas.com\/#organization","name":"PrijedorDanas.com","url":"https:\/\/www.prijedordanas.com\/","logo":{"@type":"ImageObject","inLanguage":"en-US","@id":"https:\/\/www.prijedordanas.com\/#\/schema\/logo\/image\/","url":"http:\/\/www.prijedordanas.com\/wp-content\/uploads\/2021\/12\/logopng.png","contentUrl":"http:\/\/www.prijedordanas.com\/wp-content\/uploads\/2021\/12\/logopng.png","width":1019,"height":776,"caption":"PrijedorDanas.com"},"image":{"@id":"https:\/\/www.prijedordanas.com\/#\/schema\/logo\/image\/"},"sameAs":["https:\/\/www.facebook.com\/PrijedorDanasCom\/"]},{"@type":"Person","@id":"https:\/\/www.prijedordanas.com\/#\/schema\/person\/4e08ccf29b506ca916ff86d46bb700e6","name":"admin","image":{"@type":"ImageObject","inLanguage":"en-US","@id":"https:\/\/www.prijedordanas.com\/#\/schema\/person\/image\/","url":"https:\/\/secure.gravatar.com\/avatar\/1d3fc949d550f0b53a5f0d51e06dfd79?s=96&d=mm&r=g","contentUrl":"https:\/\/secure.gravatar.com\/avatar\/1d3fc949d550f0b53a5f0d51e06dfd79?s=96&d=mm&r=g","caption":"admin"},"url":"https:\/\/www.prijedordanas.com\/?author=1"}]}},"_links":{"self":[{"href":"https:\/\/www.prijedordanas.com\/index.php?rest_route=\/wp\/v2\/posts\/50667"}],"collection":[{"href":"https:\/\/www.prijedordanas.com\/index.php?rest_route=\/wp\/v2\/posts"}],"about":[{"href":"https:\/\/www.prijedordanas.com\/index.php?rest_route=\/wp\/v2\/types\/post"}],"author":[{"embeddable":true,"href":"https:\/\/www.prijedordanas.com\/index.php?rest_route=\/wp\/v2\/users\/1"}],"replies":[{"embeddable":true,"href":"https:\/\/www.prijedordanas.com\/index.php?rest_route=%2Fwp%2Fv2%2Fcomments&post=50667"}],"version-history":[{"count":1,"href":"https:\/\/www.prijedordanas.com\/index.php?rest_route=\/wp\/v2\/posts\/50667\/revisions"}],"predecessor-version":[{"id":50669,"href":"https:\/\/www.prijedordanas.com\/index.php?rest_route=\/wp\/v2\/posts\/50667\/revisions\/50669"}],"wp:attachment":[{"href":"https:\/\/www.prijedordanas.com\/index.php?rest_route=%2Fwp%2Fv2%2Fmedia&parent=50667"}],"wp:term":[{"taxonomy":"category","embeddable":true,"href":"https:\/\/www.prijedordanas.com\/index.php?rest_route=%2Fwp%2Fv2%2Fcategories&post=50667"},{"taxonomy":"post_tag","embeddable":true,"href":"https:\/\/www.prijedordanas.com\/index.php?rest_route=%2Fwp%2Fv2%2Ftags&post=50667"}],"curies":[{"name":"wp","href":"https:\/\/api.w.org\/{rel}","templated":true}]}}