{"id":50491,"date":"2016-05-17T22:01:53","date_gmt":"2016-05-17T20:01:53","guid":{"rendered":"https:\/\/www.prijedordanas.com\/?p=50491"},"modified":"2016-05-17T23:29:32","modified_gmt":"2016-05-17T21:29:32","slug":"matursko-vece-gimnazije-sveti-sava-prijedor-foto-video","status":"publish","type":"post","link":"https:\/\/www.prijedordanas.com\/?p=50491","title":{"rendered":"MATURSKO VE\u010cE GIMNAZIJE \u201eSVETI SAVA\u201c PRIJEDOR \u2013 FOTO &#8211; VIDEO"},"content":{"rendered":"<p><a href=\"https:\/\/www.prijedordanas.com\/wp-content\/uploads\/2016\/05\/matursko-vece-gimnazija-sveti-sava-1.jpg\" rel=\"attachment wp-att-50493\"><img loading=\"lazy\" decoding=\"async\" class=\"alignleft size-medium wp-image-50493\" src=\"https:\/\/www.prijedordanas.com\/wp-content\/uploads\/2016\/05\/matursko-vece-gimnazija-sveti-sava-1-300x199.jpg\" alt=\"matursko vece-gimnazija sveti sava (1)\" width=\"300\" height=\"199\" srcset=\"https:\/\/www.prijedordanas.com\/wp-content\/uploads\/2016\/05\/matursko-vece-gimnazija-sveti-sava-1-300x200.jpg 300w, https:\/\/www.prijedordanas.com\/wp-content\/uploads\/2016\/05\/matursko-vece-gimnazija-sveti-sava-1-768x509.jpg 768w, https:\/\/www.prijedordanas.com\/wp-content\/uploads\/2016\/05\/matursko-vece-gimnazija-sveti-sava-1-480x320.jpg 480w, https:\/\/www.prijedordanas.com\/wp-content\/uploads\/2016\/05\/matursko-vece-gimnazija-sveti-sava-1.jpg 800w\" sizes=\"(max-width: 300px) 100vw, 300px\" \/><\/a>Ve\u010deras su u na\u0161em gradu po\u010dele ovogodi\u0161nje proslave srednjo\u0161kolskih maturskih ve\u010deri.<\/p>\n<p>Maturanti Gimnazije \u201eSveti Sava\u201c iz na\u0161eg grada i ove godine su \u201eprobili led\u201c.<\/p>\n<p>Za razliku od pro\u0161le godine kada je padala ki\u0161a i nije bilo maturske \u0161etnje, ovoga puta su vremenske prilike i\u0161le na ruku srednjo\u0161kolcima.<\/p>\n<p>Nakon brojnih \u010destitki i fotografisanja za uspomenu sa roditeljima, rodbinom i prijateljima, ispred zgrade Gimnazije \u201cSveti Sava\u201d, maturanti su pro\u0161etali glavnim ulicama na\u0161eg grada pra\u0107eni brojnim sugra\u0111anima, da bi svoje slavlje nastavili u hotelu \u201cPrijedor\u201d uz Remix Band.<\/p>\n<p>Svim maturantima prijedorskih srednjih \u0161kola internet portal www.PrijedorDanas.com upu\u0107uje iskrene \u010destitke sa \u017eeljom da uspje\u0161no nastave svoje \u0161kolovanje onima koji se za to odlu\u010de a ostalima \u017eelimo da \u0161to prije prona\u0111u posao i rade ono za \u0161ta su se \u0161kolovali.<\/p>\n<p>Vi\u0161e fotografija mo\u017eete pogledati <a href=\"https:\/\/www.facebook.com\/media\/set\/?set=a.501512190041948.1073741851.226087317584438&#038;type=3\" target=\"_blank\">OVDJE<\/a><\/p>\n<p>Tekst i foto \u2013 Aleksandar Drakuli\u0107 \u2013 <a href=\"www.prijedordanas.com\" target=\"_blank\">www.prijedordanas.com<\/a><\/p>\n<p><iframe loading=\"lazy\" width=\"500\" height=\"281\" src=\"https:\/\/www.youtube.com\/embed\/ji3OnzIqeYQ?feature=oembed\" frameborder=\"0\" allowfullscreen><\/iframe><\/p>\n<p><a href=\"https:\/\/www.prijedordanas.com\/wp-content\/uploads\/2016\/05\/matursko-vece-gimnazija-sveti-sava-2.jpg\" rel=\"attachment wp-att-50494\"><img loading=\"lazy\" decoding=\"async\" class=\"alignleft size-medium wp-image-50494\" src=\"https:\/\/www.prijedordanas.com\/wp-content\/uploads\/2016\/05\/matursko-vece-gimnazija-sveti-sava-2-300x199.jpg\" alt=\"matursko vece-gimnazija sveti sava (2)\" width=\"300\" height=\"199\" srcset=\"https:\/\/www.prijedordanas.com\/wp-content\/uploads\/2016\/05\/matursko-vece-gimnazija-sveti-sava-2-300x200.jpg 300w, https:\/\/www.prijedordanas.com\/wp-content\/uploads\/2016\/05\/matursko-vece-gimnazija-sveti-sava-2-768x509.jpg 768w, https:\/\/www.prijedordanas.com\/wp-content\/uploads\/2016\/05\/matursko-vece-gimnazija-sveti-sava-2-480x320.jpg 480w, https:\/\/www.prijedordanas.com\/wp-content\/uploads\/2016\/05\/matursko-vece-gimnazija-sveti-sava-2.jpg 800w\" sizes=\"(max-width: 300px) 100vw, 300px\" \/><\/a> <a href=\"https:\/\/www.prijedordanas.com\/wp-content\/uploads\/2016\/05\/matursko-vece-gimnazija-sveti-sava-3.jpg\" rel=\"attachment wp-att-50495\"><img loading=\"lazy\" decoding=\"async\" class=\"alignleft size-medium wp-image-50495\" src=\"https:\/\/www.prijedordanas.com\/wp-content\/uploads\/2016\/05\/matursko-vece-gimnazija-sveti-sava-3-300x199.jpg\" alt=\"matursko vece-gimnazija sveti sava (3)\" width=\"300\" height=\"199\" srcset=\"https:\/\/www.prijedordanas.com\/wp-content\/uploads\/2016\/05\/matursko-vece-gimnazija-sveti-sava-3-300x200.jpg 300w, https:\/\/www.prijedordanas.com\/wp-content\/uploads\/2016\/05\/matursko-vece-gimnazija-sveti-sava-3-768x509.jpg 768w, https:\/\/www.prijedordanas.com\/wp-content\/uploads\/2016\/05\/matursko-vece-gimnazija-sveti-sava-3-480x320.jpg 480w, https:\/\/www.prijedordanas.com\/wp-content\/uploads\/2016\/05\/matursko-vece-gimnazija-sveti-sava-3.jpg 800w\" sizes=\"(max-width: 300px) 100vw, 300px\" \/><\/a> <a href=\"https:\/\/www.prijedordanas.com\/wp-content\/uploads\/2016\/05\/matursko-vece-gimnazija-sveti-sava-4.jpg\" rel=\"attachment wp-att-50496\"><img loading=\"lazy\" decoding=\"async\" class=\"alignleft size-medium wp-image-50496\" src=\"https:\/\/www.prijedordanas.com\/wp-content\/uploads\/2016\/05\/matursko-vece-gimnazija-sveti-sava-4-300x199.jpg\" alt=\"matursko vece-gimnazija sveti sava (4)\" width=\"300\" height=\"199\" srcset=\"https:\/\/www.prijedordanas.com\/wp-content\/uploads\/2016\/05\/matursko-vece-gimnazija-sveti-sava-4-300x200.jpg 300w, https:\/\/www.prijedordanas.com\/wp-content\/uploads\/2016\/05\/matursko-vece-gimnazija-sveti-sava-4-768x509.jpg 768w, https:\/\/www.prijedordanas.com\/wp-content\/uploads\/2016\/05\/matursko-vece-gimnazija-sveti-sava-4-480x320.jpg 480w, https:\/\/www.prijedordanas.com\/wp-content\/uploads\/2016\/05\/matursko-vece-gimnazija-sveti-sava-4.jpg 800w\" sizes=\"(max-width: 300px) 100vw, 300px\" \/><\/a> <a href=\"https:\/\/www.prijedordanas.com\/wp-content\/uploads\/2016\/05\/matursko-vece-gimnazija-sveti-sava-5.jpg\" rel=\"attachment wp-att-50497\"><img loading=\"lazy\" decoding=\"async\" class=\"alignleft size-medium wp-image-50497\" src=\"https:\/\/www.prijedordanas.com\/wp-content\/uploads\/2016\/05\/matursko-vece-gimnazija-sveti-sava-5-300x199.jpg\" alt=\"matursko vece-gimnazija sveti sava (5)\" width=\"300\" height=\"199\" srcset=\"https:\/\/www.prijedordanas.com\/wp-content\/uploads\/2016\/05\/matursko-vece-gimnazija-sveti-sava-5-300x200.jpg 300w, https:\/\/www.prijedordanas.com\/wp-content\/uploads\/2016\/05\/matursko-vece-gimnazija-sveti-sava-5-768x509.jpg 768w, https:\/\/www.prijedordanas.com\/wp-content\/uploads\/2016\/05\/matursko-vece-gimnazija-sveti-sava-5-480x320.jpg 480w, https:\/\/www.prijedordanas.com\/wp-content\/uploads\/2016\/05\/matursko-vece-gimnazija-sveti-sava-5.jpg 800w\" sizes=\"(max-width: 300px) 100vw, 300px\" \/><\/a> <a href=\"https:\/\/www.prijedordanas.com\/wp-content\/uploads\/2016\/05\/matursko-vece-gimnazija-sveti-sava-6.jpg\" rel=\"attachment wp-att-50498\"><img loading=\"lazy\" decoding=\"async\" class=\"alignleft size-medium wp-image-50498\" src=\"https:\/\/www.prijedordanas.com\/wp-content\/uploads\/2016\/05\/matursko-vece-gimnazija-sveti-sava-6-300x199.jpg\" alt=\"matursko vece-gimnazija sveti sava (6)\" width=\"300\" height=\"199\" srcset=\"https:\/\/www.prijedordanas.com\/wp-content\/uploads\/2016\/05\/matursko-vece-gimnazija-sveti-sava-6-300x200.jpg 300w, https:\/\/www.prijedordanas.com\/wp-content\/uploads\/2016\/05\/matursko-vece-gimnazija-sveti-sava-6-768x509.jpg 768w, https:\/\/www.prijedordanas.com\/wp-content\/uploads\/2016\/05\/matursko-vece-gimnazija-sveti-sava-6-480x320.jpg 480w, https:\/\/www.prijedordanas.com\/wp-content\/uploads\/2016\/05\/matursko-vece-gimnazija-sveti-sava-6.jpg 800w\" sizes=\"(max-width: 300px) 100vw, 300px\" \/><\/a> <a href=\"https:\/\/www.prijedordanas.com\/wp-content\/uploads\/2016\/05\/matursko-vece-gimnazija-sveti-sava-7.jpg\" rel=\"attachment wp-att-50499\"><img loading=\"lazy\" decoding=\"async\" class=\"alignleft size-medium wp-image-50499\" src=\"https:\/\/www.prijedordanas.com\/wp-content\/uploads\/2016\/05\/matursko-vece-gimnazija-sveti-sava-7-300x199.jpg\" alt=\"matursko vece-gimnazija sveti sava (7)\" width=\"300\" height=\"199\" srcset=\"https:\/\/www.prijedordanas.com\/wp-content\/uploads\/2016\/05\/matursko-vece-gimnazija-sveti-sava-7-300x200.jpg 300w, https:\/\/www.prijedordanas.com\/wp-content\/uploads\/2016\/05\/matursko-vece-gimnazija-sveti-sava-7-768x509.jpg 768w, https:\/\/www.prijedordanas.com\/wp-content\/uploads\/2016\/05\/matursko-vece-gimnazija-sveti-sava-7-480x320.jpg 480w, https:\/\/www.prijedordanas.com\/wp-content\/uploads\/2016\/05\/matursko-vece-gimnazija-sveti-sava-7.jpg 800w\" sizes=\"(max-width: 300px) 100vw, 300px\" \/><\/a> <a href=\"https:\/\/www.prijedordanas.com\/wp-content\/uploads\/2016\/05\/matursko-vece-gimnazija-sveti-sava-8.jpg\" rel=\"attachment wp-att-50501\"><img loading=\"lazy\" decoding=\"async\" src=\"https:\/\/www.prijedordanas.com\/wp-content\/uploads\/2016\/05\/matursko-vece-gimnazija-sveti-sava-8-300x199.jpg\" alt=\"matursko vece-gimnazija sveti sava (8)\" width=\"300\" height=\"199\" class=\"alignleft size-medium wp-image-50501\" srcset=\"https:\/\/www.prijedordanas.com\/wp-content\/uploads\/2016\/05\/matursko-vece-gimnazija-sveti-sava-8-300x200.jpg 300w, https:\/\/www.prijedordanas.com\/wp-content\/uploads\/2016\/05\/matursko-vece-gimnazija-sveti-sava-8-768x509.jpg 768w, https:\/\/www.prijedordanas.com\/wp-content\/uploads\/2016\/05\/matursko-vece-gimnazija-sveti-sava-8-480x320.jpg 480w, https:\/\/www.prijedordanas.com\/wp-content\/uploads\/2016\/05\/matursko-vece-gimnazija-sveti-sava-8.jpg 800w\" sizes=\"(max-width: 300px) 100vw, 300px\" \/><\/a> <a href=\"https:\/\/www.prijedordanas.com\/wp-content\/uploads\/2016\/05\/matursko-vece-gimnazija-sveti-sava-9.jpg\" rel=\"attachment wp-att-50502\"><img loading=\"lazy\" decoding=\"async\" src=\"https:\/\/www.prijedordanas.com\/wp-content\/uploads\/2016\/05\/matursko-vece-gimnazija-sveti-sava-9-300x199.jpg\" alt=\"matursko vece-gimnazija sveti sava (9)\" width=\"300\" height=\"199\" class=\"alignleft size-medium wp-image-50502\" srcset=\"https:\/\/www.prijedordanas.com\/wp-content\/uploads\/2016\/05\/matursko-vece-gimnazija-sveti-sava-9-300x200.jpg 300w, https:\/\/www.prijedordanas.com\/wp-content\/uploads\/2016\/05\/matursko-vece-gimnazija-sveti-sava-9-768x509.jpg 768w, https:\/\/www.prijedordanas.com\/wp-content\/uploads\/2016\/05\/matursko-vece-gimnazija-sveti-sava-9-480x320.jpg 480w, https:\/\/www.prijedordanas.com\/wp-content\/uploads\/2016\/05\/matursko-vece-gimnazija-sveti-sava-9.jpg 800w\" sizes=\"(max-width: 300px) 100vw, 300px\" \/><\/a> <a href=\"https:\/\/www.prijedordanas.com\/wp-content\/uploads\/2016\/05\/matursko-vece-gimnazija-sveti-sava-10.jpg\" rel=\"attachment wp-att-50503\"><img loading=\"lazy\" decoding=\"async\" src=\"https:\/\/www.prijedordanas.com\/wp-content\/uploads\/2016\/05\/matursko-vece-gimnazija-sveti-sava-10-300x199.jpg\" alt=\"matursko vece-gimnazija sveti sava (10)\" width=\"300\" height=\"199\" class=\"alignleft size-medium wp-image-50503\" srcset=\"https:\/\/www.prijedordanas.com\/wp-content\/uploads\/2016\/05\/matursko-vece-gimnazija-sveti-sava-10-300x200.jpg 300w, https:\/\/www.prijedordanas.com\/wp-content\/uploads\/2016\/05\/matursko-vece-gimnazija-sveti-sava-10-768x509.jpg 768w, https:\/\/www.prijedordanas.com\/wp-content\/uploads\/2016\/05\/matursko-vece-gimnazija-sveti-sava-10-480x320.jpg 480w, https:\/\/www.prijedordanas.com\/wp-content\/uploads\/2016\/05\/matursko-vece-gimnazija-sveti-sava-10.jpg 800w\" sizes=\"(max-width: 300px) 100vw, 300px\" \/><\/a> <a href=\"https:\/\/www.prijedordanas.com\/wp-content\/uploads\/2016\/05\/matursko-vece-gimnazija-sveti-sava-11.jpg\" rel=\"attachment wp-att-50505\"><img loading=\"lazy\" decoding=\"async\" src=\"https:\/\/www.prijedordanas.com\/wp-content\/uploads\/2016\/05\/matursko-vece-gimnazija-sveti-sava-11-300x199.jpg\" alt=\"matursko vece-gimnazija sveti sava (11)\" width=\"300\" height=\"199\" class=\"alignleft size-medium wp-image-50505\" srcset=\"https:\/\/www.prijedordanas.com\/wp-content\/uploads\/2016\/05\/matursko-vece-gimnazija-sveti-sava-11-300x200.jpg 300w, https:\/\/www.prijedordanas.com\/wp-content\/uploads\/2016\/05\/matursko-vece-gimnazija-sveti-sava-11-768x509.jpg 768w, https:\/\/www.prijedordanas.com\/wp-content\/uploads\/2016\/05\/matursko-vece-gimnazija-sveti-sava-11-480x320.jpg 480w, https:\/\/www.prijedordanas.com\/wp-content\/uploads\/2016\/05\/matursko-vece-gimnazija-sveti-sava-11.jpg 800w\" sizes=\"(max-width: 300px) 100vw, 300px\" \/><\/a> <a href=\"https:\/\/www.prijedordanas.com\/wp-content\/uploads\/2016\/05\/matursko-vece-gimnazija-sveti-sava-12.jpg\" rel=\"attachment wp-att-50506\"><img loading=\"lazy\" decoding=\"async\" src=\"https:\/\/www.prijedordanas.com\/wp-content\/uploads\/2016\/05\/matursko-vece-gimnazija-sveti-sava-12-300x199.jpg\" alt=\"matursko vece-gimnazija sveti sava (12)\" width=\"300\" height=\"199\" class=\"alignleft size-medium wp-image-50506\" srcset=\"https:\/\/www.prijedordanas.com\/wp-content\/uploads\/2016\/05\/matursko-vece-gimnazija-sveti-sava-12-300x200.jpg 300w, https:\/\/www.prijedordanas.com\/wp-content\/uploads\/2016\/05\/matursko-vece-gimnazija-sveti-sava-12-768x509.jpg 768w, https:\/\/www.prijedordanas.com\/wp-content\/uploads\/2016\/05\/matursko-vece-gimnazija-sveti-sava-12-480x320.jpg 480w, https:\/\/www.prijedordanas.com\/wp-content\/uploads\/2016\/05\/matursko-vece-gimnazija-sveti-sava-12.jpg 800w\" sizes=\"(max-width: 300px) 100vw, 300px\" \/><\/a><\/p>\n","protected":false},"excerpt":{"rendered":"<p>Ve\u010deras su u na\u0161em gradu po\u010dele ovogodi\u0161nje proslave srednjo\u0161kolskih maturskih ve\u010deri. Maturanti Gimnazije \u201eSveti Sava\u201c iz na\u0161eg grada i ove godine su \u201eprobili led\u201c. Za razliku od pro\u0161le godine kada [&hellip;]<\/p>\n","protected":false},"author":1,"featured_media":0,"comment_status":"closed","ping_status":"open","sticky":false,"template":"","format":"standard","meta":{"_monsterinsights_skip_tracking":false,"_monsterinsights_sitenote_active":false,"_monsterinsights_sitenote_note":"","_monsterinsights_sitenote_category":0,"footnotes":""},"categories":[4,7518],"tags":[2994,1392,3039],"yoast_head":"<!-- This site is optimized with the Yoast SEO plugin v21.6 - https:\/\/yoast.com\/wordpress\/plugins\/seo\/ -->\n<title>MATURSKO VE\u010cE GIMNAZIJE \u201eSVETI SAVA\u201c PRIJEDOR \u2013 FOTO - VIDEO - PrijedorDanas.com - Prijedorski gradski portal<\/title>\n<meta name=\"robots\" content=\"index, follow, max-snippet:-1, max-image-preview:large, max-video-preview:-1\" \/>\n<link rel=\"canonical\" href=\"https:\/\/www.prijedordanas.com\/?p=50491\" \/>\n<meta property=\"og:locale\" content=\"en_US\" \/>\n<meta property=\"og:type\" content=\"article\" \/>\n<meta property=\"og:title\" content=\"MATURSKO VE\u010cE GIMNAZIJE \u201eSVETI SAVA\u201c PRIJEDOR \u2013 FOTO - VIDEO - PrijedorDanas.com - Prijedorski gradski portal\" \/>\n<meta property=\"og:description\" content=\"Ve\u010deras su u na\u0161em gradu po\u010dele ovogodi\u0161nje proslave srednjo\u0161kolskih maturskih ve\u010deri. Maturanti Gimnazije \u201eSveti Sava\u201c iz na\u0161eg grada i ove godine su \u201eprobili led\u201c. Za razliku od pro\u0161le godine kada [&hellip;]\" \/>\n<meta property=\"og:url\" content=\"https:\/\/www.prijedordanas.com\/?p=50491\" \/>\n<meta property=\"og:site_name\" content=\"PrijedorDanas.com - Prijedorski gradski portal\" \/>\n<meta property=\"article:publisher\" content=\"https:\/\/www.facebook.com\/PrijedorDanasCom\/\" \/>\n<meta property=\"article:published_time\" content=\"2016-05-17T20:01:53+00:00\" \/>\n<meta property=\"article:modified_time\" content=\"2016-05-17T21:29:32+00:00\" \/>\n<meta property=\"og:image\" content=\"https:\/\/www.prijedordanas.com\/wp-content\/uploads\/2016\/05\/matursko-vece-gimnazija-sveti-sava-1-300x199.jpg\" \/>\n<meta name=\"author\" content=\"admin\" \/>\n<meta name=\"twitter:card\" content=\"summary_large_image\" \/>\n<meta name=\"twitter:label1\" content=\"Written by\" \/>\n\t<meta name=\"twitter:data1\" content=\"admin\" \/>\n\t<meta name=\"twitter:label2\" content=\"Est. reading time\" \/>\n\t<meta name=\"twitter:data2\" content=\"1 minute\" \/>\n<script type=\"application\/ld+json\" class=\"yoast-schema-graph\">{\"@context\":\"https:\/\/schema.org\",\"@graph\":[{\"@type\":\"Article\",\"@id\":\"https:\/\/www.prijedordanas.com\/?p=50491#article\",\"isPartOf\":{\"@id\":\"https:\/\/www.prijedordanas.com\/?p=50491\"},\"author\":{\"name\":\"admin\",\"@id\":\"https:\/\/www.prijedordanas.com\/#\/schema\/person\/4e08ccf29b506ca916ff86d46bb700e6\"},\"headline\":\"MATURSKO VE\u010cE GIMNAZIJE \u201eSVETI SAVA\u201c PRIJEDOR \u2013 FOTO &#8211; VIDEO\",\"datePublished\":\"2016-05-17T20:01:53+00:00\",\"dateModified\":\"2016-05-17T21:29:32+00:00\",\"mainEntityOfPage\":{\"@id\":\"https:\/\/www.prijedordanas.com\/?p=50491\"},\"wordCount\":176,\"publisher\":{\"@id\":\"https:\/\/www.prijedordanas.com\/#organization\"},\"keywords\":[\"Gimnazija Sveti Sava Prijedor\",\"matursko ve\u010de\",\"\u0161etnja\"],\"articleSection\":[\"Dru\u0161tvo\",\"Mladi\"],\"inLanguage\":\"en-US\"},{\"@type\":\"WebPage\",\"@id\":\"https:\/\/www.prijedordanas.com\/?p=50491\",\"url\":\"https:\/\/www.prijedordanas.com\/?p=50491\",\"name\":\"MATURSKO VE\u010cE GIMNAZIJE \u201eSVETI SAVA\u201c PRIJEDOR \u2013 FOTO - VIDEO - PrijedorDanas.com - Prijedorski gradski portal\",\"isPartOf\":{\"@id\":\"https:\/\/www.prijedordanas.com\/#website\"},\"datePublished\":\"2016-05-17T20:01:53+00:00\",\"dateModified\":\"2016-05-17T21:29:32+00:00\",\"breadcrumb\":{\"@id\":\"https:\/\/www.prijedordanas.com\/?p=50491#breadcrumb\"},\"inLanguage\":\"en-US\",\"potentialAction\":[{\"@type\":\"ReadAction\",\"target\":[\"https:\/\/www.prijedordanas.com\/?p=50491\"]}]},{\"@type\":\"BreadcrumbList\",\"@id\":\"https:\/\/www.prijedordanas.com\/?p=50491#breadcrumb\",\"itemListElement\":[{\"@type\":\"ListItem\",\"position\":1,\"name\":\"Home\",\"item\":\"https:\/\/www.prijedordanas.com\/\"},{\"@type\":\"ListItem\",\"position\":2,\"name\":\"MATURSKO VE\u010cE GIMNAZIJE \u201eSVETI SAVA\u201c PRIJEDOR \u2013 FOTO &#8211; VIDEO\"}]},{\"@type\":\"WebSite\",\"@id\":\"https:\/\/www.prijedordanas.com\/#website\",\"url\":\"https:\/\/www.prijedordanas.com\/\",\"name\":\"PrijedorDanas.com - Prijedorski gradski portal\",\"description\":\"Portal o doga\u0111anjima u gradu Prijedoru\",\"publisher\":{\"@id\":\"https:\/\/www.prijedordanas.com\/#organization\"},\"potentialAction\":[{\"@type\":\"SearchAction\",\"target\":{\"@type\":\"EntryPoint\",\"urlTemplate\":\"https:\/\/www.prijedordanas.com\/?s={search_term_string}\"},\"query-input\":\"required name=search_term_string\"}],\"inLanguage\":\"en-US\"},{\"@type\":\"Organization\",\"@id\":\"https:\/\/www.prijedordanas.com\/#organization\",\"name\":\"PrijedorDanas.com\",\"url\":\"https:\/\/www.prijedordanas.com\/\",\"logo\":{\"@type\":\"ImageObject\",\"inLanguage\":\"en-US\",\"@id\":\"https:\/\/www.prijedordanas.com\/#\/schema\/logo\/image\/\",\"url\":\"http:\/\/www.prijedordanas.com\/wp-content\/uploads\/2021\/12\/logopng.png\",\"contentUrl\":\"http:\/\/www.prijedordanas.com\/wp-content\/uploads\/2021\/12\/logopng.png\",\"width\":1019,\"height\":776,\"caption\":\"PrijedorDanas.com\"},\"image\":{\"@id\":\"https:\/\/www.prijedordanas.com\/#\/schema\/logo\/image\/\"},\"sameAs\":[\"https:\/\/www.facebook.com\/PrijedorDanasCom\/\"]},{\"@type\":\"Person\",\"@id\":\"https:\/\/www.prijedordanas.com\/#\/schema\/person\/4e08ccf29b506ca916ff86d46bb700e6\",\"name\":\"admin\",\"image\":{\"@type\":\"ImageObject\",\"inLanguage\":\"en-US\",\"@id\":\"https:\/\/www.prijedordanas.com\/#\/schema\/person\/image\/\",\"url\":\"https:\/\/secure.gravatar.com\/avatar\/1d3fc949d550f0b53a5f0d51e06dfd79?s=96&d=mm&r=g\",\"contentUrl\":\"https:\/\/secure.gravatar.com\/avatar\/1d3fc949d550f0b53a5f0d51e06dfd79?s=96&d=mm&r=g\",\"caption\":\"admin\"},\"url\":\"https:\/\/www.prijedordanas.com\/?author=1\"}]}<\/script>\n<!-- \/ Yoast SEO plugin. -->","yoast_head_json":{"title":"MATURSKO VE\u010cE GIMNAZIJE \u201eSVETI SAVA\u201c PRIJEDOR \u2013 FOTO - VIDEO - PrijedorDanas.com - Prijedorski gradski portal","robots":{"index":"index","follow":"follow","max-snippet":"max-snippet:-1","max-image-preview":"max-image-preview:large","max-video-preview":"max-video-preview:-1"},"canonical":"https:\/\/www.prijedordanas.com\/?p=50491","og_locale":"en_US","og_type":"article","og_title":"MATURSKO VE\u010cE GIMNAZIJE \u201eSVETI SAVA\u201c PRIJEDOR \u2013 FOTO - VIDEO - PrijedorDanas.com - Prijedorski gradski portal","og_description":"Ve\u010deras su u na\u0161em gradu po\u010dele ovogodi\u0161nje proslave srednjo\u0161kolskih maturskih ve\u010deri. Maturanti Gimnazije \u201eSveti Sava\u201c iz na\u0161eg grada i ove godine su \u201eprobili led\u201c. Za razliku od pro\u0161le godine kada [&hellip;]","og_url":"https:\/\/www.prijedordanas.com\/?p=50491","og_site_name":"PrijedorDanas.com - Prijedorski gradski portal","article_publisher":"https:\/\/www.facebook.com\/PrijedorDanasCom\/","article_published_time":"2016-05-17T20:01:53+00:00","article_modified_time":"2016-05-17T21:29:32+00:00","og_image":[{"url":"https:\/\/www.prijedordanas.com\/wp-content\/uploads\/2016\/05\/matursko-vece-gimnazija-sveti-sava-1-300x199.jpg"}],"author":"admin","twitter_card":"summary_large_image","twitter_misc":{"Written by":"admin","Est. reading time":"1 minute"},"schema":{"@context":"https:\/\/schema.org","@graph":[{"@type":"Article","@id":"https:\/\/www.prijedordanas.com\/?p=50491#article","isPartOf":{"@id":"https:\/\/www.prijedordanas.com\/?p=50491"},"author":{"name":"admin","@id":"https:\/\/www.prijedordanas.com\/#\/schema\/person\/4e08ccf29b506ca916ff86d46bb700e6"},"headline":"MATURSKO VE\u010cE GIMNAZIJE \u201eSVETI SAVA\u201c PRIJEDOR \u2013 FOTO &#8211; VIDEO","datePublished":"2016-05-17T20:01:53+00:00","dateModified":"2016-05-17T21:29:32+00:00","mainEntityOfPage":{"@id":"https:\/\/www.prijedordanas.com\/?p=50491"},"wordCount":176,"publisher":{"@id":"https:\/\/www.prijedordanas.com\/#organization"},"keywords":["Gimnazija Sveti Sava Prijedor","matursko ve\u010de","\u0161etnja"],"articleSection":["Dru\u0161tvo","Mladi"],"inLanguage":"en-US"},{"@type":"WebPage","@id":"https:\/\/www.prijedordanas.com\/?p=50491","url":"https:\/\/www.prijedordanas.com\/?p=50491","name":"MATURSKO VE\u010cE GIMNAZIJE \u201eSVETI SAVA\u201c PRIJEDOR \u2013 FOTO - VIDEO - PrijedorDanas.com - Prijedorski gradski portal","isPartOf":{"@id":"https:\/\/www.prijedordanas.com\/#website"},"datePublished":"2016-05-17T20:01:53+00:00","dateModified":"2016-05-17T21:29:32+00:00","breadcrumb":{"@id":"https:\/\/www.prijedordanas.com\/?p=50491#breadcrumb"},"inLanguage":"en-US","potentialAction":[{"@type":"ReadAction","target":["https:\/\/www.prijedordanas.com\/?p=50491"]}]},{"@type":"BreadcrumbList","@id":"https:\/\/www.prijedordanas.com\/?p=50491#breadcrumb","itemListElement":[{"@type":"ListItem","position":1,"name":"Home","item":"https:\/\/www.prijedordanas.com\/"},{"@type":"ListItem","position":2,"name":"MATURSKO VE\u010cE GIMNAZIJE \u201eSVETI SAVA\u201c PRIJEDOR \u2013 FOTO &#8211; VIDEO"}]},{"@type":"WebSite","@id":"https:\/\/www.prijedordanas.com\/#website","url":"https:\/\/www.prijedordanas.com\/","name":"PrijedorDanas.com - Prijedorski gradski portal","description":"Portal o doga\u0111anjima u gradu Prijedoru","publisher":{"@id":"https:\/\/www.prijedordanas.com\/#organization"},"potentialAction":[{"@type":"SearchAction","target":{"@type":"EntryPoint","urlTemplate":"https:\/\/www.prijedordanas.com\/?s={search_term_string}"},"query-input":"required name=search_term_string"}],"inLanguage":"en-US"},{"@type":"Organization","@id":"https:\/\/www.prijedordanas.com\/#organization","name":"PrijedorDanas.com","url":"https:\/\/www.prijedordanas.com\/","logo":{"@type":"ImageObject","inLanguage":"en-US","@id":"https:\/\/www.prijedordanas.com\/#\/schema\/logo\/image\/","url":"http:\/\/www.prijedordanas.com\/wp-content\/uploads\/2021\/12\/logopng.png","contentUrl":"http:\/\/www.prijedordanas.com\/wp-content\/uploads\/2021\/12\/logopng.png","width":1019,"height":776,"caption":"PrijedorDanas.com"},"image":{"@id":"https:\/\/www.prijedordanas.com\/#\/schema\/logo\/image\/"},"sameAs":["https:\/\/www.facebook.com\/PrijedorDanasCom\/"]},{"@type":"Person","@id":"https:\/\/www.prijedordanas.com\/#\/schema\/person\/4e08ccf29b506ca916ff86d46bb700e6","name":"admin","image":{"@type":"ImageObject","inLanguage":"en-US","@id":"https:\/\/www.prijedordanas.com\/#\/schema\/person\/image\/","url":"https:\/\/secure.gravatar.com\/avatar\/1d3fc949d550f0b53a5f0d51e06dfd79?s=96&d=mm&r=g","contentUrl":"https:\/\/secure.gravatar.com\/avatar\/1d3fc949d550f0b53a5f0d51e06dfd79?s=96&d=mm&r=g","caption":"admin"},"url":"https:\/\/www.prijedordanas.com\/?author=1"}]}},"_links":{"self":[{"href":"https:\/\/www.prijedordanas.com\/index.php?rest_route=\/wp\/v2\/posts\/50491"}],"collection":[{"href":"https:\/\/www.prijedordanas.com\/index.php?rest_route=\/wp\/v2\/posts"}],"about":[{"href":"https:\/\/www.prijedordanas.com\/index.php?rest_route=\/wp\/v2\/types\/post"}],"author":[{"embeddable":true,"href":"https:\/\/www.prijedordanas.com\/index.php?rest_route=\/wp\/v2\/users\/1"}],"replies":[{"embeddable":true,"href":"https:\/\/www.prijedordanas.com\/index.php?rest_route=%2Fwp%2Fv2%2Fcomments&post=50491"}],"version-history":[{"count":6,"href":"https:\/\/www.prijedordanas.com\/index.php?rest_route=\/wp\/v2\/posts\/50491\/revisions"}],"predecessor-version":[{"id":50509,"href":"https:\/\/www.prijedordanas.com\/index.php?rest_route=\/wp\/v2\/posts\/50491\/revisions\/50509"}],"wp:attachment":[{"href":"https:\/\/www.prijedordanas.com\/index.php?rest_route=%2Fwp%2Fv2%2Fmedia&parent=50491"}],"wp:term":[{"taxonomy":"category","embeddable":true,"href":"https:\/\/www.prijedordanas.com\/index.php?rest_route=%2Fwp%2Fv2%2Fcategories&post=50491"},{"taxonomy":"post_tag","embeddable":true,"href":"https:\/\/www.prijedordanas.com\/index.php?rest_route=%2Fwp%2Fv2%2Ftags&post=50491"}],"curies":[{"name":"wp","href":"https:\/\/api.w.org\/{rel}","templated":true}]}}