{"id":50251,"date":"2016-05-14T19:25:44","date_gmt":"2016-05-14T17:25:44","guid":{"rendered":"https:\/\/www.prijedordanas.com\/?p=50251"},"modified":"2016-05-14T19:25:44","modified_gmt":"2016-05-14T17:25:44","slug":"poceo-festival-crteza-muzike-foto","status":"publish","type":"post","link":"https:\/\/www.prijedordanas.com\/?p=50251","title":{"rendered":"PO\u010cEO FESTIVAL CRTE\u017dA I MUZIKE &#8211; FOTO"},"content":{"rendered":"<p><a href=\"https:\/\/www.prijedordanas.com\/wp-content\/uploads\/2016\/05\/festival-crteza-i-muzike-pocetak-1.jpg\" rel=\"attachment wp-att-50252\"><img loading=\"lazy\" decoding=\"async\" src=\"https:\/\/www.prijedordanas.com\/wp-content\/uploads\/2016\/05\/festival-crteza-i-muzike-pocetak-1-300x225.jpg\" alt=\"festival crteza i muzike-pocetak (1)\" width=\"300\" height=\"225\" class=\"alignleft size-medium wp-image-50252\" srcset=\"https:\/\/www.prijedordanas.com\/wp-content\/uploads\/2016\/05\/festival-crteza-i-muzike-pocetak-1-300x225.jpg 300w, https:\/\/www.prijedordanas.com\/wp-content\/uploads\/2016\/05\/festival-crteza-i-muzike-pocetak-1.jpg 600w\" sizes=\"(max-width: 300px) 100vw, 300px\" \/><\/a>U Prijedoru je po\u010deo 10. festival crte\u017ea i muzike na kojem u\u010destvuje deset vajara doktoranata, postdiplomaca i studenata sa Fakulteta primijenjenih umjetnosti iz Beograda.<\/p>\n<p>U\u010desnici \u0107e u prijedorskoj Galeriji `96 stvarati skulpture do 20. maja, kada \u0107e biti otvorena izlo\u017eba radova nastalih tokom festivala, a najbolje radove nagradi\u0107e Rudnici \u017eeljezne rude &#8220;LJubija&#8221;. <\/p>\n<p>Direktor Galerije Tihomir Ilija\u0161evi\u0107 rekao je da je festival, koji se ove godine odr\u017eava pod nazivom &#8220;Zemlja je na\u0161a sudbina&#8221;, okupio vrhunske vajare. <\/p>\n<p>&#8220;Od ovih mladih ljudi, pod mentorstvom poznatog vajara i profesora na Fakultetu primijenjenih umjetnosti iz Beograda Gorana \u010cpajka, o\u010dekujemo prijatnu radnu atmosferu i uspje\u0161an rad&#8221;, rekao je Ilija\u0161evi\u0107. <\/p>\n<p>On je dodao da \u0107e se ovaj, kao i raniji festivali, odr\u017eavati u prisustvu publike, odnosno prolaznika za koje \u0107e galerijski biti otvoren kako bi mogli da gledaju stvaranje skulptura. <\/p>\n<p>Likovni program jubilarnog festivala upotpuni\u0107e nastup beogradske glumice Biljane \u0110urovi\u0107, koja \u0107e u nedjelju 15. maja izvesti monodramu &#8220;Nade\u017eda Petrovi\u0107&#8221;, dok \u0107e u okviru muzi\u010dkog dijela biti organizovana dva koncerta d\u017eez i rok muzike. <\/p>\n<p>Ulaz za sve prate\u0107e doga\u0111aje festivala bi\u0107e besplatan. <\/p>\n<p>Tekst \u2013 SRNA<br \/>\nFoto \u2013 Aleksandar Drakuli\u0107 \u2013 <a href=\"www.prijedordanas.com\" target=\"_blank\">www.prijedordanas.com<\/a><\/p>\n<p><a href=\"https:\/\/www.prijedordanas.com\/wp-content\/uploads\/2016\/05\/festival-crteza-i-muzike-pocetak-2.jpg\" rel=\"attachment wp-att-50253\"><img loading=\"lazy\" decoding=\"async\" src=\"https:\/\/www.prijedordanas.com\/wp-content\/uploads\/2016\/05\/festival-crteza-i-muzike-pocetak-2-300x199.jpg\" alt=\"festival crteza i muzike-pocetak (2)\" width=\"300\" height=\"199\" class=\"alignleft size-medium wp-image-50253\" srcset=\"https:\/\/www.prijedordanas.com\/wp-content\/uploads\/2016\/05\/festival-crteza-i-muzike-pocetak-2-300x200.jpg 300w, https:\/\/www.prijedordanas.com\/wp-content\/uploads\/2016\/05\/festival-crteza-i-muzike-pocetak-2-480x320.jpg 480w, https:\/\/www.prijedordanas.com\/wp-content\/uploads\/2016\/05\/festival-crteza-i-muzike-pocetak-2.jpg 600w\" sizes=\"(max-width: 300px) 100vw, 300px\" \/><\/a> <a href=\"https:\/\/www.prijedordanas.com\/wp-content\/uploads\/2016\/05\/festival-crteza-i-muzike-pocetak-3.jpg\" rel=\"attachment wp-att-50254\"><img loading=\"lazy\" decoding=\"async\" src=\"https:\/\/www.prijedordanas.com\/wp-content\/uploads\/2016\/05\/festival-crteza-i-muzike-pocetak-3-300x199.jpg\" alt=\"festival crteza i muzike-pocetak (3)\" width=\"300\" height=\"199\" class=\"alignleft size-medium wp-image-50254\" srcset=\"https:\/\/www.prijedordanas.com\/wp-content\/uploads\/2016\/05\/festival-crteza-i-muzike-pocetak-3-300x200.jpg 300w, https:\/\/www.prijedordanas.com\/wp-content\/uploads\/2016\/05\/festival-crteza-i-muzike-pocetak-3-480x320.jpg 480w, https:\/\/www.prijedordanas.com\/wp-content\/uploads\/2016\/05\/festival-crteza-i-muzike-pocetak-3.jpg 600w\" sizes=\"(max-width: 300px) 100vw, 300px\" \/><\/a> <a href=\"https:\/\/www.prijedordanas.com\/wp-content\/uploads\/2016\/05\/festival-crteza-i-muzike-pocetak-4.jpg\" rel=\"attachment wp-att-50255\"><img loading=\"lazy\" decoding=\"async\" src=\"https:\/\/www.prijedordanas.com\/wp-content\/uploads\/2016\/05\/festival-crteza-i-muzike-pocetak-4-300x199.jpg\" alt=\"festival crteza i muzike-pocetak (4)\" width=\"300\" height=\"199\" class=\"alignleft size-medium wp-image-50255\" srcset=\"https:\/\/www.prijedordanas.com\/wp-content\/uploads\/2016\/05\/festival-crteza-i-muzike-pocetak-4-300x200.jpg 300w, https:\/\/www.prijedordanas.com\/wp-content\/uploads\/2016\/05\/festival-crteza-i-muzike-pocetak-4-480x320.jpg 480w, https:\/\/www.prijedordanas.com\/wp-content\/uploads\/2016\/05\/festival-crteza-i-muzike-pocetak-4.jpg 600w\" sizes=\"(max-width: 300px) 100vw, 300px\" \/><\/a><\/p>\n","protected":false},"excerpt":{"rendered":"<p>U Prijedoru je po\u010deo 10. festival crte\u017ea i muzike na kojem u\u010destvuje deset vajara doktoranata, postdiplomaca i studenata sa Fakulteta primijenjenih umjetnosti iz Beograda. U\u010desnici \u0107e u prijedorskoj Galeriji `96 [&hellip;]<\/p>\n","protected":false},"author":1,"featured_media":0,"comment_status":"closed","ping_status":"open","sticky":false,"template":"","format":"standard","meta":{"_monsterinsights_skip_tracking":false,"_monsterinsights_sitenote_active":false,"_monsterinsights_sitenote_note":"","_monsterinsights_sitenote_category":0,"footnotes":""},"categories":[6],"tags":[796,81],"yoast_head":"<!-- This site is optimized with the Yoast SEO plugin v21.6 - https:\/\/yoast.com\/wordpress\/plugins\/seo\/ -->\n<title>PO\u010cEO FESTIVAL CRTE\u017dA I MUZIKE - FOTO - PrijedorDanas.com - Prijedorski gradski portal<\/title>\n<meta name=\"robots\" content=\"index, follow, max-snippet:-1, max-image-preview:large, max-video-preview:-1\" \/>\n<link rel=\"canonical\" href=\"https:\/\/www.prijedordanas.com\/?p=50251\" \/>\n<meta property=\"og:locale\" content=\"en_US\" \/>\n<meta property=\"og:type\" content=\"article\" \/>\n<meta property=\"og:title\" content=\"PO\u010cEO FESTIVAL CRTE\u017dA I MUZIKE - FOTO - PrijedorDanas.com - Prijedorski gradski portal\" \/>\n<meta property=\"og:description\" content=\"U Prijedoru je po\u010deo 10. festival crte\u017ea i muzike na kojem u\u010destvuje deset vajara doktoranata, postdiplomaca i studenata sa Fakulteta primijenjenih umjetnosti iz Beograda. U\u010desnici \u0107e u prijedorskoj Galeriji `96 [&hellip;]\" \/>\n<meta property=\"og:url\" content=\"https:\/\/www.prijedordanas.com\/?p=50251\" \/>\n<meta property=\"og:site_name\" content=\"PrijedorDanas.com - Prijedorski gradski portal\" \/>\n<meta property=\"article:publisher\" content=\"https:\/\/www.facebook.com\/PrijedorDanasCom\/\" \/>\n<meta property=\"article:published_time\" content=\"2016-05-14T17:25:44+00:00\" \/>\n<meta property=\"og:image\" content=\"https:\/\/www.prijedordanas.com\/wp-content\/uploads\/2016\/05\/festival-crteza-i-muzike-pocetak-1-300x225.jpg\" \/>\n<meta name=\"author\" content=\"admin\" \/>\n<meta name=\"twitter:card\" content=\"summary_large_image\" \/>\n<meta name=\"twitter:label1\" content=\"Written by\" \/>\n\t<meta name=\"twitter:data1\" content=\"admin\" \/>\n\t<meta name=\"twitter:label2\" content=\"Est. reading time\" \/>\n\t<meta name=\"twitter:data2\" content=\"1 minute\" \/>\n<script type=\"application\/ld+json\" class=\"yoast-schema-graph\">{\"@context\":\"https:\/\/schema.org\",\"@graph\":[{\"@type\":\"Article\",\"@id\":\"https:\/\/www.prijedordanas.com\/?p=50251#article\",\"isPartOf\":{\"@id\":\"https:\/\/www.prijedordanas.com\/?p=50251\"},\"author\":{\"name\":\"admin\",\"@id\":\"https:\/\/www.prijedordanas.com\/#\/schema\/person\/4e08ccf29b506ca916ff86d46bb700e6\"},\"headline\":\"PO\u010cEO FESTIVAL CRTE\u017dA I MUZIKE &#8211; FOTO\",\"datePublished\":\"2016-05-14T17:25:44+00:00\",\"dateModified\":\"2016-05-14T17:25:44+00:00\",\"mainEntityOfPage\":{\"@id\":\"https:\/\/www.prijedordanas.com\/?p=50251\"},\"wordCount\":208,\"publisher\":{\"@id\":\"https:\/\/www.prijedordanas.com\/#organization\"},\"keywords\":[\"Festival crte\u017ea i muzike\",\"Galerija 96\"],\"articleSection\":[\"Kultura\"],\"inLanguage\":\"en-US\"},{\"@type\":\"WebPage\",\"@id\":\"https:\/\/www.prijedordanas.com\/?p=50251\",\"url\":\"https:\/\/www.prijedordanas.com\/?p=50251\",\"name\":\"PO\u010cEO FESTIVAL CRTE\u017dA I MUZIKE - FOTO - PrijedorDanas.com - Prijedorski gradski portal\",\"isPartOf\":{\"@id\":\"https:\/\/www.prijedordanas.com\/#website\"},\"datePublished\":\"2016-05-14T17:25:44+00:00\",\"dateModified\":\"2016-05-14T17:25:44+00:00\",\"breadcrumb\":{\"@id\":\"https:\/\/www.prijedordanas.com\/?p=50251#breadcrumb\"},\"inLanguage\":\"en-US\",\"potentialAction\":[{\"@type\":\"ReadAction\",\"target\":[\"https:\/\/www.prijedordanas.com\/?p=50251\"]}]},{\"@type\":\"BreadcrumbList\",\"@id\":\"https:\/\/www.prijedordanas.com\/?p=50251#breadcrumb\",\"itemListElement\":[{\"@type\":\"ListItem\",\"position\":1,\"name\":\"Home\",\"item\":\"https:\/\/www.prijedordanas.com\/\"},{\"@type\":\"ListItem\",\"position\":2,\"name\":\"PO\u010cEO FESTIVAL CRTE\u017dA I MUZIKE &#8211; FOTO\"}]},{\"@type\":\"WebSite\",\"@id\":\"https:\/\/www.prijedordanas.com\/#website\",\"url\":\"https:\/\/www.prijedordanas.com\/\",\"name\":\"PrijedorDanas.com - Prijedorski gradski portal\",\"description\":\"Portal o doga\u0111anjima u gradu Prijedoru\",\"publisher\":{\"@id\":\"https:\/\/www.prijedordanas.com\/#organization\"},\"potentialAction\":[{\"@type\":\"SearchAction\",\"target\":{\"@type\":\"EntryPoint\",\"urlTemplate\":\"https:\/\/www.prijedordanas.com\/?s={search_term_string}\"},\"query-input\":\"required name=search_term_string\"}],\"inLanguage\":\"en-US\"},{\"@type\":\"Organization\",\"@id\":\"https:\/\/www.prijedordanas.com\/#organization\",\"name\":\"PrijedorDanas.com\",\"url\":\"https:\/\/www.prijedordanas.com\/\",\"logo\":{\"@type\":\"ImageObject\",\"inLanguage\":\"en-US\",\"@id\":\"https:\/\/www.prijedordanas.com\/#\/schema\/logo\/image\/\",\"url\":\"http:\/\/www.prijedordanas.com\/wp-content\/uploads\/2021\/12\/logopng.png\",\"contentUrl\":\"http:\/\/www.prijedordanas.com\/wp-content\/uploads\/2021\/12\/logopng.png\",\"width\":1019,\"height\":776,\"caption\":\"PrijedorDanas.com\"},\"image\":{\"@id\":\"https:\/\/www.prijedordanas.com\/#\/schema\/logo\/image\/\"},\"sameAs\":[\"https:\/\/www.facebook.com\/PrijedorDanasCom\/\"]},{\"@type\":\"Person\",\"@id\":\"https:\/\/www.prijedordanas.com\/#\/schema\/person\/4e08ccf29b506ca916ff86d46bb700e6\",\"name\":\"admin\",\"image\":{\"@type\":\"ImageObject\",\"inLanguage\":\"en-US\",\"@id\":\"https:\/\/www.prijedordanas.com\/#\/schema\/person\/image\/\",\"url\":\"https:\/\/secure.gravatar.com\/avatar\/1d3fc949d550f0b53a5f0d51e06dfd79?s=96&d=mm&r=g\",\"contentUrl\":\"https:\/\/secure.gravatar.com\/avatar\/1d3fc949d550f0b53a5f0d51e06dfd79?s=96&d=mm&r=g\",\"caption\":\"admin\"},\"url\":\"https:\/\/www.prijedordanas.com\/?author=1\"}]}<\/script>\n<!-- \/ Yoast SEO plugin. -->","yoast_head_json":{"title":"PO\u010cEO FESTIVAL CRTE\u017dA I MUZIKE - FOTO - PrijedorDanas.com - Prijedorski gradski portal","robots":{"index":"index","follow":"follow","max-snippet":"max-snippet:-1","max-image-preview":"max-image-preview:large","max-video-preview":"max-video-preview:-1"},"canonical":"https:\/\/www.prijedordanas.com\/?p=50251","og_locale":"en_US","og_type":"article","og_title":"PO\u010cEO FESTIVAL CRTE\u017dA I MUZIKE - FOTO - PrijedorDanas.com - Prijedorski gradski portal","og_description":"U Prijedoru je po\u010deo 10. festival crte\u017ea i muzike na kojem u\u010destvuje deset vajara doktoranata, postdiplomaca i studenata sa Fakulteta primijenjenih umjetnosti iz Beograda. U\u010desnici \u0107e u prijedorskoj Galeriji `96 [&hellip;]","og_url":"https:\/\/www.prijedordanas.com\/?p=50251","og_site_name":"PrijedorDanas.com - Prijedorski gradski portal","article_publisher":"https:\/\/www.facebook.com\/PrijedorDanasCom\/","article_published_time":"2016-05-14T17:25:44+00:00","og_image":[{"url":"https:\/\/www.prijedordanas.com\/wp-content\/uploads\/2016\/05\/festival-crteza-i-muzike-pocetak-1-300x225.jpg"}],"author":"admin","twitter_card":"summary_large_image","twitter_misc":{"Written by":"admin","Est. reading time":"1 minute"},"schema":{"@context":"https:\/\/schema.org","@graph":[{"@type":"Article","@id":"https:\/\/www.prijedordanas.com\/?p=50251#article","isPartOf":{"@id":"https:\/\/www.prijedordanas.com\/?p=50251"},"author":{"name":"admin","@id":"https:\/\/www.prijedordanas.com\/#\/schema\/person\/4e08ccf29b506ca916ff86d46bb700e6"},"headline":"PO\u010cEO FESTIVAL CRTE\u017dA I MUZIKE &#8211; FOTO","datePublished":"2016-05-14T17:25:44+00:00","dateModified":"2016-05-14T17:25:44+00:00","mainEntityOfPage":{"@id":"https:\/\/www.prijedordanas.com\/?p=50251"},"wordCount":208,"publisher":{"@id":"https:\/\/www.prijedordanas.com\/#organization"},"keywords":["Festival crte\u017ea i muzike","Galerija 96"],"articleSection":["Kultura"],"inLanguage":"en-US"},{"@type":"WebPage","@id":"https:\/\/www.prijedordanas.com\/?p=50251","url":"https:\/\/www.prijedordanas.com\/?p=50251","name":"PO\u010cEO FESTIVAL CRTE\u017dA I MUZIKE - FOTO - PrijedorDanas.com - Prijedorski gradski portal","isPartOf":{"@id":"https:\/\/www.prijedordanas.com\/#website"},"datePublished":"2016-05-14T17:25:44+00:00","dateModified":"2016-05-14T17:25:44+00:00","breadcrumb":{"@id":"https:\/\/www.prijedordanas.com\/?p=50251#breadcrumb"},"inLanguage":"en-US","potentialAction":[{"@type":"ReadAction","target":["https:\/\/www.prijedordanas.com\/?p=50251"]}]},{"@type":"BreadcrumbList","@id":"https:\/\/www.prijedordanas.com\/?p=50251#breadcrumb","itemListElement":[{"@type":"ListItem","position":1,"name":"Home","item":"https:\/\/www.prijedordanas.com\/"},{"@type":"ListItem","position":2,"name":"PO\u010cEO FESTIVAL CRTE\u017dA I MUZIKE &#8211; FOTO"}]},{"@type":"WebSite","@id":"https:\/\/www.prijedordanas.com\/#website","url":"https:\/\/www.prijedordanas.com\/","name":"PrijedorDanas.com - Prijedorski gradski portal","description":"Portal o doga\u0111anjima u gradu Prijedoru","publisher":{"@id":"https:\/\/www.prijedordanas.com\/#organization"},"potentialAction":[{"@type":"SearchAction","target":{"@type":"EntryPoint","urlTemplate":"https:\/\/www.prijedordanas.com\/?s={search_term_string}"},"query-input":"required name=search_term_string"}],"inLanguage":"en-US"},{"@type":"Organization","@id":"https:\/\/www.prijedordanas.com\/#organization","name":"PrijedorDanas.com","url":"https:\/\/www.prijedordanas.com\/","logo":{"@type":"ImageObject","inLanguage":"en-US","@id":"https:\/\/www.prijedordanas.com\/#\/schema\/logo\/image\/","url":"http:\/\/www.prijedordanas.com\/wp-content\/uploads\/2021\/12\/logopng.png","contentUrl":"http:\/\/www.prijedordanas.com\/wp-content\/uploads\/2021\/12\/logopng.png","width":1019,"height":776,"caption":"PrijedorDanas.com"},"image":{"@id":"https:\/\/www.prijedordanas.com\/#\/schema\/logo\/image\/"},"sameAs":["https:\/\/www.facebook.com\/PrijedorDanasCom\/"]},{"@type":"Person","@id":"https:\/\/www.prijedordanas.com\/#\/schema\/person\/4e08ccf29b506ca916ff86d46bb700e6","name":"admin","image":{"@type":"ImageObject","inLanguage":"en-US","@id":"https:\/\/www.prijedordanas.com\/#\/schema\/person\/image\/","url":"https:\/\/secure.gravatar.com\/avatar\/1d3fc949d550f0b53a5f0d51e06dfd79?s=96&d=mm&r=g","contentUrl":"https:\/\/secure.gravatar.com\/avatar\/1d3fc949d550f0b53a5f0d51e06dfd79?s=96&d=mm&r=g","caption":"admin"},"url":"https:\/\/www.prijedordanas.com\/?author=1"}]}},"_links":{"self":[{"href":"https:\/\/www.prijedordanas.com\/index.php?rest_route=\/wp\/v2\/posts\/50251"}],"collection":[{"href":"https:\/\/www.prijedordanas.com\/index.php?rest_route=\/wp\/v2\/posts"}],"about":[{"href":"https:\/\/www.prijedordanas.com\/index.php?rest_route=\/wp\/v2\/types\/post"}],"author":[{"embeddable":true,"href":"https:\/\/www.prijedordanas.com\/index.php?rest_route=\/wp\/v2\/users\/1"}],"replies":[{"embeddable":true,"href":"https:\/\/www.prijedordanas.com\/index.php?rest_route=%2Fwp%2Fv2%2Fcomments&post=50251"}],"version-history":[{"count":1,"href":"https:\/\/www.prijedordanas.com\/index.php?rest_route=\/wp\/v2\/posts\/50251\/revisions"}],"predecessor-version":[{"id":50256,"href":"https:\/\/www.prijedordanas.com\/index.php?rest_route=\/wp\/v2\/posts\/50251\/revisions\/50256"}],"wp:attachment":[{"href":"https:\/\/www.prijedordanas.com\/index.php?rest_route=%2Fwp%2Fv2%2Fmedia&parent=50251"}],"wp:term":[{"taxonomy":"category","embeddable":true,"href":"https:\/\/www.prijedordanas.com\/index.php?rest_route=%2Fwp%2Fv2%2Fcategories&post=50251"},{"taxonomy":"post_tag","embeddable":true,"href":"https:\/\/www.prijedordanas.com\/index.php?rest_route=%2Fwp%2Fv2%2Ftags&post=50251"}],"curies":[{"name":"wp","href":"https:\/\/api.w.org\/{rel}","templated":true}]}}