{"id":50168,"date":"2016-05-13T22:25:46","date_gmt":"2016-05-13T20:25:46","guid":{"rendered":"https:\/\/www.prijedordanas.com\/?p=50168"},"modified":"2016-05-13T22:25:46","modified_gmt":"2016-05-13T20:25:46","slug":"teodora-simovic-elzan-bibic-pobjednici-ulicne-trke-foto","status":"publish","type":"post","link":"https:\/\/www.prijedordanas.com\/?p=50168","title":{"rendered":"TEODORA SIMOVI\u0106 I ELZAN BIBI\u0106 POBJEDNICI ULI\u010cNE TRKE &#8211; FOTO"},"content":{"rendered":"<p><a href=\"https:\/\/www.prijedordanas.com\/wp-content\/uploads\/2016\/05\/ulicne-trke-prijedor-2016-pobjednici-1.jpg\" rel=\"attachment wp-att-50169\"><img loading=\"lazy\" decoding=\"async\" class=\"alignleft size-medium wp-image-50169\" src=\"https:\/\/www.prijedordanas.com\/wp-content\/uploads\/2016\/05\/ulicne-trke-prijedor-2016-pobjednici-1-300x199.jpg\" alt=\"ulicne trke prijedor 2016-pobjednici (1)\" width=\"300\" height=\"199\" srcset=\"https:\/\/www.prijedordanas.com\/wp-content\/uploads\/2016\/05\/ulicne-trke-prijedor-2016-pobjednici-1-300x200.jpg 300w, https:\/\/www.prijedordanas.com\/wp-content\/uploads\/2016\/05\/ulicne-trke-prijedor-2016-pobjednici-1-768x509.jpg 768w, https:\/\/www.prijedordanas.com\/wp-content\/uploads\/2016\/05\/ulicne-trke-prijedor-2016-pobjednici-1-480x320.jpg 480w, https:\/\/www.prijedordanas.com\/wp-content\/uploads\/2016\/05\/ulicne-trke-prijedor-2016-pobjednici-1.jpg 800w\" sizes=\"(max-width: 300px) 100vw, 300px\" \/><\/a>Novopazarski atleti\u010dari Teodora Simovi\u0107 i Elzan Bibi\u0107 pobjednici su 23. me\u0111unarodne atletske uli\u010dne trke &#8220;Prijedor 2016&#8221; koja je odr\u017eana u okviru obilje\u017eavanja 16. maja &#8211; Dana grada.<\/p>\n<p>Simovi\u0107eva, koja je pro\u0161le godine bila drugoplasirana, ove godine je pretr\u010dala 2.000 metara kao najbr\u017ea u konkurenciji 24 atleti\u010darke.<\/p>\n<p>&#8220;Ovo mi je prva pobjeda u Prijedoru, a peti ili \u0161esti put dolazim u Prijedor od kako se takmi\u010dim u seniorskoj konkurenciji. Takmi\u010dila sam se sa najboljim trka\u010dima i na ovaj na\u010din sam potvrdila kvalitet svojih priprema&#8221;, rekla je Simovi\u0107eva.<\/p>\n<p><a href=\"https:\/\/www.prijedordanas.com\/wp-content\/uploads\/2016\/05\/ulicne-trke-prijedor-2016-pobjednici-2.jpg\" rel=\"attachment wp-att-50170\"><img loading=\"lazy\" decoding=\"async\" class=\"alignleft size-medium wp-image-50170\" src=\"https:\/\/www.prijedordanas.com\/wp-content\/uploads\/2016\/05\/ulicne-trke-prijedor-2016-pobjednici-2-274x300.jpg\" alt=\"ulicne trke prijedor 2016-pobjednici (2)\" width=\"274\" height=\"300\" srcset=\"https:\/\/www.prijedordanas.com\/wp-content\/uploads\/2016\/05\/ulicne-trke-prijedor-2016-pobjednici-2-274x300.jpg 274w, https:\/\/www.prijedordanas.com\/wp-content\/uploads\/2016\/05\/ulicne-trke-prijedor-2016-pobjednici-2.jpg 547w\" sizes=\"(max-width: 274px) 100vw, 274px\" \/><\/a>Ona je iza sebe ostavila drugoplasiranu hrvatsku atleti\u010darku Mateu Parlov i tre\u0107eplasiranu Jasminu Prugini\u0107 iz Srbije.<\/p>\n<p>Bibi\u0107, ina\u010de juniorski prvak Balkana na 3.000 metara, najmla\u0111i je pobjednik trke u Prijedoru.<\/p>\n<p>On je kao sedamnaestogodi\u0161njak bio br\u017ei od kenijskog trojca na \u010dijem je \u010delu bio pro\u0161logodi\u0161nji pobjednik \u017doel Maina Mvange.<\/p>\n<p>&#8220;Prijedor je ostavio veoma dobar utisak na mene i ostale trka\u010de&#8221;, rekao je Bibi\u0107 novinarima.<\/p>\n<p>U ukupno 24 trke takmi\u010dilo se 2.000 u\u010denika, od kategorije cicibana do seniora, koje je bodrilo vi\u0161e hiljada Prijedor\u010dana.<\/p>\n<p>Tea Olja\u010da iz Novog Grada, iako ima samo 13 godina, zauzela je \u0161esto mjesto u seniorskoj konkurenciji.<\/p>\n<p>Promoter ovogodi\u0161nje trke koja je odr\u017ena pod motom &#8220;Volim Prijedor&#8221; je Dragutin Topi\u0107, legendarni srpski atleti\u010dar, rekorder u skoku u vis na otvorenom sa rezultatom od 2,38 metara, seniorski \u0161ampion Evrope i u\u010desnik pet ljetnih Olimpijada.<\/p>\n<p>Bud\u017eet atletske uli\u010dne trke iznosio je kao i pro\u0161le godine 45.000 KM, a nagradni fond 16.000 KM.<\/p>\n<p>Organizator trke je Atletski klub &#8220;Prijedor&#8221;, dok je generalni pokrovitelj grad Prijedor, a pokrovitelj Ministarstvo za porodicu, omladinu i sport Vlade Republike Srpske.<\/p>\n<p>Tekst \u2013 SRNA<br \/>\nFoto \u2013 Aleksandar Drakuli\u0107 \u2013 <a href=\"www.prijedordanas.com\" target=\"_blank\">www.prijedordanas.com<\/a><\/p>\n<p><a href=\"https:\/\/www.prijedordanas.com\/wp-content\/uploads\/2016\/05\/ulicne-trke-prijedor-2016-pobjednici-3.jpg\" rel=\"attachment wp-att-50171\"><img loading=\"lazy\" decoding=\"async\" src=\"https:\/\/www.prijedordanas.com\/wp-content\/uploads\/2016\/05\/ulicne-trke-prijedor-2016-pobjednici-3-300x199.jpg\" alt=\"ulicne trke prijedor 2016-pobjednici (3)\" width=\"300\" height=\"199\" class=\"alignleft size-medium wp-image-50171\" srcset=\"https:\/\/www.prijedordanas.com\/wp-content\/uploads\/2016\/05\/ulicne-trke-prijedor-2016-pobjednici-3-300x200.jpg 300w, https:\/\/www.prijedordanas.com\/wp-content\/uploads\/2016\/05\/ulicne-trke-prijedor-2016-pobjednici-3-480x320.jpg 480w, https:\/\/www.prijedordanas.com\/wp-content\/uploads\/2016\/05\/ulicne-trke-prijedor-2016-pobjednici-3.jpg 600w\" sizes=\"(max-width: 300px) 100vw, 300px\" \/><\/a> <a href=\"https:\/\/www.prijedordanas.com\/wp-content\/uploads\/2016\/05\/ulicne-trke-prijedor-2016-pobjednici-4.jpg\" rel=\"attachment wp-att-50172\"><img loading=\"lazy\" decoding=\"async\" src=\"https:\/\/www.prijedordanas.com\/wp-content\/uploads\/2016\/05\/ulicne-trke-prijedor-2016-pobjednici-4-300x199.jpg\" alt=\"ulicne trke prijedor 2016-pobjednici (4)\" width=\"300\" height=\"199\" class=\"alignleft size-medium wp-image-50172\" srcset=\"https:\/\/www.prijedordanas.com\/wp-content\/uploads\/2016\/05\/ulicne-trke-prijedor-2016-pobjednici-4-300x200.jpg 300w, https:\/\/www.prijedordanas.com\/wp-content\/uploads\/2016\/05\/ulicne-trke-prijedor-2016-pobjednici-4-480x320.jpg 480w, https:\/\/www.prijedordanas.com\/wp-content\/uploads\/2016\/05\/ulicne-trke-prijedor-2016-pobjednici-4.jpg 600w\" sizes=\"(max-width: 300px) 100vw, 300px\" \/><\/a> <a href=\"https:\/\/www.prijedordanas.com\/wp-content\/uploads\/2016\/05\/ulicne-trke-prijedor-2016-pobjednici-5.jpg\" rel=\"attachment wp-att-50173\"><img loading=\"lazy\" decoding=\"async\" src=\"https:\/\/www.prijedordanas.com\/wp-content\/uploads\/2016\/05\/ulicne-trke-prijedor-2016-pobjednici-5-300x199.jpg\" alt=\"ulicne trke prijedor 2016-pobjednici (5)\" width=\"300\" height=\"199\" class=\"alignleft size-medium wp-image-50173\" srcset=\"https:\/\/www.prijedordanas.com\/wp-content\/uploads\/2016\/05\/ulicne-trke-prijedor-2016-pobjednici-5-300x200.jpg 300w, https:\/\/www.prijedordanas.com\/wp-content\/uploads\/2016\/05\/ulicne-trke-prijedor-2016-pobjednici-5-480x320.jpg 480w, https:\/\/www.prijedordanas.com\/wp-content\/uploads\/2016\/05\/ulicne-trke-prijedor-2016-pobjednici-5.jpg 600w\" sizes=\"(max-width: 300px) 100vw, 300px\" \/><\/a> <a href=\"https:\/\/www.prijedordanas.com\/wp-content\/uploads\/2016\/05\/ulicne-trke-prijedor-2016-pobjednici-6.jpg\" rel=\"attachment wp-att-50174\"><img loading=\"lazy\" decoding=\"async\" src=\"https:\/\/www.prijedordanas.com\/wp-content\/uploads\/2016\/05\/ulicne-trke-prijedor-2016-pobjednici-6-300x199.jpg\" alt=\"ulicne trke prijedor 2016-pobjednici (6)\" width=\"300\" height=\"199\" class=\"alignleft size-medium wp-image-50174\" srcset=\"https:\/\/www.prijedordanas.com\/wp-content\/uploads\/2016\/05\/ulicne-trke-prijedor-2016-pobjednici-6-300x200.jpg 300w, https:\/\/www.prijedordanas.com\/wp-content\/uploads\/2016\/05\/ulicne-trke-prijedor-2016-pobjednici-6-480x320.jpg 480w, https:\/\/www.prijedordanas.com\/wp-content\/uploads\/2016\/05\/ulicne-trke-prijedor-2016-pobjednici-6.jpg 600w\" sizes=\"(max-width: 300px) 100vw, 300px\" \/><\/a> <a href=\"https:\/\/www.prijedordanas.com\/wp-content\/uploads\/2016\/05\/ulicne-trke-prijedor-2016-pobjednici-7.jpg\" rel=\"attachment wp-att-50175\"><img loading=\"lazy\" decoding=\"async\" src=\"https:\/\/www.prijedordanas.com\/wp-content\/uploads\/2016\/05\/ulicne-trke-prijedor-2016-pobjednici-7-300x199.jpg\" alt=\"ulicne trke prijedor 2016-pobjednici (7)\" width=\"300\" height=\"199\" class=\"alignleft size-medium wp-image-50175\" srcset=\"https:\/\/www.prijedordanas.com\/wp-content\/uploads\/2016\/05\/ulicne-trke-prijedor-2016-pobjednici-7-300x200.jpg 300w, https:\/\/www.prijedordanas.com\/wp-content\/uploads\/2016\/05\/ulicne-trke-prijedor-2016-pobjednici-7-480x320.jpg 480w, https:\/\/www.prijedordanas.com\/wp-content\/uploads\/2016\/05\/ulicne-trke-prijedor-2016-pobjednici-7.jpg 600w\" sizes=\"(max-width: 300px) 100vw, 300px\" \/><\/a> <a href=\"https:\/\/www.prijedordanas.com\/wp-content\/uploads\/2016\/05\/ulicne-trke-prijedor-2016-pobjednici-8.jpg\" rel=\"attachment wp-att-50176\"><img loading=\"lazy\" decoding=\"async\" src=\"https:\/\/www.prijedordanas.com\/wp-content\/uploads\/2016\/05\/ulicne-trke-prijedor-2016-pobjednici-8-300x199.jpg\" alt=\"ulicne trke prijedor 2016-pobjednici (8)\" width=\"300\" height=\"199\" class=\"alignleft size-medium wp-image-50176\" srcset=\"https:\/\/www.prijedordanas.com\/wp-content\/uploads\/2016\/05\/ulicne-trke-prijedor-2016-pobjednici-8-300x200.jpg 300w, https:\/\/www.prijedordanas.com\/wp-content\/uploads\/2016\/05\/ulicne-trke-prijedor-2016-pobjednici-8-480x320.jpg 480w, https:\/\/www.prijedordanas.com\/wp-content\/uploads\/2016\/05\/ulicne-trke-prijedor-2016-pobjednici-8.jpg 600w\" sizes=\"(max-width: 300px) 100vw, 300px\" \/><\/a> <a href=\"https:\/\/www.prijedordanas.com\/wp-content\/uploads\/2016\/05\/ulicne-trke-prijedor-2016-pobjednici-9.jpg\" rel=\"attachment wp-att-50177\"><img loading=\"lazy\" decoding=\"async\" src=\"https:\/\/www.prijedordanas.com\/wp-content\/uploads\/2016\/05\/ulicne-trke-prijedor-2016-pobjednici-9-300x199.jpg\" alt=\"ulicne trke prijedor 2016-pobjednici (9)\" width=\"300\" height=\"199\" class=\"alignleft size-medium wp-image-50177\" srcset=\"https:\/\/www.prijedordanas.com\/wp-content\/uploads\/2016\/05\/ulicne-trke-prijedor-2016-pobjednici-9-300x200.jpg 300w, https:\/\/www.prijedordanas.com\/wp-content\/uploads\/2016\/05\/ulicne-trke-prijedor-2016-pobjednici-9-480x320.jpg 480w, https:\/\/www.prijedordanas.com\/wp-content\/uploads\/2016\/05\/ulicne-trke-prijedor-2016-pobjednici-9.jpg 600w\" sizes=\"(max-width: 300px) 100vw, 300px\" \/><\/a> <a href=\"https:\/\/www.prijedordanas.com\/wp-content\/uploads\/2016\/05\/ulicne-trke-prijedor-2016-pobjednici-10.jpg\" rel=\"attachment wp-att-50178\"><img loading=\"lazy\" decoding=\"async\" src=\"https:\/\/www.prijedordanas.com\/wp-content\/uploads\/2016\/05\/ulicne-trke-prijedor-2016-pobjednici-10-300x199.jpg\" alt=\"ulicne trke prijedor 2016-pobjednici (10)\" width=\"300\" height=\"199\" class=\"alignleft size-medium wp-image-50178\" srcset=\"https:\/\/www.prijedordanas.com\/wp-content\/uploads\/2016\/05\/ulicne-trke-prijedor-2016-pobjednici-10-300x200.jpg 300w, https:\/\/www.prijedordanas.com\/wp-content\/uploads\/2016\/05\/ulicne-trke-prijedor-2016-pobjednici-10-480x320.jpg 480w, https:\/\/www.prijedordanas.com\/wp-content\/uploads\/2016\/05\/ulicne-trke-prijedor-2016-pobjednici-10.jpg 600w\" sizes=\"(max-width: 300px) 100vw, 300px\" \/><\/a> <a href=\"https:\/\/www.prijedordanas.com\/wp-content\/uploads\/2016\/05\/ulicne-trke-prijedor-2016-pobjednici-11.jpg\" rel=\"attachment wp-att-50179\"><img loading=\"lazy\" decoding=\"async\" src=\"https:\/\/www.prijedordanas.com\/wp-content\/uploads\/2016\/05\/ulicne-trke-prijedor-2016-pobjednici-11-300x199.jpg\" alt=\"ulicne trke prijedor 2016-pobjednici (11)\" width=\"300\" height=\"199\" class=\"alignleft size-medium wp-image-50179\" srcset=\"https:\/\/www.prijedordanas.com\/wp-content\/uploads\/2016\/05\/ulicne-trke-prijedor-2016-pobjednici-11-300x200.jpg 300w, https:\/\/www.prijedordanas.com\/wp-content\/uploads\/2016\/05\/ulicne-trke-prijedor-2016-pobjednici-11-480x320.jpg 480w, https:\/\/www.prijedordanas.com\/wp-content\/uploads\/2016\/05\/ulicne-trke-prijedor-2016-pobjednici-11.jpg 600w\" sizes=\"(max-width: 300px) 100vw, 300px\" \/><\/a><\/p>\n","protected":false},"excerpt":{"rendered":"<p>Novopazarski atleti\u010dari Teodora Simovi\u0107 i Elzan Bibi\u0107 pobjednici su 23. me\u0111unarodne atletske uli\u010dne trke &#8220;Prijedor 2016&#8221; koja je odr\u017eana u okviru obilje\u017eavanja 16. maja &#8211; Dana grada. Simovi\u0107eva, koja je [&hellip;]<\/p>\n","protected":false},"author":1,"featured_media":0,"comment_status":"closed","ping_status":"open","sticky":false,"template":"","format":"standard","meta":{"_monsterinsights_skip_tracking":false,"_monsterinsights_sitenote_active":false,"_monsterinsights_sitenote_note":"","_monsterinsights_sitenote_category":0,"footnotes":""},"categories":[7],"tags":[987,7834,924,7822,7835],"yoast_head":"<!-- This site is optimized with the Yoast SEO plugin v21.6 - https:\/\/yoast.com\/wordpress\/plugins\/seo\/ -->\n<title>TEODORA SIMOVI\u0106 I ELZAN BIBI\u0106 POBJEDNICI ULI\u010cNE TRKE - FOTO - PrijedorDanas.com - Prijedorski gradski portal<\/title>\n<meta name=\"robots\" content=\"index, follow, max-snippet:-1, max-image-preview:large, max-video-preview:-1\" \/>\n<link rel=\"canonical\" href=\"https:\/\/www.prijedordanas.com\/?p=50168\" \/>\n<meta property=\"og:locale\" content=\"en_US\" \/>\n<meta property=\"og:type\" content=\"article\" \/>\n<meta property=\"og:title\" content=\"TEODORA SIMOVI\u0106 I ELZAN BIBI\u0106 POBJEDNICI ULI\u010cNE TRKE - FOTO - PrijedorDanas.com - Prijedorski gradski portal\" \/>\n<meta property=\"og:description\" content=\"Novopazarski atleti\u010dari Teodora Simovi\u0107 i Elzan Bibi\u0107 pobjednici su 23. me\u0111unarodne atletske uli\u010dne trke &#8220;Prijedor 2016&#8221; koja je odr\u017eana u okviru obilje\u017eavanja 16. maja &#8211; Dana grada. Simovi\u0107eva, koja je [&hellip;]\" \/>\n<meta property=\"og:url\" content=\"https:\/\/www.prijedordanas.com\/?p=50168\" \/>\n<meta property=\"og:site_name\" content=\"PrijedorDanas.com - Prijedorski gradski portal\" \/>\n<meta property=\"article:publisher\" content=\"https:\/\/www.facebook.com\/PrijedorDanasCom\/\" \/>\n<meta property=\"article:published_time\" content=\"2016-05-13T20:25:46+00:00\" \/>\n<meta property=\"og:image\" content=\"https:\/\/www.prijedordanas.com\/wp-content\/uploads\/2016\/05\/ulicne-trke-prijedor-2016-pobjednici-1-300x199.jpg\" \/>\n<meta name=\"author\" content=\"admin\" \/>\n<meta name=\"twitter:card\" content=\"summary_large_image\" \/>\n<meta name=\"twitter:label1\" content=\"Written by\" \/>\n\t<meta name=\"twitter:data1\" content=\"admin\" \/>\n\t<meta name=\"twitter:label2\" content=\"Est. reading time\" \/>\n\t<meta name=\"twitter:data2\" content=\"1 minute\" \/>\n<script type=\"application\/ld+json\" class=\"yoast-schema-graph\">{\"@context\":\"https:\/\/schema.org\",\"@graph\":[{\"@type\":\"Article\",\"@id\":\"https:\/\/www.prijedordanas.com\/?p=50168#article\",\"isPartOf\":{\"@id\":\"https:\/\/www.prijedordanas.com\/?p=50168\"},\"author\":{\"name\":\"admin\",\"@id\":\"https:\/\/www.prijedordanas.com\/#\/schema\/person\/4e08ccf29b506ca916ff86d46bb700e6\"},\"headline\":\"TEODORA SIMOVI\u0106 I ELZAN BIBI\u0106 POBJEDNICI ULI\u010cNE TRKE &#8211; FOTO\",\"datePublished\":\"2016-05-13T20:25:46+00:00\",\"dateModified\":\"2016-05-13T20:25:46+00:00\",\"mainEntityOfPage\":{\"@id\":\"https:\/\/www.prijedordanas.com\/?p=50168\"},\"wordCount\":305,\"publisher\":{\"@id\":\"https:\/\/www.prijedordanas.com\/#organization\"},\"keywords\":[\"Dan grada Prijedora\",\"Elzan Bibi\u0107\",\"me\u0111unarodne uli\u010dne trke\",\"Prijedor 2016\",\"Teodora Simovi\u0107\"],\"articleSection\":[\"Sport\"],\"inLanguage\":\"en-US\"},{\"@type\":\"WebPage\",\"@id\":\"https:\/\/www.prijedordanas.com\/?p=50168\",\"url\":\"https:\/\/www.prijedordanas.com\/?p=50168\",\"name\":\"TEODORA SIMOVI\u0106 I ELZAN BIBI\u0106 POBJEDNICI ULI\u010cNE TRKE - FOTO - PrijedorDanas.com - Prijedorski gradski portal\",\"isPartOf\":{\"@id\":\"https:\/\/www.prijedordanas.com\/#website\"},\"datePublished\":\"2016-05-13T20:25:46+00:00\",\"dateModified\":\"2016-05-13T20:25:46+00:00\",\"breadcrumb\":{\"@id\":\"https:\/\/www.prijedordanas.com\/?p=50168#breadcrumb\"},\"inLanguage\":\"en-US\",\"potentialAction\":[{\"@type\":\"ReadAction\",\"target\":[\"https:\/\/www.prijedordanas.com\/?p=50168\"]}]},{\"@type\":\"BreadcrumbList\",\"@id\":\"https:\/\/www.prijedordanas.com\/?p=50168#breadcrumb\",\"itemListElement\":[{\"@type\":\"ListItem\",\"position\":1,\"name\":\"Home\",\"item\":\"https:\/\/www.prijedordanas.com\/\"},{\"@type\":\"ListItem\",\"position\":2,\"name\":\"TEODORA SIMOVI\u0106 I ELZAN BIBI\u0106 POBJEDNICI ULI\u010cNE TRKE &#8211; FOTO\"}]},{\"@type\":\"WebSite\",\"@id\":\"https:\/\/www.prijedordanas.com\/#website\",\"url\":\"https:\/\/www.prijedordanas.com\/\",\"name\":\"PrijedorDanas.com - Prijedorski gradski portal\",\"description\":\"Portal o doga\u0111anjima u gradu Prijedoru\",\"publisher\":{\"@id\":\"https:\/\/www.prijedordanas.com\/#organization\"},\"potentialAction\":[{\"@type\":\"SearchAction\",\"target\":{\"@type\":\"EntryPoint\",\"urlTemplate\":\"https:\/\/www.prijedordanas.com\/?s={search_term_string}\"},\"query-input\":\"required name=search_term_string\"}],\"inLanguage\":\"en-US\"},{\"@type\":\"Organization\",\"@id\":\"https:\/\/www.prijedordanas.com\/#organization\",\"name\":\"PrijedorDanas.com\",\"url\":\"https:\/\/www.prijedordanas.com\/\",\"logo\":{\"@type\":\"ImageObject\",\"inLanguage\":\"en-US\",\"@id\":\"https:\/\/www.prijedordanas.com\/#\/schema\/logo\/image\/\",\"url\":\"http:\/\/www.prijedordanas.com\/wp-content\/uploads\/2021\/12\/logopng.png\",\"contentUrl\":\"http:\/\/www.prijedordanas.com\/wp-content\/uploads\/2021\/12\/logopng.png\",\"width\":1019,\"height\":776,\"caption\":\"PrijedorDanas.com\"},\"image\":{\"@id\":\"https:\/\/www.prijedordanas.com\/#\/schema\/logo\/image\/\"},\"sameAs\":[\"https:\/\/www.facebook.com\/PrijedorDanasCom\/\"]},{\"@type\":\"Person\",\"@id\":\"https:\/\/www.prijedordanas.com\/#\/schema\/person\/4e08ccf29b506ca916ff86d46bb700e6\",\"name\":\"admin\",\"image\":{\"@type\":\"ImageObject\",\"inLanguage\":\"en-US\",\"@id\":\"https:\/\/www.prijedordanas.com\/#\/schema\/person\/image\/\",\"url\":\"https:\/\/secure.gravatar.com\/avatar\/1d3fc949d550f0b53a5f0d51e06dfd79?s=96&d=mm&r=g\",\"contentUrl\":\"https:\/\/secure.gravatar.com\/avatar\/1d3fc949d550f0b53a5f0d51e06dfd79?s=96&d=mm&r=g\",\"caption\":\"admin\"},\"url\":\"https:\/\/www.prijedordanas.com\/?author=1\"}]}<\/script>\n<!-- \/ Yoast SEO plugin. -->","yoast_head_json":{"title":"TEODORA SIMOVI\u0106 I ELZAN BIBI\u0106 POBJEDNICI ULI\u010cNE TRKE - FOTO - PrijedorDanas.com - Prijedorski gradski portal","robots":{"index":"index","follow":"follow","max-snippet":"max-snippet:-1","max-image-preview":"max-image-preview:large","max-video-preview":"max-video-preview:-1"},"canonical":"https:\/\/www.prijedordanas.com\/?p=50168","og_locale":"en_US","og_type":"article","og_title":"TEODORA SIMOVI\u0106 I ELZAN BIBI\u0106 POBJEDNICI ULI\u010cNE TRKE - FOTO - PrijedorDanas.com - Prijedorski gradski portal","og_description":"Novopazarski atleti\u010dari Teodora Simovi\u0107 i Elzan Bibi\u0107 pobjednici su 23. me\u0111unarodne atletske uli\u010dne trke &#8220;Prijedor 2016&#8221; koja je odr\u017eana u okviru obilje\u017eavanja 16. maja &#8211; Dana grada. Simovi\u0107eva, koja je [&hellip;]","og_url":"https:\/\/www.prijedordanas.com\/?p=50168","og_site_name":"PrijedorDanas.com - Prijedorski gradski portal","article_publisher":"https:\/\/www.facebook.com\/PrijedorDanasCom\/","article_published_time":"2016-05-13T20:25:46+00:00","og_image":[{"url":"https:\/\/www.prijedordanas.com\/wp-content\/uploads\/2016\/05\/ulicne-trke-prijedor-2016-pobjednici-1-300x199.jpg"}],"author":"admin","twitter_card":"summary_large_image","twitter_misc":{"Written by":"admin","Est. reading time":"1 minute"},"schema":{"@context":"https:\/\/schema.org","@graph":[{"@type":"Article","@id":"https:\/\/www.prijedordanas.com\/?p=50168#article","isPartOf":{"@id":"https:\/\/www.prijedordanas.com\/?p=50168"},"author":{"name":"admin","@id":"https:\/\/www.prijedordanas.com\/#\/schema\/person\/4e08ccf29b506ca916ff86d46bb700e6"},"headline":"TEODORA SIMOVI\u0106 I ELZAN BIBI\u0106 POBJEDNICI ULI\u010cNE TRKE &#8211; FOTO","datePublished":"2016-05-13T20:25:46+00:00","dateModified":"2016-05-13T20:25:46+00:00","mainEntityOfPage":{"@id":"https:\/\/www.prijedordanas.com\/?p=50168"},"wordCount":305,"publisher":{"@id":"https:\/\/www.prijedordanas.com\/#organization"},"keywords":["Dan grada Prijedora","Elzan Bibi\u0107","me\u0111unarodne uli\u010dne trke","Prijedor 2016","Teodora Simovi\u0107"],"articleSection":["Sport"],"inLanguage":"en-US"},{"@type":"WebPage","@id":"https:\/\/www.prijedordanas.com\/?p=50168","url":"https:\/\/www.prijedordanas.com\/?p=50168","name":"TEODORA SIMOVI\u0106 I ELZAN BIBI\u0106 POBJEDNICI ULI\u010cNE TRKE - FOTO - PrijedorDanas.com - Prijedorski gradski portal","isPartOf":{"@id":"https:\/\/www.prijedordanas.com\/#website"},"datePublished":"2016-05-13T20:25:46+00:00","dateModified":"2016-05-13T20:25:46+00:00","breadcrumb":{"@id":"https:\/\/www.prijedordanas.com\/?p=50168#breadcrumb"},"inLanguage":"en-US","potentialAction":[{"@type":"ReadAction","target":["https:\/\/www.prijedordanas.com\/?p=50168"]}]},{"@type":"BreadcrumbList","@id":"https:\/\/www.prijedordanas.com\/?p=50168#breadcrumb","itemListElement":[{"@type":"ListItem","position":1,"name":"Home","item":"https:\/\/www.prijedordanas.com\/"},{"@type":"ListItem","position":2,"name":"TEODORA SIMOVI\u0106 I ELZAN BIBI\u0106 POBJEDNICI ULI\u010cNE TRKE &#8211; FOTO"}]},{"@type":"WebSite","@id":"https:\/\/www.prijedordanas.com\/#website","url":"https:\/\/www.prijedordanas.com\/","name":"PrijedorDanas.com - Prijedorski gradski portal","description":"Portal o doga\u0111anjima u gradu Prijedoru","publisher":{"@id":"https:\/\/www.prijedordanas.com\/#organization"},"potentialAction":[{"@type":"SearchAction","target":{"@type":"EntryPoint","urlTemplate":"https:\/\/www.prijedordanas.com\/?s={search_term_string}"},"query-input":"required name=search_term_string"}],"inLanguage":"en-US"},{"@type":"Organization","@id":"https:\/\/www.prijedordanas.com\/#organization","name":"PrijedorDanas.com","url":"https:\/\/www.prijedordanas.com\/","logo":{"@type":"ImageObject","inLanguage":"en-US","@id":"https:\/\/www.prijedordanas.com\/#\/schema\/logo\/image\/","url":"http:\/\/www.prijedordanas.com\/wp-content\/uploads\/2021\/12\/logopng.png","contentUrl":"http:\/\/www.prijedordanas.com\/wp-content\/uploads\/2021\/12\/logopng.png","width":1019,"height":776,"caption":"PrijedorDanas.com"},"image":{"@id":"https:\/\/www.prijedordanas.com\/#\/schema\/logo\/image\/"},"sameAs":["https:\/\/www.facebook.com\/PrijedorDanasCom\/"]},{"@type":"Person","@id":"https:\/\/www.prijedordanas.com\/#\/schema\/person\/4e08ccf29b506ca916ff86d46bb700e6","name":"admin","image":{"@type":"ImageObject","inLanguage":"en-US","@id":"https:\/\/www.prijedordanas.com\/#\/schema\/person\/image\/","url":"https:\/\/secure.gravatar.com\/avatar\/1d3fc949d550f0b53a5f0d51e06dfd79?s=96&d=mm&r=g","contentUrl":"https:\/\/secure.gravatar.com\/avatar\/1d3fc949d550f0b53a5f0d51e06dfd79?s=96&d=mm&r=g","caption":"admin"},"url":"https:\/\/www.prijedordanas.com\/?author=1"}]}},"_links":{"self":[{"href":"https:\/\/www.prijedordanas.com\/index.php?rest_route=\/wp\/v2\/posts\/50168"}],"collection":[{"href":"https:\/\/www.prijedordanas.com\/index.php?rest_route=\/wp\/v2\/posts"}],"about":[{"href":"https:\/\/www.prijedordanas.com\/index.php?rest_route=\/wp\/v2\/types\/post"}],"author":[{"embeddable":true,"href":"https:\/\/www.prijedordanas.com\/index.php?rest_route=\/wp\/v2\/users\/1"}],"replies":[{"embeddable":true,"href":"https:\/\/www.prijedordanas.com\/index.php?rest_route=%2Fwp%2Fv2%2Fcomments&post=50168"}],"version-history":[{"count":1,"href":"https:\/\/www.prijedordanas.com\/index.php?rest_route=\/wp\/v2\/posts\/50168\/revisions"}],"predecessor-version":[{"id":50180,"href":"https:\/\/www.prijedordanas.com\/index.php?rest_route=\/wp\/v2\/posts\/50168\/revisions\/50180"}],"wp:attachment":[{"href":"https:\/\/www.prijedordanas.com\/index.php?rest_route=%2Fwp%2Fv2%2Fmedia&parent=50168"}],"wp:term":[{"taxonomy":"category","embeddable":true,"href":"https:\/\/www.prijedordanas.com\/index.php?rest_route=%2Fwp%2Fv2%2Fcategories&post=50168"},{"taxonomy":"post_tag","embeddable":true,"href":"https:\/\/www.prijedordanas.com\/index.php?rest_route=%2Fwp%2Fv2%2Ftags&post=50168"}],"curies":[{"name":"wp","href":"https:\/\/api.w.org\/{rel}","templated":true}]}}