{"id":49794,"date":"2016-05-10T12:32:06","date_gmt":"2016-05-10T10:32:06","guid":{"rendered":"https:\/\/www.prijedordanas.com\/?p=49794"},"modified":"2016-05-10T12:32:07","modified_gmt":"2016-05-10T10:32:07","slug":"dns-pavic-protest-miting-bice-pouka-politicarima-vlastima","status":"publish","type":"post","link":"https:\/\/www.prijedordanas.com\/?p=49794","title":{"rendered":"DNS-PAVI\u0106: PROTEST I MITING BI\u0106E POUKA POLITI\u010cARIMA I VLASTIMA"},"content":{"rendered":"<p><a href=\"https:\/\/www.prijedordanas.com\/wp-content\/uploads\/2016\/05\/srna-dns-pavic-protest-miting.jpg\" rel=\"attachment wp-att-49795\"><img loading=\"lazy\" decoding=\"async\" src=\"https:\/\/www.prijedordanas.com\/wp-content\/uploads\/2016\/05\/srna-dns-pavic-protest-miting-300x201.jpg\" alt=\"srna-dns-pavic-protest-miting\" width=\"300\" height=\"201\" class=\"alignleft size-medium wp-image-49795\" srcset=\"https:\/\/www.prijedordanas.com\/wp-content\/uploads\/2016\/05\/srna-dns-pavic-protest-miting-300x200.jpg 300w, https:\/\/www.prijedordanas.com\/wp-content\/uploads\/2016\/05\/srna-dns-pavic-protest-miting-480x320.jpg 480w, https:\/\/www.prijedordanas.com\/wp-content\/uploads\/2016\/05\/srna-dns-pavic-protest-miting.jpg 600w\" sizes=\"(max-width: 300px) 100vw, 300px\" \/><\/a>Predsjednik Demokratskog narodnog saveza Marko Pavi\u0107 izjavio je danas da o\u010dekuje da iz protesta i mitinga, zakazanih za subotu, 14. maj, u Banjaluci, pouku izvuku politi\u010dke stranke i vlast i u Republici Srpskoj i u BiH kako bi zadovoljili \u0161to vi\u0161e zahtjeva u interesu gra\u0111ana.<\/p>\n<p>&#8220;O\u010dekujem razum i na protestima i na mitingu, i to razum i politi\u010dkih vo\u0111a i na\u0161ih gra\u0111ana koji ne\u0107e dozvoliti da do\u0111e do bilo kakvih nereda, da \u0107e svako slobodno iskazati svoju volju, \u0161to je demokratsko i legitimno pravo, i da \u0107e se poslije toga razi\u0107i&#8221;, rekao je Pavi\u0107 novinarima u Prijedoru. <\/p>\n<p>On je naveo da ga brine \u0161to su sve proteste na podru\u010dju biv\u0161e Jugoslavije, Evrope, Bliskog istoka i sjevera Afrike organizovali stranci, a doma\u0107ini su bili samo izvo\u0111a\u010di radova. <\/p>\n<p>&#8220;I vidjeli ste kakve smo posljedice dobili, da smo od nekih vrlo stabilnih dr\u017eava dobili dr\u017eave u kojima se svaki dan gine, u kojima se ne radi, iz kojih se bje\u017ei i koje se napu\u0161taju. To je ono \u010dega sa ja pla\u0161im i \u0161to ne bih volio da bude u pozadini ovih protesta&#8221;, naveo je Pavi\u0107. <\/p>\n<p>Lider DNS-a je rekao da on nema informacije o tome da iza protesta koje je najavio Savez za promjene stoje stranci, nego da predsjednik Republike kontaktira sa svim slu\u017ebama koje postoje ne samo u Republici Srpskoj, nego i u BiH i u susjednim zemljama, te da on ima te podatke. <\/p>\n<p>&#8220;Ako je to protest koji je zakonom predvi\u0111en kao izraz volje gra\u0111ana, to je u redu. Ali kod nas je neobi\u010dno u protestima \u0161to se oni koji su dobili manjinsko povjerenje gra\u0111ana pozivaju na narod. Nema osnova da se pozivaju na gra\u0111ane kad su od istih tih gra\u0111ana izgubili na izborima, i to ne samo posljednji put nego u posljednjih 10 godina sve i jedne izbore koji su bili&#8221;, dodao je Pavi\u0107. <\/p>\n<p>Odgovaraju\u0107i na pitanje novinara o lokalnim zajednicama u kojima \u0107e DNS imati kandidate za na\u010delnike op\u0161tina i gradona\u010delnike, Pavi\u0107 je najavio da \u0107e sjednica Predsjedni\u0161tva DNS-a biti odr\u017eana u petak, 13. maja. <\/p>\n<p>&#8220;Mi jesmo postigli na\u010delan dogovor i taj dogovor je vrlo brzo postignut, me\u0111utim nismo to objavili zato \u0161to taj dogovor treba da pro\u0111e organe stranke&#8221;, dodao je Pavi\u0107. <\/p>\n<p>SRNA<\/p>\n","protected":false},"excerpt":{"rendered":"<p>Predsjednik Demokratskog narodnog saveza Marko Pavi\u0107 izjavio je danas da o\u010dekuje da iz protesta i mitinga, zakazanih za subotu, 14. maj, u Banjaluci, pouku izvuku politi\u010dke stranke i vlast i [&hellip;]<\/p>\n","protected":false},"author":1,"featured_media":0,"comment_status":"closed","ping_status":"open","sticky":false,"template":"","format":"standard","meta":{"_monsterinsights_skip_tracking":false,"_monsterinsights_sitenote_active":false,"_monsterinsights_sitenote_note":"","_monsterinsights_sitenote_category":0,"footnotes":""},"categories":[8],"tags":[499,1385,134,7752,7792,7790,3848,7791],"yoast_head":"<!-- This site is optimized with the Yoast SEO plugin v21.6 - https:\/\/yoast.com\/wordpress\/plugins\/seo\/ -->\n<title>DNS-PAVI\u0106: PROTEST I MITING BI\u0106E POUKA POLITI\u010cARIMA I VLASTIMA - PrijedorDanas.com - Prijedorski gradski portal<\/title>\n<meta name=\"robots\" content=\"index, follow, max-snippet:-1, max-image-preview:large, max-video-preview:-1\" \/>\n<link rel=\"canonical\" href=\"https:\/\/www.prijedordanas.com\/?p=49794\" \/>\n<meta property=\"og:locale\" content=\"en_US\" \/>\n<meta property=\"og:type\" content=\"article\" \/>\n<meta property=\"og:title\" content=\"DNS-PAVI\u0106: PROTEST I MITING BI\u0106E POUKA POLITI\u010cARIMA I VLASTIMA - PrijedorDanas.com - Prijedorski gradski portal\" \/>\n<meta property=\"og:description\" content=\"Predsjednik Demokratskog narodnog saveza Marko Pavi\u0107 izjavio je danas da o\u010dekuje da iz protesta i mitinga, zakazanih za subotu, 14. maj, u Banjaluci, pouku izvuku politi\u010dke stranke i vlast i [&hellip;]\" \/>\n<meta property=\"og:url\" content=\"https:\/\/www.prijedordanas.com\/?p=49794\" \/>\n<meta property=\"og:site_name\" content=\"PrijedorDanas.com - Prijedorski gradski portal\" \/>\n<meta property=\"article:publisher\" content=\"https:\/\/www.facebook.com\/PrijedorDanasCom\/\" \/>\n<meta property=\"article:published_time\" content=\"2016-05-10T10:32:06+00:00\" \/>\n<meta property=\"article:modified_time\" content=\"2016-05-10T10:32:07+00:00\" \/>\n<meta property=\"og:image\" content=\"https:\/\/www.prijedordanas.com\/wp-content\/uploads\/2016\/05\/srna-dns-pavic-protest-miting-300x201.jpg\" \/>\n<meta name=\"author\" content=\"admin\" \/>\n<meta name=\"twitter:card\" content=\"summary_large_image\" \/>\n<meta name=\"twitter:label1\" content=\"Written by\" \/>\n\t<meta name=\"twitter:data1\" content=\"admin\" \/>\n\t<meta name=\"twitter:label2\" content=\"Est. reading time\" \/>\n\t<meta name=\"twitter:data2\" content=\"2 minutes\" \/>\n<script type=\"application\/ld+json\" class=\"yoast-schema-graph\">{\"@context\":\"https:\/\/schema.org\",\"@graph\":[{\"@type\":\"Article\",\"@id\":\"https:\/\/www.prijedordanas.com\/?p=49794#article\",\"isPartOf\":{\"@id\":\"https:\/\/www.prijedordanas.com\/?p=49794\"},\"author\":{\"name\":\"admin\",\"@id\":\"https:\/\/www.prijedordanas.com\/#\/schema\/person\/4e08ccf29b506ca916ff86d46bb700e6\"},\"headline\":\"DNS-PAVI\u0106: PROTEST I MITING BI\u0106E POUKA POLITI\u010cARIMA I VLASTIMA\",\"datePublished\":\"2016-05-10T10:32:06+00:00\",\"dateModified\":\"2016-05-10T10:32:07+00:00\",\"mainEntityOfPage\":{\"@id\":\"https:\/\/www.prijedordanas.com\/?p=49794\"},\"wordCount\":411,\"publisher\":{\"@id\":\"https:\/\/www.prijedordanas.com\/#organization\"},\"keywords\":[\"Demokratski narodni savez\",\"DNS\",\"Marko Pavi\u0107\",\"miting\",\"politi\u010dari\",\"pouka\",\"protest\",\"vlast\"],\"articleSection\":[\"Svakodnevno\"],\"inLanguage\":\"en-US\"},{\"@type\":\"WebPage\",\"@id\":\"https:\/\/www.prijedordanas.com\/?p=49794\",\"url\":\"https:\/\/www.prijedordanas.com\/?p=49794\",\"name\":\"DNS-PAVI\u0106: PROTEST I MITING BI\u0106E POUKA POLITI\u010cARIMA I VLASTIMA - PrijedorDanas.com - Prijedorski gradski portal\",\"isPartOf\":{\"@id\":\"https:\/\/www.prijedordanas.com\/#website\"},\"datePublished\":\"2016-05-10T10:32:06+00:00\",\"dateModified\":\"2016-05-10T10:32:07+00:00\",\"breadcrumb\":{\"@id\":\"https:\/\/www.prijedordanas.com\/?p=49794#breadcrumb\"},\"inLanguage\":\"en-US\",\"potentialAction\":[{\"@type\":\"ReadAction\",\"target\":[\"https:\/\/www.prijedordanas.com\/?p=49794\"]}]},{\"@type\":\"BreadcrumbList\",\"@id\":\"https:\/\/www.prijedordanas.com\/?p=49794#breadcrumb\",\"itemListElement\":[{\"@type\":\"ListItem\",\"position\":1,\"name\":\"Home\",\"item\":\"https:\/\/www.prijedordanas.com\/\"},{\"@type\":\"ListItem\",\"position\":2,\"name\":\"DNS-PAVI\u0106: PROTEST I MITING BI\u0106E POUKA POLITI\u010cARIMA I VLASTIMA\"}]},{\"@type\":\"WebSite\",\"@id\":\"https:\/\/www.prijedordanas.com\/#website\",\"url\":\"https:\/\/www.prijedordanas.com\/\",\"name\":\"PrijedorDanas.com - Prijedorski gradski portal\",\"description\":\"Portal o doga\u0111anjima u gradu Prijedoru\",\"publisher\":{\"@id\":\"https:\/\/www.prijedordanas.com\/#organization\"},\"potentialAction\":[{\"@type\":\"SearchAction\",\"target\":{\"@type\":\"EntryPoint\",\"urlTemplate\":\"https:\/\/www.prijedordanas.com\/?s={search_term_string}\"},\"query-input\":\"required name=search_term_string\"}],\"inLanguage\":\"en-US\"},{\"@type\":\"Organization\",\"@id\":\"https:\/\/www.prijedordanas.com\/#organization\",\"name\":\"PrijedorDanas.com\",\"url\":\"https:\/\/www.prijedordanas.com\/\",\"logo\":{\"@type\":\"ImageObject\",\"inLanguage\":\"en-US\",\"@id\":\"https:\/\/www.prijedordanas.com\/#\/schema\/logo\/image\/\",\"url\":\"http:\/\/www.prijedordanas.com\/wp-content\/uploads\/2021\/12\/logopng.png\",\"contentUrl\":\"http:\/\/www.prijedordanas.com\/wp-content\/uploads\/2021\/12\/logopng.png\",\"width\":1019,\"height\":776,\"caption\":\"PrijedorDanas.com\"},\"image\":{\"@id\":\"https:\/\/www.prijedordanas.com\/#\/schema\/logo\/image\/\"},\"sameAs\":[\"https:\/\/www.facebook.com\/PrijedorDanasCom\/\"]},{\"@type\":\"Person\",\"@id\":\"https:\/\/www.prijedordanas.com\/#\/schema\/person\/4e08ccf29b506ca916ff86d46bb700e6\",\"name\":\"admin\",\"image\":{\"@type\":\"ImageObject\",\"inLanguage\":\"en-US\",\"@id\":\"https:\/\/www.prijedordanas.com\/#\/schema\/person\/image\/\",\"url\":\"https:\/\/secure.gravatar.com\/avatar\/1d3fc949d550f0b53a5f0d51e06dfd79?s=96&d=mm&r=g\",\"contentUrl\":\"https:\/\/secure.gravatar.com\/avatar\/1d3fc949d550f0b53a5f0d51e06dfd79?s=96&d=mm&r=g\",\"caption\":\"admin\"},\"url\":\"https:\/\/www.prijedordanas.com\/?author=1\"}]}<\/script>\n<!-- \/ Yoast SEO plugin. -->","yoast_head_json":{"title":"DNS-PAVI\u0106: PROTEST I MITING BI\u0106E POUKA POLITI\u010cARIMA I VLASTIMA - PrijedorDanas.com - Prijedorski gradski portal","robots":{"index":"index","follow":"follow","max-snippet":"max-snippet:-1","max-image-preview":"max-image-preview:large","max-video-preview":"max-video-preview:-1"},"canonical":"https:\/\/www.prijedordanas.com\/?p=49794","og_locale":"en_US","og_type":"article","og_title":"DNS-PAVI\u0106: PROTEST I MITING BI\u0106E POUKA POLITI\u010cARIMA I VLASTIMA - PrijedorDanas.com - Prijedorski gradski portal","og_description":"Predsjednik Demokratskog narodnog saveza Marko Pavi\u0107 izjavio je danas da o\u010dekuje da iz protesta i mitinga, zakazanih za subotu, 14. maj, u Banjaluci, pouku izvuku politi\u010dke stranke i vlast i [&hellip;]","og_url":"https:\/\/www.prijedordanas.com\/?p=49794","og_site_name":"PrijedorDanas.com - Prijedorski gradski portal","article_publisher":"https:\/\/www.facebook.com\/PrijedorDanasCom\/","article_published_time":"2016-05-10T10:32:06+00:00","article_modified_time":"2016-05-10T10:32:07+00:00","og_image":[{"url":"https:\/\/www.prijedordanas.com\/wp-content\/uploads\/2016\/05\/srna-dns-pavic-protest-miting-300x201.jpg"}],"author":"admin","twitter_card":"summary_large_image","twitter_misc":{"Written by":"admin","Est. reading time":"2 minutes"},"schema":{"@context":"https:\/\/schema.org","@graph":[{"@type":"Article","@id":"https:\/\/www.prijedordanas.com\/?p=49794#article","isPartOf":{"@id":"https:\/\/www.prijedordanas.com\/?p=49794"},"author":{"name":"admin","@id":"https:\/\/www.prijedordanas.com\/#\/schema\/person\/4e08ccf29b506ca916ff86d46bb700e6"},"headline":"DNS-PAVI\u0106: PROTEST I MITING BI\u0106E POUKA POLITI\u010cARIMA I VLASTIMA","datePublished":"2016-05-10T10:32:06+00:00","dateModified":"2016-05-10T10:32:07+00:00","mainEntityOfPage":{"@id":"https:\/\/www.prijedordanas.com\/?p=49794"},"wordCount":411,"publisher":{"@id":"https:\/\/www.prijedordanas.com\/#organization"},"keywords":["Demokratski narodni savez","DNS","Marko Pavi\u0107","miting","politi\u010dari","pouka","protest","vlast"],"articleSection":["Svakodnevno"],"inLanguage":"en-US"},{"@type":"WebPage","@id":"https:\/\/www.prijedordanas.com\/?p=49794","url":"https:\/\/www.prijedordanas.com\/?p=49794","name":"DNS-PAVI\u0106: PROTEST I MITING BI\u0106E POUKA POLITI\u010cARIMA I VLASTIMA - PrijedorDanas.com - Prijedorski gradski portal","isPartOf":{"@id":"https:\/\/www.prijedordanas.com\/#website"},"datePublished":"2016-05-10T10:32:06+00:00","dateModified":"2016-05-10T10:32:07+00:00","breadcrumb":{"@id":"https:\/\/www.prijedordanas.com\/?p=49794#breadcrumb"},"inLanguage":"en-US","potentialAction":[{"@type":"ReadAction","target":["https:\/\/www.prijedordanas.com\/?p=49794"]}]},{"@type":"BreadcrumbList","@id":"https:\/\/www.prijedordanas.com\/?p=49794#breadcrumb","itemListElement":[{"@type":"ListItem","position":1,"name":"Home","item":"https:\/\/www.prijedordanas.com\/"},{"@type":"ListItem","position":2,"name":"DNS-PAVI\u0106: PROTEST I MITING BI\u0106E POUKA POLITI\u010cARIMA I VLASTIMA"}]},{"@type":"WebSite","@id":"https:\/\/www.prijedordanas.com\/#website","url":"https:\/\/www.prijedordanas.com\/","name":"PrijedorDanas.com - Prijedorski gradski portal","description":"Portal o doga\u0111anjima u gradu Prijedoru","publisher":{"@id":"https:\/\/www.prijedordanas.com\/#organization"},"potentialAction":[{"@type":"SearchAction","target":{"@type":"EntryPoint","urlTemplate":"https:\/\/www.prijedordanas.com\/?s={search_term_string}"},"query-input":"required name=search_term_string"}],"inLanguage":"en-US"},{"@type":"Organization","@id":"https:\/\/www.prijedordanas.com\/#organization","name":"PrijedorDanas.com","url":"https:\/\/www.prijedordanas.com\/","logo":{"@type":"ImageObject","inLanguage":"en-US","@id":"https:\/\/www.prijedordanas.com\/#\/schema\/logo\/image\/","url":"http:\/\/www.prijedordanas.com\/wp-content\/uploads\/2021\/12\/logopng.png","contentUrl":"http:\/\/www.prijedordanas.com\/wp-content\/uploads\/2021\/12\/logopng.png","width":1019,"height":776,"caption":"PrijedorDanas.com"},"image":{"@id":"https:\/\/www.prijedordanas.com\/#\/schema\/logo\/image\/"},"sameAs":["https:\/\/www.facebook.com\/PrijedorDanasCom\/"]},{"@type":"Person","@id":"https:\/\/www.prijedordanas.com\/#\/schema\/person\/4e08ccf29b506ca916ff86d46bb700e6","name":"admin","image":{"@type":"ImageObject","inLanguage":"en-US","@id":"https:\/\/www.prijedordanas.com\/#\/schema\/person\/image\/","url":"https:\/\/secure.gravatar.com\/avatar\/1d3fc949d550f0b53a5f0d51e06dfd79?s=96&d=mm&r=g","contentUrl":"https:\/\/secure.gravatar.com\/avatar\/1d3fc949d550f0b53a5f0d51e06dfd79?s=96&d=mm&r=g","caption":"admin"},"url":"https:\/\/www.prijedordanas.com\/?author=1"}]}},"_links":{"self":[{"href":"https:\/\/www.prijedordanas.com\/index.php?rest_route=\/wp\/v2\/posts\/49794"}],"collection":[{"href":"https:\/\/www.prijedordanas.com\/index.php?rest_route=\/wp\/v2\/posts"}],"about":[{"href":"https:\/\/www.prijedordanas.com\/index.php?rest_route=\/wp\/v2\/types\/post"}],"author":[{"embeddable":true,"href":"https:\/\/www.prijedordanas.com\/index.php?rest_route=\/wp\/v2\/users\/1"}],"replies":[{"embeddable":true,"href":"https:\/\/www.prijedordanas.com\/index.php?rest_route=%2Fwp%2Fv2%2Fcomments&post=49794"}],"version-history":[{"count":1,"href":"https:\/\/www.prijedordanas.com\/index.php?rest_route=\/wp\/v2\/posts\/49794\/revisions"}],"predecessor-version":[{"id":49796,"href":"https:\/\/www.prijedordanas.com\/index.php?rest_route=\/wp\/v2\/posts\/49794\/revisions\/49796"}],"wp:attachment":[{"href":"https:\/\/www.prijedordanas.com\/index.php?rest_route=%2Fwp%2Fv2%2Fmedia&parent=49794"}],"wp:term":[{"taxonomy":"category","embeddable":true,"href":"https:\/\/www.prijedordanas.com\/index.php?rest_route=%2Fwp%2Fv2%2Fcategories&post=49794"},{"taxonomy":"post_tag","embeddable":true,"href":"https:\/\/www.prijedordanas.com\/index.php?rest_route=%2Fwp%2Fv2%2Ftags&post=49794"}],"curies":[{"name":"wp","href":"https:\/\/api.w.org\/{rel}","templated":true}]}}