{"id":49772,"date":"2016-05-10T08:43:03","date_gmt":"2016-05-10T06:43:03","guid":{"rendered":"https:\/\/www.prijedordanas.com\/?p=49772"},"modified":"2016-05-10T08:43:03","modified_gmt":"2016-05-10T06:43:03","slug":"delegacija-grada-prijedora-u-donjoj-gradini","status":"publish","type":"post","link":"https:\/\/www.prijedordanas.com\/?p=49772","title":{"rendered":"DELEGACIJA GRADA PRIJEDORA U DONJOJ GRADINI"},"content":{"rendered":"<p><a href=\"https:\/\/www.prijedordanas.com\/wp-content\/uploads\/2016\/05\/prijedorgradorg-delegacija-u-donjoj-gradini-1.jpg\" rel=\"attachment wp-att-49773\"><img loading=\"lazy\" decoding=\"async\" class=\"alignleft size-medium wp-image-49773\" src=\"https:\/\/www.prijedordanas.com\/wp-content\/uploads\/2016\/05\/prijedorgradorg-delegacija-u-donjoj-gradini-1-300x180.jpg\" alt=\"prijedorgradorg-delegacija u donjoj gradini (1)\" width=\"300\" height=\"180\" srcset=\"https:\/\/www.prijedordanas.com\/wp-content\/uploads\/2016\/05\/prijedorgradorg-delegacija-u-donjoj-gradini-1-300x180.jpg 300w, https:\/\/www.prijedordanas.com\/wp-content\/uploads\/2016\/05\/prijedorgradorg-delegacija-u-donjoj-gradini-1.jpg 640w\" sizes=\"(max-width: 300px) 100vw, 300px\" \/><\/a>Polaganjem vijenaca na spomen-podru\u010dje Donja Gradina kod Kozarske Dubice obilje\u017eena je 71 godina od stradanja \u017ertava usta\u0161kog zlo\u010dina u koncentracionom logoru Jasenovac i njegovom najve\u0107em strati\u0161tu Donjoj Gradini.<\/p>\n<p>Ceremonija u spomen podru\u010dju Donja Gradina po\u010dela je polaganjem vijenaca na grobnom polju &#8220;Topole&#8221;, nakon \u010dega je na grobnom polju &#8220;Hrastovi&#8221; slu\u017een parastos na srpskom, jevrejskom i ruskom jeziku.<\/p>\n<p>Parastos za pravoslavne \u017ertve logora Jasenovac slu\u017eio je vladika banjalu\u010dki Jefrem, za stradale Jevreje molitvu je slu\u017eio rabin Jevrejske zajednice u Srbiji Isak Asiel, dok je u ime ubijenih Roma molitvu govorio Dragoljub Ackovi\u0107.<\/p>\n<p>Vijence je polo\u017eila 21 delegacija &#8211; predsjednici Srbije i Republike Srpske, zatim predstavnici dvije vlade, pre\u017eiveli logora\u0161i, bora\u010dka udru\u017eenja, kao i ambasadori, me\u0111u kojima i predstavnici Izraela i NJema\u010dke.Me\u0111u delegacijama iz Republike Srpske bila je i delegacija grada Prijedora.<\/p>\n<p><a href=\"https:\/\/www.prijedordanas.com\/wp-content\/uploads\/2016\/05\/prijedorgradorg-delegacija-u-donjoj-gradini-2.jpg\" rel=\"attachment wp-att-49774\"><img loading=\"lazy\" decoding=\"async\" src=\"https:\/\/www.prijedordanas.com\/wp-content\/uploads\/2016\/05\/prijedorgradorg-delegacija-u-donjoj-gradini-2-300x180.jpg\" alt=\"prijedorgradorg-delegacija u donjoj gradini (2)\" width=\"300\" height=\"180\" class=\"alignleft size-medium wp-image-49774\" srcset=\"https:\/\/www.prijedordanas.com\/wp-content\/uploads\/2016\/05\/prijedorgradorg-delegacija-u-donjoj-gradini-2-300x180.jpg 300w, https:\/\/www.prijedordanas.com\/wp-content\/uploads\/2016\/05\/prijedorgradorg-delegacija-u-donjoj-gradini-2.jpg 640w\" sizes=\"(max-width: 300px) 100vw, 300px\" \/><\/a>Logor Donja Gradina oformljen je 1942. godine u sistemu usta\u0161kog logora Jasenovac, a bio je aktivan sve do zavr\u0161etka Drugog svjetskog rata 1945. godine i sloma NDH. To je bilo jedno od najve\u0107ih strati\u0161ta gde su ubijani mahom Srbi, Jevreji i Romi.<\/p>\n<p>Na osnovu prvih eshumacija koje je uradila dr\u017eavna komisija Federativne Narodne Republike Jugoslavije, a koje je potvrdio i centar Simon Vizental, zaklju\u010deno je da je u jasenova\u010dkim logorima nestalo 500.000 Srba, 80.000 Roma, 32.000 Jevreja i nekoliko desetina hiljada antifa\u0161ista razli\u010ditih nacionalnosti.<\/p>\n<p>Me\u0111utim, u memorijalnom kompleksu Jasenovac, koji danas pripada Republici Hrvatskoj, navode se kao \u017ertve samo oni koji su identifikovani, odnosno 83.145 ubijenih.<\/p>\n<p>Me\u0111u stradalima za 1.337 dana postojanja logora Jasenovac bilo je vi\u0161e od 20.000 dece.<\/p>\n<p>Prijedorgrad.org<\/p>\n<p><a href=\"https:\/\/www.prijedordanas.com\/wp-content\/uploads\/2016\/05\/prijedorgradorg-delegacija-u-donjoj-gradini-3.jpg\" rel=\"attachment wp-att-49775\"><img loading=\"lazy\" decoding=\"async\" src=\"https:\/\/www.prijedordanas.com\/wp-content\/uploads\/2016\/05\/prijedorgradorg-delegacija-u-donjoj-gradini-3-300x180.jpg\" alt=\"prijedorgradorg-delegacija u donjoj gradini (3)\" width=\"300\" height=\"180\" class=\"alignleft size-medium wp-image-49775\" srcset=\"https:\/\/www.prijedordanas.com\/wp-content\/uploads\/2016\/05\/prijedorgradorg-delegacija-u-donjoj-gradini-3-300x180.jpg 300w, https:\/\/www.prijedordanas.com\/wp-content\/uploads\/2016\/05\/prijedorgradorg-delegacija-u-donjoj-gradini-3.jpg 639w\" sizes=\"(max-width: 300px) 100vw, 300px\" \/><\/a> <a href=\"https:\/\/www.prijedordanas.com\/wp-content\/uploads\/2016\/05\/prijedorgradorg-delegacija-u-donjoj-gradini-4.jpg\" rel=\"attachment wp-att-49776\"><img loading=\"lazy\" decoding=\"async\" src=\"https:\/\/www.prijedordanas.com\/wp-content\/uploads\/2016\/05\/prijedorgradorg-delegacija-u-donjoj-gradini-4-300x180.jpg\" alt=\"prijedorgradorg-delegacija u donjoj gradini (4)\" width=\"300\" height=\"180\" class=\"alignleft size-medium wp-image-49776\" srcset=\"https:\/\/www.prijedordanas.com\/wp-content\/uploads\/2016\/05\/prijedorgradorg-delegacija-u-donjoj-gradini-4-300x180.jpg 300w, https:\/\/www.prijedordanas.com\/wp-content\/uploads\/2016\/05\/prijedorgradorg-delegacija-u-donjoj-gradini-4.jpg 640w\" sizes=\"(max-width: 300px) 100vw, 300px\" \/><\/a><\/p>\n","protected":false},"excerpt":{"rendered":"<p>Polaganjem vijenaca na spomen-podru\u010dje Donja Gradina kod Kozarske Dubice obilje\u017eena je 71 godina od stradanja \u017ertava usta\u0161kog zlo\u010dina u koncentracionom logoru Jasenovac i njegovom najve\u0107em strati\u0161tu Donjoj Gradini. Ceremonija u [&hellip;]<\/p>\n","protected":false},"author":1,"featured_media":0,"comment_status":"closed","ping_status":"open","sticky":false,"template":"","format":"standard","meta":{"_monsterinsights_skip_tracking":false,"_monsterinsights_sitenote_active":false,"_monsterinsights_sitenote_note":"","_monsterinsights_sitenote_category":0,"footnotes":""},"categories":[8],"tags":[4661,7787,197],"yoast_head":"<!-- This site is optimized with the Yoast SEO plugin v21.6 - https:\/\/yoast.com\/wordpress\/plugins\/seo\/ -->\n<title>DELEGACIJA GRADA PRIJEDORA U DONJOJ GRADINI - PrijedorDanas.com - Prijedorski gradski portal<\/title>\n<meta name=\"robots\" content=\"index, follow, max-snippet:-1, max-image-preview:large, max-video-preview:-1\" \/>\n<link rel=\"canonical\" href=\"https:\/\/www.prijedordanas.com\/?p=49772\" \/>\n<meta property=\"og:locale\" content=\"en_US\" \/>\n<meta property=\"og:type\" content=\"article\" \/>\n<meta property=\"og:title\" content=\"DELEGACIJA GRADA PRIJEDORA U DONJOJ GRADINI - PrijedorDanas.com - Prijedorski gradski portal\" \/>\n<meta property=\"og:description\" content=\"Polaganjem vijenaca na spomen-podru\u010dje Donja Gradina kod Kozarske Dubice obilje\u017eena je 71 godina od stradanja \u017ertava usta\u0161kog zlo\u010dina u koncentracionom logoru Jasenovac i njegovom najve\u0107em strati\u0161tu Donjoj Gradini. Ceremonija u [&hellip;]\" \/>\n<meta property=\"og:url\" content=\"https:\/\/www.prijedordanas.com\/?p=49772\" \/>\n<meta property=\"og:site_name\" content=\"PrijedorDanas.com - Prijedorski gradski portal\" \/>\n<meta property=\"article:publisher\" content=\"https:\/\/www.facebook.com\/PrijedorDanasCom\/\" \/>\n<meta property=\"article:published_time\" content=\"2016-05-10T06:43:03+00:00\" \/>\n<meta property=\"og:image\" content=\"https:\/\/www.prijedordanas.com\/wp-content\/uploads\/2016\/05\/prijedorgradorg-delegacija-u-donjoj-gradini-1-300x180.jpg\" \/>\n<meta name=\"author\" content=\"admin\" \/>\n<meta name=\"twitter:card\" content=\"summary_large_image\" \/>\n<meta name=\"twitter:label1\" content=\"Written by\" \/>\n\t<meta name=\"twitter:data1\" content=\"admin\" \/>\n\t<meta name=\"twitter:label2\" content=\"Est. reading time\" \/>\n\t<meta name=\"twitter:data2\" content=\"1 minute\" \/>\n<script type=\"application\/ld+json\" class=\"yoast-schema-graph\">{\"@context\":\"https:\/\/schema.org\",\"@graph\":[{\"@type\":\"Article\",\"@id\":\"https:\/\/www.prijedordanas.com\/?p=49772#article\",\"isPartOf\":{\"@id\":\"https:\/\/www.prijedordanas.com\/?p=49772\"},\"author\":{\"name\":\"admin\",\"@id\":\"https:\/\/www.prijedordanas.com\/#\/schema\/person\/4e08ccf29b506ca916ff86d46bb700e6\"},\"headline\":\"DELEGACIJA GRADA PRIJEDORA U DONJOJ GRADINI\",\"datePublished\":\"2016-05-10T06:43:03+00:00\",\"dateModified\":\"2016-05-10T06:43:03+00:00\",\"mainEntityOfPage\":{\"@id\":\"https:\/\/www.prijedordanas.com\/?p=49772\"},\"wordCount\":281,\"publisher\":{\"@id\":\"https:\/\/www.prijedordanas.com\/#organization\"},\"keywords\":[\"delegacija\",\"Donja Gradina\",\"Prijedor\"],\"articleSection\":[\"Svakodnevno\"],\"inLanguage\":\"en-US\"},{\"@type\":\"WebPage\",\"@id\":\"https:\/\/www.prijedordanas.com\/?p=49772\",\"url\":\"https:\/\/www.prijedordanas.com\/?p=49772\",\"name\":\"DELEGACIJA GRADA PRIJEDORA U DONJOJ GRADINI - PrijedorDanas.com - Prijedorski gradski portal\",\"isPartOf\":{\"@id\":\"https:\/\/www.prijedordanas.com\/#website\"},\"datePublished\":\"2016-05-10T06:43:03+00:00\",\"dateModified\":\"2016-05-10T06:43:03+00:00\",\"breadcrumb\":{\"@id\":\"https:\/\/www.prijedordanas.com\/?p=49772#breadcrumb\"},\"inLanguage\":\"en-US\",\"potentialAction\":[{\"@type\":\"ReadAction\",\"target\":[\"https:\/\/www.prijedordanas.com\/?p=49772\"]}]},{\"@type\":\"BreadcrumbList\",\"@id\":\"https:\/\/www.prijedordanas.com\/?p=49772#breadcrumb\",\"itemListElement\":[{\"@type\":\"ListItem\",\"position\":1,\"name\":\"Home\",\"item\":\"https:\/\/www.prijedordanas.com\/\"},{\"@type\":\"ListItem\",\"position\":2,\"name\":\"DELEGACIJA GRADA PRIJEDORA U DONJOJ GRADINI\"}]},{\"@type\":\"WebSite\",\"@id\":\"https:\/\/www.prijedordanas.com\/#website\",\"url\":\"https:\/\/www.prijedordanas.com\/\",\"name\":\"PrijedorDanas.com - Prijedorski gradski portal\",\"description\":\"Portal o doga\u0111anjima u gradu Prijedoru\",\"publisher\":{\"@id\":\"https:\/\/www.prijedordanas.com\/#organization\"},\"potentialAction\":[{\"@type\":\"SearchAction\",\"target\":{\"@type\":\"EntryPoint\",\"urlTemplate\":\"https:\/\/www.prijedordanas.com\/?s={search_term_string}\"},\"query-input\":\"required name=search_term_string\"}],\"inLanguage\":\"en-US\"},{\"@type\":\"Organization\",\"@id\":\"https:\/\/www.prijedordanas.com\/#organization\",\"name\":\"PrijedorDanas.com\",\"url\":\"https:\/\/www.prijedordanas.com\/\",\"logo\":{\"@type\":\"ImageObject\",\"inLanguage\":\"en-US\",\"@id\":\"https:\/\/www.prijedordanas.com\/#\/schema\/logo\/image\/\",\"url\":\"http:\/\/www.prijedordanas.com\/wp-content\/uploads\/2021\/12\/logopng.png\",\"contentUrl\":\"http:\/\/www.prijedordanas.com\/wp-content\/uploads\/2021\/12\/logopng.png\",\"width\":1019,\"height\":776,\"caption\":\"PrijedorDanas.com\"},\"image\":{\"@id\":\"https:\/\/www.prijedordanas.com\/#\/schema\/logo\/image\/\"},\"sameAs\":[\"https:\/\/www.facebook.com\/PrijedorDanasCom\/\"]},{\"@type\":\"Person\",\"@id\":\"https:\/\/www.prijedordanas.com\/#\/schema\/person\/4e08ccf29b506ca916ff86d46bb700e6\",\"name\":\"admin\",\"image\":{\"@type\":\"ImageObject\",\"inLanguage\":\"en-US\",\"@id\":\"https:\/\/www.prijedordanas.com\/#\/schema\/person\/image\/\",\"url\":\"https:\/\/secure.gravatar.com\/avatar\/1d3fc949d550f0b53a5f0d51e06dfd79?s=96&d=mm&r=g\",\"contentUrl\":\"https:\/\/secure.gravatar.com\/avatar\/1d3fc949d550f0b53a5f0d51e06dfd79?s=96&d=mm&r=g\",\"caption\":\"admin\"},\"url\":\"https:\/\/www.prijedordanas.com\/?author=1\"}]}<\/script>\n<!-- \/ Yoast SEO plugin. -->","yoast_head_json":{"title":"DELEGACIJA GRADA PRIJEDORA U DONJOJ GRADINI - PrijedorDanas.com - Prijedorski gradski portal","robots":{"index":"index","follow":"follow","max-snippet":"max-snippet:-1","max-image-preview":"max-image-preview:large","max-video-preview":"max-video-preview:-1"},"canonical":"https:\/\/www.prijedordanas.com\/?p=49772","og_locale":"en_US","og_type":"article","og_title":"DELEGACIJA GRADA PRIJEDORA U DONJOJ GRADINI - PrijedorDanas.com - Prijedorski gradski portal","og_description":"Polaganjem vijenaca na spomen-podru\u010dje Donja Gradina kod Kozarske Dubice obilje\u017eena je 71 godina od stradanja \u017ertava usta\u0161kog zlo\u010dina u koncentracionom logoru Jasenovac i njegovom najve\u0107em strati\u0161tu Donjoj Gradini. Ceremonija u [&hellip;]","og_url":"https:\/\/www.prijedordanas.com\/?p=49772","og_site_name":"PrijedorDanas.com - Prijedorski gradski portal","article_publisher":"https:\/\/www.facebook.com\/PrijedorDanasCom\/","article_published_time":"2016-05-10T06:43:03+00:00","og_image":[{"url":"https:\/\/www.prijedordanas.com\/wp-content\/uploads\/2016\/05\/prijedorgradorg-delegacija-u-donjoj-gradini-1-300x180.jpg"}],"author":"admin","twitter_card":"summary_large_image","twitter_misc":{"Written by":"admin","Est. reading time":"1 minute"},"schema":{"@context":"https:\/\/schema.org","@graph":[{"@type":"Article","@id":"https:\/\/www.prijedordanas.com\/?p=49772#article","isPartOf":{"@id":"https:\/\/www.prijedordanas.com\/?p=49772"},"author":{"name":"admin","@id":"https:\/\/www.prijedordanas.com\/#\/schema\/person\/4e08ccf29b506ca916ff86d46bb700e6"},"headline":"DELEGACIJA GRADA PRIJEDORA U DONJOJ GRADINI","datePublished":"2016-05-10T06:43:03+00:00","dateModified":"2016-05-10T06:43:03+00:00","mainEntityOfPage":{"@id":"https:\/\/www.prijedordanas.com\/?p=49772"},"wordCount":281,"publisher":{"@id":"https:\/\/www.prijedordanas.com\/#organization"},"keywords":["delegacija","Donja Gradina","Prijedor"],"articleSection":["Svakodnevno"],"inLanguage":"en-US"},{"@type":"WebPage","@id":"https:\/\/www.prijedordanas.com\/?p=49772","url":"https:\/\/www.prijedordanas.com\/?p=49772","name":"DELEGACIJA GRADA PRIJEDORA U DONJOJ GRADINI - PrijedorDanas.com - Prijedorski gradski portal","isPartOf":{"@id":"https:\/\/www.prijedordanas.com\/#website"},"datePublished":"2016-05-10T06:43:03+00:00","dateModified":"2016-05-10T06:43:03+00:00","breadcrumb":{"@id":"https:\/\/www.prijedordanas.com\/?p=49772#breadcrumb"},"inLanguage":"en-US","potentialAction":[{"@type":"ReadAction","target":["https:\/\/www.prijedordanas.com\/?p=49772"]}]},{"@type":"BreadcrumbList","@id":"https:\/\/www.prijedordanas.com\/?p=49772#breadcrumb","itemListElement":[{"@type":"ListItem","position":1,"name":"Home","item":"https:\/\/www.prijedordanas.com\/"},{"@type":"ListItem","position":2,"name":"DELEGACIJA GRADA PRIJEDORA U DONJOJ GRADINI"}]},{"@type":"WebSite","@id":"https:\/\/www.prijedordanas.com\/#website","url":"https:\/\/www.prijedordanas.com\/","name":"PrijedorDanas.com - Prijedorski gradski portal","description":"Portal o doga\u0111anjima u gradu Prijedoru","publisher":{"@id":"https:\/\/www.prijedordanas.com\/#organization"},"potentialAction":[{"@type":"SearchAction","target":{"@type":"EntryPoint","urlTemplate":"https:\/\/www.prijedordanas.com\/?s={search_term_string}"},"query-input":"required name=search_term_string"}],"inLanguage":"en-US"},{"@type":"Organization","@id":"https:\/\/www.prijedordanas.com\/#organization","name":"PrijedorDanas.com","url":"https:\/\/www.prijedordanas.com\/","logo":{"@type":"ImageObject","inLanguage":"en-US","@id":"https:\/\/www.prijedordanas.com\/#\/schema\/logo\/image\/","url":"http:\/\/www.prijedordanas.com\/wp-content\/uploads\/2021\/12\/logopng.png","contentUrl":"http:\/\/www.prijedordanas.com\/wp-content\/uploads\/2021\/12\/logopng.png","width":1019,"height":776,"caption":"PrijedorDanas.com"},"image":{"@id":"https:\/\/www.prijedordanas.com\/#\/schema\/logo\/image\/"},"sameAs":["https:\/\/www.facebook.com\/PrijedorDanasCom\/"]},{"@type":"Person","@id":"https:\/\/www.prijedordanas.com\/#\/schema\/person\/4e08ccf29b506ca916ff86d46bb700e6","name":"admin","image":{"@type":"ImageObject","inLanguage":"en-US","@id":"https:\/\/www.prijedordanas.com\/#\/schema\/person\/image\/","url":"https:\/\/secure.gravatar.com\/avatar\/1d3fc949d550f0b53a5f0d51e06dfd79?s=96&d=mm&r=g","contentUrl":"https:\/\/secure.gravatar.com\/avatar\/1d3fc949d550f0b53a5f0d51e06dfd79?s=96&d=mm&r=g","caption":"admin"},"url":"https:\/\/www.prijedordanas.com\/?author=1"}]}},"_links":{"self":[{"href":"https:\/\/www.prijedordanas.com\/index.php?rest_route=\/wp\/v2\/posts\/49772"}],"collection":[{"href":"https:\/\/www.prijedordanas.com\/index.php?rest_route=\/wp\/v2\/posts"}],"about":[{"href":"https:\/\/www.prijedordanas.com\/index.php?rest_route=\/wp\/v2\/types\/post"}],"author":[{"embeddable":true,"href":"https:\/\/www.prijedordanas.com\/index.php?rest_route=\/wp\/v2\/users\/1"}],"replies":[{"embeddable":true,"href":"https:\/\/www.prijedordanas.com\/index.php?rest_route=%2Fwp%2Fv2%2Fcomments&post=49772"}],"version-history":[{"count":1,"href":"https:\/\/www.prijedordanas.com\/index.php?rest_route=\/wp\/v2\/posts\/49772\/revisions"}],"predecessor-version":[{"id":49777,"href":"https:\/\/www.prijedordanas.com\/index.php?rest_route=\/wp\/v2\/posts\/49772\/revisions\/49777"}],"wp:attachment":[{"href":"https:\/\/www.prijedordanas.com\/index.php?rest_route=%2Fwp%2Fv2%2Fmedia&parent=49772"}],"wp:term":[{"taxonomy":"category","embeddable":true,"href":"https:\/\/www.prijedordanas.com\/index.php?rest_route=%2Fwp%2Fv2%2Fcategories&post=49772"},{"taxonomy":"post_tag","embeddable":true,"href":"https:\/\/www.prijedordanas.com\/index.php?rest_route=%2Fwp%2Fv2%2Ftags&post=49772"}],"curies":[{"name":"wp","href":"https:\/\/api.w.org\/{rel}","templated":true}]}}