{"id":49692,"date":"2016-05-09T10:30:19","date_gmt":"2016-05-09T08:30:19","guid":{"rendered":"https:\/\/www.prijedordanas.com\/?p=49692"},"modified":"2016-05-09T10:30:19","modified_gmt":"2016-05-09T08:30:19","slug":"festival-bh-drame-gostovalo-pozoriste-prijedor-sa-predstavom-generacija-bez-kosti","status":"publish","type":"post","link":"https:\/\/www.prijedordanas.com\/?p=49692","title":{"rendered":"FESTIVAL BH DRAME: GOSTOVALO POZORI\u0160TE PRIJEDOR SA PREDSTAVOM \u201eGENERACIJA BEZ KOSTI\u201c"},"content":{"rendered":"<p><a href=\"https:\/\/www.prijedordanas.com\/wp-content\/uploads\/2016\/05\/generacija-bez-kosti-zenica-1.jpg\" rel=\"attachment wp-att-49693\"><img loading=\"lazy\" decoding=\"async\" class=\"alignleft size-medium wp-image-49693\" src=\"https:\/\/www.prijedordanas.com\/wp-content\/uploads\/2016\/05\/generacija-bez-kosti-zenica-1-300x160.jpg\" alt=\"generacija bez kosti-zenica (1)\" width=\"300\" height=\"160\" srcset=\"https:\/\/www.prijedordanas.com\/wp-content\/uploads\/2016\/05\/generacija-bez-kosti-zenica-1-300x160.jpg 300w, https:\/\/www.prijedordanas.com\/wp-content\/uploads\/2016\/05\/generacija-bez-kosti-zenica-1.jpg 620w\" sizes=\"(max-width: 300px) 100vw, 300px\" \/><\/a>U okviru takmi\u010darskog programa Festivala bh. drame Zenica 2016., prva gostuju\u0107a predstava je odigrana u nedjelju, 8. maja i radi se o predstavi Darka Cvijeti\u0107a \u201cGeneracija bez kosti\u201d.<\/p>\n<p>Predstava je nastala u produkciji Pozori\u0161ta Prijedor.<\/p>\n<p>Predstava Generacija bez kosti, po motivima iz dramskog teksta Hadersfild i tematizira problem konstantnog vra\u0107anja i \u017eivljenja u pro\u0161losti, te nemogu\u0107nost distanciranja od nje, \u0161to neminovno naru\u0161ava koncept sada\u0161njeg trenutka, te ranjava svaku nadu o uspjehu u budu\u0107em trenutku.<\/p>\n<p><a href=\"https:\/\/www.prijedordanas.com\/wp-content\/uploads\/2016\/05\/generacija-bez-kosti-zenica-3.jpg\" rel=\"attachment wp-att-49694\"><img loading=\"lazy\" decoding=\"async\" class=\"alignleft size-medium wp-image-49694\" src=\"https:\/\/www.prijedordanas.com\/wp-content\/uploads\/2016\/05\/generacija-bez-kosti-zenica-3-300x144.jpg\" alt=\"generacija bez kosti-zenica (3)\" width=\"300\" height=\"144\" srcset=\"https:\/\/www.prijedordanas.com\/wp-content\/uploads\/2016\/05\/generacija-bez-kosti-zenica-3-300x144.jpg 300w, https:\/\/www.prijedordanas.com\/wp-content\/uploads\/2016\/05\/generacija-bez-kosti-zenica-3-768x368.jpg 768w, https:\/\/www.prijedordanas.com\/wp-content\/uploads\/2016\/05\/generacija-bez-kosti-zenica-3.jpg 800w\" sizes=\"(max-width: 300px) 100vw, 300px\" \/><\/a>Ekipa predstave je istakla da predstavu posve\u0107uju preminulom glumcu Pozori\u0161ta Prijedor Radenku Bilbiji (1956 \u2013 2015).<\/p>\n<p>Poslije predstave je odr\u017ean okrugli sto u kojem su u\u010de\u0161\u0107e uzeli Darko Cvijeti\u0107 i glumci ansambla predstave, a moderator je bio Kemal Ba\u0161i\u0107.<\/p>\n<p>Darko Cvijeti\u0107 je za ovu predstavu izjavio: \u201cTra\u017eili smo dobro u nama, dobro, koje bi moglo biti upori\u0161te za nadu, za sutra, za generacije koje dolaze i donose svoje kosti\u201d.<\/p>\n<p>Zenicablog.com &#8211; Slu\u017eba za odnose s javno\u0161\u0107u BNP Zenica<\/p>\n<p><a href=\"https:\/\/www.prijedordanas.com\/wp-content\/uploads\/2016\/05\/generacija-bez-kosti-zenica-2.jpg\" rel=\"attachment wp-att-49695\"><img loading=\"lazy\" decoding=\"async\" src=\"https:\/\/www.prijedordanas.com\/wp-content\/uploads\/2016\/05\/generacija-bez-kosti-zenica-2-300x155.jpg\" alt=\"generacija bez kosti-zenica (2)\" width=\"300\" height=\"155\" class=\"alignleft size-medium wp-image-49695\" srcset=\"https:\/\/www.prijedordanas.com\/wp-content\/uploads\/2016\/05\/generacija-bez-kosti-zenica-2-300x155.jpg 300w, https:\/\/www.prijedordanas.com\/wp-content\/uploads\/2016\/05\/generacija-bez-kosti-zenica-2-768x396.jpg 768w, https:\/\/www.prijedordanas.com\/wp-content\/uploads\/2016\/05\/generacija-bez-kosti-zenica-2.jpg 800w\" sizes=\"(max-width: 300px) 100vw, 300px\" \/><\/a><\/p>\n","protected":false},"excerpt":{"rendered":"<p>U okviru takmi\u010darskog programa Festivala bh. drame Zenica 2016., prva gostuju\u0107a predstava je odigrana u nedjelju, 8. maja i radi se o predstavi Darka Cvijeti\u0107a \u201cGeneracija bez kosti\u201d. Predstava je [&hellip;]<\/p>\n","protected":false},"author":1,"featured_media":0,"comment_status":"closed","ping_status":"open","sticky":false,"template":"","format":"standard","meta":{"_monsterinsights_skip_tracking":false,"_monsterinsights_sitenote_active":false,"_monsterinsights_sitenote_note":"","_monsterinsights_sitenote_category":0,"footnotes":""},"categories":[6],"tags":[314,5114,189],"yoast_head":"<!-- This site is optimized with the Yoast SEO plugin v21.6 - https:\/\/yoast.com\/wordpress\/plugins\/seo\/ -->\n<title>FESTIVAL BH DRAME: GOSTOVALO POZORI\u0160TE PRIJEDOR SA PREDSTAVOM \u201eGENERACIJA BEZ KOSTI\u201c - PrijedorDanas.com - Prijedorski gradski portal<\/title>\n<meta name=\"robots\" content=\"index, follow, max-snippet:-1, max-image-preview:large, max-video-preview:-1\" \/>\n<link rel=\"canonical\" href=\"https:\/\/www.prijedordanas.com\/?p=49692\" \/>\n<meta property=\"og:locale\" content=\"en_US\" \/>\n<meta property=\"og:type\" content=\"article\" \/>\n<meta property=\"og:title\" content=\"FESTIVAL BH DRAME: GOSTOVALO POZORI\u0160TE PRIJEDOR SA PREDSTAVOM \u201eGENERACIJA BEZ KOSTI\u201c - PrijedorDanas.com - Prijedorski gradski portal\" \/>\n<meta property=\"og:description\" content=\"U okviru takmi\u010darskog programa Festivala bh. drame Zenica 2016., prva gostuju\u0107a predstava je odigrana u nedjelju, 8. maja i radi se o predstavi Darka Cvijeti\u0107a \u201cGeneracija bez kosti\u201d. Predstava je [&hellip;]\" \/>\n<meta property=\"og:url\" content=\"https:\/\/www.prijedordanas.com\/?p=49692\" \/>\n<meta property=\"og:site_name\" content=\"PrijedorDanas.com - Prijedorski gradski portal\" \/>\n<meta property=\"article:publisher\" content=\"https:\/\/www.facebook.com\/PrijedorDanasCom\/\" \/>\n<meta property=\"article:published_time\" content=\"2016-05-09T08:30:19+00:00\" \/>\n<meta property=\"og:image\" content=\"https:\/\/www.prijedordanas.com\/wp-content\/uploads\/2016\/05\/generacija-bez-kosti-zenica-1-300x160.jpg\" \/>\n<meta name=\"author\" content=\"admin\" \/>\n<meta name=\"twitter:card\" content=\"summary_large_image\" \/>\n<meta name=\"twitter:label1\" content=\"Written by\" \/>\n\t<meta name=\"twitter:data1\" content=\"admin\" \/>\n\t<meta name=\"twitter:label2\" content=\"Est. reading time\" \/>\n\t<meta name=\"twitter:data2\" content=\"1 minute\" \/>\n<script type=\"application\/ld+json\" class=\"yoast-schema-graph\">{\"@context\":\"https:\/\/schema.org\",\"@graph\":[{\"@type\":\"Article\",\"@id\":\"https:\/\/www.prijedordanas.com\/?p=49692#article\",\"isPartOf\":{\"@id\":\"https:\/\/www.prijedordanas.com\/?p=49692\"},\"author\":{\"name\":\"admin\",\"@id\":\"https:\/\/www.prijedordanas.com\/#\/schema\/person\/4e08ccf29b506ca916ff86d46bb700e6\"},\"headline\":\"FESTIVAL BH DRAME: GOSTOVALO POZORI\u0160TE PRIJEDOR SA PREDSTAVOM \u201eGENERACIJA BEZ KOSTI\u201c\",\"datePublished\":\"2016-05-09T08:30:19+00:00\",\"dateModified\":\"2016-05-09T08:30:19+00:00\",\"mainEntityOfPage\":{\"@id\":\"https:\/\/www.prijedordanas.com\/?p=49692\"},\"wordCount\":180,\"publisher\":{\"@id\":\"https:\/\/www.prijedordanas.com\/#organization\"},\"keywords\":[\"Darko Cvijeti\u0107\",\"Generacija bez kosti\",\"Pozori\u0161te Prijedor\"],\"articleSection\":[\"Kultura\"],\"inLanguage\":\"en-US\"},{\"@type\":\"WebPage\",\"@id\":\"https:\/\/www.prijedordanas.com\/?p=49692\",\"url\":\"https:\/\/www.prijedordanas.com\/?p=49692\",\"name\":\"FESTIVAL BH DRAME: GOSTOVALO POZORI\u0160TE PRIJEDOR SA PREDSTAVOM \u201eGENERACIJA BEZ KOSTI\u201c - PrijedorDanas.com - Prijedorski gradski portal\",\"isPartOf\":{\"@id\":\"https:\/\/www.prijedordanas.com\/#website\"},\"datePublished\":\"2016-05-09T08:30:19+00:00\",\"dateModified\":\"2016-05-09T08:30:19+00:00\",\"breadcrumb\":{\"@id\":\"https:\/\/www.prijedordanas.com\/?p=49692#breadcrumb\"},\"inLanguage\":\"en-US\",\"potentialAction\":[{\"@type\":\"ReadAction\",\"target\":[\"https:\/\/www.prijedordanas.com\/?p=49692\"]}]},{\"@type\":\"BreadcrumbList\",\"@id\":\"https:\/\/www.prijedordanas.com\/?p=49692#breadcrumb\",\"itemListElement\":[{\"@type\":\"ListItem\",\"position\":1,\"name\":\"Home\",\"item\":\"https:\/\/www.prijedordanas.com\/\"},{\"@type\":\"ListItem\",\"position\":2,\"name\":\"FESTIVAL BH DRAME: GOSTOVALO POZORI\u0160TE PRIJEDOR SA PREDSTAVOM \u201eGENERACIJA BEZ KOSTI\u201c\"}]},{\"@type\":\"WebSite\",\"@id\":\"https:\/\/www.prijedordanas.com\/#website\",\"url\":\"https:\/\/www.prijedordanas.com\/\",\"name\":\"PrijedorDanas.com - Prijedorski gradski portal\",\"description\":\"Portal o doga\u0111anjima u gradu Prijedoru\",\"publisher\":{\"@id\":\"https:\/\/www.prijedordanas.com\/#organization\"},\"potentialAction\":[{\"@type\":\"SearchAction\",\"target\":{\"@type\":\"EntryPoint\",\"urlTemplate\":\"https:\/\/www.prijedordanas.com\/?s={search_term_string}\"},\"query-input\":\"required name=search_term_string\"}],\"inLanguage\":\"en-US\"},{\"@type\":\"Organization\",\"@id\":\"https:\/\/www.prijedordanas.com\/#organization\",\"name\":\"PrijedorDanas.com\",\"url\":\"https:\/\/www.prijedordanas.com\/\",\"logo\":{\"@type\":\"ImageObject\",\"inLanguage\":\"en-US\",\"@id\":\"https:\/\/www.prijedordanas.com\/#\/schema\/logo\/image\/\",\"url\":\"http:\/\/www.prijedordanas.com\/wp-content\/uploads\/2021\/12\/logopng.png\",\"contentUrl\":\"http:\/\/www.prijedordanas.com\/wp-content\/uploads\/2021\/12\/logopng.png\",\"width\":1019,\"height\":776,\"caption\":\"PrijedorDanas.com\"},\"image\":{\"@id\":\"https:\/\/www.prijedordanas.com\/#\/schema\/logo\/image\/\"},\"sameAs\":[\"https:\/\/www.facebook.com\/PrijedorDanasCom\/\"]},{\"@type\":\"Person\",\"@id\":\"https:\/\/www.prijedordanas.com\/#\/schema\/person\/4e08ccf29b506ca916ff86d46bb700e6\",\"name\":\"admin\",\"image\":{\"@type\":\"ImageObject\",\"inLanguage\":\"en-US\",\"@id\":\"https:\/\/www.prijedordanas.com\/#\/schema\/person\/image\/\",\"url\":\"https:\/\/secure.gravatar.com\/avatar\/1d3fc949d550f0b53a5f0d51e06dfd79?s=96&d=mm&r=g\",\"contentUrl\":\"https:\/\/secure.gravatar.com\/avatar\/1d3fc949d550f0b53a5f0d51e06dfd79?s=96&d=mm&r=g\",\"caption\":\"admin\"},\"url\":\"https:\/\/www.prijedordanas.com\/?author=1\"}]}<\/script>\n<!-- \/ Yoast SEO plugin. -->","yoast_head_json":{"title":"FESTIVAL BH DRAME: GOSTOVALO POZORI\u0160TE PRIJEDOR SA PREDSTAVOM \u201eGENERACIJA BEZ KOSTI\u201c - PrijedorDanas.com - Prijedorski gradski portal","robots":{"index":"index","follow":"follow","max-snippet":"max-snippet:-1","max-image-preview":"max-image-preview:large","max-video-preview":"max-video-preview:-1"},"canonical":"https:\/\/www.prijedordanas.com\/?p=49692","og_locale":"en_US","og_type":"article","og_title":"FESTIVAL BH DRAME: GOSTOVALO POZORI\u0160TE PRIJEDOR SA PREDSTAVOM \u201eGENERACIJA BEZ KOSTI\u201c - PrijedorDanas.com - Prijedorski gradski portal","og_description":"U okviru takmi\u010darskog programa Festivala bh. drame Zenica 2016., prva gostuju\u0107a predstava je odigrana u nedjelju, 8. maja i radi se o predstavi Darka Cvijeti\u0107a \u201cGeneracija bez kosti\u201d. Predstava je [&hellip;]","og_url":"https:\/\/www.prijedordanas.com\/?p=49692","og_site_name":"PrijedorDanas.com - Prijedorski gradski portal","article_publisher":"https:\/\/www.facebook.com\/PrijedorDanasCom\/","article_published_time":"2016-05-09T08:30:19+00:00","og_image":[{"url":"https:\/\/www.prijedordanas.com\/wp-content\/uploads\/2016\/05\/generacija-bez-kosti-zenica-1-300x160.jpg"}],"author":"admin","twitter_card":"summary_large_image","twitter_misc":{"Written by":"admin","Est. reading time":"1 minute"},"schema":{"@context":"https:\/\/schema.org","@graph":[{"@type":"Article","@id":"https:\/\/www.prijedordanas.com\/?p=49692#article","isPartOf":{"@id":"https:\/\/www.prijedordanas.com\/?p=49692"},"author":{"name":"admin","@id":"https:\/\/www.prijedordanas.com\/#\/schema\/person\/4e08ccf29b506ca916ff86d46bb700e6"},"headline":"FESTIVAL BH DRAME: GOSTOVALO POZORI\u0160TE PRIJEDOR SA PREDSTAVOM \u201eGENERACIJA BEZ KOSTI\u201c","datePublished":"2016-05-09T08:30:19+00:00","dateModified":"2016-05-09T08:30:19+00:00","mainEntityOfPage":{"@id":"https:\/\/www.prijedordanas.com\/?p=49692"},"wordCount":180,"publisher":{"@id":"https:\/\/www.prijedordanas.com\/#organization"},"keywords":["Darko Cvijeti\u0107","Generacija bez kosti","Pozori\u0161te Prijedor"],"articleSection":["Kultura"],"inLanguage":"en-US"},{"@type":"WebPage","@id":"https:\/\/www.prijedordanas.com\/?p=49692","url":"https:\/\/www.prijedordanas.com\/?p=49692","name":"FESTIVAL BH DRAME: GOSTOVALO POZORI\u0160TE PRIJEDOR SA PREDSTAVOM \u201eGENERACIJA BEZ KOSTI\u201c - PrijedorDanas.com - Prijedorski gradski portal","isPartOf":{"@id":"https:\/\/www.prijedordanas.com\/#website"},"datePublished":"2016-05-09T08:30:19+00:00","dateModified":"2016-05-09T08:30:19+00:00","breadcrumb":{"@id":"https:\/\/www.prijedordanas.com\/?p=49692#breadcrumb"},"inLanguage":"en-US","potentialAction":[{"@type":"ReadAction","target":["https:\/\/www.prijedordanas.com\/?p=49692"]}]},{"@type":"BreadcrumbList","@id":"https:\/\/www.prijedordanas.com\/?p=49692#breadcrumb","itemListElement":[{"@type":"ListItem","position":1,"name":"Home","item":"https:\/\/www.prijedordanas.com\/"},{"@type":"ListItem","position":2,"name":"FESTIVAL BH DRAME: GOSTOVALO POZORI\u0160TE PRIJEDOR SA PREDSTAVOM \u201eGENERACIJA BEZ KOSTI\u201c"}]},{"@type":"WebSite","@id":"https:\/\/www.prijedordanas.com\/#website","url":"https:\/\/www.prijedordanas.com\/","name":"PrijedorDanas.com - Prijedorski gradski portal","description":"Portal o doga\u0111anjima u gradu Prijedoru","publisher":{"@id":"https:\/\/www.prijedordanas.com\/#organization"},"potentialAction":[{"@type":"SearchAction","target":{"@type":"EntryPoint","urlTemplate":"https:\/\/www.prijedordanas.com\/?s={search_term_string}"},"query-input":"required name=search_term_string"}],"inLanguage":"en-US"},{"@type":"Organization","@id":"https:\/\/www.prijedordanas.com\/#organization","name":"PrijedorDanas.com","url":"https:\/\/www.prijedordanas.com\/","logo":{"@type":"ImageObject","inLanguage":"en-US","@id":"https:\/\/www.prijedordanas.com\/#\/schema\/logo\/image\/","url":"http:\/\/www.prijedordanas.com\/wp-content\/uploads\/2021\/12\/logopng.png","contentUrl":"http:\/\/www.prijedordanas.com\/wp-content\/uploads\/2021\/12\/logopng.png","width":1019,"height":776,"caption":"PrijedorDanas.com"},"image":{"@id":"https:\/\/www.prijedordanas.com\/#\/schema\/logo\/image\/"},"sameAs":["https:\/\/www.facebook.com\/PrijedorDanasCom\/"]},{"@type":"Person","@id":"https:\/\/www.prijedordanas.com\/#\/schema\/person\/4e08ccf29b506ca916ff86d46bb700e6","name":"admin","image":{"@type":"ImageObject","inLanguage":"en-US","@id":"https:\/\/www.prijedordanas.com\/#\/schema\/person\/image\/","url":"https:\/\/secure.gravatar.com\/avatar\/1d3fc949d550f0b53a5f0d51e06dfd79?s=96&d=mm&r=g","contentUrl":"https:\/\/secure.gravatar.com\/avatar\/1d3fc949d550f0b53a5f0d51e06dfd79?s=96&d=mm&r=g","caption":"admin"},"url":"https:\/\/www.prijedordanas.com\/?author=1"}]}},"_links":{"self":[{"href":"https:\/\/www.prijedordanas.com\/index.php?rest_route=\/wp\/v2\/posts\/49692"}],"collection":[{"href":"https:\/\/www.prijedordanas.com\/index.php?rest_route=\/wp\/v2\/posts"}],"about":[{"href":"https:\/\/www.prijedordanas.com\/index.php?rest_route=\/wp\/v2\/types\/post"}],"author":[{"embeddable":true,"href":"https:\/\/www.prijedordanas.com\/index.php?rest_route=\/wp\/v2\/users\/1"}],"replies":[{"embeddable":true,"href":"https:\/\/www.prijedordanas.com\/index.php?rest_route=%2Fwp%2Fv2%2Fcomments&post=49692"}],"version-history":[{"count":1,"href":"https:\/\/www.prijedordanas.com\/index.php?rest_route=\/wp\/v2\/posts\/49692\/revisions"}],"predecessor-version":[{"id":49696,"href":"https:\/\/www.prijedordanas.com\/index.php?rest_route=\/wp\/v2\/posts\/49692\/revisions\/49696"}],"wp:attachment":[{"href":"https:\/\/www.prijedordanas.com\/index.php?rest_route=%2Fwp%2Fv2%2Fmedia&parent=49692"}],"wp:term":[{"taxonomy":"category","embeddable":true,"href":"https:\/\/www.prijedordanas.com\/index.php?rest_route=%2Fwp%2Fv2%2Fcategories&post=49692"},{"taxonomy":"post_tag","embeddable":true,"href":"https:\/\/www.prijedordanas.com\/index.php?rest_route=%2Fwp%2Fv2%2Ftags&post=49692"}],"curies":[{"name":"wp","href":"https:\/\/api.w.org\/{rel}","templated":true}]}}