{"id":49258,"date":"2016-05-03T22:14:05","date_gmt":"2016-05-03T20:14:05","guid":{"rendered":"https:\/\/www.prijedordanas.com\/?p=49258"},"modified":"2016-05-03T22:18:26","modified_gmt":"2016-05-03T20:18:26","slug":"prijedor-gimnazijalke-elektrotehnicari-pobjednici-regionalnog-takmicenja-u-malom-fudbalu-foto","status":"publish","type":"post","link":"https:\/\/www.prijedordanas.com\/?p=49258","title":{"rendered":"PRIJEDOR: GIMNAZIJALKE I ELEKTROTEHNI\u010cARI POBJEDNICI REGIONALNOG TAKMI\u010cENJA U MALOM FUDBALU &#8211; FOTO"},"content":{"rendered":"<p><a href=\"https:\/\/www.prijedordanas.com\/wp-content\/uploads\/2016\/05\/moi-srednjoskolci-regionalno-mali-fudbal-1.jpg\" rel=\"attachment wp-att-49246\"><img loading=\"lazy\" decoding=\"async\" class=\"alignleft size-medium wp-image-49246\" src=\"https:\/\/www.prijedordanas.com\/wp-content\/uploads\/2016\/05\/moi-srednjoskolci-regionalno-mali-fudbal-1-300x199.jpg\" alt=\"moi-srednjoskolci-regionalno mali fudbal (1)\" width=\"300\" height=\"199\" srcset=\"https:\/\/www.prijedordanas.com\/wp-content\/uploads\/2016\/05\/moi-srednjoskolci-regionalno-mali-fudbal-1-300x200.jpg 300w, https:\/\/www.prijedordanas.com\/wp-content\/uploads\/2016\/05\/moi-srednjoskolci-regionalno-mali-fudbal-1-768x509.jpg 768w, https:\/\/www.prijedordanas.com\/wp-content\/uploads\/2016\/05\/moi-srednjoskolci-regionalno-mali-fudbal-1-480x320.jpg 480w, https:\/\/www.prijedordanas.com\/wp-content\/uploads\/2016\/05\/moi-srednjoskolci-regionalno-mali-fudbal-1.jpg 1000w\" sizes=\"(max-width: 300px) 100vw, 300px\" \/><\/a>Prijedor je danas bio doma\u0107in Regionalnog takmi\u010denja srednjih \u0161kola u malom fudbalu u okviru Malih olimpijskih igara.<\/p>\n<p>Tehni\u010dki organizator bila je Ma\u0161inska \u0161kola Prijedor, a u\u010destvovalo je ukupno 10 ekipa iz Gradi\u0161ke, Kozarske Dubice, Novog Grada i Prijedora.<\/p>\n<p>Djevojke su svoje utakmice igrale u balonu \u201eLasta\u201c a prvo mjesto je osvojila Gimnazija \u201eSveti Sava\u201c iz Prijedora koja je u finalu, tek nakon boljeg izvo\u0111enja penala, savladala ekipu Srednjo\u0161kolskog centra Prijedor.<\/p>\n<p>Gimnazijalke su slavile rezultatom 2:1 zahvaljuju\u0107i odbranama Anje Suvajac koja je progla\u0161ena najboljim golmanom.<\/p>\n<p><a href=\"https:\/\/www.prijedordanas.com\/wp-content\/uploads\/2016\/05\/moi-srednjoskolci-regionalno-mali-fudbal-2.jpg\" rel=\"attachment wp-att-49247\"><img loading=\"lazy\" decoding=\"async\" class=\"alignleft size-medium wp-image-49247\" src=\"https:\/\/www.prijedordanas.com\/wp-content\/uploads\/2016\/05\/moi-srednjoskolci-regionalno-mali-fudbal-2-300x199.jpg\" alt=\"moi-srednjoskolci-regionalno mali fudbal (2)\" width=\"300\" height=\"199\" srcset=\"https:\/\/www.prijedordanas.com\/wp-content\/uploads\/2016\/05\/moi-srednjoskolci-regionalno-mali-fudbal-2-300x200.jpg 300w, https:\/\/www.prijedordanas.com\/wp-content\/uploads\/2016\/05\/moi-srednjoskolci-regionalno-mali-fudbal-2-768x509.jpg 768w, https:\/\/www.prijedordanas.com\/wp-content\/uploads\/2016\/05\/moi-srednjoskolci-regionalno-mali-fudbal-2-480x320.jpg 480w, https:\/\/www.prijedordanas.com\/wp-content\/uploads\/2016\/05\/moi-srednjoskolci-regionalno-mali-fudbal-2.jpg 1000w\" sizes=\"(max-width: 300px) 100vw, 300px\" \/><\/a>Najbolji strijelac je Vesna Raili\u0107 a igra\u010d Gorana Kondi\u0107, obje iz drugoplasirane ekipe.<\/p>\n<p>Tre\u0107e mjesto pripalo je Tehni\u010dkoj \u0161koli iz Gradi\u0161ke dok su \u010detvrtoplasirane u\u010denice MS\u0160 \u201eNikola Tesla\u201c Kozarska Dubica.<\/p>\n<p>U mu\u0161koj konkurenciji takmi\u010dilo se \u0161est ekipa podijeljenih u dvije grupe.<\/p>\n<p>Nakon razigravanja po grupama uslijedile su polufinalne utakmice.<\/p>\n<p>Iako su u prvom polufinalnom me\u010du u\u010denici Ugostiteljsko-Ekonomske \u0161kole Prijedor poveli 2:0 protiv kolega iz Elektrotehni\u010dke \u0161kole Prijedor, nisu uspjeli zadr\u017eati prednost.<\/p>\n<p>Pobjednici Gradskog takmi\u010denja do poluvremena su izjedna\u010dili a u nastavku i preokrenuli rezultat u svoju korist (4:2).<\/p>\n<p>Drugi me\u010d je zavr\u0161en pomalo iznena\u0111uju\u0107im, ali zaslu\u017eenim trijumfom Tehni\u010dke \u0161kole Gradi\u0161ka rezultatom 5:1 protiv nominalnog doma\u0107ina turnira Ma\u0161inske \u0161kole Prijedor.<\/p>\n<p>Naime, Prijedor\u010dani su imali ve\u0107i posjed lopte, brojne \u0161anse, ali je na golu ekipe iz Gradi\u0161ke briljirao Danijel Ne\u017ei\u0107 koji je omogu\u0107io svojim saigra\u010dima da kazne igru protivnika bez golmana.<\/p>\n<p>Duel za tre\u0107e mjesto pripao je \u201ema\u0161incima\u201c koji su sa 4:2 porazili \u201eugostitelje\/ekonomiste\u201c.<\/p>\n<p>Finalni susret donio je oprezniju igru obje ekipe, ali su fudbaleri Elektrotehni\u010dke \u0161kole zaslu\u017eeno poveli a potom udvostru\u010dili svoju prednost koju su znala\u010dki sa\u010duvali do kraja me\u010da.<\/p>\n<p>Najbolji igra\u010d turnira bio je Haris Kaltak, a strijelac Ivan Ti\u0161ma, obojica iz pobjedni\u010dke ekipe, dok je najbolji golman ve\u0107 pomenuti Danijel Ne\u017ei\u0107 iz Tehni\u010dke \u0161kole Gradi\u0161ka.<\/p>\n<p>Treba re\u0107i da je kompletno takmi\u010denje proteklo u najboljem redu, prije svega zahvaljuju\u0107i Ma\u0161inskoj \u0161koli Prijedor i njenom direktoru Zoranu Radinovi\u0107u.<\/p>\n<p>Tekst i foto \u2013 Aleksandar Drakuli\u0107 \u2013 <a href=\"www.prijedordanas.com\" target=\"_blank\">www.prijedordanas.com<\/a><\/p>\n<p><a href=\"https:\/\/www.prijedordanas.com\/wp-content\/uploads\/2016\/05\/moi-srednjoskolci-regionalno-mali-fudbal-3.jpg\" rel=\"attachment wp-att-49248\"><img loading=\"lazy\" decoding=\"async\" class=\"alignleft size-medium wp-image-49248\" src=\"https:\/\/www.prijedordanas.com\/wp-content\/uploads\/2016\/05\/moi-srednjoskolci-regionalno-mali-fudbal-3-300x199.jpg\" alt=\"moi-srednjoskolci-regionalno mali fudbal (3)\" width=\"300\" height=\"199\" srcset=\"https:\/\/www.prijedordanas.com\/wp-content\/uploads\/2016\/05\/moi-srednjoskolci-regionalno-mali-fudbal-3-300x200.jpg 300w, https:\/\/www.prijedordanas.com\/wp-content\/uploads\/2016\/05\/moi-srednjoskolci-regionalno-mali-fudbal-3-480x320.jpg 480w, https:\/\/www.prijedordanas.com\/wp-content\/uploads\/2016\/05\/moi-srednjoskolci-regionalno-mali-fudbal-3.jpg 600w\" sizes=\"(max-width: 300px) 100vw, 300px\" \/><\/a> <a href=\"https:\/\/www.prijedordanas.com\/wp-content\/uploads\/2016\/05\/moi-srednjoskolci-regionalno-mali-fudbal-4.jpg\" rel=\"attachment wp-att-49249\"><img loading=\"lazy\" decoding=\"async\" class=\"alignleft size-medium wp-image-49249\" src=\"https:\/\/www.prijedordanas.com\/wp-content\/uploads\/2016\/05\/moi-srednjoskolci-regionalno-mali-fudbal-4-300x199.jpg\" alt=\"moi-srednjoskolci-regionalno mali fudbal (4)\" width=\"300\" height=\"199\" srcset=\"https:\/\/www.prijedordanas.com\/wp-content\/uploads\/2016\/05\/moi-srednjoskolci-regionalno-mali-fudbal-4-300x200.jpg 300w, https:\/\/www.prijedordanas.com\/wp-content\/uploads\/2016\/05\/moi-srednjoskolci-regionalno-mali-fudbal-4-480x320.jpg 480w, https:\/\/www.prijedordanas.com\/wp-content\/uploads\/2016\/05\/moi-srednjoskolci-regionalno-mali-fudbal-4.jpg 600w\" sizes=\"(max-width: 300px) 100vw, 300px\" \/><\/a> <a href=\"https:\/\/www.prijedordanas.com\/wp-content\/uploads\/2016\/05\/moi-srednjoskolci-regionalno-mali-fudbal-5.jpg\" rel=\"attachment wp-att-49250\"><img loading=\"lazy\" decoding=\"async\" class=\"alignleft size-medium wp-image-49250\" src=\"https:\/\/www.prijedordanas.com\/wp-content\/uploads\/2016\/05\/moi-srednjoskolci-regionalno-mali-fudbal-5-300x199.jpg\" alt=\"moi-srednjoskolci-regionalno mali fudbal (5)\" width=\"300\" height=\"199\" srcset=\"https:\/\/www.prijedordanas.com\/wp-content\/uploads\/2016\/05\/moi-srednjoskolci-regionalno-mali-fudbal-5-300x200.jpg 300w, https:\/\/www.prijedordanas.com\/wp-content\/uploads\/2016\/05\/moi-srednjoskolci-regionalno-mali-fudbal-5-480x320.jpg 480w, https:\/\/www.prijedordanas.com\/wp-content\/uploads\/2016\/05\/moi-srednjoskolci-regionalno-mali-fudbal-5.jpg 600w\" sizes=\"(max-width: 300px) 100vw, 300px\" \/><\/a> <a href=\"https:\/\/www.prijedordanas.com\/wp-content\/uploads\/2016\/05\/moi-srednjoskolci-regionalno-mali-fudbal-6.jpg\" rel=\"attachment wp-att-49251\"><img loading=\"lazy\" decoding=\"async\" class=\"alignleft size-medium wp-image-49251\" src=\"https:\/\/www.prijedordanas.com\/wp-content\/uploads\/2016\/05\/moi-srednjoskolci-regionalno-mali-fudbal-6-300x199.jpg\" alt=\"moi-srednjoskolci-regionalno mali fudbal (6)\" width=\"300\" height=\"199\" srcset=\"https:\/\/www.prijedordanas.com\/wp-content\/uploads\/2016\/05\/moi-srednjoskolci-regionalno-mali-fudbal-6-300x200.jpg 300w, https:\/\/www.prijedordanas.com\/wp-content\/uploads\/2016\/05\/moi-srednjoskolci-regionalno-mali-fudbal-6-480x320.jpg 480w, https:\/\/www.prijedordanas.com\/wp-content\/uploads\/2016\/05\/moi-srednjoskolci-regionalno-mali-fudbal-6.jpg 600w\" sizes=\"(max-width: 300px) 100vw, 300px\" \/><\/a> <a href=\"https:\/\/www.prijedordanas.com\/wp-content\/uploads\/2016\/05\/moi-srednjoskolci-regionalno-mali-fudbal-7.jpg\" rel=\"attachment wp-att-49252\"><img loading=\"lazy\" decoding=\"async\" class=\"alignleft size-medium wp-image-49252\" src=\"https:\/\/www.prijedordanas.com\/wp-content\/uploads\/2016\/05\/moi-srednjoskolci-regionalno-mali-fudbal-7-300x199.jpg\" alt=\"moi-srednjoskolci-regionalno mali fudbal (7)\" width=\"300\" height=\"199\" srcset=\"https:\/\/www.prijedordanas.com\/wp-content\/uploads\/2016\/05\/moi-srednjoskolci-regionalno-mali-fudbal-7-300x200.jpg 300w, https:\/\/www.prijedordanas.com\/wp-content\/uploads\/2016\/05\/moi-srednjoskolci-regionalno-mali-fudbal-7-480x320.jpg 480w, https:\/\/www.prijedordanas.com\/wp-content\/uploads\/2016\/05\/moi-srednjoskolci-regionalno-mali-fudbal-7.jpg 600w\" sizes=\"(max-width: 300px) 100vw, 300px\" \/><\/a> <a href=\"https:\/\/www.prijedordanas.com\/wp-content\/uploads\/2016\/05\/moi-srednjoskolci-regionalno-mali-fudbal-8.jpg\" rel=\"attachment wp-att-49260\"><img loading=\"lazy\" decoding=\"async\" class=\"alignleft size-medium wp-image-49260\" src=\"https:\/\/www.prijedordanas.com\/wp-content\/uploads\/2016\/05\/moi-srednjoskolci-regionalno-mali-fudbal-8-300x199.jpg\" alt=\"moi-srednjoskolci-regionalno mali fudbal (8)\" width=\"300\" height=\"199\" srcset=\"https:\/\/www.prijedordanas.com\/wp-content\/uploads\/2016\/05\/moi-srednjoskolci-regionalno-mali-fudbal-8-300x200.jpg 300w, https:\/\/www.prijedordanas.com\/wp-content\/uploads\/2016\/05\/moi-srednjoskolci-regionalno-mali-fudbal-8-480x320.jpg 480w, https:\/\/www.prijedordanas.com\/wp-content\/uploads\/2016\/05\/moi-srednjoskolci-regionalno-mali-fudbal-8.jpg 600w\" sizes=\"(max-width: 300px) 100vw, 300px\" \/><\/a> <a href=\"https:\/\/www.prijedordanas.com\/wp-content\/uploads\/2016\/05\/moi-srednjoskolci-regionalno-mali-fudbal-9.jpg\" rel=\"attachment wp-att-49261\"><img loading=\"lazy\" decoding=\"async\" class=\"alignleft size-medium wp-image-49261\" src=\"https:\/\/www.prijedordanas.com\/wp-content\/uploads\/2016\/05\/moi-srednjoskolci-regionalno-mali-fudbal-9-300x199.jpg\" alt=\"moi-srednjoskolci-regionalno mali fudbal (9)\" width=\"300\" height=\"199\" srcset=\"https:\/\/www.prijedordanas.com\/wp-content\/uploads\/2016\/05\/moi-srednjoskolci-regionalno-mali-fudbal-9-300x200.jpg 300w, https:\/\/www.prijedordanas.com\/wp-content\/uploads\/2016\/05\/moi-srednjoskolci-regionalno-mali-fudbal-9-480x320.jpg 480w, https:\/\/www.prijedordanas.com\/wp-content\/uploads\/2016\/05\/moi-srednjoskolci-regionalno-mali-fudbal-9.jpg 600w\" sizes=\"(max-width: 300px) 100vw, 300px\" \/><\/a> <a href=\"https:\/\/www.prijedordanas.com\/wp-content\/uploads\/2016\/05\/moi-srednjoskolci-regionalno-mali-fudbal-10.jpg\" rel=\"attachment wp-att-49263\"><img loading=\"lazy\" decoding=\"async\" class=\"alignleft size-medium wp-image-49263\" src=\"https:\/\/www.prijedordanas.com\/wp-content\/uploads\/2016\/05\/moi-srednjoskolci-regionalno-mali-fudbal-10-300x199.jpg\" alt=\"moi-srednjoskolci-regionalno mali fudbal (10)\" width=\"300\" height=\"199\" srcset=\"https:\/\/www.prijedordanas.com\/wp-content\/uploads\/2016\/05\/moi-srednjoskolci-regionalno-mali-fudbal-10-300x200.jpg 300w, https:\/\/www.prijedordanas.com\/wp-content\/uploads\/2016\/05\/moi-srednjoskolci-regionalno-mali-fudbal-10-480x320.jpg 480w, https:\/\/www.prijedordanas.com\/wp-content\/uploads\/2016\/05\/moi-srednjoskolci-regionalno-mali-fudbal-10.jpg 600w\" sizes=\"(max-width: 300px) 100vw, 300px\" \/><\/a> <a href=\"https:\/\/www.prijedordanas.com\/wp-content\/uploads\/2016\/05\/moi-srednjoskolci-regionalno-mali-fudbal-11.jpg\" rel=\"attachment wp-att-49264\"><img loading=\"lazy\" decoding=\"async\" class=\"alignleft size-medium wp-image-49264\" src=\"https:\/\/www.prijedordanas.com\/wp-content\/uploads\/2016\/05\/moi-srednjoskolci-regionalno-mali-fudbal-11-300x199.jpg\" alt=\"moi-srednjoskolci-regionalno mali fudbal (11)\" width=\"300\" height=\"199\" srcset=\"https:\/\/www.prijedordanas.com\/wp-content\/uploads\/2016\/05\/moi-srednjoskolci-regionalno-mali-fudbal-11-300x200.jpg 300w, https:\/\/www.prijedordanas.com\/wp-content\/uploads\/2016\/05\/moi-srednjoskolci-regionalno-mali-fudbal-11-480x320.jpg 480w, https:\/\/www.prijedordanas.com\/wp-content\/uploads\/2016\/05\/moi-srednjoskolci-regionalno-mali-fudbal-11.jpg 600w\" sizes=\"(max-width: 300px) 100vw, 300px\" \/><\/a> <a href=\"https:\/\/www.prijedordanas.com\/wp-content\/uploads\/2016\/05\/moi-srednjoskolci-regionalno-mali-fudbal-12.jpg\" rel=\"attachment wp-att-49265\"><img loading=\"lazy\" decoding=\"async\" class=\"alignleft size-medium wp-image-49265\" src=\"https:\/\/www.prijedordanas.com\/wp-content\/uploads\/2016\/05\/moi-srednjoskolci-regionalno-mali-fudbal-12-300x199.jpg\" alt=\"moi-srednjoskolci-regionalno mali fudbal (12)\" width=\"300\" height=\"199\" srcset=\"https:\/\/www.prijedordanas.com\/wp-content\/uploads\/2016\/05\/moi-srednjoskolci-regionalno-mali-fudbal-12-300x200.jpg 300w, https:\/\/www.prijedordanas.com\/wp-content\/uploads\/2016\/05\/moi-srednjoskolci-regionalno-mali-fudbal-12-480x320.jpg 480w, https:\/\/www.prijedordanas.com\/wp-content\/uploads\/2016\/05\/moi-srednjoskolci-regionalno-mali-fudbal-12.jpg 600w\" sizes=\"(max-width: 300px) 100vw, 300px\" \/><\/a> <a href=\"https:\/\/www.prijedordanas.com\/wp-content\/uploads\/2016\/05\/moi-srednjoskolci-regionalno-mali-fudbal-13.jpg\" rel=\"attachment wp-att-49266\"><img loading=\"lazy\" decoding=\"async\" class=\"alignleft size-medium wp-image-49266\" src=\"https:\/\/www.prijedordanas.com\/wp-content\/uploads\/2016\/05\/moi-srednjoskolci-regionalno-mali-fudbal-13-300x199.jpg\" alt=\"moi-srednjoskolci-regionalno mali fudbal (13)\" width=\"300\" height=\"199\" srcset=\"https:\/\/www.prijedordanas.com\/wp-content\/uploads\/2016\/05\/moi-srednjoskolci-regionalno-mali-fudbal-13-300x200.jpg 300w, https:\/\/www.prijedordanas.com\/wp-content\/uploads\/2016\/05\/moi-srednjoskolci-regionalno-mali-fudbal-13-480x320.jpg 480w, https:\/\/www.prijedordanas.com\/wp-content\/uploads\/2016\/05\/moi-srednjoskolci-regionalno-mali-fudbal-13.jpg 600w\" sizes=\"(max-width: 300px) 100vw, 300px\" \/><\/a> <a href=\"https:\/\/www.prijedordanas.com\/wp-content\/uploads\/2016\/05\/moi-srednjoskolci-regionalno-mali-fudbal-14.jpg\" rel=\"attachment wp-att-49267\"><img loading=\"lazy\" decoding=\"async\" class=\"alignleft size-medium wp-image-49267\" src=\"https:\/\/www.prijedordanas.com\/wp-content\/uploads\/2016\/05\/moi-srednjoskolci-regionalno-mali-fudbal-14-300x199.jpg\" alt=\"moi-srednjoskolci-regionalno mali fudbal (14)\" width=\"300\" height=\"199\" srcset=\"https:\/\/www.prijedordanas.com\/wp-content\/uploads\/2016\/05\/moi-srednjoskolci-regionalno-mali-fudbal-14-300x200.jpg 300w, https:\/\/www.prijedordanas.com\/wp-content\/uploads\/2016\/05\/moi-srednjoskolci-regionalno-mali-fudbal-14-480x320.jpg 480w, https:\/\/www.prijedordanas.com\/wp-content\/uploads\/2016\/05\/moi-srednjoskolci-regionalno-mali-fudbal-14.jpg 600w\" sizes=\"(max-width: 300px) 100vw, 300px\" \/><\/a> <a href=\"https:\/\/www.prijedordanas.com\/wp-content\/uploads\/2016\/05\/moi-srednjoskolci-regionalno-mali-fudbal-15.jpg\" rel=\"attachment wp-att-49268\"><img loading=\"lazy\" decoding=\"async\" class=\"alignleft size-medium wp-image-49268\" src=\"https:\/\/www.prijedordanas.com\/wp-content\/uploads\/2016\/05\/moi-srednjoskolci-regionalno-mali-fudbal-15-300x199.jpg\" alt=\"moi-srednjoskolci-regionalno mali fudbal (15)\" width=\"300\" height=\"199\" srcset=\"https:\/\/www.prijedordanas.com\/wp-content\/uploads\/2016\/05\/moi-srednjoskolci-regionalno-mali-fudbal-15-300x200.jpg 300w, https:\/\/www.prijedordanas.com\/wp-content\/uploads\/2016\/05\/moi-srednjoskolci-regionalno-mali-fudbal-15-480x320.jpg 480w, https:\/\/www.prijedordanas.com\/wp-content\/uploads\/2016\/05\/moi-srednjoskolci-regionalno-mali-fudbal-15.jpg 600w\" sizes=\"(max-width: 300px) 100vw, 300px\" \/><\/a> <a href=\"https:\/\/www.prijedordanas.com\/wp-content\/uploads\/2016\/05\/moi-srednjoskolci-regionalno-mali-fudbal-16.jpg\" rel=\"attachment wp-att-49269\"><img loading=\"lazy\" decoding=\"async\" class=\"alignleft size-medium wp-image-49269\" src=\"https:\/\/www.prijedordanas.com\/wp-content\/uploads\/2016\/05\/moi-srednjoskolci-regionalno-mali-fudbal-16-300x199.jpg\" alt=\"moi-srednjoskolci-regionalno mali fudbal (16)\" width=\"300\" height=\"199\" srcset=\"https:\/\/www.prijedordanas.com\/wp-content\/uploads\/2016\/05\/moi-srednjoskolci-regionalno-mali-fudbal-16-300x200.jpg 300w, https:\/\/www.prijedordanas.com\/wp-content\/uploads\/2016\/05\/moi-srednjoskolci-regionalno-mali-fudbal-16-480x320.jpg 480w, https:\/\/www.prijedordanas.com\/wp-content\/uploads\/2016\/05\/moi-srednjoskolci-regionalno-mali-fudbal-16.jpg 600w\" sizes=\"(max-width: 300px) 100vw, 300px\" \/><\/a> <a href=\"https:\/\/www.prijedordanas.com\/wp-content\/uploads\/2016\/05\/moi-srednjoskolci-regionalno-mali-fudbal-17.jpg\" rel=\"attachment wp-att-49270\"><img loading=\"lazy\" decoding=\"async\" class=\"alignleft size-medium wp-image-49270\" src=\"https:\/\/www.prijedordanas.com\/wp-content\/uploads\/2016\/05\/moi-srednjoskolci-regionalno-mali-fudbal-17-300x199.jpg\" alt=\"moi-srednjoskolci-regionalno mali fudbal (17)\" width=\"300\" height=\"199\" srcset=\"https:\/\/www.prijedordanas.com\/wp-content\/uploads\/2016\/05\/moi-srednjoskolci-regionalno-mali-fudbal-17-300x200.jpg 300w, https:\/\/www.prijedordanas.com\/wp-content\/uploads\/2016\/05\/moi-srednjoskolci-regionalno-mali-fudbal-17-480x320.jpg 480w, https:\/\/www.prijedordanas.com\/wp-content\/uploads\/2016\/05\/moi-srednjoskolci-regionalno-mali-fudbal-17.jpg 600w\" sizes=\"(max-width: 300px) 100vw, 300px\" \/><\/a> <a href=\"https:\/\/www.prijedordanas.com\/wp-content\/uploads\/2016\/05\/moi-srednjoskolci-regionalno-mali-fudbal-18.jpg\" rel=\"attachment wp-att-49271\"><img loading=\"lazy\" decoding=\"async\" class=\"alignleft size-medium wp-image-49271\" src=\"https:\/\/www.prijedordanas.com\/wp-content\/uploads\/2016\/05\/moi-srednjoskolci-regionalno-mali-fudbal-18-300x199.jpg\" alt=\"moi-srednjoskolci-regionalno mali fudbal (18)\" width=\"300\" height=\"199\" srcset=\"https:\/\/www.prijedordanas.com\/wp-content\/uploads\/2016\/05\/moi-srednjoskolci-regionalno-mali-fudbal-18-300x200.jpg 300w, https:\/\/www.prijedordanas.com\/wp-content\/uploads\/2016\/05\/moi-srednjoskolci-regionalno-mali-fudbal-18-480x320.jpg 480w, https:\/\/www.prijedordanas.com\/wp-content\/uploads\/2016\/05\/moi-srednjoskolci-regionalno-mali-fudbal-18.jpg 600w\" sizes=\"(max-width: 300px) 100vw, 300px\" \/><\/a> <a href=\"https:\/\/www.prijedordanas.com\/wp-content\/uploads\/2016\/05\/moi-srednjoskolci-regionalno-mali-fudbal-19.jpg\" rel=\"attachment wp-att-49253\"><img loading=\"lazy\" decoding=\"async\" class=\"alignleft size-medium wp-image-49253\" src=\"https:\/\/www.prijedordanas.com\/wp-content\/uploads\/2016\/05\/moi-srednjoskolci-regionalno-mali-fudbal-19-300x199.jpg\" alt=\"moi-srednjoskolci-regionalno mali fudbal (19)\" width=\"300\" height=\"199\" srcset=\"https:\/\/www.prijedordanas.com\/wp-content\/uploads\/2016\/05\/moi-srednjoskolci-regionalno-mali-fudbal-19-300x200.jpg 300w, https:\/\/www.prijedordanas.com\/wp-content\/uploads\/2016\/05\/moi-srednjoskolci-regionalno-mali-fudbal-19-480x320.jpg 480w, https:\/\/www.prijedordanas.com\/wp-content\/uploads\/2016\/05\/moi-srednjoskolci-regionalno-mali-fudbal-19.jpg 600w\" sizes=\"(max-width: 300px) 100vw, 300px\" \/><\/a> <a href=\"https:\/\/www.prijedordanas.com\/wp-content\/uploads\/2016\/05\/moi-srednjoskolci-regionalno-mali-fudbal-20.jpg\" rel=\"attachment wp-att-49254\"><img loading=\"lazy\" decoding=\"async\" class=\"alignleft size-medium wp-image-49254\" src=\"https:\/\/www.prijedordanas.com\/wp-content\/uploads\/2016\/05\/moi-srednjoskolci-regionalno-mali-fudbal-20-300x199.jpg\" alt=\"moi-srednjoskolci-regionalno mali fudbal (20)\" width=\"300\" height=\"199\" srcset=\"https:\/\/www.prijedordanas.com\/wp-content\/uploads\/2016\/05\/moi-srednjoskolci-regionalno-mali-fudbal-20-300x200.jpg 300w, https:\/\/www.prijedordanas.com\/wp-content\/uploads\/2016\/05\/moi-srednjoskolci-regionalno-mali-fudbal-20-480x320.jpg 480w, https:\/\/www.prijedordanas.com\/wp-content\/uploads\/2016\/05\/moi-srednjoskolci-regionalno-mali-fudbal-20.jpg 600w\" sizes=\"(max-width: 300px) 100vw, 300px\" \/><\/a><\/p>\n","protected":false},"excerpt":{"rendered":"<p>Prijedor je danas bio doma\u0107in Regionalnog takmi\u010denja srednjih \u0161kola u malom fudbalu u okviru Malih olimpijskih igara. Tehni\u010dki organizator bila je Ma\u0161inska \u0161kola Prijedor, a u\u010destvovalo je ukupno 10 ekipa [&hellip;]<\/p>\n","protected":false},"author":1,"featured_media":0,"comment_status":"closed","ping_status":"open","sticky":false,"template":"","format":"standard","meta":{"_monsterinsights_skip_tracking":false,"_monsterinsights_sitenote_active":false,"_monsterinsights_sitenote_note":"","_monsterinsights_sitenote_category":0,"footnotes":""},"categories":[7],"tags":[5646,2994,1190,1369,1198],"yoast_head":"<!-- This site is optimized with the Yoast SEO plugin v21.6 - https:\/\/yoast.com\/wordpress\/plugins\/seo\/ -->\n<title>PRIJEDOR: GIMNAZIJALKE I ELEKTROTEHNI\u010cARI POBJEDNICI REGIONALNOG TAKMI\u010cENJA U MALOM FUDBALU - FOTO - PrijedorDanas.com - Prijedorski gradski portal<\/title>\n<meta name=\"robots\" content=\"index, follow, max-snippet:-1, max-image-preview:large, max-video-preview:-1\" \/>\n<link rel=\"canonical\" href=\"https:\/\/www.prijedordanas.com\/?p=49258\" \/>\n<meta property=\"og:locale\" content=\"en_US\" \/>\n<meta property=\"og:type\" content=\"article\" \/>\n<meta property=\"og:title\" content=\"PRIJEDOR: GIMNAZIJALKE I ELEKTROTEHNI\u010cARI POBJEDNICI REGIONALNOG TAKMI\u010cENJA U MALOM FUDBALU - FOTO - PrijedorDanas.com - Prijedorski gradski portal\" \/>\n<meta property=\"og:description\" content=\"Prijedor je danas bio doma\u0107in Regionalnog takmi\u010denja srednjih \u0161kola u malom fudbalu u okviru Malih olimpijskih igara. Tehni\u010dki organizator bila je Ma\u0161inska \u0161kola Prijedor, a u\u010destvovalo je ukupno 10 ekipa [&hellip;]\" \/>\n<meta property=\"og:url\" content=\"https:\/\/www.prijedordanas.com\/?p=49258\" \/>\n<meta property=\"og:site_name\" content=\"PrijedorDanas.com - Prijedorski gradski portal\" \/>\n<meta property=\"article:publisher\" content=\"https:\/\/www.facebook.com\/PrijedorDanasCom\/\" \/>\n<meta property=\"article:published_time\" content=\"2016-05-03T20:14:05+00:00\" \/>\n<meta property=\"article:modified_time\" content=\"2016-05-03T20:18:26+00:00\" \/>\n<meta property=\"og:image\" content=\"https:\/\/www.prijedordanas.com\/wp-content\/uploads\/2016\/05\/moi-srednjoskolci-regionalno-mali-fudbal-1-300x199.jpg\" \/>\n<meta name=\"author\" content=\"admin\" \/>\n<meta name=\"twitter:card\" content=\"summary_large_image\" \/>\n<meta name=\"twitter:label1\" content=\"Written by\" \/>\n\t<meta name=\"twitter:data1\" content=\"admin\" \/>\n\t<meta name=\"twitter:label2\" content=\"Est. reading time\" \/>\n\t<meta name=\"twitter:data2\" content=\"2 minutes\" \/>\n<script type=\"application\/ld+json\" class=\"yoast-schema-graph\">{\"@context\":\"https:\/\/schema.org\",\"@graph\":[{\"@type\":\"Article\",\"@id\":\"https:\/\/www.prijedordanas.com\/?p=49258#article\",\"isPartOf\":{\"@id\":\"https:\/\/www.prijedordanas.com\/?p=49258\"},\"author\":{\"name\":\"admin\",\"@id\":\"https:\/\/www.prijedordanas.com\/#\/schema\/person\/4e08ccf29b506ca916ff86d46bb700e6\"},\"headline\":\"PRIJEDOR: GIMNAZIJALKE I ELEKTROTEHNI\u010cARI POBJEDNICI REGIONALNOG TAKMI\u010cENJA U MALOM FUDBALU &#8211; FOTO\",\"datePublished\":\"2016-05-03T20:14:05+00:00\",\"dateModified\":\"2016-05-03T20:18:26+00:00\",\"mainEntityOfPage\":{\"@id\":\"https:\/\/www.prijedordanas.com\/?p=49258\"},\"wordCount\":382,\"publisher\":{\"@id\":\"https:\/\/www.prijedordanas.com\/#organization\"},\"keywords\":[\"Elektrotehni\u010dka \u0161kola Prijedor\",\"Gimnazija Sveti Sava Prijedor\",\"Male olimpijske igre\",\"mali fudbal\",\"regionalno takmi\u010denje\"],\"articleSection\":[\"Sport\"],\"inLanguage\":\"en-US\"},{\"@type\":\"WebPage\",\"@id\":\"https:\/\/www.prijedordanas.com\/?p=49258\",\"url\":\"https:\/\/www.prijedordanas.com\/?p=49258\",\"name\":\"PRIJEDOR: GIMNAZIJALKE I ELEKTROTEHNI\u010cARI POBJEDNICI REGIONALNOG TAKMI\u010cENJA U MALOM FUDBALU - FOTO - PrijedorDanas.com - Prijedorski gradski portal\",\"isPartOf\":{\"@id\":\"https:\/\/www.prijedordanas.com\/#website\"},\"datePublished\":\"2016-05-03T20:14:05+00:00\",\"dateModified\":\"2016-05-03T20:18:26+00:00\",\"breadcrumb\":{\"@id\":\"https:\/\/www.prijedordanas.com\/?p=49258#breadcrumb\"},\"inLanguage\":\"en-US\",\"potentialAction\":[{\"@type\":\"ReadAction\",\"target\":[\"https:\/\/www.prijedordanas.com\/?p=49258\"]}]},{\"@type\":\"BreadcrumbList\",\"@id\":\"https:\/\/www.prijedordanas.com\/?p=49258#breadcrumb\",\"itemListElement\":[{\"@type\":\"ListItem\",\"position\":1,\"name\":\"Home\",\"item\":\"https:\/\/www.prijedordanas.com\/\"},{\"@type\":\"ListItem\",\"position\":2,\"name\":\"PRIJEDOR: GIMNAZIJALKE I ELEKTROTEHNI\u010cARI POBJEDNICI REGIONALNOG TAKMI\u010cENJA U MALOM FUDBALU &#8211; FOTO\"}]},{\"@type\":\"WebSite\",\"@id\":\"https:\/\/www.prijedordanas.com\/#website\",\"url\":\"https:\/\/www.prijedordanas.com\/\",\"name\":\"PrijedorDanas.com - Prijedorski gradski portal\",\"description\":\"Portal o doga\u0111anjima u gradu Prijedoru\",\"publisher\":{\"@id\":\"https:\/\/www.prijedordanas.com\/#organization\"},\"potentialAction\":[{\"@type\":\"SearchAction\",\"target\":{\"@type\":\"EntryPoint\",\"urlTemplate\":\"https:\/\/www.prijedordanas.com\/?s={search_term_string}\"},\"query-input\":\"required name=search_term_string\"}],\"inLanguage\":\"en-US\"},{\"@type\":\"Organization\",\"@id\":\"https:\/\/www.prijedordanas.com\/#organization\",\"name\":\"PrijedorDanas.com\",\"url\":\"https:\/\/www.prijedordanas.com\/\",\"logo\":{\"@type\":\"ImageObject\",\"inLanguage\":\"en-US\",\"@id\":\"https:\/\/www.prijedordanas.com\/#\/schema\/logo\/image\/\",\"url\":\"http:\/\/www.prijedordanas.com\/wp-content\/uploads\/2021\/12\/logopng.png\",\"contentUrl\":\"http:\/\/www.prijedordanas.com\/wp-content\/uploads\/2021\/12\/logopng.png\",\"width\":1019,\"height\":776,\"caption\":\"PrijedorDanas.com\"},\"image\":{\"@id\":\"https:\/\/www.prijedordanas.com\/#\/schema\/logo\/image\/\"},\"sameAs\":[\"https:\/\/www.facebook.com\/PrijedorDanasCom\/\"]},{\"@type\":\"Person\",\"@id\":\"https:\/\/www.prijedordanas.com\/#\/schema\/person\/4e08ccf29b506ca916ff86d46bb700e6\",\"name\":\"admin\",\"image\":{\"@type\":\"ImageObject\",\"inLanguage\":\"en-US\",\"@id\":\"https:\/\/www.prijedordanas.com\/#\/schema\/person\/image\/\",\"url\":\"https:\/\/secure.gravatar.com\/avatar\/1d3fc949d550f0b53a5f0d51e06dfd79?s=96&d=mm&r=g\",\"contentUrl\":\"https:\/\/secure.gravatar.com\/avatar\/1d3fc949d550f0b53a5f0d51e06dfd79?s=96&d=mm&r=g\",\"caption\":\"admin\"},\"url\":\"https:\/\/www.prijedordanas.com\/?author=1\"}]}<\/script>\n<!-- \/ Yoast SEO plugin. -->","yoast_head_json":{"title":"PRIJEDOR: GIMNAZIJALKE I ELEKTROTEHNI\u010cARI POBJEDNICI REGIONALNOG TAKMI\u010cENJA U MALOM FUDBALU - FOTO - PrijedorDanas.com - Prijedorski gradski portal","robots":{"index":"index","follow":"follow","max-snippet":"max-snippet:-1","max-image-preview":"max-image-preview:large","max-video-preview":"max-video-preview:-1"},"canonical":"https:\/\/www.prijedordanas.com\/?p=49258","og_locale":"en_US","og_type":"article","og_title":"PRIJEDOR: GIMNAZIJALKE I ELEKTROTEHNI\u010cARI POBJEDNICI REGIONALNOG TAKMI\u010cENJA U MALOM FUDBALU - FOTO - PrijedorDanas.com - Prijedorski gradski portal","og_description":"Prijedor je danas bio doma\u0107in Regionalnog takmi\u010denja srednjih \u0161kola u malom fudbalu u okviru Malih olimpijskih igara. Tehni\u010dki organizator bila je Ma\u0161inska \u0161kola Prijedor, a u\u010destvovalo je ukupno 10 ekipa [&hellip;]","og_url":"https:\/\/www.prijedordanas.com\/?p=49258","og_site_name":"PrijedorDanas.com - Prijedorski gradski portal","article_publisher":"https:\/\/www.facebook.com\/PrijedorDanasCom\/","article_published_time":"2016-05-03T20:14:05+00:00","article_modified_time":"2016-05-03T20:18:26+00:00","og_image":[{"url":"https:\/\/www.prijedordanas.com\/wp-content\/uploads\/2016\/05\/moi-srednjoskolci-regionalno-mali-fudbal-1-300x199.jpg"}],"author":"admin","twitter_card":"summary_large_image","twitter_misc":{"Written by":"admin","Est. reading time":"2 minutes"},"schema":{"@context":"https:\/\/schema.org","@graph":[{"@type":"Article","@id":"https:\/\/www.prijedordanas.com\/?p=49258#article","isPartOf":{"@id":"https:\/\/www.prijedordanas.com\/?p=49258"},"author":{"name":"admin","@id":"https:\/\/www.prijedordanas.com\/#\/schema\/person\/4e08ccf29b506ca916ff86d46bb700e6"},"headline":"PRIJEDOR: GIMNAZIJALKE I ELEKTROTEHNI\u010cARI POBJEDNICI REGIONALNOG TAKMI\u010cENJA U MALOM FUDBALU &#8211; FOTO","datePublished":"2016-05-03T20:14:05+00:00","dateModified":"2016-05-03T20:18:26+00:00","mainEntityOfPage":{"@id":"https:\/\/www.prijedordanas.com\/?p=49258"},"wordCount":382,"publisher":{"@id":"https:\/\/www.prijedordanas.com\/#organization"},"keywords":["Elektrotehni\u010dka \u0161kola Prijedor","Gimnazija Sveti Sava Prijedor","Male olimpijske igre","mali fudbal","regionalno takmi\u010denje"],"articleSection":["Sport"],"inLanguage":"en-US"},{"@type":"WebPage","@id":"https:\/\/www.prijedordanas.com\/?p=49258","url":"https:\/\/www.prijedordanas.com\/?p=49258","name":"PRIJEDOR: GIMNAZIJALKE I ELEKTROTEHNI\u010cARI POBJEDNICI REGIONALNOG TAKMI\u010cENJA U MALOM FUDBALU - FOTO - PrijedorDanas.com - Prijedorski gradski portal","isPartOf":{"@id":"https:\/\/www.prijedordanas.com\/#website"},"datePublished":"2016-05-03T20:14:05+00:00","dateModified":"2016-05-03T20:18:26+00:00","breadcrumb":{"@id":"https:\/\/www.prijedordanas.com\/?p=49258#breadcrumb"},"inLanguage":"en-US","potentialAction":[{"@type":"ReadAction","target":["https:\/\/www.prijedordanas.com\/?p=49258"]}]},{"@type":"BreadcrumbList","@id":"https:\/\/www.prijedordanas.com\/?p=49258#breadcrumb","itemListElement":[{"@type":"ListItem","position":1,"name":"Home","item":"https:\/\/www.prijedordanas.com\/"},{"@type":"ListItem","position":2,"name":"PRIJEDOR: GIMNAZIJALKE I ELEKTROTEHNI\u010cARI POBJEDNICI REGIONALNOG TAKMI\u010cENJA U MALOM FUDBALU &#8211; FOTO"}]},{"@type":"WebSite","@id":"https:\/\/www.prijedordanas.com\/#website","url":"https:\/\/www.prijedordanas.com\/","name":"PrijedorDanas.com - Prijedorski gradski portal","description":"Portal o doga\u0111anjima u gradu Prijedoru","publisher":{"@id":"https:\/\/www.prijedordanas.com\/#organization"},"potentialAction":[{"@type":"SearchAction","target":{"@type":"EntryPoint","urlTemplate":"https:\/\/www.prijedordanas.com\/?s={search_term_string}"},"query-input":"required name=search_term_string"}],"inLanguage":"en-US"},{"@type":"Organization","@id":"https:\/\/www.prijedordanas.com\/#organization","name":"PrijedorDanas.com","url":"https:\/\/www.prijedordanas.com\/","logo":{"@type":"ImageObject","inLanguage":"en-US","@id":"https:\/\/www.prijedordanas.com\/#\/schema\/logo\/image\/","url":"http:\/\/www.prijedordanas.com\/wp-content\/uploads\/2021\/12\/logopng.png","contentUrl":"http:\/\/www.prijedordanas.com\/wp-content\/uploads\/2021\/12\/logopng.png","width":1019,"height":776,"caption":"PrijedorDanas.com"},"image":{"@id":"https:\/\/www.prijedordanas.com\/#\/schema\/logo\/image\/"},"sameAs":["https:\/\/www.facebook.com\/PrijedorDanasCom\/"]},{"@type":"Person","@id":"https:\/\/www.prijedordanas.com\/#\/schema\/person\/4e08ccf29b506ca916ff86d46bb700e6","name":"admin","image":{"@type":"ImageObject","inLanguage":"en-US","@id":"https:\/\/www.prijedordanas.com\/#\/schema\/person\/image\/","url":"https:\/\/secure.gravatar.com\/avatar\/1d3fc949d550f0b53a5f0d51e06dfd79?s=96&d=mm&r=g","contentUrl":"https:\/\/secure.gravatar.com\/avatar\/1d3fc949d550f0b53a5f0d51e06dfd79?s=96&d=mm&r=g","caption":"admin"},"url":"https:\/\/www.prijedordanas.com\/?author=1"}]}},"_links":{"self":[{"href":"https:\/\/www.prijedordanas.com\/index.php?rest_route=\/wp\/v2\/posts\/49258"}],"collection":[{"href":"https:\/\/www.prijedordanas.com\/index.php?rest_route=\/wp\/v2\/posts"}],"about":[{"href":"https:\/\/www.prijedordanas.com\/index.php?rest_route=\/wp\/v2\/types\/post"}],"author":[{"embeddable":true,"href":"https:\/\/www.prijedordanas.com\/index.php?rest_route=\/wp\/v2\/users\/1"}],"replies":[{"embeddable":true,"href":"https:\/\/www.prijedordanas.com\/index.php?rest_route=%2Fwp%2Fv2%2Fcomments&post=49258"}],"version-history":[{"count":3,"href":"https:\/\/www.prijedordanas.com\/index.php?rest_route=\/wp\/v2\/posts\/49258\/revisions"}],"predecessor-version":[{"id":49272,"href":"https:\/\/www.prijedordanas.com\/index.php?rest_route=\/wp\/v2\/posts\/49258\/revisions\/49272"}],"wp:attachment":[{"href":"https:\/\/www.prijedordanas.com\/index.php?rest_route=%2Fwp%2Fv2%2Fmedia&parent=49258"}],"wp:term":[{"taxonomy":"category","embeddable":true,"href":"https:\/\/www.prijedordanas.com\/index.php?rest_route=%2Fwp%2Fv2%2Fcategories&post=49258"},{"taxonomy":"post_tag","embeddable":true,"href":"https:\/\/www.prijedordanas.com\/index.php?rest_route=%2Fwp%2Fv2%2Ftags&post=49258"}],"curies":[{"name":"wp","href":"https:\/\/api.w.org\/{rel}","templated":true}]}}