{"id":49021,"date":"2016-05-01T14:55:57","date_gmt":"2016-05-01T12:55:57","guid":{"rendered":"https:\/\/www.prijedordanas.com\/?p=49021"},"modified":"2021-05-02T11:50:35","modified_gmt":"2021-05-02T09:50:35","slug":"prijedor-koke-mladena-gornjica-nose-obojena-jaja-foto","status":"publish","type":"post","link":"https:\/\/www.prijedordanas.com\/?p=49021","title":{"rendered":"PRIJEDOR: KOKE MLADENA GORONJI\u0106A NOSE OBOJENA JAJA &#8211; FOTO"},"content":{"rendered":"<p><a href=\"https:\/\/www.prijedordanas.com\/wp-content\/uploads\/2016\/05\/mladen-goronjic-sarena-jaja-1.jpg\" rel=\"attachment wp-att-49022\"><img loading=\"lazy\" decoding=\"async\" class=\"alignleft size-medium wp-image-49022\" src=\"https:\/\/www.prijedordanas.com\/wp-content\/uploads\/2016\/05\/mladen-goronjic-sarena-jaja-1-300x225.jpg\" alt=\"mladen goronjic-sarena jaja (1)\" width=\"300\" height=\"225\" srcset=\"https:\/\/www.prijedordanas.com\/wp-content\/uploads\/2016\/05\/mladen-goronjic-sarena-jaja-1-300x225.jpg 300w, https:\/\/www.prijedordanas.com\/wp-content\/uploads\/2016\/05\/mladen-goronjic-sarena-jaja-1.jpg 600w\" sizes=\"(max-width: 300px) 100vw, 300px\" \/><\/a>Mladen Goronji\u0107, poznati prijedorski uzgajiva\u010d \u017eivotinja, prete\u017eno \u017eivine, jedan je od rijetkih stanovnika koji za pripremu vaskr\u0161njih jaja nije koristio ni lukovinu ni vje\u0161ta\u010dke boje jer njegove koke same boje, odnosno nose obojena jaja.<\/p>\n<p>&#8220;Rije\u010d je o dvije rase koka &#8211; marans i araukana koje nose jaja tamnobraon, odnosno boje lukovice i zelena jaja&#8221;, rekao je Goronji\u0107 Srni.<\/p>\n<p>On ka\u017ee da ova jaja nisu mnogo druga\u010dija od obi\u010dnih, bar kada je rije\u010d o tvrdo\u0107i, ali da su se u porodi\u010dnoj tucijadi kao ja\u010da pokazala zelena.<\/p>\n<p>&#8220;To su jaja stare \u010dileanske rase koka araukana, koja je ne\u0161to sitnija od maransa, a jaja su im kod obje vrste, navodno, bez holesterola, iako jedu hranu kao i ostala \u017eivina u mom dvori\u0161tu&#8221;, obja\u0161njava Goronji\u0107.<\/p>\n<p><a href=\"https:\/\/www.prijedordanas.com\/wp-content\/uploads\/2016\/05\/mladen-goronjic-sarena-jaja-3.jpg\" rel=\"attachment wp-att-49025\"><img loading=\"lazy\" decoding=\"async\" class=\"alignleft size-medium wp-image-49025\" src=\"https:\/\/www.prijedordanas.com\/wp-content\/uploads\/2016\/05\/mladen-goronjic-sarena-jaja-3-300x195.jpg\" alt=\"mladen goronjic-sarena jaja (3)\" width=\"300\" height=\"195\" srcset=\"https:\/\/www.prijedordanas.com\/wp-content\/uploads\/2016\/05\/mladen-goronjic-sarena-jaja-3-300x195.jpg 300w, https:\/\/www.prijedordanas.com\/wp-content\/uploads\/2016\/05\/mladen-goronjic-sarena-jaja-3.jpg 600w\" sizes=\"(max-width: 300px) 100vw, 300px\" \/><\/a> On dodaje da se u koko\u0161ijem organizmu tokom formiranja ljuske lu\u010de odre\u0111eni pigmenti koji jajima daju neobi\u010dne boje, te da u ta bojena jaja mora da uvrsti i jaja prepelice, kojih ima osamdesetak u leglu.<\/p>\n<p>Goronji\u0107 vi\u0161e od dvije decenije gaji sitne \u017eivotinje. Osim prepelica, ima \u010detiri-pet rasa ukrasnih patkica, labudova, gusaka, isto toliko rasa ukrasnih fazana, paunova, vi\u0161e rasa patuljastih koka, grlice, vijetnamske patuljaste svinje, kuni\u0107e, a ima i odgajiva\u010dnicu pasa rase ameri\u010dki stafordski terijer.<\/p>\n<p>Goronji\u0107 je i predsjednik Sportsko-ekolo\u0161kog dru\u0161tva za uzgoj i za\u0161titu sitnih \u017eivotinja &#8220;Golub&#8221; koje je pro\u0161le godine obnovilo rad i koje redovno organizuje izlo\u017ebe i berze sitnih \u017eivotinja i ku\u0107nih ljubimaca.<\/p>\n<p>SRNA<\/p>\n<p><a href=\"https:\/\/www.prijedordanas.com\/wp-content\/uploads\/2016\/05\/mladen-goronjic-sarena-jaja-2.jpg\" rel=\"attachment wp-att-49026\"><img loading=\"lazy\" decoding=\"async\" class=\"alignleft size-medium wp-image-49026\" src=\"https:\/\/www.prijedordanas.com\/wp-content\/uploads\/2016\/05\/mladen-goronjic-sarena-jaja-2-300x295.jpg\" alt=\"mladen goronjic-sarena jaja (2)\" width=\"300\" height=\"295\" srcset=\"https:\/\/www.prijedordanas.com\/wp-content\/uploads\/2016\/05\/mladen-goronjic-sarena-jaja-2-300x295.jpg 300w, https:\/\/www.prijedordanas.com\/wp-content\/uploads\/2016\/05\/mladen-goronjic-sarena-jaja-2-50x50.jpg 50w, https:\/\/www.prijedordanas.com\/wp-content\/uploads\/2016\/05\/mladen-goronjic-sarena-jaja-2.jpg 600w\" sizes=\"(max-width: 300px) 100vw, 300px\" \/><\/a> <a href=\"https:\/\/www.prijedordanas.com\/wp-content\/uploads\/2016\/05\/mladen-goronjic-sarena-jaja-5.jpg\" rel=\"attachment wp-att-49023\"><img loading=\"lazy\" decoding=\"async\" class=\"alignleft size-medium wp-image-49023\" src=\"https:\/\/www.prijedordanas.com\/wp-content\/uploads\/2016\/05\/mladen-goronjic-sarena-jaja-5-300x225.jpg\" alt=\"mladen goronjic-sarena jaja (5)\" width=\"300\" height=\"225\" srcset=\"https:\/\/www.prijedordanas.com\/wp-content\/uploads\/2016\/05\/mladen-goronjic-sarena-jaja-5-300x225.jpg 300w, https:\/\/www.prijedordanas.com\/wp-content\/uploads\/2016\/05\/mladen-goronjic-sarena-jaja-5.jpg 600w\" sizes=\"(max-width: 300px) 100vw, 300px\" \/><\/a> <a href=\"https:\/\/www.prijedordanas.com\/wp-content\/uploads\/2016\/05\/mladen-goronjic-sarena-jaja-4.jpg\" rel=\"attachment wp-att-49024\"><img loading=\"lazy\" decoding=\"async\" class=\"alignleft size-medium wp-image-49024\" src=\"https:\/\/www.prijedordanas.com\/wp-content\/uploads\/2016\/05\/mladen-goronjic-sarena-jaja-4-300x225.jpg\" alt=\"mladen goronjic-sarena jaja (4)\" width=\"300\" height=\"225\" srcset=\"https:\/\/www.prijedordanas.com\/wp-content\/uploads\/2016\/05\/mladen-goronjic-sarena-jaja-4-300x225.jpg 300w, https:\/\/www.prijedordanas.com\/wp-content\/uploads\/2016\/05\/mladen-goronjic-sarena-jaja-4.jpg 600w\" sizes=\"(max-width: 300px) 100vw, 300px\" \/><\/a><\/p>\n","protected":false},"excerpt":{"rendered":"<p>Mladen Goronji\u0107, poznati prijedorski uzgajiva\u010d \u017eivotinja, prete\u017eno \u017eivine, jedan je od rijetkih stanovnika koji za pripremu vaskr\u0161njih jaja nije koristio ni lukovinu ni vje\u0161ta\u010dke boje jer njegove koke same boje, [&hellip;]<\/p>\n","protected":false},"author":1,"featured_media":0,"comment_status":"closed","ping_status":"open","sticky":false,"template":"","format":"standard","meta":{"_monsterinsights_skip_tracking":false,"_monsterinsights_sitenote_active":false,"_monsterinsights_sitenote_note":"","_monsterinsights_sitenote_category":0,"footnotes":""},"categories":[3],"tags":[7713,4028,7714],"yoast_head":"<!-- This site is optimized with the Yoast SEO plugin v21.6 - https:\/\/yoast.com\/wordpress\/plugins\/seo\/ -->\n<title>PRIJEDOR: KOKE MLADENA GORONJI\u0106A NOSE OBOJENA JAJA - FOTO - PrijedorDanas.com - Prijedorski gradski portal<\/title>\n<meta name=\"robots\" content=\"index, follow, max-snippet:-1, max-image-preview:large, max-video-preview:-1\" \/>\n<link rel=\"canonical\" href=\"https:\/\/www.prijedordanas.com\/?p=49021\" \/>\n<meta property=\"og:locale\" content=\"en_US\" \/>\n<meta property=\"og:type\" content=\"article\" \/>\n<meta property=\"og:title\" content=\"PRIJEDOR: KOKE MLADENA GORONJI\u0106A NOSE OBOJENA JAJA - FOTO - PrijedorDanas.com - Prijedorski gradski portal\" \/>\n<meta property=\"og:description\" content=\"Mladen Goronji\u0107, poznati prijedorski uzgajiva\u010d \u017eivotinja, prete\u017eno \u017eivine, jedan je od rijetkih stanovnika koji za pripremu vaskr\u0161njih jaja nije koristio ni lukovinu ni vje\u0161ta\u010dke boje jer njegove koke same boje, [&hellip;]\" \/>\n<meta property=\"og:url\" content=\"https:\/\/www.prijedordanas.com\/?p=49021\" \/>\n<meta property=\"og:site_name\" content=\"PrijedorDanas.com - Prijedorski gradski portal\" \/>\n<meta property=\"article:publisher\" content=\"https:\/\/www.facebook.com\/PrijedorDanasCom\/\" \/>\n<meta property=\"article:published_time\" content=\"2016-05-01T12:55:57+00:00\" \/>\n<meta property=\"article:modified_time\" content=\"2021-05-02T09:50:35+00:00\" \/>\n<meta property=\"og:image\" content=\"https:\/\/www.prijedordanas.com\/wp-content\/uploads\/2016\/05\/mladen-goronjic-sarena-jaja-1-300x225.jpg\" \/>\n<meta name=\"author\" content=\"admin\" \/>\n<meta name=\"twitter:card\" content=\"summary_large_image\" \/>\n<meta name=\"twitter:label1\" content=\"Written by\" \/>\n\t<meta name=\"twitter:data1\" content=\"admin\" \/>\n\t<meta name=\"twitter:label2\" content=\"Est. reading time\" \/>\n\t<meta name=\"twitter:data2\" content=\"1 minute\" \/>\n<script type=\"application\/ld+json\" class=\"yoast-schema-graph\">{\"@context\":\"https:\/\/schema.org\",\"@graph\":[{\"@type\":\"Article\",\"@id\":\"https:\/\/www.prijedordanas.com\/?p=49021#article\",\"isPartOf\":{\"@id\":\"https:\/\/www.prijedordanas.com\/?p=49021\"},\"author\":{\"name\":\"admin\",\"@id\":\"https:\/\/www.prijedordanas.com\/#\/schema\/person\/4e08ccf29b506ca916ff86d46bb700e6\"},\"headline\":\"PRIJEDOR: KOKE MLADENA GORONJI\u0106A NOSE OBOJENA JAJA &#8211; FOTO\",\"datePublished\":\"2016-05-01T12:55:57+00:00\",\"dateModified\":\"2021-05-02T09:50:35+00:00\",\"mainEntityOfPage\":{\"@id\":\"https:\/\/www.prijedordanas.com\/?p=49021\"},\"wordCount\":267,\"publisher\":{\"@id\":\"https:\/\/www.prijedordanas.com\/#organization\"},\"keywords\":[\"koke\",\"Mladen Goronji\u0107\",\"obojena jaja\"],\"articleSection\":[\"\u017divot\"],\"inLanguage\":\"en-US\"},{\"@type\":\"WebPage\",\"@id\":\"https:\/\/www.prijedordanas.com\/?p=49021\",\"url\":\"https:\/\/www.prijedordanas.com\/?p=49021\",\"name\":\"PRIJEDOR: KOKE MLADENA GORONJI\u0106A NOSE OBOJENA JAJA - FOTO - PrijedorDanas.com - Prijedorski gradski portal\",\"isPartOf\":{\"@id\":\"https:\/\/www.prijedordanas.com\/#website\"},\"datePublished\":\"2016-05-01T12:55:57+00:00\",\"dateModified\":\"2021-05-02T09:50:35+00:00\",\"breadcrumb\":{\"@id\":\"https:\/\/www.prijedordanas.com\/?p=49021#breadcrumb\"},\"inLanguage\":\"en-US\",\"potentialAction\":[{\"@type\":\"ReadAction\",\"target\":[\"https:\/\/www.prijedordanas.com\/?p=49021\"]}]},{\"@type\":\"BreadcrumbList\",\"@id\":\"https:\/\/www.prijedordanas.com\/?p=49021#breadcrumb\",\"itemListElement\":[{\"@type\":\"ListItem\",\"position\":1,\"name\":\"Home\",\"item\":\"https:\/\/www.prijedordanas.com\/\"},{\"@type\":\"ListItem\",\"position\":2,\"name\":\"PRIJEDOR: KOKE MLADENA GORONJI\u0106A NOSE OBOJENA JAJA &#8211; FOTO\"}]},{\"@type\":\"WebSite\",\"@id\":\"https:\/\/www.prijedordanas.com\/#website\",\"url\":\"https:\/\/www.prijedordanas.com\/\",\"name\":\"PrijedorDanas.com - Prijedorski gradski portal\",\"description\":\"Portal o doga\u0111anjima u gradu Prijedoru\",\"publisher\":{\"@id\":\"https:\/\/www.prijedordanas.com\/#organization\"},\"potentialAction\":[{\"@type\":\"SearchAction\",\"target\":{\"@type\":\"EntryPoint\",\"urlTemplate\":\"https:\/\/www.prijedordanas.com\/?s={search_term_string}\"},\"query-input\":\"required name=search_term_string\"}],\"inLanguage\":\"en-US\"},{\"@type\":\"Organization\",\"@id\":\"https:\/\/www.prijedordanas.com\/#organization\",\"name\":\"PrijedorDanas.com\",\"url\":\"https:\/\/www.prijedordanas.com\/\",\"logo\":{\"@type\":\"ImageObject\",\"inLanguage\":\"en-US\",\"@id\":\"https:\/\/www.prijedordanas.com\/#\/schema\/logo\/image\/\",\"url\":\"http:\/\/www.prijedordanas.com\/wp-content\/uploads\/2021\/12\/logopng.png\",\"contentUrl\":\"http:\/\/www.prijedordanas.com\/wp-content\/uploads\/2021\/12\/logopng.png\",\"width\":1019,\"height\":776,\"caption\":\"PrijedorDanas.com\"},\"image\":{\"@id\":\"https:\/\/www.prijedordanas.com\/#\/schema\/logo\/image\/\"},\"sameAs\":[\"https:\/\/www.facebook.com\/PrijedorDanasCom\/\"]},{\"@type\":\"Person\",\"@id\":\"https:\/\/www.prijedordanas.com\/#\/schema\/person\/4e08ccf29b506ca916ff86d46bb700e6\",\"name\":\"admin\",\"image\":{\"@type\":\"ImageObject\",\"inLanguage\":\"en-US\",\"@id\":\"https:\/\/www.prijedordanas.com\/#\/schema\/person\/image\/\",\"url\":\"https:\/\/secure.gravatar.com\/avatar\/1d3fc949d550f0b53a5f0d51e06dfd79?s=96&d=mm&r=g\",\"contentUrl\":\"https:\/\/secure.gravatar.com\/avatar\/1d3fc949d550f0b53a5f0d51e06dfd79?s=96&d=mm&r=g\",\"caption\":\"admin\"},\"url\":\"https:\/\/www.prijedordanas.com\/?author=1\"}]}<\/script>\n<!-- \/ Yoast SEO plugin. -->","yoast_head_json":{"title":"PRIJEDOR: KOKE MLADENA GORONJI\u0106A NOSE OBOJENA JAJA - FOTO - PrijedorDanas.com - Prijedorski gradski portal","robots":{"index":"index","follow":"follow","max-snippet":"max-snippet:-1","max-image-preview":"max-image-preview:large","max-video-preview":"max-video-preview:-1"},"canonical":"https:\/\/www.prijedordanas.com\/?p=49021","og_locale":"en_US","og_type":"article","og_title":"PRIJEDOR: KOKE MLADENA GORONJI\u0106A NOSE OBOJENA JAJA - FOTO - PrijedorDanas.com - Prijedorski gradski portal","og_description":"Mladen Goronji\u0107, poznati prijedorski uzgajiva\u010d \u017eivotinja, prete\u017eno \u017eivine, jedan je od rijetkih stanovnika koji za pripremu vaskr\u0161njih jaja nije koristio ni lukovinu ni vje\u0161ta\u010dke boje jer njegove koke same boje, [&hellip;]","og_url":"https:\/\/www.prijedordanas.com\/?p=49021","og_site_name":"PrijedorDanas.com - Prijedorski gradski portal","article_publisher":"https:\/\/www.facebook.com\/PrijedorDanasCom\/","article_published_time":"2016-05-01T12:55:57+00:00","article_modified_time":"2021-05-02T09:50:35+00:00","og_image":[{"url":"https:\/\/www.prijedordanas.com\/wp-content\/uploads\/2016\/05\/mladen-goronjic-sarena-jaja-1-300x225.jpg"}],"author":"admin","twitter_card":"summary_large_image","twitter_misc":{"Written by":"admin","Est. reading time":"1 minute"},"schema":{"@context":"https:\/\/schema.org","@graph":[{"@type":"Article","@id":"https:\/\/www.prijedordanas.com\/?p=49021#article","isPartOf":{"@id":"https:\/\/www.prijedordanas.com\/?p=49021"},"author":{"name":"admin","@id":"https:\/\/www.prijedordanas.com\/#\/schema\/person\/4e08ccf29b506ca916ff86d46bb700e6"},"headline":"PRIJEDOR: KOKE MLADENA GORONJI\u0106A NOSE OBOJENA JAJA &#8211; FOTO","datePublished":"2016-05-01T12:55:57+00:00","dateModified":"2021-05-02T09:50:35+00:00","mainEntityOfPage":{"@id":"https:\/\/www.prijedordanas.com\/?p=49021"},"wordCount":267,"publisher":{"@id":"https:\/\/www.prijedordanas.com\/#organization"},"keywords":["koke","Mladen Goronji\u0107","obojena jaja"],"articleSection":["\u017divot"],"inLanguage":"en-US"},{"@type":"WebPage","@id":"https:\/\/www.prijedordanas.com\/?p=49021","url":"https:\/\/www.prijedordanas.com\/?p=49021","name":"PRIJEDOR: KOKE MLADENA GORONJI\u0106A NOSE OBOJENA JAJA - FOTO - PrijedorDanas.com - Prijedorski gradski portal","isPartOf":{"@id":"https:\/\/www.prijedordanas.com\/#website"},"datePublished":"2016-05-01T12:55:57+00:00","dateModified":"2021-05-02T09:50:35+00:00","breadcrumb":{"@id":"https:\/\/www.prijedordanas.com\/?p=49021#breadcrumb"},"inLanguage":"en-US","potentialAction":[{"@type":"ReadAction","target":["https:\/\/www.prijedordanas.com\/?p=49021"]}]},{"@type":"BreadcrumbList","@id":"https:\/\/www.prijedordanas.com\/?p=49021#breadcrumb","itemListElement":[{"@type":"ListItem","position":1,"name":"Home","item":"https:\/\/www.prijedordanas.com\/"},{"@type":"ListItem","position":2,"name":"PRIJEDOR: KOKE MLADENA GORONJI\u0106A NOSE OBOJENA JAJA &#8211; FOTO"}]},{"@type":"WebSite","@id":"https:\/\/www.prijedordanas.com\/#website","url":"https:\/\/www.prijedordanas.com\/","name":"PrijedorDanas.com - Prijedorski gradski portal","description":"Portal o doga\u0111anjima u gradu Prijedoru","publisher":{"@id":"https:\/\/www.prijedordanas.com\/#organization"},"potentialAction":[{"@type":"SearchAction","target":{"@type":"EntryPoint","urlTemplate":"https:\/\/www.prijedordanas.com\/?s={search_term_string}"},"query-input":"required name=search_term_string"}],"inLanguage":"en-US"},{"@type":"Organization","@id":"https:\/\/www.prijedordanas.com\/#organization","name":"PrijedorDanas.com","url":"https:\/\/www.prijedordanas.com\/","logo":{"@type":"ImageObject","inLanguage":"en-US","@id":"https:\/\/www.prijedordanas.com\/#\/schema\/logo\/image\/","url":"http:\/\/www.prijedordanas.com\/wp-content\/uploads\/2021\/12\/logopng.png","contentUrl":"http:\/\/www.prijedordanas.com\/wp-content\/uploads\/2021\/12\/logopng.png","width":1019,"height":776,"caption":"PrijedorDanas.com"},"image":{"@id":"https:\/\/www.prijedordanas.com\/#\/schema\/logo\/image\/"},"sameAs":["https:\/\/www.facebook.com\/PrijedorDanasCom\/"]},{"@type":"Person","@id":"https:\/\/www.prijedordanas.com\/#\/schema\/person\/4e08ccf29b506ca916ff86d46bb700e6","name":"admin","image":{"@type":"ImageObject","inLanguage":"en-US","@id":"https:\/\/www.prijedordanas.com\/#\/schema\/person\/image\/","url":"https:\/\/secure.gravatar.com\/avatar\/1d3fc949d550f0b53a5f0d51e06dfd79?s=96&d=mm&r=g","contentUrl":"https:\/\/secure.gravatar.com\/avatar\/1d3fc949d550f0b53a5f0d51e06dfd79?s=96&d=mm&r=g","caption":"admin"},"url":"https:\/\/www.prijedordanas.com\/?author=1"}]}},"_links":{"self":[{"href":"https:\/\/www.prijedordanas.com\/index.php?rest_route=\/wp\/v2\/posts\/49021"}],"collection":[{"href":"https:\/\/www.prijedordanas.com\/index.php?rest_route=\/wp\/v2\/posts"}],"about":[{"href":"https:\/\/www.prijedordanas.com\/index.php?rest_route=\/wp\/v2\/types\/post"}],"author":[{"embeddable":true,"href":"https:\/\/www.prijedordanas.com\/index.php?rest_route=\/wp\/v2\/users\/1"}],"replies":[{"embeddable":true,"href":"https:\/\/www.prijedordanas.com\/index.php?rest_route=%2Fwp%2Fv2%2Fcomments&post=49021"}],"version-history":[{"count":2,"href":"https:\/\/www.prijedordanas.com\/index.php?rest_route=\/wp\/v2\/posts\/49021\/revisions"}],"predecessor-version":[{"id":166194,"href":"https:\/\/www.prijedordanas.com\/index.php?rest_route=\/wp\/v2\/posts\/49021\/revisions\/166194"}],"wp:attachment":[{"href":"https:\/\/www.prijedordanas.com\/index.php?rest_route=%2Fwp%2Fv2%2Fmedia&parent=49021"}],"wp:term":[{"taxonomy":"category","embeddable":true,"href":"https:\/\/www.prijedordanas.com\/index.php?rest_route=%2Fwp%2Fv2%2Fcategories&post=49021"},{"taxonomy":"post_tag","embeddable":true,"href":"https:\/\/www.prijedordanas.com\/index.php?rest_route=%2Fwp%2Fv2%2Ftags&post=49021"}],"curies":[{"name":"wp","href":"https:\/\/api.w.org\/{rel}","templated":true}]}}