{"id":48682,"date":"2016-04-28T08:49:38","date_gmt":"2016-04-28T06:49:38","guid":{"rendered":"https:\/\/www.prijedordanas.com\/?p=48682"},"modified":"2016-04-28T08:49:38","modified_gmt":"2016-04-28T06:49:38","slug":"pd-klekovaca-posjeta-planinara-iz-slovenije-foto","status":"publish","type":"post","link":"https:\/\/www.prijedordanas.com\/?p=48682","title":{"rendered":"PD \u201eKLEKOVA\u010cA\u201c: POSJETA PLANINARA IZ SLOVENIJE &#8211; FOTO"},"content":{"rendered":"<p><a href=\"https:\/\/www.prijedordanas.com\/wp-content\/uploads\/2016\/04\/pd-klekovaca-planinari-iz-slovenije-1.jpg\" rel=\"attachment wp-att-48683\"><img loading=\"lazy\" decoding=\"async\" src=\"https:\/\/www.prijedordanas.com\/wp-content\/uploads\/2016\/04\/pd-klekovaca-planinari-iz-slovenije-1-300x225.jpg\" alt=\"pd klekovaca-planinari iz slovenije (1)\" width=\"300\" height=\"225\" class=\"alignleft size-medium wp-image-48683\" srcset=\"https:\/\/www.prijedordanas.com\/wp-content\/uploads\/2016\/04\/pd-klekovaca-planinari-iz-slovenije-1-300x225.jpg 300w, https:\/\/www.prijedordanas.com\/wp-content\/uploads\/2016\/04\/pd-klekovaca-planinari-iz-slovenije-1.jpg 600w\" sizes=\"(max-width: 300px) 100vw, 300px\" \/><\/a>S prijateljima, planinarima, iz Slovenije smo zadnji vikend aprila proveli na Kozari. <\/p>\n<p>U subotu smo iz Rajkovi\u0107a krenuli prema Kozara\u010dkom kamenu, nastavili put preko Be\u0161i\u0107a poljane i Glavu\u0161e do Mrakovice, gdje smo prespavali, a u nedjelju se spustili do Debelog brijega. <\/p>\n<p>Dobrodo\u0161licu su nam pripremili i vodili prijatelji iz PD \u201cKlekova\u010da\u201d Prijedor i PD \u201cMule\u017e\u201d Sanski Most, Du\u0161ko Vuji\u010di\u0107, Tanja Timarac, Dragan Majstorovi\u0107, Meliha Sawanda, Dinko i Rada Rajli\u0107.<\/p>\n<p>Drugi dan planinarskog vikenda s prijateljima planinarima iz Slovenije smo uz vo\u0111enje planinarskog vodi\u010da iz PD \u201cKlekova\u010da\u201d Prijedor, Marka Sari\u0107a, krenuli s Mrakovice, preko Benkovca, popeli se na Jankovi\u0107a kamen, spustili do vodopada i ispod Ze\u010dijeg kamena \u0161a do Stare Pilane. <\/p>\n<p>Posjetili smo \u201cMehmedovu crkvu\u201d i uspeli se do Doma PD \u201cMrakovica\u201d Kozarac, na Debelom brijegu, gdje smo ru\u010dali.<\/p>\n<p>Sead \u0106urak<\/p>\n<p>PD \u201eKlekova\u010da\u201c Prijedor<\/p>\n<p><a href=\"https:\/\/www.prijedordanas.com\/wp-content\/uploads\/2016\/04\/pd-klekovaca-planinari-iz-slovenije-2.jpg\" rel=\"attachment wp-att-48684\"><img loading=\"lazy\" decoding=\"async\" src=\"https:\/\/www.prijedordanas.com\/wp-content\/uploads\/2016\/04\/pd-klekovaca-planinari-iz-slovenije-2-300x225.jpg\" alt=\"pd klekovaca-planinari iz slovenije (2)\" width=\"300\" height=\"225\" class=\"alignleft size-medium wp-image-48684\" srcset=\"https:\/\/www.prijedordanas.com\/wp-content\/uploads\/2016\/04\/pd-klekovaca-planinari-iz-slovenije-2-300x225.jpg 300w, https:\/\/www.prijedordanas.com\/wp-content\/uploads\/2016\/04\/pd-klekovaca-planinari-iz-slovenije-2.jpg 600w\" sizes=\"(max-width: 300px) 100vw, 300px\" \/><\/a> <a href=\"https:\/\/www.prijedordanas.com\/wp-content\/uploads\/2016\/04\/pd-klekovaca-planinari-iz-slovenije-3.jpg\" rel=\"attachment wp-att-48685\"><img loading=\"lazy\" decoding=\"async\" src=\"https:\/\/www.prijedordanas.com\/wp-content\/uploads\/2016\/04\/pd-klekovaca-planinari-iz-slovenije-3-300x225.jpg\" alt=\"pd klekovaca-planinari iz slovenije (3)\" width=\"300\" height=\"225\" class=\"alignleft size-medium wp-image-48685\" srcset=\"https:\/\/www.prijedordanas.com\/wp-content\/uploads\/2016\/04\/pd-klekovaca-planinari-iz-slovenije-3-300x225.jpg 300w, https:\/\/www.prijedordanas.com\/wp-content\/uploads\/2016\/04\/pd-klekovaca-planinari-iz-slovenije-3.jpg 600w\" sizes=\"(max-width: 300px) 100vw, 300px\" \/><\/a> <a href=\"https:\/\/www.prijedordanas.com\/wp-content\/uploads\/2016\/04\/pd-klekovaca-planinari-iz-slovenije-4.jpg\" rel=\"attachment wp-att-48686\"><img loading=\"lazy\" decoding=\"async\" src=\"https:\/\/www.prijedordanas.com\/wp-content\/uploads\/2016\/04\/pd-klekovaca-planinari-iz-slovenije-4-300x225.jpg\" alt=\"pd klekovaca-planinari iz slovenije (4)\" width=\"300\" height=\"225\" class=\"alignleft size-medium wp-image-48686\" srcset=\"https:\/\/www.prijedordanas.com\/wp-content\/uploads\/2016\/04\/pd-klekovaca-planinari-iz-slovenije-4-300x225.jpg 300w, https:\/\/www.prijedordanas.com\/wp-content\/uploads\/2016\/04\/pd-klekovaca-planinari-iz-slovenije-4.jpg 600w\" sizes=\"(max-width: 300px) 100vw, 300px\" \/><\/a> <a href=\"https:\/\/www.prijedordanas.com\/wp-content\/uploads\/2016\/04\/pd-klekovaca-planinari-iz-slovenije-5.jpg\" rel=\"attachment wp-att-48687\"><img loading=\"lazy\" decoding=\"async\" src=\"https:\/\/www.prijedordanas.com\/wp-content\/uploads\/2016\/04\/pd-klekovaca-planinari-iz-slovenije-5-300x225.jpg\" alt=\"pd klekovaca-planinari iz slovenije (5)\" width=\"300\" height=\"225\" class=\"alignleft size-medium wp-image-48687\" srcset=\"https:\/\/www.prijedordanas.com\/wp-content\/uploads\/2016\/04\/pd-klekovaca-planinari-iz-slovenije-5-300x225.jpg 300w, https:\/\/www.prijedordanas.com\/wp-content\/uploads\/2016\/04\/pd-klekovaca-planinari-iz-slovenije-5.jpg 600w\" sizes=\"(max-width: 300px) 100vw, 300px\" \/><\/a> <a href=\"https:\/\/www.prijedordanas.com\/wp-content\/uploads\/2016\/04\/pd-klekovaca-planinari-iz-slovenije-6.jpg\" rel=\"attachment wp-att-48688\"><img loading=\"lazy\" decoding=\"async\" src=\"https:\/\/www.prijedordanas.com\/wp-content\/uploads\/2016\/04\/pd-klekovaca-planinari-iz-slovenije-6-300x225.jpg\" alt=\"pd klekovaca-planinari iz slovenije (6)\" width=\"300\" height=\"225\" class=\"alignleft size-medium wp-image-48688\" srcset=\"https:\/\/www.prijedordanas.com\/wp-content\/uploads\/2016\/04\/pd-klekovaca-planinari-iz-slovenije-6-300x225.jpg 300w, https:\/\/www.prijedordanas.com\/wp-content\/uploads\/2016\/04\/pd-klekovaca-planinari-iz-slovenije-6.jpg 600w\" sizes=\"(max-width: 300px) 100vw, 300px\" \/><\/a> <a href=\"https:\/\/www.prijedordanas.com\/wp-content\/uploads\/2016\/04\/pd-klekovaca-planinari-iz-slovenije-7.jpg\" rel=\"attachment wp-att-48689\"><img loading=\"lazy\" decoding=\"async\" src=\"https:\/\/www.prijedordanas.com\/wp-content\/uploads\/2016\/04\/pd-klekovaca-planinari-iz-slovenije-7-300x225.jpg\" alt=\"pd klekovaca-planinari iz slovenije (7)\" width=\"300\" height=\"225\" class=\"alignleft size-medium wp-image-48689\" srcset=\"https:\/\/www.prijedordanas.com\/wp-content\/uploads\/2016\/04\/pd-klekovaca-planinari-iz-slovenije-7-300x225.jpg 300w, https:\/\/www.prijedordanas.com\/wp-content\/uploads\/2016\/04\/pd-klekovaca-planinari-iz-slovenije-7.jpg 600w\" sizes=\"(max-width: 300px) 100vw, 300px\" \/><\/a><\/p>\n","protected":false},"excerpt":{"rendered":"<p>S prijateljima, planinarima, iz Slovenije smo zadnji vikend aprila proveli na Kozari. U subotu smo iz Rajkovi\u0107a krenuli prema Kozara\u010dkom kamenu, nastavili put preko Be\u0161i\u0107a poljane i Glavu\u0161e do Mrakovice, [&hellip;]<\/p>\n","protected":false},"author":1,"featured_media":0,"comment_status":"closed","ping_status":"open","sticky":false,"template":"","format":"standard","meta":{"_monsterinsights_skip_tracking":false,"_monsterinsights_sitenote_active":false,"_monsterinsights_sitenote_note":"","_monsterinsights_sitenote_category":0,"footnotes":""},"categories":[3],"tags":[427,6768,1460,723,4764],"yoast_head":"<!-- This site is optimized with the Yoast SEO plugin v21.6 - https:\/\/yoast.com\/wordpress\/plugins\/seo\/ -->\n<title>PD \u201eKLEKOVA\u010cA\u201c: POSJETA PLANINARA IZ SLOVENIJE - FOTO - PrijedorDanas.com - Prijedorski gradski portal<\/title>\n<meta name=\"robots\" content=\"index, follow, max-snippet:-1, max-image-preview:large, max-video-preview:-1\" \/>\n<link rel=\"canonical\" href=\"https:\/\/www.prijedordanas.com\/?p=48682\" \/>\n<meta property=\"og:locale\" content=\"en_US\" \/>\n<meta property=\"og:type\" content=\"article\" \/>\n<meta property=\"og:title\" content=\"PD \u201eKLEKOVA\u010cA\u201c: POSJETA PLANINARA IZ SLOVENIJE - FOTO - PrijedorDanas.com - Prijedorski gradski portal\" \/>\n<meta property=\"og:description\" content=\"S prijateljima, planinarima, iz Slovenije smo zadnji vikend aprila proveli na Kozari. U subotu smo iz Rajkovi\u0107a krenuli prema Kozara\u010dkom kamenu, nastavili put preko Be\u0161i\u0107a poljane i Glavu\u0161e do Mrakovice, [&hellip;]\" \/>\n<meta property=\"og:url\" content=\"https:\/\/www.prijedordanas.com\/?p=48682\" \/>\n<meta property=\"og:site_name\" content=\"PrijedorDanas.com - Prijedorski gradski portal\" \/>\n<meta property=\"article:publisher\" content=\"https:\/\/www.facebook.com\/PrijedorDanasCom\/\" \/>\n<meta property=\"article:published_time\" content=\"2016-04-28T06:49:38+00:00\" \/>\n<meta property=\"og:image\" content=\"https:\/\/www.prijedordanas.com\/wp-content\/uploads\/2016\/04\/pd-klekovaca-planinari-iz-slovenije-1-300x225.jpg\" \/>\n<meta name=\"author\" content=\"admin\" \/>\n<meta name=\"twitter:card\" content=\"summary_large_image\" \/>\n<meta name=\"twitter:label1\" content=\"Written by\" \/>\n\t<meta name=\"twitter:data1\" content=\"admin\" \/>\n\t<meta name=\"twitter:label2\" content=\"Est. reading time\" \/>\n\t<meta name=\"twitter:data2\" content=\"1 minute\" \/>\n<script type=\"application\/ld+json\" class=\"yoast-schema-graph\">{\"@context\":\"https:\/\/schema.org\",\"@graph\":[{\"@type\":\"Article\",\"@id\":\"https:\/\/www.prijedordanas.com\/?p=48682#article\",\"isPartOf\":{\"@id\":\"https:\/\/www.prijedordanas.com\/?p=48682\"},\"author\":{\"name\":\"admin\",\"@id\":\"https:\/\/www.prijedordanas.com\/#\/schema\/person\/4e08ccf29b506ca916ff86d46bb700e6\"},\"headline\":\"PD \u201eKLEKOVA\u010cA\u201c: POSJETA PLANINARA IZ SLOVENIJE &#8211; FOTO\",\"datePublished\":\"2016-04-28T06:49:38+00:00\",\"dateModified\":\"2016-04-28T06:49:38+00:00\",\"mainEntityOfPage\":{\"@id\":\"https:\/\/www.prijedordanas.com\/?p=48682\"},\"wordCount\":159,\"publisher\":{\"@id\":\"https:\/\/www.prijedordanas.com\/#organization\"},\"keywords\":[\"Kozara\",\"PD \\\"Klekova\u010da\\\" Prijedor\",\"planinari\",\"posjeta\",\"Slovenija\"],\"articleSection\":[\"\u017divot\"],\"inLanguage\":\"en-US\"},{\"@type\":\"WebPage\",\"@id\":\"https:\/\/www.prijedordanas.com\/?p=48682\",\"url\":\"https:\/\/www.prijedordanas.com\/?p=48682\",\"name\":\"PD \u201eKLEKOVA\u010cA\u201c: POSJETA PLANINARA IZ SLOVENIJE - FOTO - PrijedorDanas.com - Prijedorski gradski portal\",\"isPartOf\":{\"@id\":\"https:\/\/www.prijedordanas.com\/#website\"},\"datePublished\":\"2016-04-28T06:49:38+00:00\",\"dateModified\":\"2016-04-28T06:49:38+00:00\",\"breadcrumb\":{\"@id\":\"https:\/\/www.prijedordanas.com\/?p=48682#breadcrumb\"},\"inLanguage\":\"en-US\",\"potentialAction\":[{\"@type\":\"ReadAction\",\"target\":[\"https:\/\/www.prijedordanas.com\/?p=48682\"]}]},{\"@type\":\"BreadcrumbList\",\"@id\":\"https:\/\/www.prijedordanas.com\/?p=48682#breadcrumb\",\"itemListElement\":[{\"@type\":\"ListItem\",\"position\":1,\"name\":\"Home\",\"item\":\"https:\/\/www.prijedordanas.com\/\"},{\"@type\":\"ListItem\",\"position\":2,\"name\":\"PD \u201eKLEKOVA\u010cA\u201c: POSJETA PLANINARA IZ SLOVENIJE &#8211; FOTO\"}]},{\"@type\":\"WebSite\",\"@id\":\"https:\/\/www.prijedordanas.com\/#website\",\"url\":\"https:\/\/www.prijedordanas.com\/\",\"name\":\"PrijedorDanas.com - Prijedorski gradski portal\",\"description\":\"Portal o doga\u0111anjima u gradu Prijedoru\",\"publisher\":{\"@id\":\"https:\/\/www.prijedordanas.com\/#organization\"},\"potentialAction\":[{\"@type\":\"SearchAction\",\"target\":{\"@type\":\"EntryPoint\",\"urlTemplate\":\"https:\/\/www.prijedordanas.com\/?s={search_term_string}\"},\"query-input\":\"required name=search_term_string\"}],\"inLanguage\":\"en-US\"},{\"@type\":\"Organization\",\"@id\":\"https:\/\/www.prijedordanas.com\/#organization\",\"name\":\"PrijedorDanas.com\",\"url\":\"https:\/\/www.prijedordanas.com\/\",\"logo\":{\"@type\":\"ImageObject\",\"inLanguage\":\"en-US\",\"@id\":\"https:\/\/www.prijedordanas.com\/#\/schema\/logo\/image\/\",\"url\":\"http:\/\/www.prijedordanas.com\/wp-content\/uploads\/2021\/12\/logopng.png\",\"contentUrl\":\"http:\/\/www.prijedordanas.com\/wp-content\/uploads\/2021\/12\/logopng.png\",\"width\":1019,\"height\":776,\"caption\":\"PrijedorDanas.com\"},\"image\":{\"@id\":\"https:\/\/www.prijedordanas.com\/#\/schema\/logo\/image\/\"},\"sameAs\":[\"https:\/\/www.facebook.com\/PrijedorDanasCom\/\"]},{\"@type\":\"Person\",\"@id\":\"https:\/\/www.prijedordanas.com\/#\/schema\/person\/4e08ccf29b506ca916ff86d46bb700e6\",\"name\":\"admin\",\"image\":{\"@type\":\"ImageObject\",\"inLanguage\":\"en-US\",\"@id\":\"https:\/\/www.prijedordanas.com\/#\/schema\/person\/image\/\",\"url\":\"https:\/\/secure.gravatar.com\/avatar\/1d3fc949d550f0b53a5f0d51e06dfd79?s=96&d=mm&r=g\",\"contentUrl\":\"https:\/\/secure.gravatar.com\/avatar\/1d3fc949d550f0b53a5f0d51e06dfd79?s=96&d=mm&r=g\",\"caption\":\"admin\"},\"url\":\"https:\/\/www.prijedordanas.com\/?author=1\"}]}<\/script>\n<!-- \/ Yoast SEO plugin. -->","yoast_head_json":{"title":"PD \u201eKLEKOVA\u010cA\u201c: POSJETA PLANINARA IZ SLOVENIJE - FOTO - PrijedorDanas.com - Prijedorski gradski portal","robots":{"index":"index","follow":"follow","max-snippet":"max-snippet:-1","max-image-preview":"max-image-preview:large","max-video-preview":"max-video-preview:-1"},"canonical":"https:\/\/www.prijedordanas.com\/?p=48682","og_locale":"en_US","og_type":"article","og_title":"PD \u201eKLEKOVA\u010cA\u201c: POSJETA PLANINARA IZ SLOVENIJE - FOTO - PrijedorDanas.com - Prijedorski gradski portal","og_description":"S prijateljima, planinarima, iz Slovenije smo zadnji vikend aprila proveli na Kozari. U subotu smo iz Rajkovi\u0107a krenuli prema Kozara\u010dkom kamenu, nastavili put preko Be\u0161i\u0107a poljane i Glavu\u0161e do Mrakovice, [&hellip;]","og_url":"https:\/\/www.prijedordanas.com\/?p=48682","og_site_name":"PrijedorDanas.com - Prijedorski gradski portal","article_publisher":"https:\/\/www.facebook.com\/PrijedorDanasCom\/","article_published_time":"2016-04-28T06:49:38+00:00","og_image":[{"url":"https:\/\/www.prijedordanas.com\/wp-content\/uploads\/2016\/04\/pd-klekovaca-planinari-iz-slovenije-1-300x225.jpg"}],"author":"admin","twitter_card":"summary_large_image","twitter_misc":{"Written by":"admin","Est. reading time":"1 minute"},"schema":{"@context":"https:\/\/schema.org","@graph":[{"@type":"Article","@id":"https:\/\/www.prijedordanas.com\/?p=48682#article","isPartOf":{"@id":"https:\/\/www.prijedordanas.com\/?p=48682"},"author":{"name":"admin","@id":"https:\/\/www.prijedordanas.com\/#\/schema\/person\/4e08ccf29b506ca916ff86d46bb700e6"},"headline":"PD \u201eKLEKOVA\u010cA\u201c: POSJETA PLANINARA IZ SLOVENIJE &#8211; FOTO","datePublished":"2016-04-28T06:49:38+00:00","dateModified":"2016-04-28T06:49:38+00:00","mainEntityOfPage":{"@id":"https:\/\/www.prijedordanas.com\/?p=48682"},"wordCount":159,"publisher":{"@id":"https:\/\/www.prijedordanas.com\/#organization"},"keywords":["Kozara","PD \"Klekova\u010da\" Prijedor","planinari","posjeta","Slovenija"],"articleSection":["\u017divot"],"inLanguage":"en-US"},{"@type":"WebPage","@id":"https:\/\/www.prijedordanas.com\/?p=48682","url":"https:\/\/www.prijedordanas.com\/?p=48682","name":"PD \u201eKLEKOVA\u010cA\u201c: POSJETA PLANINARA IZ SLOVENIJE - FOTO - PrijedorDanas.com - Prijedorski gradski portal","isPartOf":{"@id":"https:\/\/www.prijedordanas.com\/#website"},"datePublished":"2016-04-28T06:49:38+00:00","dateModified":"2016-04-28T06:49:38+00:00","breadcrumb":{"@id":"https:\/\/www.prijedordanas.com\/?p=48682#breadcrumb"},"inLanguage":"en-US","potentialAction":[{"@type":"ReadAction","target":["https:\/\/www.prijedordanas.com\/?p=48682"]}]},{"@type":"BreadcrumbList","@id":"https:\/\/www.prijedordanas.com\/?p=48682#breadcrumb","itemListElement":[{"@type":"ListItem","position":1,"name":"Home","item":"https:\/\/www.prijedordanas.com\/"},{"@type":"ListItem","position":2,"name":"PD \u201eKLEKOVA\u010cA\u201c: POSJETA PLANINARA IZ SLOVENIJE &#8211; FOTO"}]},{"@type":"WebSite","@id":"https:\/\/www.prijedordanas.com\/#website","url":"https:\/\/www.prijedordanas.com\/","name":"PrijedorDanas.com - Prijedorski gradski portal","description":"Portal o doga\u0111anjima u gradu Prijedoru","publisher":{"@id":"https:\/\/www.prijedordanas.com\/#organization"},"potentialAction":[{"@type":"SearchAction","target":{"@type":"EntryPoint","urlTemplate":"https:\/\/www.prijedordanas.com\/?s={search_term_string}"},"query-input":"required name=search_term_string"}],"inLanguage":"en-US"},{"@type":"Organization","@id":"https:\/\/www.prijedordanas.com\/#organization","name":"PrijedorDanas.com","url":"https:\/\/www.prijedordanas.com\/","logo":{"@type":"ImageObject","inLanguage":"en-US","@id":"https:\/\/www.prijedordanas.com\/#\/schema\/logo\/image\/","url":"http:\/\/www.prijedordanas.com\/wp-content\/uploads\/2021\/12\/logopng.png","contentUrl":"http:\/\/www.prijedordanas.com\/wp-content\/uploads\/2021\/12\/logopng.png","width":1019,"height":776,"caption":"PrijedorDanas.com"},"image":{"@id":"https:\/\/www.prijedordanas.com\/#\/schema\/logo\/image\/"},"sameAs":["https:\/\/www.facebook.com\/PrijedorDanasCom\/"]},{"@type":"Person","@id":"https:\/\/www.prijedordanas.com\/#\/schema\/person\/4e08ccf29b506ca916ff86d46bb700e6","name":"admin","image":{"@type":"ImageObject","inLanguage":"en-US","@id":"https:\/\/www.prijedordanas.com\/#\/schema\/person\/image\/","url":"https:\/\/secure.gravatar.com\/avatar\/1d3fc949d550f0b53a5f0d51e06dfd79?s=96&d=mm&r=g","contentUrl":"https:\/\/secure.gravatar.com\/avatar\/1d3fc949d550f0b53a5f0d51e06dfd79?s=96&d=mm&r=g","caption":"admin"},"url":"https:\/\/www.prijedordanas.com\/?author=1"}]}},"_links":{"self":[{"href":"https:\/\/www.prijedordanas.com\/index.php?rest_route=\/wp\/v2\/posts\/48682"}],"collection":[{"href":"https:\/\/www.prijedordanas.com\/index.php?rest_route=\/wp\/v2\/posts"}],"about":[{"href":"https:\/\/www.prijedordanas.com\/index.php?rest_route=\/wp\/v2\/types\/post"}],"author":[{"embeddable":true,"href":"https:\/\/www.prijedordanas.com\/index.php?rest_route=\/wp\/v2\/users\/1"}],"replies":[{"embeddable":true,"href":"https:\/\/www.prijedordanas.com\/index.php?rest_route=%2Fwp%2Fv2%2Fcomments&post=48682"}],"version-history":[{"count":1,"href":"https:\/\/www.prijedordanas.com\/index.php?rest_route=\/wp\/v2\/posts\/48682\/revisions"}],"predecessor-version":[{"id":48690,"href":"https:\/\/www.prijedordanas.com\/index.php?rest_route=\/wp\/v2\/posts\/48682\/revisions\/48690"}],"wp:attachment":[{"href":"https:\/\/www.prijedordanas.com\/index.php?rest_route=%2Fwp%2Fv2%2Fmedia&parent=48682"}],"wp:term":[{"taxonomy":"category","embeddable":true,"href":"https:\/\/www.prijedordanas.com\/index.php?rest_route=%2Fwp%2Fv2%2Fcategories&post=48682"},{"taxonomy":"post_tag","embeddable":true,"href":"https:\/\/www.prijedordanas.com\/index.php?rest_route=%2Fwp%2Fv2%2Ftags&post=48682"}],"curies":[{"name":"wp","href":"https:\/\/api.w.org\/{rel}","templated":true}]}}