{"id":48656,"date":"2016-04-27T21:01:50","date_gmt":"2016-04-27T19:01:50","guid":{"rendered":"https:\/\/www.prijedordanas.com\/?p=48656"},"modified":"2016-04-27T21:01:50","modified_gmt":"2016-04-27T19:01:50","slug":"amd-prijedor-podjela-rotacionih-svjetala-poljoprivrednicima-u-omarskoj","status":"publish","type":"post","link":"https:\/\/www.prijedordanas.com\/?p=48656","title":{"rendered":"AMD \u201ePRIJEDOR\u201c: PODJELA ROTACIONIH SVJETALA POLJOPRIVREDNICIMA U OMARSKOJ"},"content":{"rendered":"<p><a href=\"https:\/\/www.prijedordanas.com\/wp-content\/uploads\/2016\/04\/amsrs-podjela-rotacionih-svjetala.jpg\" rel=\"attachment wp-att-48654\"><img loading=\"lazy\" decoding=\"async\" src=\"https:\/\/www.prijedordanas.com\/wp-content\/uploads\/2016\/04\/amsrs-podjela-rotacionih-svjetala-300x225.jpg\" alt=\"amsrs-podjela rotacionih svjetala\" width=\"300\" height=\"225\" class=\"alignleft size-medium wp-image-48654\" srcset=\"https:\/\/www.prijedordanas.com\/wp-content\/uploads\/2016\/04\/amsrs-podjela-rotacionih-svjetala-300x225.jpg 300w, https:\/\/www.prijedordanas.com\/wp-content\/uploads\/2016\/04\/amsrs-podjela-rotacionih-svjetala.jpg 600w\" sizes=\"(max-width: 300px) 100vw, 300px\" \/><\/a>U okviru kampanje &#8220;Osvjetlaj obraz doma\u0107ine! Obilje\u017ei traktor \u017eutim rotacionim svjetlom&#8221; predstavnici Auto-moto dru\u0161tva (AMD) &#8220;Prijedor&#8221; su na sto\u010dnoj pijaci u Omarskoj pored Prijedora podijelili \u017euta rotaciona svjetla i saobra\u0107ajno-obrazovne materijale poljoprivrednicima &#8211; voza\u010dima traktora.<\/p>\n<p>Sekretar AMD &#8220;Prijedor&#8221; Mirko Brki\u0107 istakao je da su voza\u010di traktora i drugih poljoprivrednih i radnih ma\u0161ina upoznati sa zakonskom obavezom da na tim vozilima moraju imati \u017euto rotaciono svjetlo koje treba da je upaljeno tokom vo\u017enje na javnim putevima.<\/p>\n<p>&#8220;Poslije podjele rotacionih svjetala i obrazovnog materijala sa voza\u010dima traktora je razgovarano na temu zna\u010daja po\u0161tivanja propisa iz bezbjednosti saobra\u0107aja, bezbjednog upravljanja traktorom, ali i bezbjednog prevoza lica i tereta na traktoru i traktorskoj prikolici&#8221;, kazao je Brki\u0107.<\/p>\n<p>Kampanja &#8220;Osvetlaj obraz, doma\u0107ine! Ozna\u010di traktor \u017eutim rotacionim svjetlom&#8221; sprovodi se tokom mjeseca marta \u0161irom Republike Srpske (RS) i u njoj su u\u010destvovali Ministarstvo saobra\u0107aja i veza RS, Ministarstvo unutra\u0161njih poslova RS, Ministarstvo poljoprivrede, \u0161umarstva i poljoprivrede RS, Agencija za bezbjednost saobra\u0107aja RS, Auto-moto savez RS, AMD i lokalne zajednice.<\/p>\n<p>Cilj provo\u0111enja kampanje &#8220;Osvetlaj obraz, doma\u0107ine! Ozna\u010di traktor \u017eutim rotacionim svjetlom&#8221; bilo je pove\u0107anje nivoa bezbjednosti saobra\u0107aja u Republici Srpskoj kroz pove\u0107anje bezbjednosti voza\u010da traktora, na javnim putevima, a ciljna grupa su voza\u010di traktora.<\/p>\n<p>Na osnovu Zakona o osnovama bezbjednosti saobra\u0107aj na putevima u BiH (\u010dlan 90. Stav 6.), \u017euta rotaciona svjetla moraju biti upaljena na traktoru za vrijeme vo\u017enje po javnom putu. Upotrebom \u017eutih rotacionih svjetala, voza\u010di traktora, za vrijeme vo\u017enje na javnom putu su vidljivi za druge voza\u010de motornih vozila, naro\u010dito no\u0107u i u uslovima samnjene vidljivosti.<\/p>\n<p>Kampanjom se \u017eeli uticati na promjenu stavova kod voza\u010da traktora kako bi na javnom putu u\u010destvovali sa tehni\u010dki ispravnim traktorom, \u010distim i ispravnim svjetlosnosignalnim ure\u0111ajima, koristili \u017euto rotaciono svjetlo, bezbjedno prevozili lica i teret na traktorskoj prilkolici, po\u0161tivali saobra\u0107ajna pravila i sli\u010dno.<\/p>\n<p>Realizacijom kampanje o\u010dekuje se ve\u0107e po\u0161tovanje propisa iz bezbjednosti saobra\u0107aja i pove\u0107an oprez voza\u010da na javnom putu, ve\u0107i stepen tehni\u010dke ispravnosti traktora i priklju\u010dnih vozila za traktor, ve\u0107e kori\u0161tenje \u017eutog rotacionog svjetla prilikom kretanja po javnom putu, bezbjedniji prevoz lica i tereta na traktorskim prikolicama.<\/p>\n<p>Auto-moto savez Republike Srpske<\/p>\n","protected":false},"excerpt":{"rendered":"<p>U okviru kampanje &#8220;Osvjetlaj obraz doma\u0107ine! Obilje\u017ei traktor \u017eutim rotacionim svjetlom&#8221; predstavnici Auto-moto dru\u0161tva (AMD) &#8220;Prijedor&#8221; su na sto\u010dnoj pijaci u Omarskoj pored Prijedora podijelili \u017euta rotaciona svjetla i saobra\u0107ajno-obrazovne [&hellip;]<\/p>\n","protected":false},"author":1,"featured_media":0,"comment_status":"closed","ping_status":"open","sticky":false,"template":"","format":"standard","meta":{"_monsterinsights_skip_tracking":false,"_monsterinsights_sitenote_active":false,"_monsterinsights_sitenote_note":"","_monsterinsights_sitenote_category":0,"footnotes":""},"categories":[8],"tags":[4824,7319],"yoast_head":"<!-- This site is optimized with the Yoast SEO plugin v21.6 - https:\/\/yoast.com\/wordpress\/plugins\/seo\/ -->\n<title>AMD \u201ePRIJEDOR\u201c: PODJELA ROTACIONIH SVJETALA POLJOPRIVREDNICIMA U OMARSKOJ - PrijedorDanas.com - Prijedorski gradski portal<\/title>\n<meta name=\"robots\" content=\"index, follow, max-snippet:-1, max-image-preview:large, max-video-preview:-1\" \/>\n<link rel=\"canonical\" href=\"https:\/\/www.prijedordanas.com\/?p=48656\" \/>\n<meta property=\"og:locale\" content=\"en_US\" \/>\n<meta property=\"og:type\" content=\"article\" \/>\n<meta property=\"og:title\" content=\"AMD \u201ePRIJEDOR\u201c: PODJELA ROTACIONIH SVJETALA POLJOPRIVREDNICIMA U OMARSKOJ - PrijedorDanas.com - Prijedorski gradski portal\" \/>\n<meta property=\"og:description\" content=\"U okviru kampanje &#8220;Osvjetlaj obraz doma\u0107ine! Obilje\u017ei traktor \u017eutim rotacionim svjetlom&#8221; predstavnici Auto-moto dru\u0161tva (AMD) &#8220;Prijedor&#8221; su na sto\u010dnoj pijaci u Omarskoj pored Prijedora podijelili \u017euta rotaciona svjetla i saobra\u0107ajno-obrazovne [&hellip;]\" \/>\n<meta property=\"og:url\" content=\"https:\/\/www.prijedordanas.com\/?p=48656\" \/>\n<meta property=\"og:site_name\" content=\"PrijedorDanas.com - Prijedorski gradski portal\" \/>\n<meta property=\"article:publisher\" content=\"https:\/\/www.facebook.com\/PrijedorDanasCom\/\" \/>\n<meta property=\"article:published_time\" content=\"2016-04-27T19:01:50+00:00\" \/>\n<meta property=\"og:image\" content=\"https:\/\/www.prijedordanas.com\/wp-content\/uploads\/2016\/04\/amsrs-podjela-rotacionih-svjetala-300x225.jpg\" \/>\n<meta name=\"author\" content=\"admin\" \/>\n<meta name=\"twitter:card\" content=\"summary_large_image\" \/>\n<meta name=\"twitter:label1\" content=\"Written by\" \/>\n\t<meta name=\"twitter:data1\" content=\"admin\" \/>\n\t<meta name=\"twitter:label2\" content=\"Est. reading time\" \/>\n\t<meta name=\"twitter:data2\" content=\"2 minutes\" \/>\n<script type=\"application\/ld+json\" class=\"yoast-schema-graph\">{\"@context\":\"https:\/\/schema.org\",\"@graph\":[{\"@type\":\"Article\",\"@id\":\"https:\/\/www.prijedordanas.com\/?p=48656#article\",\"isPartOf\":{\"@id\":\"https:\/\/www.prijedordanas.com\/?p=48656\"},\"author\":{\"name\":\"admin\",\"@id\":\"https:\/\/www.prijedordanas.com\/#\/schema\/person\/4e08ccf29b506ca916ff86d46bb700e6\"},\"headline\":\"AMD \u201ePRIJEDOR\u201c: PODJELA ROTACIONIH SVJETALA POLJOPRIVREDNICIMA U OMARSKOJ\",\"datePublished\":\"2016-04-27T19:01:50+00:00\",\"dateModified\":\"2016-04-27T19:01:50+00:00\",\"mainEntityOfPage\":{\"@id\":\"https:\/\/www.prijedordanas.com\/?p=48656\"},\"wordCount\":401,\"publisher\":{\"@id\":\"https:\/\/www.prijedordanas.com\/#organization\"},\"keywords\":[\"Auto-moto dru\u0161tvo Prijedor\",\"rotaciona svjetla\"],\"articleSection\":[\"Svakodnevno\"],\"inLanguage\":\"en-US\"},{\"@type\":\"WebPage\",\"@id\":\"https:\/\/www.prijedordanas.com\/?p=48656\",\"url\":\"https:\/\/www.prijedordanas.com\/?p=48656\",\"name\":\"AMD \u201ePRIJEDOR\u201c: PODJELA ROTACIONIH SVJETALA POLJOPRIVREDNICIMA U OMARSKOJ - PrijedorDanas.com - Prijedorski gradski portal\",\"isPartOf\":{\"@id\":\"https:\/\/www.prijedordanas.com\/#website\"},\"datePublished\":\"2016-04-27T19:01:50+00:00\",\"dateModified\":\"2016-04-27T19:01:50+00:00\",\"breadcrumb\":{\"@id\":\"https:\/\/www.prijedordanas.com\/?p=48656#breadcrumb\"},\"inLanguage\":\"en-US\",\"potentialAction\":[{\"@type\":\"ReadAction\",\"target\":[\"https:\/\/www.prijedordanas.com\/?p=48656\"]}]},{\"@type\":\"BreadcrumbList\",\"@id\":\"https:\/\/www.prijedordanas.com\/?p=48656#breadcrumb\",\"itemListElement\":[{\"@type\":\"ListItem\",\"position\":1,\"name\":\"Home\",\"item\":\"https:\/\/www.prijedordanas.com\/\"},{\"@type\":\"ListItem\",\"position\":2,\"name\":\"AMD \u201ePRIJEDOR\u201c: PODJELA ROTACIONIH SVJETALA POLJOPRIVREDNICIMA U OMARSKOJ\"}]},{\"@type\":\"WebSite\",\"@id\":\"https:\/\/www.prijedordanas.com\/#website\",\"url\":\"https:\/\/www.prijedordanas.com\/\",\"name\":\"PrijedorDanas.com - Prijedorski gradski portal\",\"description\":\"Portal o doga\u0111anjima u gradu Prijedoru\",\"publisher\":{\"@id\":\"https:\/\/www.prijedordanas.com\/#organization\"},\"potentialAction\":[{\"@type\":\"SearchAction\",\"target\":{\"@type\":\"EntryPoint\",\"urlTemplate\":\"https:\/\/www.prijedordanas.com\/?s={search_term_string}\"},\"query-input\":\"required name=search_term_string\"}],\"inLanguage\":\"en-US\"},{\"@type\":\"Organization\",\"@id\":\"https:\/\/www.prijedordanas.com\/#organization\",\"name\":\"PrijedorDanas.com\",\"url\":\"https:\/\/www.prijedordanas.com\/\",\"logo\":{\"@type\":\"ImageObject\",\"inLanguage\":\"en-US\",\"@id\":\"https:\/\/www.prijedordanas.com\/#\/schema\/logo\/image\/\",\"url\":\"http:\/\/www.prijedordanas.com\/wp-content\/uploads\/2021\/12\/logopng.png\",\"contentUrl\":\"http:\/\/www.prijedordanas.com\/wp-content\/uploads\/2021\/12\/logopng.png\",\"width\":1019,\"height\":776,\"caption\":\"PrijedorDanas.com\"},\"image\":{\"@id\":\"https:\/\/www.prijedordanas.com\/#\/schema\/logo\/image\/\"},\"sameAs\":[\"https:\/\/www.facebook.com\/PrijedorDanasCom\/\"]},{\"@type\":\"Person\",\"@id\":\"https:\/\/www.prijedordanas.com\/#\/schema\/person\/4e08ccf29b506ca916ff86d46bb700e6\",\"name\":\"admin\",\"image\":{\"@type\":\"ImageObject\",\"inLanguage\":\"en-US\",\"@id\":\"https:\/\/www.prijedordanas.com\/#\/schema\/person\/image\/\",\"url\":\"https:\/\/secure.gravatar.com\/avatar\/1d3fc949d550f0b53a5f0d51e06dfd79?s=96&d=mm&r=g\",\"contentUrl\":\"https:\/\/secure.gravatar.com\/avatar\/1d3fc949d550f0b53a5f0d51e06dfd79?s=96&d=mm&r=g\",\"caption\":\"admin\"},\"url\":\"https:\/\/www.prijedordanas.com\/?author=1\"}]}<\/script>\n<!-- \/ Yoast SEO plugin. -->","yoast_head_json":{"title":"AMD \u201ePRIJEDOR\u201c: PODJELA ROTACIONIH SVJETALA POLJOPRIVREDNICIMA U OMARSKOJ - PrijedorDanas.com - Prijedorski gradski portal","robots":{"index":"index","follow":"follow","max-snippet":"max-snippet:-1","max-image-preview":"max-image-preview:large","max-video-preview":"max-video-preview:-1"},"canonical":"https:\/\/www.prijedordanas.com\/?p=48656","og_locale":"en_US","og_type":"article","og_title":"AMD \u201ePRIJEDOR\u201c: PODJELA ROTACIONIH SVJETALA POLJOPRIVREDNICIMA U OMARSKOJ - PrijedorDanas.com - Prijedorski gradski portal","og_description":"U okviru kampanje &#8220;Osvjetlaj obraz doma\u0107ine! Obilje\u017ei traktor \u017eutim rotacionim svjetlom&#8221; predstavnici Auto-moto dru\u0161tva (AMD) &#8220;Prijedor&#8221; su na sto\u010dnoj pijaci u Omarskoj pored Prijedora podijelili \u017euta rotaciona svjetla i saobra\u0107ajno-obrazovne [&hellip;]","og_url":"https:\/\/www.prijedordanas.com\/?p=48656","og_site_name":"PrijedorDanas.com - Prijedorski gradski portal","article_publisher":"https:\/\/www.facebook.com\/PrijedorDanasCom\/","article_published_time":"2016-04-27T19:01:50+00:00","og_image":[{"url":"https:\/\/www.prijedordanas.com\/wp-content\/uploads\/2016\/04\/amsrs-podjela-rotacionih-svjetala-300x225.jpg"}],"author":"admin","twitter_card":"summary_large_image","twitter_misc":{"Written by":"admin","Est. reading time":"2 minutes"},"schema":{"@context":"https:\/\/schema.org","@graph":[{"@type":"Article","@id":"https:\/\/www.prijedordanas.com\/?p=48656#article","isPartOf":{"@id":"https:\/\/www.prijedordanas.com\/?p=48656"},"author":{"name":"admin","@id":"https:\/\/www.prijedordanas.com\/#\/schema\/person\/4e08ccf29b506ca916ff86d46bb700e6"},"headline":"AMD \u201ePRIJEDOR\u201c: PODJELA ROTACIONIH SVJETALA POLJOPRIVREDNICIMA U OMARSKOJ","datePublished":"2016-04-27T19:01:50+00:00","dateModified":"2016-04-27T19:01:50+00:00","mainEntityOfPage":{"@id":"https:\/\/www.prijedordanas.com\/?p=48656"},"wordCount":401,"publisher":{"@id":"https:\/\/www.prijedordanas.com\/#organization"},"keywords":["Auto-moto dru\u0161tvo Prijedor","rotaciona svjetla"],"articleSection":["Svakodnevno"],"inLanguage":"en-US"},{"@type":"WebPage","@id":"https:\/\/www.prijedordanas.com\/?p=48656","url":"https:\/\/www.prijedordanas.com\/?p=48656","name":"AMD \u201ePRIJEDOR\u201c: PODJELA ROTACIONIH SVJETALA POLJOPRIVREDNICIMA U OMARSKOJ - PrijedorDanas.com - Prijedorski gradski portal","isPartOf":{"@id":"https:\/\/www.prijedordanas.com\/#website"},"datePublished":"2016-04-27T19:01:50+00:00","dateModified":"2016-04-27T19:01:50+00:00","breadcrumb":{"@id":"https:\/\/www.prijedordanas.com\/?p=48656#breadcrumb"},"inLanguage":"en-US","potentialAction":[{"@type":"ReadAction","target":["https:\/\/www.prijedordanas.com\/?p=48656"]}]},{"@type":"BreadcrumbList","@id":"https:\/\/www.prijedordanas.com\/?p=48656#breadcrumb","itemListElement":[{"@type":"ListItem","position":1,"name":"Home","item":"https:\/\/www.prijedordanas.com\/"},{"@type":"ListItem","position":2,"name":"AMD \u201ePRIJEDOR\u201c: PODJELA ROTACIONIH SVJETALA POLJOPRIVREDNICIMA U OMARSKOJ"}]},{"@type":"WebSite","@id":"https:\/\/www.prijedordanas.com\/#website","url":"https:\/\/www.prijedordanas.com\/","name":"PrijedorDanas.com - Prijedorski gradski portal","description":"Portal o doga\u0111anjima u gradu Prijedoru","publisher":{"@id":"https:\/\/www.prijedordanas.com\/#organization"},"potentialAction":[{"@type":"SearchAction","target":{"@type":"EntryPoint","urlTemplate":"https:\/\/www.prijedordanas.com\/?s={search_term_string}"},"query-input":"required name=search_term_string"}],"inLanguage":"en-US"},{"@type":"Organization","@id":"https:\/\/www.prijedordanas.com\/#organization","name":"PrijedorDanas.com","url":"https:\/\/www.prijedordanas.com\/","logo":{"@type":"ImageObject","inLanguage":"en-US","@id":"https:\/\/www.prijedordanas.com\/#\/schema\/logo\/image\/","url":"http:\/\/www.prijedordanas.com\/wp-content\/uploads\/2021\/12\/logopng.png","contentUrl":"http:\/\/www.prijedordanas.com\/wp-content\/uploads\/2021\/12\/logopng.png","width":1019,"height":776,"caption":"PrijedorDanas.com"},"image":{"@id":"https:\/\/www.prijedordanas.com\/#\/schema\/logo\/image\/"},"sameAs":["https:\/\/www.facebook.com\/PrijedorDanasCom\/"]},{"@type":"Person","@id":"https:\/\/www.prijedordanas.com\/#\/schema\/person\/4e08ccf29b506ca916ff86d46bb700e6","name":"admin","image":{"@type":"ImageObject","inLanguage":"en-US","@id":"https:\/\/www.prijedordanas.com\/#\/schema\/person\/image\/","url":"https:\/\/secure.gravatar.com\/avatar\/1d3fc949d550f0b53a5f0d51e06dfd79?s=96&d=mm&r=g","contentUrl":"https:\/\/secure.gravatar.com\/avatar\/1d3fc949d550f0b53a5f0d51e06dfd79?s=96&d=mm&r=g","caption":"admin"},"url":"https:\/\/www.prijedordanas.com\/?author=1"}]}},"_links":{"self":[{"href":"https:\/\/www.prijedordanas.com\/index.php?rest_route=\/wp\/v2\/posts\/48656"}],"collection":[{"href":"https:\/\/www.prijedordanas.com\/index.php?rest_route=\/wp\/v2\/posts"}],"about":[{"href":"https:\/\/www.prijedordanas.com\/index.php?rest_route=\/wp\/v2\/types\/post"}],"author":[{"embeddable":true,"href":"https:\/\/www.prijedordanas.com\/index.php?rest_route=\/wp\/v2\/users\/1"}],"replies":[{"embeddable":true,"href":"https:\/\/www.prijedordanas.com\/index.php?rest_route=%2Fwp%2Fv2%2Fcomments&post=48656"}],"version-history":[{"count":1,"href":"https:\/\/www.prijedordanas.com\/index.php?rest_route=\/wp\/v2\/posts\/48656\/revisions"}],"predecessor-version":[{"id":48657,"href":"https:\/\/www.prijedordanas.com\/index.php?rest_route=\/wp\/v2\/posts\/48656\/revisions\/48657"}],"wp:attachment":[{"href":"https:\/\/www.prijedordanas.com\/index.php?rest_route=%2Fwp%2Fv2%2Fmedia&parent=48656"}],"wp:term":[{"taxonomy":"category","embeddable":true,"href":"https:\/\/www.prijedordanas.com\/index.php?rest_route=%2Fwp%2Fv2%2Fcategories&post=48656"},{"taxonomy":"post_tag","embeddable":true,"href":"https:\/\/www.prijedordanas.com\/index.php?rest_route=%2Fwp%2Fv2%2Ftags&post=48656"}],"curies":[{"name":"wp","href":"https:\/\/api.w.org\/{rel}","templated":true}]}}