{"id":48560,"date":"2016-04-27T09:15:11","date_gmt":"2016-04-27T07:15:11","guid":{"rendered":"https:\/\/www.prijedordanas.com\/?p=48560"},"modified":"2016-04-27T09:15:11","modified_gmt":"2016-04-27T07:15:11","slug":"prijedor-u-kolu-srpskih-sestara-pocela-je-priprema-vaskrsnjih-peretaka-video","status":"publish","type":"post","link":"https:\/\/www.prijedordanas.com\/?p=48560","title":{"rendered":"PRIJEDOR: U KOLU SRPSKIH SESTARA PO\u010cELA JE PRIPREMA VASKR\u0160NJIH PERETAKA \u2013 VIDEO"},"content":{"rendered":"<p><a href=\"https:\/\/www.prijedordanas.com\/wp-content\/uploads\/2015\/04\/kolo-srpskih-sestara-pocelo-pravljenje-vaskrsnih-peretaka-1.jpg\" rel=\"attachment wp-att-19589\"><img loading=\"lazy\" decoding=\"async\" src=\"https:\/\/www.prijedordanas.com\/wp-content\/uploads\/2015\/04\/kolo-srpskih-sestara-pocelo-pravljenje-vaskrsnih-peretaka-1-300x199.jpg\" alt=\"kolo srpskih sestara-pocelo pravljenje vaskrsnih peretaka (1)\" width=\"300\" height=\"199\" class=\"alignleft size-medium wp-image-19589\" srcset=\"https:\/\/www.prijedordanas.com\/wp-content\/uploads\/2015\/04\/kolo-srpskih-sestara-pocelo-pravljenje-vaskrsnih-peretaka-1-300x199.jpg 300w, https:\/\/www.prijedordanas.com\/wp-content\/uploads\/2015\/04\/kolo-srpskih-sestara-pocelo-pravljenje-vaskrsnih-peretaka-1.jpg 600w\" sizes=\"(max-width: 300px) 100vw, 300px\" \/><\/a>U Kolu srpskih sestara u Prijedoru po\u010dela je priprema vaskr\u0161njih peretaka. Plan im je da ove godine pripreme vi\u0161e od 3000 peretaka koje \u0107e prodavati, ali i donirati onima kojima je pomo\u0107 najpotrebnija.<\/p>\n<p>U prijedorskoj organizaciji Kola srpskih sestara vrijedno rade na pripremi vaskr\u0161njih peretaka. Od ukupno 3 600 koliko \u0107e ih pripremiti ove godine, 3000 peretaka \u0107e prodati po simboli\u010dnoj cijeni od 1 marku, a ostatak \u0107e darivati socijalno ugro\u017eenim Prijedor\u010danima.<\/p>\n<p>\u2013 Svaku tu marku \u0107emo iskoristiti u humanitarne svrhe, pomo\u0107i \u0107emo porodicama sa vi\u0161e djece, starima i iznemoglima. 600 peretaka \u0107emo podijeliti Udru\u017eenju koje okuplja djecu sa posebnim potrebama \u201cNeven\u201d, oti\u0107i \u0107emo u bolnicu na dje\u010diji odjel i na gerijatriju, rekla je predsjednik Kola srpskih sestara, Prijedor Jadranka Miji\u0107.<\/p>\n<p>Vaskr\u0161nji pereci nezaobilazni su na trpezi svakog pravoslavnog doma za vrijeme najve\u0107eg hri\u0161\u0107anskog praznika. Oni simbolizuju Hristov vijenac, koji je bio napravljen od trnja, ka\u017ee Dara Avramov, dugogodi\u0161nja \u010dlanica Kola srpskih sestara.<\/p>\n<p>\u2013 I sve ovo ovako kako pravimo simbolizuje to trnje. Crveno jaje simbolizuje njegovu krv. Mi radimo peretke da se ne zaboravi tradicija, jer pravoslavni narod voli svoju tradiciju, kazala je \u010dlan Kola srpskih sestara, Prijedor Dara Avramov.<\/p>\n<p>Kolo srpskih sestara u gradu na Sani broji 30 aktivnih \u010dlanova. Nedostaje im mla\u0111ih \u017eena i djevojaka, pa su ih ovim putem pozvale da im se pridru\u017ee u humanoj misiji.<\/p>\n<p>ELTA TV1<\/p>\n<p><iframe loading=\"lazy\" width=\"500\" height=\"281\" src=\"https:\/\/www.youtube.com\/embed\/rDJ8eAaJU7o?feature=oembed\" frameborder=\"0\" allowfullscreen><\/iframe><\/p>\n","protected":false},"excerpt":{"rendered":"<p>U Kolu srpskih sestara u Prijedoru po\u010dela je priprema vaskr\u0161njih peretaka. Plan im je da ove godine pripreme vi\u0161e od 3000 peretaka koje \u0107e prodavati, ali i donirati onima kojima [&hellip;]<\/p>\n","protected":false},"author":1,"featured_media":0,"comment_status":"closed","ping_status":"open","sticky":false,"template":"","format":"standard","meta":{"_monsterinsights_skip_tracking":false,"_monsterinsights_sitenote_active":false,"_monsterinsights_sitenote_note":"","_monsterinsights_sitenote_category":0,"footnotes":""},"categories":[8],"tags":[3960,6265,7660],"yoast_head":"<!-- This site is optimized with the Yoast SEO plugin v21.6 - https:\/\/yoast.com\/wordpress\/plugins\/seo\/ -->\n<title>PRIJEDOR: U KOLU SRPSKIH SESTARA PO\u010cELA JE PRIPREMA VASKR\u0160NJIH PERETAKA \u2013 VIDEO - PrijedorDanas.com - Prijedorski gradski portal<\/title>\n<meta name=\"robots\" content=\"index, follow, max-snippet:-1, max-image-preview:large, max-video-preview:-1\" \/>\n<link rel=\"canonical\" href=\"https:\/\/www.prijedordanas.com\/?p=48560\" \/>\n<meta property=\"og:locale\" content=\"en_US\" \/>\n<meta property=\"og:type\" content=\"article\" \/>\n<meta property=\"og:title\" content=\"PRIJEDOR: U KOLU SRPSKIH SESTARA PO\u010cELA JE PRIPREMA VASKR\u0160NJIH PERETAKA \u2013 VIDEO - PrijedorDanas.com - Prijedorski gradski portal\" \/>\n<meta property=\"og:description\" content=\"U Kolu srpskih sestara u Prijedoru po\u010dela je priprema vaskr\u0161njih peretaka. Plan im je da ove godine pripreme vi\u0161e od 3000 peretaka koje \u0107e prodavati, ali i donirati onima kojima [&hellip;]\" \/>\n<meta property=\"og:url\" content=\"https:\/\/www.prijedordanas.com\/?p=48560\" \/>\n<meta property=\"og:site_name\" content=\"PrijedorDanas.com - Prijedorski gradski portal\" \/>\n<meta property=\"article:publisher\" content=\"https:\/\/www.facebook.com\/PrijedorDanasCom\/\" \/>\n<meta property=\"article:published_time\" content=\"2016-04-27T07:15:11+00:00\" \/>\n<meta property=\"og:image\" content=\"https:\/\/www.prijedordanas.com\/wp-content\/uploads\/2015\/04\/kolo-srpskih-sestara-pocelo-pravljenje-vaskrsnih-peretaka-1-300x199.jpg\" \/>\n<meta name=\"author\" content=\"admin\" \/>\n<meta name=\"twitter:card\" content=\"summary_large_image\" \/>\n<meta name=\"twitter:label1\" content=\"Written by\" \/>\n\t<meta name=\"twitter:data1\" content=\"admin\" \/>\n\t<meta name=\"twitter:label2\" content=\"Est. reading time\" \/>\n\t<meta name=\"twitter:data2\" content=\"1 minute\" \/>\n<script type=\"application\/ld+json\" class=\"yoast-schema-graph\">{\"@context\":\"https:\/\/schema.org\",\"@graph\":[{\"@type\":\"Article\",\"@id\":\"https:\/\/www.prijedordanas.com\/?p=48560#article\",\"isPartOf\":{\"@id\":\"https:\/\/www.prijedordanas.com\/?p=48560\"},\"author\":{\"name\":\"admin\",\"@id\":\"https:\/\/www.prijedordanas.com\/#\/schema\/person\/4e08ccf29b506ca916ff86d46bb700e6\"},\"headline\":\"PRIJEDOR: U KOLU SRPSKIH SESTARA PO\u010cELA JE PRIPREMA VASKR\u0160NJIH PERETAKA \u2013 VIDEO\",\"datePublished\":\"2016-04-27T07:15:11+00:00\",\"dateModified\":\"2016-04-27T07:15:11+00:00\",\"mainEntityOfPage\":{\"@id\":\"https:\/\/www.prijedordanas.com\/?p=48560\"},\"wordCount\":252,\"publisher\":{\"@id\":\"https:\/\/www.prijedordanas.com\/#organization\"},\"keywords\":[\"Kolo srpskih sestara Prijedor\",\"priprema\",\"vaskr\u0161nji pereci\"],\"articleSection\":[\"Svakodnevno\"],\"inLanguage\":\"en-US\"},{\"@type\":\"WebPage\",\"@id\":\"https:\/\/www.prijedordanas.com\/?p=48560\",\"url\":\"https:\/\/www.prijedordanas.com\/?p=48560\",\"name\":\"PRIJEDOR: U KOLU SRPSKIH SESTARA PO\u010cELA JE PRIPREMA VASKR\u0160NJIH PERETAKA \u2013 VIDEO - PrijedorDanas.com - Prijedorski gradski portal\",\"isPartOf\":{\"@id\":\"https:\/\/www.prijedordanas.com\/#website\"},\"datePublished\":\"2016-04-27T07:15:11+00:00\",\"dateModified\":\"2016-04-27T07:15:11+00:00\",\"breadcrumb\":{\"@id\":\"https:\/\/www.prijedordanas.com\/?p=48560#breadcrumb\"},\"inLanguage\":\"en-US\",\"potentialAction\":[{\"@type\":\"ReadAction\",\"target\":[\"https:\/\/www.prijedordanas.com\/?p=48560\"]}]},{\"@type\":\"BreadcrumbList\",\"@id\":\"https:\/\/www.prijedordanas.com\/?p=48560#breadcrumb\",\"itemListElement\":[{\"@type\":\"ListItem\",\"position\":1,\"name\":\"Home\",\"item\":\"https:\/\/www.prijedordanas.com\/\"},{\"@type\":\"ListItem\",\"position\":2,\"name\":\"PRIJEDOR: U KOLU SRPSKIH SESTARA PO\u010cELA JE PRIPREMA VASKR\u0160NJIH PERETAKA \u2013 VIDEO\"}]},{\"@type\":\"WebSite\",\"@id\":\"https:\/\/www.prijedordanas.com\/#website\",\"url\":\"https:\/\/www.prijedordanas.com\/\",\"name\":\"PrijedorDanas.com - Prijedorski gradski portal\",\"description\":\"Portal o doga\u0111anjima u gradu Prijedoru\",\"publisher\":{\"@id\":\"https:\/\/www.prijedordanas.com\/#organization\"},\"potentialAction\":[{\"@type\":\"SearchAction\",\"target\":{\"@type\":\"EntryPoint\",\"urlTemplate\":\"https:\/\/www.prijedordanas.com\/?s={search_term_string}\"},\"query-input\":\"required name=search_term_string\"}],\"inLanguage\":\"en-US\"},{\"@type\":\"Organization\",\"@id\":\"https:\/\/www.prijedordanas.com\/#organization\",\"name\":\"PrijedorDanas.com\",\"url\":\"https:\/\/www.prijedordanas.com\/\",\"logo\":{\"@type\":\"ImageObject\",\"inLanguage\":\"en-US\",\"@id\":\"https:\/\/www.prijedordanas.com\/#\/schema\/logo\/image\/\",\"url\":\"http:\/\/www.prijedordanas.com\/wp-content\/uploads\/2021\/12\/logopng.png\",\"contentUrl\":\"http:\/\/www.prijedordanas.com\/wp-content\/uploads\/2021\/12\/logopng.png\",\"width\":1019,\"height\":776,\"caption\":\"PrijedorDanas.com\"},\"image\":{\"@id\":\"https:\/\/www.prijedordanas.com\/#\/schema\/logo\/image\/\"},\"sameAs\":[\"https:\/\/www.facebook.com\/PrijedorDanasCom\/\"]},{\"@type\":\"Person\",\"@id\":\"https:\/\/www.prijedordanas.com\/#\/schema\/person\/4e08ccf29b506ca916ff86d46bb700e6\",\"name\":\"admin\",\"image\":{\"@type\":\"ImageObject\",\"inLanguage\":\"en-US\",\"@id\":\"https:\/\/www.prijedordanas.com\/#\/schema\/person\/image\/\",\"url\":\"https:\/\/secure.gravatar.com\/avatar\/1d3fc949d550f0b53a5f0d51e06dfd79?s=96&d=mm&r=g\",\"contentUrl\":\"https:\/\/secure.gravatar.com\/avatar\/1d3fc949d550f0b53a5f0d51e06dfd79?s=96&d=mm&r=g\",\"caption\":\"admin\"},\"url\":\"https:\/\/www.prijedordanas.com\/?author=1\"}]}<\/script>\n<!-- \/ Yoast SEO plugin. -->","yoast_head_json":{"title":"PRIJEDOR: U KOLU SRPSKIH SESTARA PO\u010cELA JE PRIPREMA VASKR\u0160NJIH PERETAKA \u2013 VIDEO - PrijedorDanas.com - Prijedorski gradski portal","robots":{"index":"index","follow":"follow","max-snippet":"max-snippet:-1","max-image-preview":"max-image-preview:large","max-video-preview":"max-video-preview:-1"},"canonical":"https:\/\/www.prijedordanas.com\/?p=48560","og_locale":"en_US","og_type":"article","og_title":"PRIJEDOR: U KOLU SRPSKIH SESTARA PO\u010cELA JE PRIPREMA VASKR\u0160NJIH PERETAKA \u2013 VIDEO - PrijedorDanas.com - Prijedorski gradski portal","og_description":"U Kolu srpskih sestara u Prijedoru po\u010dela je priprema vaskr\u0161njih peretaka. Plan im je da ove godine pripreme vi\u0161e od 3000 peretaka koje \u0107e prodavati, ali i donirati onima kojima [&hellip;]","og_url":"https:\/\/www.prijedordanas.com\/?p=48560","og_site_name":"PrijedorDanas.com - Prijedorski gradski portal","article_publisher":"https:\/\/www.facebook.com\/PrijedorDanasCom\/","article_published_time":"2016-04-27T07:15:11+00:00","og_image":[{"url":"https:\/\/www.prijedordanas.com\/wp-content\/uploads\/2015\/04\/kolo-srpskih-sestara-pocelo-pravljenje-vaskrsnih-peretaka-1-300x199.jpg"}],"author":"admin","twitter_card":"summary_large_image","twitter_misc":{"Written by":"admin","Est. reading time":"1 minute"},"schema":{"@context":"https:\/\/schema.org","@graph":[{"@type":"Article","@id":"https:\/\/www.prijedordanas.com\/?p=48560#article","isPartOf":{"@id":"https:\/\/www.prijedordanas.com\/?p=48560"},"author":{"name":"admin","@id":"https:\/\/www.prijedordanas.com\/#\/schema\/person\/4e08ccf29b506ca916ff86d46bb700e6"},"headline":"PRIJEDOR: U KOLU SRPSKIH SESTARA PO\u010cELA JE PRIPREMA VASKR\u0160NJIH PERETAKA \u2013 VIDEO","datePublished":"2016-04-27T07:15:11+00:00","dateModified":"2016-04-27T07:15:11+00:00","mainEntityOfPage":{"@id":"https:\/\/www.prijedordanas.com\/?p=48560"},"wordCount":252,"publisher":{"@id":"https:\/\/www.prijedordanas.com\/#organization"},"keywords":["Kolo srpskih sestara Prijedor","priprema","vaskr\u0161nji pereci"],"articleSection":["Svakodnevno"],"inLanguage":"en-US"},{"@type":"WebPage","@id":"https:\/\/www.prijedordanas.com\/?p=48560","url":"https:\/\/www.prijedordanas.com\/?p=48560","name":"PRIJEDOR: U KOLU SRPSKIH SESTARA PO\u010cELA JE PRIPREMA VASKR\u0160NJIH PERETAKA \u2013 VIDEO - PrijedorDanas.com - Prijedorski gradski portal","isPartOf":{"@id":"https:\/\/www.prijedordanas.com\/#website"},"datePublished":"2016-04-27T07:15:11+00:00","dateModified":"2016-04-27T07:15:11+00:00","breadcrumb":{"@id":"https:\/\/www.prijedordanas.com\/?p=48560#breadcrumb"},"inLanguage":"en-US","potentialAction":[{"@type":"ReadAction","target":["https:\/\/www.prijedordanas.com\/?p=48560"]}]},{"@type":"BreadcrumbList","@id":"https:\/\/www.prijedordanas.com\/?p=48560#breadcrumb","itemListElement":[{"@type":"ListItem","position":1,"name":"Home","item":"https:\/\/www.prijedordanas.com\/"},{"@type":"ListItem","position":2,"name":"PRIJEDOR: U KOLU SRPSKIH SESTARA PO\u010cELA JE PRIPREMA VASKR\u0160NJIH PERETAKA \u2013 VIDEO"}]},{"@type":"WebSite","@id":"https:\/\/www.prijedordanas.com\/#website","url":"https:\/\/www.prijedordanas.com\/","name":"PrijedorDanas.com - Prijedorski gradski portal","description":"Portal o doga\u0111anjima u gradu Prijedoru","publisher":{"@id":"https:\/\/www.prijedordanas.com\/#organization"},"potentialAction":[{"@type":"SearchAction","target":{"@type":"EntryPoint","urlTemplate":"https:\/\/www.prijedordanas.com\/?s={search_term_string}"},"query-input":"required name=search_term_string"}],"inLanguage":"en-US"},{"@type":"Organization","@id":"https:\/\/www.prijedordanas.com\/#organization","name":"PrijedorDanas.com","url":"https:\/\/www.prijedordanas.com\/","logo":{"@type":"ImageObject","inLanguage":"en-US","@id":"https:\/\/www.prijedordanas.com\/#\/schema\/logo\/image\/","url":"http:\/\/www.prijedordanas.com\/wp-content\/uploads\/2021\/12\/logopng.png","contentUrl":"http:\/\/www.prijedordanas.com\/wp-content\/uploads\/2021\/12\/logopng.png","width":1019,"height":776,"caption":"PrijedorDanas.com"},"image":{"@id":"https:\/\/www.prijedordanas.com\/#\/schema\/logo\/image\/"},"sameAs":["https:\/\/www.facebook.com\/PrijedorDanasCom\/"]},{"@type":"Person","@id":"https:\/\/www.prijedordanas.com\/#\/schema\/person\/4e08ccf29b506ca916ff86d46bb700e6","name":"admin","image":{"@type":"ImageObject","inLanguage":"en-US","@id":"https:\/\/www.prijedordanas.com\/#\/schema\/person\/image\/","url":"https:\/\/secure.gravatar.com\/avatar\/1d3fc949d550f0b53a5f0d51e06dfd79?s=96&d=mm&r=g","contentUrl":"https:\/\/secure.gravatar.com\/avatar\/1d3fc949d550f0b53a5f0d51e06dfd79?s=96&d=mm&r=g","caption":"admin"},"url":"https:\/\/www.prijedordanas.com\/?author=1"}]}},"_links":{"self":[{"href":"https:\/\/www.prijedordanas.com\/index.php?rest_route=\/wp\/v2\/posts\/48560"}],"collection":[{"href":"https:\/\/www.prijedordanas.com\/index.php?rest_route=\/wp\/v2\/posts"}],"about":[{"href":"https:\/\/www.prijedordanas.com\/index.php?rest_route=\/wp\/v2\/types\/post"}],"author":[{"embeddable":true,"href":"https:\/\/www.prijedordanas.com\/index.php?rest_route=\/wp\/v2\/users\/1"}],"replies":[{"embeddable":true,"href":"https:\/\/www.prijedordanas.com\/index.php?rest_route=%2Fwp%2Fv2%2Fcomments&post=48560"}],"version-history":[{"count":1,"href":"https:\/\/www.prijedordanas.com\/index.php?rest_route=\/wp\/v2\/posts\/48560\/revisions"}],"predecessor-version":[{"id":48561,"href":"https:\/\/www.prijedordanas.com\/index.php?rest_route=\/wp\/v2\/posts\/48560\/revisions\/48561"}],"wp:attachment":[{"href":"https:\/\/www.prijedordanas.com\/index.php?rest_route=%2Fwp%2Fv2%2Fmedia&parent=48560"}],"wp:term":[{"taxonomy":"category","embeddable":true,"href":"https:\/\/www.prijedordanas.com\/index.php?rest_route=%2Fwp%2Fv2%2Fcategories&post=48560"},{"taxonomy":"post_tag","embeddable":true,"href":"https:\/\/www.prijedordanas.com\/index.php?rest_route=%2Fwp%2Fv2%2Ftags&post=48560"}],"curies":[{"name":"wp","href":"https:\/\/api.w.org\/{rel}","templated":true}]}}