{"id":4843,"date":"2014-06-30T18:19:00","date_gmt":"2014-06-30T17:19:00","guid":{"rendered":"https:\/\/www.prijedordanas.com\/?p=4843"},"modified":"2014-06-30T18:19:00","modified_gmt":"2014-06-30T17:19:00","slug":"vidovdanski-dani-u-omarskoj-video","status":"publish","type":"post","link":"https:\/\/www.prijedordanas.com\/?p=4843","title":{"rendered":"VIDOVDANSKI DANI U OMARSKOJ \u2013 VIDEO"},"content":{"rendered":"<p><a href=\"https:\/\/www.prijedordanas.com\/wp-content\/uploads\/2014\/06\/elta-vidovdanski-dani-omarska.jpg\"><img loading=\"lazy\" decoding=\"async\" class=\"alignleft size-medium wp-image-4845\" src=\"https:\/\/www.prijedordanas.com\/wp-content\/uploads\/2014\/06\/elta-vidovdanski-dani-omarska-300x166.jpg\" alt=\"elta-vidovdanski dani omarska\" width=\"300\" height=\"166\" srcset=\"https:\/\/www.prijedordanas.com\/wp-content\/uploads\/2014\/06\/elta-vidovdanski-dani-omarska-300x166.jpg 300w, https:\/\/www.prijedordanas.com\/wp-content\/uploads\/2014\/06\/elta-vidovdanski-dani-omarska.jpg 600w\" sizes=\"(max-width: 300px) 100vw, 300px\" \/><\/a>&#8220;Vidovdanski dani u Omarskoj&#8221;, naziv je manifestacije, koja je proteklog vikenda odr\u017eana u tom mjestu. Tim povodom organizovana je izlo\u017eba tradicionalnih jela, narodnih rukotvorina, gastro specijaliteta, ali i raznih eksponata. Svi prisutni imali su priliku i da u\u017eivaju u zanimljivom kulturno-zabavnom programu.<\/p>\n<p>Vrijedne doma\u0107ice iz Potkozarja pripremile su razna, kako slana, tako i slatka tradicionalna jela, koja su predstavile na ovoj manifestaciji. U pitanju su doma\u0107i specijaliteti, koji se danas rijetko spremaju u doma\u0107instvima, a \u010diji ukus se ne mo\u017ee porediti sa brzom hranom, koju uglavnom konzumiramo.<\/p>\n<p>&#8211; Pripremili smo doma\u0107u, starinsku hranu, oma\u010d, \u0161trudle, pite, kola\u010de, pile, u\u0161tipci, istakla je Rajka An\u0111i\u0107, \u010dlanica Aktiva \u017eena &#8220;Omarska&#8221;.<\/p>\n<p>Kao \u0161to to obi\u010daji i tradicija nala\u017eu, dobra hrana mora se zaliti i kvalitetnom doma\u0107om rakijom. \u010carobni napitak prona\u0161li smo kod Radojice Beri\u0107a.<\/p>\n<p>&#8211; Ova rakija je me\u0111u vrhunskim rakijama. Tajna pe\u010denja se ne odaje. Sa ovom rakijom smo osvojili tr\u017ei\u0161te Amerike, ka\u017ee Radojica Beri\u0107.<\/p>\n<p>Posebnu pa\u017enju nam je privukla baka sa preslicom. Ka\u017ee da je pre\u0111a gotovo izumrla na na\u0161im prostorima, a njena \u017eelja je da ovaj drevni na\u010din izrade odjevnih predmeta prenese na mla\u0111e generacije.<\/p>\n<p>&#8211; Nekada je sve ovako ra\u0111eno. Jo\u0161 se malo bavim pre\u0111om. Ima ovih curica koje su zainteresovane da nau\u010de da predu, pri\u010da Danica Cunjak.<\/p>\n<p>Manifestaciju &#8220;Vidovdanski dani u Omarskoj&#8221; posjetio je i prvi \u010dovjek Prijedora. Marko Pavi\u0107 smatra da obilja\u017eavanje Vidovdana ove godine ima poseban zna\u010daj, jer se ujedno obilje\u017eava I 100 godina od po\u010detka Prvog svjetskog rata.<\/p>\n<p>&#8211; Obilje\u017eavanje Vidovdana je ove godine od posebnog zna\u010daja, jer mnogi \u017eele da oslobodila\u010dki pucanj pretvore u teroristi\u010dki \u010din. Mi nikada nismo bili na istoj strani, na na\u0161u sre\u0107u, a njihovu nesre\u0107u. Mi smo uvijek bili na strani pobjednika, rekao je Pavi\u0107.<\/p>\n<p>Vidovdanske dane u Omarskoj obilje\u017eila je i kulturna manifestacija, na kojoj su nastupili mali\u0161ani iz vrti\u0107a &#8220;Pal\u010di\u0107&#8221;, u\u010denici Muzi\u010dke \u0161kole, ali i Kulturno-umjetni\u010dka dru\u0161tva sa podru\u010dja Prijedora. Ni ove godine nije izostao Memorijalni turnir u malom fudbalu &#8220;Milenko Majstorovi\u0107 Mimo&#8221;.<\/p>\n<p>ELTA TV<\/p>\n<p><iframe loading=\"lazy\" width=\"500\" height=\"281\" src=\"https:\/\/www.youtube.com\/embed\/FeF5AyrbZgE?feature=oembed\" frameborder=\"0\" allowfullscreen><\/iframe><\/p>\n","protected":false},"excerpt":{"rendered":"<p>&#8220;Vidovdanski dani u Omarskoj&#8221;, naziv je manifestacije, koja je proteklog vikenda odr\u017eana u tom mjestu. Tim povodom organizovana je izlo\u017eba tradicionalnih jela, narodnih rukotvorina, gastro specijaliteta, ali i raznih eksponata. [&hellip;]<\/p>\n","protected":false},"author":1,"featured_media":0,"comment_status":"closed","ping_status":"open","sticky":false,"template":"","format":"standard","meta":{"_monsterinsights_skip_tracking":false,"_monsterinsights_sitenote_active":false,"_monsterinsights_sitenote_note":"","_monsterinsights_sitenote_category":0,"footnotes":""},"categories":[8],"tags":[165,1653],"yoast_head":"<!-- This site is optimized with the Yoast SEO plugin v21.6 - https:\/\/yoast.com\/wordpress\/plugins\/seo\/ -->\n<title>VIDOVDANSKI DANI U OMARSKOJ \u2013 VIDEO - PrijedorDanas.com - Prijedorski gradski portal<\/title>\n<meta name=\"robots\" content=\"index, follow, max-snippet:-1, max-image-preview:large, max-video-preview:-1\" \/>\n<link rel=\"canonical\" href=\"https:\/\/www.prijedordanas.com\/?p=4843\" \/>\n<meta property=\"og:locale\" content=\"en_US\" \/>\n<meta property=\"og:type\" content=\"article\" \/>\n<meta property=\"og:title\" content=\"VIDOVDANSKI DANI U OMARSKOJ \u2013 VIDEO - PrijedorDanas.com - Prijedorski gradski portal\" \/>\n<meta property=\"og:description\" content=\"&#8220;Vidovdanski dani u Omarskoj&#8221;, naziv je manifestacije, koja je proteklog vikenda odr\u017eana u tom mjestu. Tim povodom organizovana je izlo\u017eba tradicionalnih jela, narodnih rukotvorina, gastro specijaliteta, ali i raznih eksponata. [&hellip;]\" \/>\n<meta property=\"og:url\" content=\"https:\/\/www.prijedordanas.com\/?p=4843\" \/>\n<meta property=\"og:site_name\" content=\"PrijedorDanas.com - Prijedorski gradski portal\" \/>\n<meta property=\"article:publisher\" content=\"https:\/\/www.facebook.com\/PrijedorDanasCom\/\" \/>\n<meta property=\"article:published_time\" content=\"2014-06-30T17:19:00+00:00\" \/>\n<meta property=\"og:image\" content=\"https:\/\/www.prijedordanas.com\/wp-content\/uploads\/2014\/06\/elta-vidovdanski-dani-omarska-300x166.jpg\" \/>\n<meta name=\"author\" content=\"admin\" \/>\n<meta name=\"twitter:card\" content=\"summary_large_image\" \/>\n<meta name=\"twitter:label1\" content=\"Written by\" \/>\n\t<meta name=\"twitter:data1\" content=\"admin\" \/>\n\t<meta name=\"twitter:label2\" content=\"Est. reading time\" \/>\n\t<meta name=\"twitter:data2\" content=\"2 minutes\" \/>\n<script type=\"application\/ld+json\" class=\"yoast-schema-graph\">{\"@context\":\"https:\/\/schema.org\",\"@graph\":[{\"@type\":\"Article\",\"@id\":\"https:\/\/www.prijedordanas.com\/?p=4843#article\",\"isPartOf\":{\"@id\":\"https:\/\/www.prijedordanas.com\/?p=4843\"},\"author\":{\"name\":\"admin\",\"@id\":\"https:\/\/www.prijedordanas.com\/#\/schema\/person\/4e08ccf29b506ca916ff86d46bb700e6\"},\"headline\":\"VIDOVDANSKI DANI U OMARSKOJ \u2013 VIDEO\",\"datePublished\":\"2014-06-30T17:19:00+00:00\",\"dateModified\":\"2014-06-30T17:19:00+00:00\",\"mainEntityOfPage\":{\"@id\":\"https:\/\/www.prijedordanas.com\/?p=4843\"},\"wordCount\":389,\"publisher\":{\"@id\":\"https:\/\/www.prijedordanas.com\/#organization\"},\"keywords\":[\"Omarska\",\"Vidovdanski dani\"],\"articleSection\":[\"Svakodnevno\"],\"inLanguage\":\"en-US\"},{\"@type\":\"WebPage\",\"@id\":\"https:\/\/www.prijedordanas.com\/?p=4843\",\"url\":\"https:\/\/www.prijedordanas.com\/?p=4843\",\"name\":\"VIDOVDANSKI DANI U OMARSKOJ \u2013 VIDEO - PrijedorDanas.com - Prijedorski gradski portal\",\"isPartOf\":{\"@id\":\"https:\/\/www.prijedordanas.com\/#website\"},\"datePublished\":\"2014-06-30T17:19:00+00:00\",\"dateModified\":\"2014-06-30T17:19:00+00:00\",\"breadcrumb\":{\"@id\":\"https:\/\/www.prijedordanas.com\/?p=4843#breadcrumb\"},\"inLanguage\":\"en-US\",\"potentialAction\":[{\"@type\":\"ReadAction\",\"target\":[\"https:\/\/www.prijedordanas.com\/?p=4843\"]}]},{\"@type\":\"BreadcrumbList\",\"@id\":\"https:\/\/www.prijedordanas.com\/?p=4843#breadcrumb\",\"itemListElement\":[{\"@type\":\"ListItem\",\"position\":1,\"name\":\"Home\",\"item\":\"https:\/\/www.prijedordanas.com\/\"},{\"@type\":\"ListItem\",\"position\":2,\"name\":\"VIDOVDANSKI DANI U OMARSKOJ \u2013 VIDEO\"}]},{\"@type\":\"WebSite\",\"@id\":\"https:\/\/www.prijedordanas.com\/#website\",\"url\":\"https:\/\/www.prijedordanas.com\/\",\"name\":\"PrijedorDanas.com - Prijedorski gradski portal\",\"description\":\"Portal o doga\u0111anjima u gradu Prijedoru\",\"publisher\":{\"@id\":\"https:\/\/www.prijedordanas.com\/#organization\"},\"potentialAction\":[{\"@type\":\"SearchAction\",\"target\":{\"@type\":\"EntryPoint\",\"urlTemplate\":\"https:\/\/www.prijedordanas.com\/?s={search_term_string}\"},\"query-input\":\"required name=search_term_string\"}],\"inLanguage\":\"en-US\"},{\"@type\":\"Organization\",\"@id\":\"https:\/\/www.prijedordanas.com\/#organization\",\"name\":\"PrijedorDanas.com\",\"url\":\"https:\/\/www.prijedordanas.com\/\",\"logo\":{\"@type\":\"ImageObject\",\"inLanguage\":\"en-US\",\"@id\":\"https:\/\/www.prijedordanas.com\/#\/schema\/logo\/image\/\",\"url\":\"http:\/\/www.prijedordanas.com\/wp-content\/uploads\/2021\/12\/logopng.png\",\"contentUrl\":\"http:\/\/www.prijedordanas.com\/wp-content\/uploads\/2021\/12\/logopng.png\",\"width\":1019,\"height\":776,\"caption\":\"PrijedorDanas.com\"},\"image\":{\"@id\":\"https:\/\/www.prijedordanas.com\/#\/schema\/logo\/image\/\"},\"sameAs\":[\"https:\/\/www.facebook.com\/PrijedorDanasCom\/\"]},{\"@type\":\"Person\",\"@id\":\"https:\/\/www.prijedordanas.com\/#\/schema\/person\/4e08ccf29b506ca916ff86d46bb700e6\",\"name\":\"admin\",\"image\":{\"@type\":\"ImageObject\",\"inLanguage\":\"en-US\",\"@id\":\"https:\/\/www.prijedordanas.com\/#\/schema\/person\/image\/\",\"url\":\"https:\/\/secure.gravatar.com\/avatar\/1d3fc949d550f0b53a5f0d51e06dfd79?s=96&d=mm&r=g\",\"contentUrl\":\"https:\/\/secure.gravatar.com\/avatar\/1d3fc949d550f0b53a5f0d51e06dfd79?s=96&d=mm&r=g\",\"caption\":\"admin\"},\"url\":\"https:\/\/www.prijedordanas.com\/?author=1\"}]}<\/script>\n<!-- \/ Yoast SEO plugin. -->","yoast_head_json":{"title":"VIDOVDANSKI DANI U OMARSKOJ \u2013 VIDEO - PrijedorDanas.com - Prijedorski gradski portal","robots":{"index":"index","follow":"follow","max-snippet":"max-snippet:-1","max-image-preview":"max-image-preview:large","max-video-preview":"max-video-preview:-1"},"canonical":"https:\/\/www.prijedordanas.com\/?p=4843","og_locale":"en_US","og_type":"article","og_title":"VIDOVDANSKI DANI U OMARSKOJ \u2013 VIDEO - PrijedorDanas.com - Prijedorski gradski portal","og_description":"&#8220;Vidovdanski dani u Omarskoj&#8221;, naziv je manifestacije, koja je proteklog vikenda odr\u017eana u tom mjestu. Tim povodom organizovana je izlo\u017eba tradicionalnih jela, narodnih rukotvorina, gastro specijaliteta, ali i raznih eksponata. [&hellip;]","og_url":"https:\/\/www.prijedordanas.com\/?p=4843","og_site_name":"PrijedorDanas.com - Prijedorski gradski portal","article_publisher":"https:\/\/www.facebook.com\/PrijedorDanasCom\/","article_published_time":"2014-06-30T17:19:00+00:00","og_image":[{"url":"https:\/\/www.prijedordanas.com\/wp-content\/uploads\/2014\/06\/elta-vidovdanski-dani-omarska-300x166.jpg"}],"author":"admin","twitter_card":"summary_large_image","twitter_misc":{"Written by":"admin","Est. reading time":"2 minutes"},"schema":{"@context":"https:\/\/schema.org","@graph":[{"@type":"Article","@id":"https:\/\/www.prijedordanas.com\/?p=4843#article","isPartOf":{"@id":"https:\/\/www.prijedordanas.com\/?p=4843"},"author":{"name":"admin","@id":"https:\/\/www.prijedordanas.com\/#\/schema\/person\/4e08ccf29b506ca916ff86d46bb700e6"},"headline":"VIDOVDANSKI DANI U OMARSKOJ \u2013 VIDEO","datePublished":"2014-06-30T17:19:00+00:00","dateModified":"2014-06-30T17:19:00+00:00","mainEntityOfPage":{"@id":"https:\/\/www.prijedordanas.com\/?p=4843"},"wordCount":389,"publisher":{"@id":"https:\/\/www.prijedordanas.com\/#organization"},"keywords":["Omarska","Vidovdanski dani"],"articleSection":["Svakodnevno"],"inLanguage":"en-US"},{"@type":"WebPage","@id":"https:\/\/www.prijedordanas.com\/?p=4843","url":"https:\/\/www.prijedordanas.com\/?p=4843","name":"VIDOVDANSKI DANI U OMARSKOJ \u2013 VIDEO - PrijedorDanas.com - Prijedorski gradski portal","isPartOf":{"@id":"https:\/\/www.prijedordanas.com\/#website"},"datePublished":"2014-06-30T17:19:00+00:00","dateModified":"2014-06-30T17:19:00+00:00","breadcrumb":{"@id":"https:\/\/www.prijedordanas.com\/?p=4843#breadcrumb"},"inLanguage":"en-US","potentialAction":[{"@type":"ReadAction","target":["https:\/\/www.prijedordanas.com\/?p=4843"]}]},{"@type":"BreadcrumbList","@id":"https:\/\/www.prijedordanas.com\/?p=4843#breadcrumb","itemListElement":[{"@type":"ListItem","position":1,"name":"Home","item":"https:\/\/www.prijedordanas.com\/"},{"@type":"ListItem","position":2,"name":"VIDOVDANSKI DANI U OMARSKOJ \u2013 VIDEO"}]},{"@type":"WebSite","@id":"https:\/\/www.prijedordanas.com\/#website","url":"https:\/\/www.prijedordanas.com\/","name":"PrijedorDanas.com - Prijedorski gradski portal","description":"Portal o doga\u0111anjima u gradu Prijedoru","publisher":{"@id":"https:\/\/www.prijedordanas.com\/#organization"},"potentialAction":[{"@type":"SearchAction","target":{"@type":"EntryPoint","urlTemplate":"https:\/\/www.prijedordanas.com\/?s={search_term_string}"},"query-input":"required name=search_term_string"}],"inLanguage":"en-US"},{"@type":"Organization","@id":"https:\/\/www.prijedordanas.com\/#organization","name":"PrijedorDanas.com","url":"https:\/\/www.prijedordanas.com\/","logo":{"@type":"ImageObject","inLanguage":"en-US","@id":"https:\/\/www.prijedordanas.com\/#\/schema\/logo\/image\/","url":"http:\/\/www.prijedordanas.com\/wp-content\/uploads\/2021\/12\/logopng.png","contentUrl":"http:\/\/www.prijedordanas.com\/wp-content\/uploads\/2021\/12\/logopng.png","width":1019,"height":776,"caption":"PrijedorDanas.com"},"image":{"@id":"https:\/\/www.prijedordanas.com\/#\/schema\/logo\/image\/"},"sameAs":["https:\/\/www.facebook.com\/PrijedorDanasCom\/"]},{"@type":"Person","@id":"https:\/\/www.prijedordanas.com\/#\/schema\/person\/4e08ccf29b506ca916ff86d46bb700e6","name":"admin","image":{"@type":"ImageObject","inLanguage":"en-US","@id":"https:\/\/www.prijedordanas.com\/#\/schema\/person\/image\/","url":"https:\/\/secure.gravatar.com\/avatar\/1d3fc949d550f0b53a5f0d51e06dfd79?s=96&d=mm&r=g","contentUrl":"https:\/\/secure.gravatar.com\/avatar\/1d3fc949d550f0b53a5f0d51e06dfd79?s=96&d=mm&r=g","caption":"admin"},"url":"https:\/\/www.prijedordanas.com\/?author=1"}]}},"_links":{"self":[{"href":"https:\/\/www.prijedordanas.com\/index.php?rest_route=\/wp\/v2\/posts\/4843"}],"collection":[{"href":"https:\/\/www.prijedordanas.com\/index.php?rest_route=\/wp\/v2\/posts"}],"about":[{"href":"https:\/\/www.prijedordanas.com\/index.php?rest_route=\/wp\/v2\/types\/post"}],"author":[{"embeddable":true,"href":"https:\/\/www.prijedordanas.com\/index.php?rest_route=\/wp\/v2\/users\/1"}],"replies":[{"embeddable":true,"href":"https:\/\/www.prijedordanas.com\/index.php?rest_route=%2Fwp%2Fv2%2Fcomments&post=4843"}],"version-history":[{"count":2,"href":"https:\/\/www.prijedordanas.com\/index.php?rest_route=\/wp\/v2\/posts\/4843\/revisions"}],"predecessor-version":[{"id":4846,"href":"https:\/\/www.prijedordanas.com\/index.php?rest_route=\/wp\/v2\/posts\/4843\/revisions\/4846"}],"wp:attachment":[{"href":"https:\/\/www.prijedordanas.com\/index.php?rest_route=%2Fwp%2Fv2%2Fmedia&parent=4843"}],"wp:term":[{"taxonomy":"category","embeddable":true,"href":"https:\/\/www.prijedordanas.com\/index.php?rest_route=%2Fwp%2Fv2%2Fcategories&post=4843"},{"taxonomy":"post_tag","embeddable":true,"href":"https:\/\/www.prijedordanas.com\/index.php?rest_route=%2Fwp%2Fv2%2Ftags&post=4843"}],"curies":[{"name":"wp","href":"https:\/\/api.w.org\/{rel}","templated":true}]}}