{"id":48322,"date":"2016-04-25T08:24:59","date_gmt":"2016-04-25T06:24:59","guid":{"rendered":"https:\/\/www.prijedordanas.com\/?p=48322"},"modified":"2016-04-25T08:24:59","modified_gmt":"2016-04-25T06:24:59","slug":"policija-ucestvovala-u-masovnoj-tuci-u-prijedoru","status":"publish","type":"post","link":"https:\/\/www.prijedordanas.com\/?p=48322","title":{"rendered":"POLICIJA U\u010cESTVOVALA U MASOVNOJ TU\u010cI U PRIJEDORU?"},"content":{"rendered":"<p><a href=\"https:\/\/www.prijedordanas.com\/wp-content\/uploads\/2016\/04\/club-babylon.jpg\" rel=\"attachment wp-att-48320\"><img loading=\"lazy\" decoding=\"async\" src=\"https:\/\/www.prijedordanas.com\/wp-content\/uploads\/2016\/04\/club-babylon-300x189.jpg\" alt=\"club babylon\" width=\"300\" height=\"189\" class=\"alignleft size-medium wp-image-48320\" srcset=\"https:\/\/www.prijedordanas.com\/wp-content\/uploads\/2016\/04\/club-babylon-300x189.jpg 300w, https:\/\/www.prijedordanas.com\/wp-content\/uploads\/2016\/04\/club-babylon.jpg 600w\" sizes=\"(max-width: 300px) 100vw, 300px\" \/><\/a>Vi\u0161e osoba, me\u0111u kojima i policajci u civilu, protekli vikend potuklo se na parking prostoru disko kluba &#8220;Babilon&#8221; u Prijedoru, saznaje &#8220;Glas Srpske&#8221;.<\/p>\n<p>Izvor blizak istrazi je kazao da je u tu\u010di povrije\u0111eno vi\u0161e osoba i da su policajci pretukli nekoliko Prijedor\u010dana.<\/p>\n<p>U CJB Prijedor su kazali da ne mogu da govore ko je sve u\u010destvovao u tu\u010di, ali su potvrdili da im je doga\u0111aj prijavljen 17. aprila.<\/p>\n<p>-Prema prijavi toga dana oko 3.20 \u010dasova na parking prostoru disko kluba &#8220;Babilon&#8221; potuklo se vi\u0161e osoba. Izlaskom na lice mjesta patrola nije nikoga zatekla. U toku je istraga ovog doga\u0111aja &#8211; kazali su u policiji.<\/p>\n<p>Branko M. iz Prijedora, koji je prisustvovao doga\u0111aju, &#8220;Glasu Srpske&#8221; je kazao da nije u pitanju ni\u0161ta ozbiljnije i da se na parkingu samo poguralo nekoliko osoba. On nije mogao da ka\u017ee vi\u0161e detalja, niti ko je u\u010destvovao u tome.<\/p>\n<p>Glas Srpske<\/p>\n","protected":false},"excerpt":{"rendered":"<p>Vi\u0161e osoba, me\u0111u kojima i policajci u civilu, protekli vikend potuklo se na parking prostoru disko kluba &#8220;Babilon&#8221; u Prijedoru, saznaje &#8220;Glas Srpske&#8221;. Izvor blizak istrazi je kazao da je [&hellip;]<\/p>\n","protected":false},"author":1,"featured_media":0,"comment_status":"closed","ping_status":"open","sticky":false,"template":"","format":"standard","meta":{"_monsterinsights_skip_tracking":false,"_monsterinsights_sitenote_active":false,"_monsterinsights_sitenote_note":"","_monsterinsights_sitenote_category":0,"footnotes":""},"categories":[5],"tags":[961,305],"yoast_head":"<!-- This site is optimized with the Yoast SEO plugin v21.6 - https:\/\/yoast.com\/wordpress\/plugins\/seo\/ -->\n<title>POLICIJA U\u010cESTVOVALA U MASOVNOJ TU\u010cI U PRIJEDORU? - PrijedorDanas.com - Prijedorski gradski portal<\/title>\n<meta name=\"robots\" content=\"index, follow, max-snippet:-1, max-image-preview:large, max-video-preview:-1\" \/>\n<link rel=\"canonical\" href=\"https:\/\/www.prijedordanas.com\/?p=48322\" \/>\n<meta property=\"og:locale\" content=\"en_US\" \/>\n<meta property=\"og:type\" content=\"article\" \/>\n<meta property=\"og:title\" content=\"POLICIJA U\u010cESTVOVALA U MASOVNOJ TU\u010cI U PRIJEDORU? - PrijedorDanas.com - Prijedorski gradski portal\" \/>\n<meta property=\"og:description\" content=\"Vi\u0161e osoba, me\u0111u kojima i policajci u civilu, protekli vikend potuklo se na parking prostoru disko kluba &#8220;Babilon&#8221; u Prijedoru, saznaje &#8220;Glas Srpske&#8221;. Izvor blizak istrazi je kazao da je [&hellip;]\" \/>\n<meta property=\"og:url\" content=\"https:\/\/www.prijedordanas.com\/?p=48322\" \/>\n<meta property=\"og:site_name\" content=\"PrijedorDanas.com - Prijedorski gradski portal\" \/>\n<meta property=\"article:publisher\" content=\"https:\/\/www.facebook.com\/PrijedorDanasCom\/\" \/>\n<meta property=\"article:published_time\" content=\"2016-04-25T06:24:59+00:00\" \/>\n<meta property=\"og:image\" content=\"https:\/\/www.prijedordanas.com\/wp-content\/uploads\/2016\/04\/club-babylon-300x189.jpg\" \/>\n<meta name=\"author\" content=\"admin\" \/>\n<meta name=\"twitter:card\" content=\"summary_large_image\" \/>\n<meta name=\"twitter:label1\" content=\"Written by\" \/>\n\t<meta name=\"twitter:data1\" content=\"admin\" \/>\n\t<meta name=\"twitter:label2\" content=\"Est. reading time\" \/>\n\t<meta name=\"twitter:data2\" content=\"1 minute\" \/>\n<script type=\"application\/ld+json\" class=\"yoast-schema-graph\">{\"@context\":\"https:\/\/schema.org\",\"@graph\":[{\"@type\":\"Article\",\"@id\":\"https:\/\/www.prijedordanas.com\/?p=48322#article\",\"isPartOf\":{\"@id\":\"https:\/\/www.prijedordanas.com\/?p=48322\"},\"author\":{\"name\":\"admin\",\"@id\":\"https:\/\/www.prijedordanas.com\/#\/schema\/person\/4e08ccf29b506ca916ff86d46bb700e6\"},\"headline\":\"POLICIJA U\u010cESTVOVALA U MASOVNOJ TU\u010cI U PRIJEDORU?\",\"datePublished\":\"2016-04-25T06:24:59+00:00\",\"dateModified\":\"2016-04-25T06:24:59+00:00\",\"mainEntityOfPage\":{\"@id\":\"https:\/\/www.prijedordanas.com\/?p=48322\"},\"wordCount\":169,\"publisher\":{\"@id\":\"https:\/\/www.prijedordanas.com\/#organization\"},\"keywords\":[\"policija\",\"tu\u010da\"],\"articleSection\":[\"Hronika\"],\"inLanguage\":\"en-US\"},{\"@type\":\"WebPage\",\"@id\":\"https:\/\/www.prijedordanas.com\/?p=48322\",\"url\":\"https:\/\/www.prijedordanas.com\/?p=48322\",\"name\":\"POLICIJA U\u010cESTVOVALA U MASOVNOJ TU\u010cI U PRIJEDORU? - PrijedorDanas.com - Prijedorski gradski portal\",\"isPartOf\":{\"@id\":\"https:\/\/www.prijedordanas.com\/#website\"},\"datePublished\":\"2016-04-25T06:24:59+00:00\",\"dateModified\":\"2016-04-25T06:24:59+00:00\",\"breadcrumb\":{\"@id\":\"https:\/\/www.prijedordanas.com\/?p=48322#breadcrumb\"},\"inLanguage\":\"en-US\",\"potentialAction\":[{\"@type\":\"ReadAction\",\"target\":[\"https:\/\/www.prijedordanas.com\/?p=48322\"]}]},{\"@type\":\"BreadcrumbList\",\"@id\":\"https:\/\/www.prijedordanas.com\/?p=48322#breadcrumb\",\"itemListElement\":[{\"@type\":\"ListItem\",\"position\":1,\"name\":\"Home\",\"item\":\"https:\/\/www.prijedordanas.com\/\"},{\"@type\":\"ListItem\",\"position\":2,\"name\":\"POLICIJA U\u010cESTVOVALA U MASOVNOJ TU\u010cI U PRIJEDORU?\"}]},{\"@type\":\"WebSite\",\"@id\":\"https:\/\/www.prijedordanas.com\/#website\",\"url\":\"https:\/\/www.prijedordanas.com\/\",\"name\":\"PrijedorDanas.com - Prijedorski gradski portal\",\"description\":\"Portal o doga\u0111anjima u gradu Prijedoru\",\"publisher\":{\"@id\":\"https:\/\/www.prijedordanas.com\/#organization\"},\"potentialAction\":[{\"@type\":\"SearchAction\",\"target\":{\"@type\":\"EntryPoint\",\"urlTemplate\":\"https:\/\/www.prijedordanas.com\/?s={search_term_string}\"},\"query-input\":\"required name=search_term_string\"}],\"inLanguage\":\"en-US\"},{\"@type\":\"Organization\",\"@id\":\"https:\/\/www.prijedordanas.com\/#organization\",\"name\":\"PrijedorDanas.com\",\"url\":\"https:\/\/www.prijedordanas.com\/\",\"logo\":{\"@type\":\"ImageObject\",\"inLanguage\":\"en-US\",\"@id\":\"https:\/\/www.prijedordanas.com\/#\/schema\/logo\/image\/\",\"url\":\"http:\/\/www.prijedordanas.com\/wp-content\/uploads\/2021\/12\/logopng.png\",\"contentUrl\":\"http:\/\/www.prijedordanas.com\/wp-content\/uploads\/2021\/12\/logopng.png\",\"width\":1019,\"height\":776,\"caption\":\"PrijedorDanas.com\"},\"image\":{\"@id\":\"https:\/\/www.prijedordanas.com\/#\/schema\/logo\/image\/\"},\"sameAs\":[\"https:\/\/www.facebook.com\/PrijedorDanasCom\/\"]},{\"@type\":\"Person\",\"@id\":\"https:\/\/www.prijedordanas.com\/#\/schema\/person\/4e08ccf29b506ca916ff86d46bb700e6\",\"name\":\"admin\",\"image\":{\"@type\":\"ImageObject\",\"inLanguage\":\"en-US\",\"@id\":\"https:\/\/www.prijedordanas.com\/#\/schema\/person\/image\/\",\"url\":\"https:\/\/secure.gravatar.com\/avatar\/1d3fc949d550f0b53a5f0d51e06dfd79?s=96&d=mm&r=g\",\"contentUrl\":\"https:\/\/secure.gravatar.com\/avatar\/1d3fc949d550f0b53a5f0d51e06dfd79?s=96&d=mm&r=g\",\"caption\":\"admin\"},\"url\":\"https:\/\/www.prijedordanas.com\/?author=1\"}]}<\/script>\n<!-- \/ Yoast SEO plugin. -->","yoast_head_json":{"title":"POLICIJA U\u010cESTVOVALA U MASOVNOJ TU\u010cI U PRIJEDORU? - PrijedorDanas.com - Prijedorski gradski portal","robots":{"index":"index","follow":"follow","max-snippet":"max-snippet:-1","max-image-preview":"max-image-preview:large","max-video-preview":"max-video-preview:-1"},"canonical":"https:\/\/www.prijedordanas.com\/?p=48322","og_locale":"en_US","og_type":"article","og_title":"POLICIJA U\u010cESTVOVALA U MASOVNOJ TU\u010cI U PRIJEDORU? - PrijedorDanas.com - Prijedorski gradski portal","og_description":"Vi\u0161e osoba, me\u0111u kojima i policajci u civilu, protekli vikend potuklo se na parking prostoru disko kluba &#8220;Babilon&#8221; u Prijedoru, saznaje &#8220;Glas Srpske&#8221;. Izvor blizak istrazi je kazao da je [&hellip;]","og_url":"https:\/\/www.prijedordanas.com\/?p=48322","og_site_name":"PrijedorDanas.com - Prijedorski gradski portal","article_publisher":"https:\/\/www.facebook.com\/PrijedorDanasCom\/","article_published_time":"2016-04-25T06:24:59+00:00","og_image":[{"url":"https:\/\/www.prijedordanas.com\/wp-content\/uploads\/2016\/04\/club-babylon-300x189.jpg"}],"author":"admin","twitter_card":"summary_large_image","twitter_misc":{"Written by":"admin","Est. reading time":"1 minute"},"schema":{"@context":"https:\/\/schema.org","@graph":[{"@type":"Article","@id":"https:\/\/www.prijedordanas.com\/?p=48322#article","isPartOf":{"@id":"https:\/\/www.prijedordanas.com\/?p=48322"},"author":{"name":"admin","@id":"https:\/\/www.prijedordanas.com\/#\/schema\/person\/4e08ccf29b506ca916ff86d46bb700e6"},"headline":"POLICIJA U\u010cESTVOVALA U MASOVNOJ TU\u010cI U PRIJEDORU?","datePublished":"2016-04-25T06:24:59+00:00","dateModified":"2016-04-25T06:24:59+00:00","mainEntityOfPage":{"@id":"https:\/\/www.prijedordanas.com\/?p=48322"},"wordCount":169,"publisher":{"@id":"https:\/\/www.prijedordanas.com\/#organization"},"keywords":["policija","tu\u010da"],"articleSection":["Hronika"],"inLanguage":"en-US"},{"@type":"WebPage","@id":"https:\/\/www.prijedordanas.com\/?p=48322","url":"https:\/\/www.prijedordanas.com\/?p=48322","name":"POLICIJA U\u010cESTVOVALA U MASOVNOJ TU\u010cI U PRIJEDORU? - PrijedorDanas.com - Prijedorski gradski portal","isPartOf":{"@id":"https:\/\/www.prijedordanas.com\/#website"},"datePublished":"2016-04-25T06:24:59+00:00","dateModified":"2016-04-25T06:24:59+00:00","breadcrumb":{"@id":"https:\/\/www.prijedordanas.com\/?p=48322#breadcrumb"},"inLanguage":"en-US","potentialAction":[{"@type":"ReadAction","target":["https:\/\/www.prijedordanas.com\/?p=48322"]}]},{"@type":"BreadcrumbList","@id":"https:\/\/www.prijedordanas.com\/?p=48322#breadcrumb","itemListElement":[{"@type":"ListItem","position":1,"name":"Home","item":"https:\/\/www.prijedordanas.com\/"},{"@type":"ListItem","position":2,"name":"POLICIJA U\u010cESTVOVALA U MASOVNOJ TU\u010cI U PRIJEDORU?"}]},{"@type":"WebSite","@id":"https:\/\/www.prijedordanas.com\/#website","url":"https:\/\/www.prijedordanas.com\/","name":"PrijedorDanas.com - Prijedorski gradski portal","description":"Portal o doga\u0111anjima u gradu Prijedoru","publisher":{"@id":"https:\/\/www.prijedordanas.com\/#organization"},"potentialAction":[{"@type":"SearchAction","target":{"@type":"EntryPoint","urlTemplate":"https:\/\/www.prijedordanas.com\/?s={search_term_string}"},"query-input":"required name=search_term_string"}],"inLanguage":"en-US"},{"@type":"Organization","@id":"https:\/\/www.prijedordanas.com\/#organization","name":"PrijedorDanas.com","url":"https:\/\/www.prijedordanas.com\/","logo":{"@type":"ImageObject","inLanguage":"en-US","@id":"https:\/\/www.prijedordanas.com\/#\/schema\/logo\/image\/","url":"http:\/\/www.prijedordanas.com\/wp-content\/uploads\/2021\/12\/logopng.png","contentUrl":"http:\/\/www.prijedordanas.com\/wp-content\/uploads\/2021\/12\/logopng.png","width":1019,"height":776,"caption":"PrijedorDanas.com"},"image":{"@id":"https:\/\/www.prijedordanas.com\/#\/schema\/logo\/image\/"},"sameAs":["https:\/\/www.facebook.com\/PrijedorDanasCom\/"]},{"@type":"Person","@id":"https:\/\/www.prijedordanas.com\/#\/schema\/person\/4e08ccf29b506ca916ff86d46bb700e6","name":"admin","image":{"@type":"ImageObject","inLanguage":"en-US","@id":"https:\/\/www.prijedordanas.com\/#\/schema\/person\/image\/","url":"https:\/\/secure.gravatar.com\/avatar\/1d3fc949d550f0b53a5f0d51e06dfd79?s=96&d=mm&r=g","contentUrl":"https:\/\/secure.gravatar.com\/avatar\/1d3fc949d550f0b53a5f0d51e06dfd79?s=96&d=mm&r=g","caption":"admin"},"url":"https:\/\/www.prijedordanas.com\/?author=1"}]}},"_links":{"self":[{"href":"https:\/\/www.prijedordanas.com\/index.php?rest_route=\/wp\/v2\/posts\/48322"}],"collection":[{"href":"https:\/\/www.prijedordanas.com\/index.php?rest_route=\/wp\/v2\/posts"}],"about":[{"href":"https:\/\/www.prijedordanas.com\/index.php?rest_route=\/wp\/v2\/types\/post"}],"author":[{"embeddable":true,"href":"https:\/\/www.prijedordanas.com\/index.php?rest_route=\/wp\/v2\/users\/1"}],"replies":[{"embeddable":true,"href":"https:\/\/www.prijedordanas.com\/index.php?rest_route=%2Fwp%2Fv2%2Fcomments&post=48322"}],"version-history":[{"count":1,"href":"https:\/\/www.prijedordanas.com\/index.php?rest_route=\/wp\/v2\/posts\/48322\/revisions"}],"predecessor-version":[{"id":48323,"href":"https:\/\/www.prijedordanas.com\/index.php?rest_route=\/wp\/v2\/posts\/48322\/revisions\/48323"}],"wp:attachment":[{"href":"https:\/\/www.prijedordanas.com\/index.php?rest_route=%2Fwp%2Fv2%2Fmedia&parent=48322"}],"wp:term":[{"taxonomy":"category","embeddable":true,"href":"https:\/\/www.prijedordanas.com\/index.php?rest_route=%2Fwp%2Fv2%2Fcategories&post=48322"},{"taxonomy":"post_tag","embeddable":true,"href":"https:\/\/www.prijedordanas.com\/index.php?rest_route=%2Fwp%2Fv2%2Ftags&post=48322"}],"curies":[{"name":"wp","href":"https:\/\/api.w.org\/{rel}","templated":true}]}}