{"id":46824,"date":"2016-04-08T17:47:59","date_gmt":"2016-04-08T15:47:59","guid":{"rendered":"https:\/\/www.prijedordanas.com\/?p=46824"},"modified":"2016-04-08T17:47:59","modified_gmt":"2016-04-08T15:47:59","slug":"prijedor-svjetski-dan-roma-predstoji-izgradnja-nove-romske-kuce-foto","status":"publish","type":"post","link":"https:\/\/www.prijedordanas.com\/?p=46824","title":{"rendered":"PRIJEDOR-SVJETSKI DAN ROMA: PREDSTOJI IZGRADNJA NOVE ROMSKE KU\u0106E &#8211; FOTO"},"content":{"rendered":"<p><a href=\"https:\/\/www.prijedordanas.com\/wp-content\/uploads\/2016\/04\/svjetski-dan-roma-prijedor-1.jpg\" rel=\"attachment wp-att-46825\"><img loading=\"lazy\" decoding=\"async\" class=\"alignleft size-medium wp-image-46825\" src=\"https:\/\/www.prijedordanas.com\/wp-content\/uploads\/2016\/04\/svjetski-dan-roma-prijedor-1-300x199.jpg\" alt=\"svjetski dan roma prijedor (1)\" width=\"300\" height=\"199\" srcset=\"https:\/\/www.prijedordanas.com\/wp-content\/uploads\/2016\/04\/svjetski-dan-roma-prijedor-1-300x200.jpg 300w, https:\/\/www.prijedordanas.com\/wp-content\/uploads\/2016\/04\/svjetski-dan-roma-prijedor-1-480x320.jpg 480w, https:\/\/www.prijedordanas.com\/wp-content\/uploads\/2016\/04\/svjetski-dan-roma-prijedor-1.jpg 600w\" sizes=\"(max-width: 300px) 100vw, 300px\" \/><\/a>Gradona\u010delnik Prijedora Marko Pavi\u0107 najavio je danas izgradnju jo\u0161 jedne romske ku\u0107e u Prijedoru koja \u0107e se nalaziti u naselju Ra\u0161kovac, nakon prve koja ve\u0107 godinama postoji u Rudni\u010dkoj ulici.<\/p>\n<p>&#8220;Ono \u0161to je najva\u017enije, mi smo mnogo u\u010dinili u stanogradnji za Rome i, zaista, jedan broj Roma, koji su stari stanovnici Prijedora, na dobar na\u010din je rije\u0161io svoje stambene probleme&#8221;, rekao je Pavi\u0107 novinarima u Prijedoru gdje je danas Udru\u017eenje Roma Prijedor obilje\u017eilo 8. april &#8211; Svjetski dan Roma.<\/p>\n<p>On je ocijenio da Gradska uprava ima jako dobre odnose sa romskom populacijom i sa njihovim udru\u017eenjem, te nastoji da ih u svakoj prilici podr\u017ei i da pomogne aktivnosti.<\/p>\n<p><a href=\"https:\/\/www.prijedordanas.com\/wp-content\/uploads\/2016\/04\/svjetski-dan-roma-prijedor-2.jpg\" rel=\"attachment wp-att-46826\"><img loading=\"lazy\" decoding=\"async\" class=\"alignleft size-medium wp-image-46826\" src=\"https:\/\/www.prijedordanas.com\/wp-content\/uploads\/2016\/04\/svjetski-dan-roma-prijedor-2-300x199.jpg\" alt=\"svjetski dan roma prijedor (2)\" width=\"300\" height=\"199\" srcset=\"https:\/\/www.prijedordanas.com\/wp-content\/uploads\/2016\/04\/svjetski-dan-roma-prijedor-2-300x200.jpg 300w, https:\/\/www.prijedordanas.com\/wp-content\/uploads\/2016\/04\/svjetski-dan-roma-prijedor-2-480x320.jpg 480w, https:\/\/www.prijedordanas.com\/wp-content\/uploads\/2016\/04\/svjetski-dan-roma-prijedor-2.jpg 600w\" sizes=\"(max-width: 300px) 100vw, 300px\" \/><\/a>&#8220;Ovdje sam danas da direktno \u010destitam Dan Roma, ali mi s njima sara\u0111ujemo tokom cijele godine. Podr\u017eavamo njihove projekte i programe, naro\u010dito za \u0161kolu i obrazovanje, i imamo i sredstva u bud\u017eetu za potrebe nacionalnih manjina, a na kraju godine oni organizuju dan nacionalnih manjina gdje poka\u017eu svoju djelatnost&#8221;, rekao je Pavi\u0107.<\/p>\n<p>Prema njegovim rije\u010dima, napredak je \u0161to se mo\u017ee re\u0107i da ima jedan broj zaposlenih Roma, kao i jedan broj visokoobrazovanih.<\/p>\n<p>Predsjednik Udru\u017eenja Roma Prijedor Ramo Sale\u0161evi\u0107 rekao je da u gradu \u017eivi oko 700 Roma, da je me\u0111u njima 120 u\u010denika osnovnih i srednjih \u0161kola, te dva studenta, kao i da je troje zaposlenih.<\/p>\n<p>On tvrdi da 80 djece govori maternji jezik, te da su najve\u0107i problemi nezaposlenost i stambena pitanja.<\/p>\n<p>&#8220;Kada je rije\u010d o obrazovanju, grad obezbje\u0111uje sve ud\u017ebenike za osnovce i srednjo\u0161kolce, a svi u\u010denici srednjih \u0161kola i studenti imaju redovne mjese\u010dne stipendije&#8221;, naveo je Sale\u0161evi\u0107.<\/p>\n<p>On je dodao da je Svjetski dan Roma prilika da se podsjeti javnost i vlasti na svim nivoima da je potrebno povesti vi\u0161e ra\u010duna o Romima kao o, kako je rekao, najosjetiljivijoj kategoriji dru\u0161tva.<\/p>\n<p>Tekst \u2013 SRNA<br \/>\nFoto \u2013 Aleksandar Drakuli\u0107 \u2013 <a href=\"www.prijedordanas.com\" target=\"_blank\">www.prijedordanas.com<\/a><\/p>\n<p><a href=\"https:\/\/www.prijedordanas.com\/wp-content\/uploads\/2016\/04\/svjetski-dan-roma-prijedor-3.jpg\" rel=\"attachment wp-att-46827\"><img loading=\"lazy\" decoding=\"async\" src=\"https:\/\/www.prijedordanas.com\/wp-content\/uploads\/2016\/04\/svjetski-dan-roma-prijedor-3-300x199.jpg\" alt=\"svjetski dan roma prijedor (3)\" width=\"300\" height=\"199\" class=\"alignleft size-medium wp-image-46827\" srcset=\"https:\/\/www.prijedordanas.com\/wp-content\/uploads\/2016\/04\/svjetski-dan-roma-prijedor-3-300x200.jpg 300w, https:\/\/www.prijedordanas.com\/wp-content\/uploads\/2016\/04\/svjetski-dan-roma-prijedor-3-480x320.jpg 480w, https:\/\/www.prijedordanas.com\/wp-content\/uploads\/2016\/04\/svjetski-dan-roma-prijedor-3.jpg 600w\" sizes=\"(max-width: 300px) 100vw, 300px\" \/><\/a> <a href=\"https:\/\/www.prijedordanas.com\/wp-content\/uploads\/2016\/04\/svjetski-dan-roma-prijedor-4.jpg\" rel=\"attachment wp-att-46828\"><img loading=\"lazy\" decoding=\"async\" src=\"https:\/\/www.prijedordanas.com\/wp-content\/uploads\/2016\/04\/svjetski-dan-roma-prijedor-4-300x199.jpg\" alt=\"svjetski dan roma prijedor (4)\" width=\"300\" height=\"199\" class=\"alignleft size-medium wp-image-46828\" srcset=\"https:\/\/www.prijedordanas.com\/wp-content\/uploads\/2016\/04\/svjetski-dan-roma-prijedor-4-300x200.jpg 300w, https:\/\/www.prijedordanas.com\/wp-content\/uploads\/2016\/04\/svjetski-dan-roma-prijedor-4-480x320.jpg 480w, https:\/\/www.prijedordanas.com\/wp-content\/uploads\/2016\/04\/svjetski-dan-roma-prijedor-4.jpg 600w\" sizes=\"(max-width: 300px) 100vw, 300px\" \/><\/a> <a href=\"https:\/\/www.prijedordanas.com\/wp-content\/uploads\/2016\/04\/svjetski-dan-roma-prijedor-5.jpg\" rel=\"attachment wp-att-46829\"><img loading=\"lazy\" decoding=\"async\" src=\"https:\/\/www.prijedordanas.com\/wp-content\/uploads\/2016\/04\/svjetski-dan-roma-prijedor-5-300x199.jpg\" alt=\"svjetski dan roma prijedor (5)\" width=\"300\" height=\"199\" class=\"alignleft size-medium wp-image-46829\" srcset=\"https:\/\/www.prijedordanas.com\/wp-content\/uploads\/2016\/04\/svjetski-dan-roma-prijedor-5-300x200.jpg 300w, https:\/\/www.prijedordanas.com\/wp-content\/uploads\/2016\/04\/svjetski-dan-roma-prijedor-5-480x320.jpg 480w, https:\/\/www.prijedordanas.com\/wp-content\/uploads\/2016\/04\/svjetski-dan-roma-prijedor-5.jpg 600w\" sizes=\"(max-width: 300px) 100vw, 300px\" \/><\/a><\/p>\n","protected":false},"excerpt":{"rendered":"<p>Gradona\u010delnik Prijedora Marko Pavi\u0107 najavio je danas izgradnju jo\u0161 jedne romske ku\u0107e u Prijedoru koja \u0107e se nalaziti u naselju Ra\u0161kovac, nakon prve koja ve\u0107 godinama postoji u Rudni\u010dkoj ulici. [&hellip;]<\/p>\n","protected":false},"author":1,"featured_media":0,"comment_status":"closed","ping_status":"open","sticky":false,"template":"","format":"standard","meta":{"_monsterinsights_skip_tracking":false,"_monsterinsights_sitenote_active":false,"_monsterinsights_sitenote_note":"","_monsterinsights_sitenote_category":0,"footnotes":""},"categories":[8],"tags":[6649,7466,7467,768],"yoast_head":"<!-- This site is optimized with the Yoast SEO plugin v21.6 - https:\/\/yoast.com\/wordpress\/plugins\/seo\/ -->\n<title>PRIJEDOR-SVJETSKI DAN ROMA: PREDSTOJI IZGRADNJA NOVE ROMSKE KU\u0106E - FOTO - PrijedorDanas.com - Prijedorski gradski portal<\/title>\n<meta name=\"robots\" content=\"index, follow, max-snippet:-1, max-image-preview:large, max-video-preview:-1\" \/>\n<link rel=\"canonical\" href=\"https:\/\/www.prijedordanas.com\/?p=46824\" \/>\n<meta property=\"og:locale\" content=\"en_US\" \/>\n<meta property=\"og:type\" content=\"article\" \/>\n<meta property=\"og:title\" content=\"PRIJEDOR-SVJETSKI DAN ROMA: PREDSTOJI IZGRADNJA NOVE ROMSKE KU\u0106E - FOTO - PrijedorDanas.com - Prijedorski gradski portal\" \/>\n<meta property=\"og:description\" content=\"Gradona\u010delnik Prijedora Marko Pavi\u0107 najavio je danas izgradnju jo\u0161 jedne romske ku\u0107e u Prijedoru koja \u0107e se nalaziti u naselju Ra\u0161kovac, nakon prve koja ve\u0107 godinama postoji u Rudni\u010dkoj ulici. [&hellip;]\" \/>\n<meta property=\"og:url\" content=\"https:\/\/www.prijedordanas.com\/?p=46824\" \/>\n<meta property=\"og:site_name\" content=\"PrijedorDanas.com - Prijedorski gradski portal\" \/>\n<meta property=\"article:publisher\" content=\"https:\/\/www.facebook.com\/PrijedorDanasCom\/\" \/>\n<meta property=\"article:published_time\" content=\"2016-04-08T15:47:59+00:00\" \/>\n<meta property=\"og:image\" content=\"https:\/\/www.prijedordanas.com\/wp-content\/uploads\/2016\/04\/svjetski-dan-roma-prijedor-1-300x199.jpg\" \/>\n<meta name=\"author\" content=\"admin\" \/>\n<meta name=\"twitter:card\" content=\"summary_large_image\" \/>\n<meta name=\"twitter:label1\" content=\"Written by\" \/>\n\t<meta name=\"twitter:data1\" content=\"admin\" \/>\n\t<meta name=\"twitter:label2\" content=\"Est. reading time\" \/>\n\t<meta name=\"twitter:data2\" content=\"2 minutes\" \/>\n<script type=\"application\/ld+json\" class=\"yoast-schema-graph\">{\"@context\":\"https:\/\/schema.org\",\"@graph\":[{\"@type\":\"Article\",\"@id\":\"https:\/\/www.prijedordanas.com\/?p=46824#article\",\"isPartOf\":{\"@id\":\"https:\/\/www.prijedordanas.com\/?p=46824\"},\"author\":{\"name\":\"admin\",\"@id\":\"https:\/\/www.prijedordanas.com\/#\/schema\/person\/4e08ccf29b506ca916ff86d46bb700e6\"},\"headline\":\"PRIJEDOR-SVJETSKI DAN ROMA: PREDSTOJI IZGRADNJA NOVE ROMSKE KU\u0106E &#8211; FOTO\",\"datePublished\":\"2016-04-08T15:47:59+00:00\",\"dateModified\":\"2016-04-08T15:47:59+00:00\",\"mainEntityOfPage\":{\"@id\":\"https:\/\/www.prijedordanas.com\/?p=46824\"},\"wordCount\":341,\"publisher\":{\"@id\":\"https:\/\/www.prijedordanas.com\/#organization\"},\"keywords\":[\"izgradnja\",\"romska ku\u0107a\",\"Svjetski dan Roma\",\"Udru\u017eenje Roma Prijedor\"],\"articleSection\":[\"Svakodnevno\"],\"inLanguage\":\"en-US\"},{\"@type\":\"WebPage\",\"@id\":\"https:\/\/www.prijedordanas.com\/?p=46824\",\"url\":\"https:\/\/www.prijedordanas.com\/?p=46824\",\"name\":\"PRIJEDOR-SVJETSKI DAN ROMA: PREDSTOJI IZGRADNJA NOVE ROMSKE KU\u0106E - FOTO - PrijedorDanas.com - Prijedorski gradski portal\",\"isPartOf\":{\"@id\":\"https:\/\/www.prijedordanas.com\/#website\"},\"datePublished\":\"2016-04-08T15:47:59+00:00\",\"dateModified\":\"2016-04-08T15:47:59+00:00\",\"breadcrumb\":{\"@id\":\"https:\/\/www.prijedordanas.com\/?p=46824#breadcrumb\"},\"inLanguage\":\"en-US\",\"potentialAction\":[{\"@type\":\"ReadAction\",\"target\":[\"https:\/\/www.prijedordanas.com\/?p=46824\"]}]},{\"@type\":\"BreadcrumbList\",\"@id\":\"https:\/\/www.prijedordanas.com\/?p=46824#breadcrumb\",\"itemListElement\":[{\"@type\":\"ListItem\",\"position\":1,\"name\":\"Home\",\"item\":\"https:\/\/www.prijedordanas.com\/\"},{\"@type\":\"ListItem\",\"position\":2,\"name\":\"PRIJEDOR-SVJETSKI DAN ROMA: PREDSTOJI IZGRADNJA NOVE ROMSKE KU\u0106E &#8211; FOTO\"}]},{\"@type\":\"WebSite\",\"@id\":\"https:\/\/www.prijedordanas.com\/#website\",\"url\":\"https:\/\/www.prijedordanas.com\/\",\"name\":\"PrijedorDanas.com - Prijedorski gradski portal\",\"description\":\"Portal o doga\u0111anjima u gradu Prijedoru\",\"publisher\":{\"@id\":\"https:\/\/www.prijedordanas.com\/#organization\"},\"potentialAction\":[{\"@type\":\"SearchAction\",\"target\":{\"@type\":\"EntryPoint\",\"urlTemplate\":\"https:\/\/www.prijedordanas.com\/?s={search_term_string}\"},\"query-input\":\"required name=search_term_string\"}],\"inLanguage\":\"en-US\"},{\"@type\":\"Organization\",\"@id\":\"https:\/\/www.prijedordanas.com\/#organization\",\"name\":\"PrijedorDanas.com\",\"url\":\"https:\/\/www.prijedordanas.com\/\",\"logo\":{\"@type\":\"ImageObject\",\"inLanguage\":\"en-US\",\"@id\":\"https:\/\/www.prijedordanas.com\/#\/schema\/logo\/image\/\",\"url\":\"http:\/\/www.prijedordanas.com\/wp-content\/uploads\/2021\/12\/logopng.png\",\"contentUrl\":\"http:\/\/www.prijedordanas.com\/wp-content\/uploads\/2021\/12\/logopng.png\",\"width\":1019,\"height\":776,\"caption\":\"PrijedorDanas.com\"},\"image\":{\"@id\":\"https:\/\/www.prijedordanas.com\/#\/schema\/logo\/image\/\"},\"sameAs\":[\"https:\/\/www.facebook.com\/PrijedorDanasCom\/\"]},{\"@type\":\"Person\",\"@id\":\"https:\/\/www.prijedordanas.com\/#\/schema\/person\/4e08ccf29b506ca916ff86d46bb700e6\",\"name\":\"admin\",\"image\":{\"@type\":\"ImageObject\",\"inLanguage\":\"en-US\",\"@id\":\"https:\/\/www.prijedordanas.com\/#\/schema\/person\/image\/\",\"url\":\"https:\/\/secure.gravatar.com\/avatar\/1d3fc949d550f0b53a5f0d51e06dfd79?s=96&d=mm&r=g\",\"contentUrl\":\"https:\/\/secure.gravatar.com\/avatar\/1d3fc949d550f0b53a5f0d51e06dfd79?s=96&d=mm&r=g\",\"caption\":\"admin\"},\"url\":\"https:\/\/www.prijedordanas.com\/?author=1\"}]}<\/script>\n<!-- \/ Yoast SEO plugin. -->","yoast_head_json":{"title":"PRIJEDOR-SVJETSKI DAN ROMA: PREDSTOJI IZGRADNJA NOVE ROMSKE KU\u0106E - FOTO - PrijedorDanas.com - Prijedorski gradski portal","robots":{"index":"index","follow":"follow","max-snippet":"max-snippet:-1","max-image-preview":"max-image-preview:large","max-video-preview":"max-video-preview:-1"},"canonical":"https:\/\/www.prijedordanas.com\/?p=46824","og_locale":"en_US","og_type":"article","og_title":"PRIJEDOR-SVJETSKI DAN ROMA: PREDSTOJI IZGRADNJA NOVE ROMSKE KU\u0106E - FOTO - PrijedorDanas.com - Prijedorski gradski portal","og_description":"Gradona\u010delnik Prijedora Marko Pavi\u0107 najavio je danas izgradnju jo\u0161 jedne romske ku\u0107e u Prijedoru koja \u0107e se nalaziti u naselju Ra\u0161kovac, nakon prve koja ve\u0107 godinama postoji u Rudni\u010dkoj ulici. [&hellip;]","og_url":"https:\/\/www.prijedordanas.com\/?p=46824","og_site_name":"PrijedorDanas.com - Prijedorski gradski portal","article_publisher":"https:\/\/www.facebook.com\/PrijedorDanasCom\/","article_published_time":"2016-04-08T15:47:59+00:00","og_image":[{"url":"https:\/\/www.prijedordanas.com\/wp-content\/uploads\/2016\/04\/svjetski-dan-roma-prijedor-1-300x199.jpg"}],"author":"admin","twitter_card":"summary_large_image","twitter_misc":{"Written by":"admin","Est. reading time":"2 minutes"},"schema":{"@context":"https:\/\/schema.org","@graph":[{"@type":"Article","@id":"https:\/\/www.prijedordanas.com\/?p=46824#article","isPartOf":{"@id":"https:\/\/www.prijedordanas.com\/?p=46824"},"author":{"name":"admin","@id":"https:\/\/www.prijedordanas.com\/#\/schema\/person\/4e08ccf29b506ca916ff86d46bb700e6"},"headline":"PRIJEDOR-SVJETSKI DAN ROMA: PREDSTOJI IZGRADNJA NOVE ROMSKE KU\u0106E &#8211; FOTO","datePublished":"2016-04-08T15:47:59+00:00","dateModified":"2016-04-08T15:47:59+00:00","mainEntityOfPage":{"@id":"https:\/\/www.prijedordanas.com\/?p=46824"},"wordCount":341,"publisher":{"@id":"https:\/\/www.prijedordanas.com\/#organization"},"keywords":["izgradnja","romska ku\u0107a","Svjetski dan Roma","Udru\u017eenje Roma Prijedor"],"articleSection":["Svakodnevno"],"inLanguage":"en-US"},{"@type":"WebPage","@id":"https:\/\/www.prijedordanas.com\/?p=46824","url":"https:\/\/www.prijedordanas.com\/?p=46824","name":"PRIJEDOR-SVJETSKI DAN ROMA: PREDSTOJI IZGRADNJA NOVE ROMSKE KU\u0106E - FOTO - PrijedorDanas.com - Prijedorski gradski portal","isPartOf":{"@id":"https:\/\/www.prijedordanas.com\/#website"},"datePublished":"2016-04-08T15:47:59+00:00","dateModified":"2016-04-08T15:47:59+00:00","breadcrumb":{"@id":"https:\/\/www.prijedordanas.com\/?p=46824#breadcrumb"},"inLanguage":"en-US","potentialAction":[{"@type":"ReadAction","target":["https:\/\/www.prijedordanas.com\/?p=46824"]}]},{"@type":"BreadcrumbList","@id":"https:\/\/www.prijedordanas.com\/?p=46824#breadcrumb","itemListElement":[{"@type":"ListItem","position":1,"name":"Home","item":"https:\/\/www.prijedordanas.com\/"},{"@type":"ListItem","position":2,"name":"PRIJEDOR-SVJETSKI DAN ROMA: PREDSTOJI IZGRADNJA NOVE ROMSKE KU\u0106E &#8211; FOTO"}]},{"@type":"WebSite","@id":"https:\/\/www.prijedordanas.com\/#website","url":"https:\/\/www.prijedordanas.com\/","name":"PrijedorDanas.com - Prijedorski gradski portal","description":"Portal o doga\u0111anjima u gradu Prijedoru","publisher":{"@id":"https:\/\/www.prijedordanas.com\/#organization"},"potentialAction":[{"@type":"SearchAction","target":{"@type":"EntryPoint","urlTemplate":"https:\/\/www.prijedordanas.com\/?s={search_term_string}"},"query-input":"required name=search_term_string"}],"inLanguage":"en-US"},{"@type":"Organization","@id":"https:\/\/www.prijedordanas.com\/#organization","name":"PrijedorDanas.com","url":"https:\/\/www.prijedordanas.com\/","logo":{"@type":"ImageObject","inLanguage":"en-US","@id":"https:\/\/www.prijedordanas.com\/#\/schema\/logo\/image\/","url":"http:\/\/www.prijedordanas.com\/wp-content\/uploads\/2021\/12\/logopng.png","contentUrl":"http:\/\/www.prijedordanas.com\/wp-content\/uploads\/2021\/12\/logopng.png","width":1019,"height":776,"caption":"PrijedorDanas.com"},"image":{"@id":"https:\/\/www.prijedordanas.com\/#\/schema\/logo\/image\/"},"sameAs":["https:\/\/www.facebook.com\/PrijedorDanasCom\/"]},{"@type":"Person","@id":"https:\/\/www.prijedordanas.com\/#\/schema\/person\/4e08ccf29b506ca916ff86d46bb700e6","name":"admin","image":{"@type":"ImageObject","inLanguage":"en-US","@id":"https:\/\/www.prijedordanas.com\/#\/schema\/person\/image\/","url":"https:\/\/secure.gravatar.com\/avatar\/1d3fc949d550f0b53a5f0d51e06dfd79?s=96&d=mm&r=g","contentUrl":"https:\/\/secure.gravatar.com\/avatar\/1d3fc949d550f0b53a5f0d51e06dfd79?s=96&d=mm&r=g","caption":"admin"},"url":"https:\/\/www.prijedordanas.com\/?author=1"}]}},"_links":{"self":[{"href":"https:\/\/www.prijedordanas.com\/index.php?rest_route=\/wp\/v2\/posts\/46824"}],"collection":[{"href":"https:\/\/www.prijedordanas.com\/index.php?rest_route=\/wp\/v2\/posts"}],"about":[{"href":"https:\/\/www.prijedordanas.com\/index.php?rest_route=\/wp\/v2\/types\/post"}],"author":[{"embeddable":true,"href":"https:\/\/www.prijedordanas.com\/index.php?rest_route=\/wp\/v2\/users\/1"}],"replies":[{"embeddable":true,"href":"https:\/\/www.prijedordanas.com\/index.php?rest_route=%2Fwp%2Fv2%2Fcomments&post=46824"}],"version-history":[{"count":1,"href":"https:\/\/www.prijedordanas.com\/index.php?rest_route=\/wp\/v2\/posts\/46824\/revisions"}],"predecessor-version":[{"id":46830,"href":"https:\/\/www.prijedordanas.com\/index.php?rest_route=\/wp\/v2\/posts\/46824\/revisions\/46830"}],"wp:attachment":[{"href":"https:\/\/www.prijedordanas.com\/index.php?rest_route=%2Fwp%2Fv2%2Fmedia&parent=46824"}],"wp:term":[{"taxonomy":"category","embeddable":true,"href":"https:\/\/www.prijedordanas.com\/index.php?rest_route=%2Fwp%2Fv2%2Fcategories&post=46824"},{"taxonomy":"post_tag","embeddable":true,"href":"https:\/\/www.prijedordanas.com\/index.php?rest_route=%2Fwp%2Fv2%2Ftags&post=46824"}],"curies":[{"name":"wp","href":"https:\/\/api.w.org\/{rel}","templated":true}]}}