{"id":46788,"date":"2016-04-08T08:46:29","date_gmt":"2016-04-08T06:46:29","guid":{"rendered":"https:\/\/www.prijedordanas.com\/?p=46788"},"modified":"2016-04-08T08:46:29","modified_gmt":"2016-04-08T06:46:29","slug":"kurs-krojenja-i-sivanja","status":"publish","type":"post","link":"https:\/\/www.prijedordanas.com\/?p=46788","title":{"rendered":"KURS KROJENJA I \u0160IVANJA"},"content":{"rendered":"<p><a href=\"https:\/\/www.prijedordanas.com\/wp-content\/uploads\/2016\/04\/kurs-krojenja-i-sivanja.jpg\" rel=\"attachment wp-att-46789\"><img loading=\"lazy\" decoding=\"async\" src=\"https:\/\/www.prijedordanas.com\/wp-content\/uploads\/2016\/04\/kurs-krojenja-i-sivanja-300x225.jpg\" alt=\"kurs krojenja i sivanja\" width=\"300\" height=\"225\" class=\"alignleft size-medium wp-image-46789\" srcset=\"https:\/\/www.prijedordanas.com\/wp-content\/uploads\/2016\/04\/kurs-krojenja-i-sivanja-300x225.jpg 300w, https:\/\/www.prijedordanas.com\/wp-content\/uploads\/2016\/04\/kurs-krojenja-i-sivanja.jpg 600w\" sizes=\"(max-width: 300px) 100vw, 300px\" \/><\/a>Udru\u017eenje gra\u0111ana \u201eBerek\u201c i ove godine organizuje kurs krojenja i \u0161ivanja.<\/p>\n<p>-Potaknuti dobrim rezultatima i zainteresovano\u0161\u0107u Prijedor\u010danki ponovo organizujemo kurs krojenja i \u0161ivenja koji \u0107e se odvijati u prostorijama na\u0161eg Udru\u017eenja koje se nalaze u Dru\u0161tvenom domu u naselju Ra\u0161kovac \u2013 rekla je Sabira Medi\u0107 iz UG \u201eBerek\u201c.<\/p>\n<p>Ona je dodala da kurs, kao i do sada, traje tri mjeseca a njegov po\u010detak je predvi\u0111en za 11. april od 9:00 \u010dasova ujutro.<\/p>\n<p>-\u017delimo da omogu\u0107imo na\u0161im sugra\u0111ankama da nau\u010de ne\u0161to \u0161to do sada nisu znale i da se eventualno zaposle, ili ostvare prihode u ku\u0107noj radinosti \u2013 istakla je Medi\u0107eva napomenuv\u0161i da je dio polaznica sa prethodnih kurseva prona\u0161ao posao u pojedinim tekstilnim preduze\u0107ima na podru\u010dju grada.<\/p>\n<p>Sve zainteresovane sugra\u0111anke detaljnije informacije o kursu krojenja i \u0161ivanja mogu dobiti kod Sabire Medi\u0107 na broj telefona 065\/549-897.<\/p>\n<p>Tekst i foto arhiva \u2013 Aleksandar Drakuli\u0107 \u2013 <a href=\"www.prijedordanas.com\" target=\"_blank\">www.prijedordanas.com<\/a><\/p>\n","protected":false},"excerpt":{"rendered":"<p>Udru\u017eenje gra\u0111ana \u201eBerek\u201c i ove godine organizuje kurs krojenja i \u0161ivanja. -Potaknuti dobrim rezultatima i zainteresovano\u0161\u0107u Prijedor\u010danki ponovo organizujemo kurs krojenja i \u0161ivenja koji \u0107e se odvijati u prostorijama na\u0161eg [&hellip;]<\/p>\n","protected":false},"author":1,"featured_media":0,"comment_status":"closed","ping_status":"open","sticky":false,"template":"","format":"standard","meta":{"_monsterinsights_skip_tracking":false,"_monsterinsights_sitenote_active":false,"_monsterinsights_sitenote_note":"","_monsterinsights_sitenote_category":0,"footnotes":""},"categories":[4],"tags":[5896,4213,7456],"yoast_head":"<!-- This site is optimized with the Yoast SEO plugin v21.6 - https:\/\/yoast.com\/wordpress\/plugins\/seo\/ -->\n<title>KURS KROJENJA I \u0160IVANJA - PrijedorDanas.com - Prijedorski gradski portal<\/title>\n<meta name=\"robots\" content=\"index, follow, max-snippet:-1, max-image-preview:large, max-video-preview:-1\" \/>\n<link rel=\"canonical\" href=\"https:\/\/www.prijedordanas.com\/?p=46788\" \/>\n<meta property=\"og:locale\" content=\"en_US\" \/>\n<meta property=\"og:type\" content=\"article\" \/>\n<meta property=\"og:title\" content=\"KURS KROJENJA I \u0160IVANJA - PrijedorDanas.com - Prijedorski gradski portal\" \/>\n<meta property=\"og:description\" content=\"Udru\u017eenje gra\u0111ana \u201eBerek\u201c i ove godine organizuje kurs krojenja i \u0161ivanja. -Potaknuti dobrim rezultatima i zainteresovano\u0161\u0107u Prijedor\u010danki ponovo organizujemo kurs krojenja i \u0161ivenja koji \u0107e se odvijati u prostorijama na\u0161eg [&hellip;]\" \/>\n<meta property=\"og:url\" content=\"https:\/\/www.prijedordanas.com\/?p=46788\" \/>\n<meta property=\"og:site_name\" content=\"PrijedorDanas.com - Prijedorski gradski portal\" \/>\n<meta property=\"article:publisher\" content=\"https:\/\/www.facebook.com\/PrijedorDanasCom\/\" \/>\n<meta property=\"article:published_time\" content=\"2016-04-08T06:46:29+00:00\" \/>\n<meta property=\"og:image\" content=\"https:\/\/www.prijedordanas.com\/wp-content\/uploads\/2016\/04\/kurs-krojenja-i-sivanja-300x225.jpg\" \/>\n<meta name=\"author\" content=\"admin\" \/>\n<meta name=\"twitter:card\" content=\"summary_large_image\" \/>\n<meta name=\"twitter:label1\" content=\"Written by\" \/>\n\t<meta name=\"twitter:data1\" content=\"admin\" \/>\n\t<meta name=\"twitter:label2\" content=\"Est. reading time\" \/>\n\t<meta name=\"twitter:data2\" content=\"1 minute\" \/>\n<script type=\"application\/ld+json\" class=\"yoast-schema-graph\">{\"@context\":\"https:\/\/schema.org\",\"@graph\":[{\"@type\":\"Article\",\"@id\":\"https:\/\/www.prijedordanas.com\/?p=46788#article\",\"isPartOf\":{\"@id\":\"https:\/\/www.prijedordanas.com\/?p=46788\"},\"author\":{\"name\":\"admin\",\"@id\":\"https:\/\/www.prijedordanas.com\/#\/schema\/person\/4e08ccf29b506ca916ff86d46bb700e6\"},\"headline\":\"KURS KROJENJA I \u0160IVANJA\",\"datePublished\":\"2016-04-08T06:46:29+00:00\",\"dateModified\":\"2016-04-08T06:46:29+00:00\",\"mainEntityOfPage\":{\"@id\":\"https:\/\/www.prijedordanas.com\/?p=46788\"},\"wordCount\":168,\"publisher\":{\"@id\":\"https:\/\/www.prijedordanas.com\/#organization\"},\"keywords\":[\"kurs krojenja i \u0161ivanja\",\"Sabira Medi\u0107\",\"Udru\u017eenje gra\u0111ana \\\"Berek\\\"\"],\"articleSection\":[\"Dru\u0161tvo\"],\"inLanguage\":\"en-US\"},{\"@type\":\"WebPage\",\"@id\":\"https:\/\/www.prijedordanas.com\/?p=46788\",\"url\":\"https:\/\/www.prijedordanas.com\/?p=46788\",\"name\":\"KURS KROJENJA I \u0160IVANJA - PrijedorDanas.com - Prijedorski gradski portal\",\"isPartOf\":{\"@id\":\"https:\/\/www.prijedordanas.com\/#website\"},\"datePublished\":\"2016-04-08T06:46:29+00:00\",\"dateModified\":\"2016-04-08T06:46:29+00:00\",\"breadcrumb\":{\"@id\":\"https:\/\/www.prijedordanas.com\/?p=46788#breadcrumb\"},\"inLanguage\":\"en-US\",\"potentialAction\":[{\"@type\":\"ReadAction\",\"target\":[\"https:\/\/www.prijedordanas.com\/?p=46788\"]}]},{\"@type\":\"BreadcrumbList\",\"@id\":\"https:\/\/www.prijedordanas.com\/?p=46788#breadcrumb\",\"itemListElement\":[{\"@type\":\"ListItem\",\"position\":1,\"name\":\"Home\",\"item\":\"https:\/\/www.prijedordanas.com\/\"},{\"@type\":\"ListItem\",\"position\":2,\"name\":\"KURS KROJENJA I \u0160IVANJA\"}]},{\"@type\":\"WebSite\",\"@id\":\"https:\/\/www.prijedordanas.com\/#website\",\"url\":\"https:\/\/www.prijedordanas.com\/\",\"name\":\"PrijedorDanas.com - Prijedorski gradski portal\",\"description\":\"Portal o doga\u0111anjima u gradu Prijedoru\",\"publisher\":{\"@id\":\"https:\/\/www.prijedordanas.com\/#organization\"},\"potentialAction\":[{\"@type\":\"SearchAction\",\"target\":{\"@type\":\"EntryPoint\",\"urlTemplate\":\"https:\/\/www.prijedordanas.com\/?s={search_term_string}\"},\"query-input\":\"required name=search_term_string\"}],\"inLanguage\":\"en-US\"},{\"@type\":\"Organization\",\"@id\":\"https:\/\/www.prijedordanas.com\/#organization\",\"name\":\"PrijedorDanas.com\",\"url\":\"https:\/\/www.prijedordanas.com\/\",\"logo\":{\"@type\":\"ImageObject\",\"inLanguage\":\"en-US\",\"@id\":\"https:\/\/www.prijedordanas.com\/#\/schema\/logo\/image\/\",\"url\":\"http:\/\/www.prijedordanas.com\/wp-content\/uploads\/2021\/12\/logopng.png\",\"contentUrl\":\"http:\/\/www.prijedordanas.com\/wp-content\/uploads\/2021\/12\/logopng.png\",\"width\":1019,\"height\":776,\"caption\":\"PrijedorDanas.com\"},\"image\":{\"@id\":\"https:\/\/www.prijedordanas.com\/#\/schema\/logo\/image\/\"},\"sameAs\":[\"https:\/\/www.facebook.com\/PrijedorDanasCom\/\"]},{\"@type\":\"Person\",\"@id\":\"https:\/\/www.prijedordanas.com\/#\/schema\/person\/4e08ccf29b506ca916ff86d46bb700e6\",\"name\":\"admin\",\"image\":{\"@type\":\"ImageObject\",\"inLanguage\":\"en-US\",\"@id\":\"https:\/\/www.prijedordanas.com\/#\/schema\/person\/image\/\",\"url\":\"https:\/\/secure.gravatar.com\/avatar\/1d3fc949d550f0b53a5f0d51e06dfd79?s=96&d=mm&r=g\",\"contentUrl\":\"https:\/\/secure.gravatar.com\/avatar\/1d3fc949d550f0b53a5f0d51e06dfd79?s=96&d=mm&r=g\",\"caption\":\"admin\"},\"url\":\"https:\/\/www.prijedordanas.com\/?author=1\"}]}<\/script>\n<!-- \/ Yoast SEO plugin. -->","yoast_head_json":{"title":"KURS KROJENJA I \u0160IVANJA - PrijedorDanas.com - Prijedorski gradski portal","robots":{"index":"index","follow":"follow","max-snippet":"max-snippet:-1","max-image-preview":"max-image-preview:large","max-video-preview":"max-video-preview:-1"},"canonical":"https:\/\/www.prijedordanas.com\/?p=46788","og_locale":"en_US","og_type":"article","og_title":"KURS KROJENJA I \u0160IVANJA - PrijedorDanas.com - Prijedorski gradski portal","og_description":"Udru\u017eenje gra\u0111ana \u201eBerek\u201c i ove godine organizuje kurs krojenja i \u0161ivanja. -Potaknuti dobrim rezultatima i zainteresovano\u0161\u0107u Prijedor\u010danki ponovo organizujemo kurs krojenja i \u0161ivenja koji \u0107e se odvijati u prostorijama na\u0161eg [&hellip;]","og_url":"https:\/\/www.prijedordanas.com\/?p=46788","og_site_name":"PrijedorDanas.com - Prijedorski gradski portal","article_publisher":"https:\/\/www.facebook.com\/PrijedorDanasCom\/","article_published_time":"2016-04-08T06:46:29+00:00","og_image":[{"url":"https:\/\/www.prijedordanas.com\/wp-content\/uploads\/2016\/04\/kurs-krojenja-i-sivanja-300x225.jpg"}],"author":"admin","twitter_card":"summary_large_image","twitter_misc":{"Written by":"admin","Est. reading time":"1 minute"},"schema":{"@context":"https:\/\/schema.org","@graph":[{"@type":"Article","@id":"https:\/\/www.prijedordanas.com\/?p=46788#article","isPartOf":{"@id":"https:\/\/www.prijedordanas.com\/?p=46788"},"author":{"name":"admin","@id":"https:\/\/www.prijedordanas.com\/#\/schema\/person\/4e08ccf29b506ca916ff86d46bb700e6"},"headline":"KURS KROJENJA I \u0160IVANJA","datePublished":"2016-04-08T06:46:29+00:00","dateModified":"2016-04-08T06:46:29+00:00","mainEntityOfPage":{"@id":"https:\/\/www.prijedordanas.com\/?p=46788"},"wordCount":168,"publisher":{"@id":"https:\/\/www.prijedordanas.com\/#organization"},"keywords":["kurs krojenja i \u0161ivanja","Sabira Medi\u0107","Udru\u017eenje gra\u0111ana \"Berek\""],"articleSection":["Dru\u0161tvo"],"inLanguage":"en-US"},{"@type":"WebPage","@id":"https:\/\/www.prijedordanas.com\/?p=46788","url":"https:\/\/www.prijedordanas.com\/?p=46788","name":"KURS KROJENJA I \u0160IVANJA - PrijedorDanas.com - Prijedorski gradski portal","isPartOf":{"@id":"https:\/\/www.prijedordanas.com\/#website"},"datePublished":"2016-04-08T06:46:29+00:00","dateModified":"2016-04-08T06:46:29+00:00","breadcrumb":{"@id":"https:\/\/www.prijedordanas.com\/?p=46788#breadcrumb"},"inLanguage":"en-US","potentialAction":[{"@type":"ReadAction","target":["https:\/\/www.prijedordanas.com\/?p=46788"]}]},{"@type":"BreadcrumbList","@id":"https:\/\/www.prijedordanas.com\/?p=46788#breadcrumb","itemListElement":[{"@type":"ListItem","position":1,"name":"Home","item":"https:\/\/www.prijedordanas.com\/"},{"@type":"ListItem","position":2,"name":"KURS KROJENJA I \u0160IVANJA"}]},{"@type":"WebSite","@id":"https:\/\/www.prijedordanas.com\/#website","url":"https:\/\/www.prijedordanas.com\/","name":"PrijedorDanas.com - Prijedorski gradski portal","description":"Portal o doga\u0111anjima u gradu Prijedoru","publisher":{"@id":"https:\/\/www.prijedordanas.com\/#organization"},"potentialAction":[{"@type":"SearchAction","target":{"@type":"EntryPoint","urlTemplate":"https:\/\/www.prijedordanas.com\/?s={search_term_string}"},"query-input":"required name=search_term_string"}],"inLanguage":"en-US"},{"@type":"Organization","@id":"https:\/\/www.prijedordanas.com\/#organization","name":"PrijedorDanas.com","url":"https:\/\/www.prijedordanas.com\/","logo":{"@type":"ImageObject","inLanguage":"en-US","@id":"https:\/\/www.prijedordanas.com\/#\/schema\/logo\/image\/","url":"http:\/\/www.prijedordanas.com\/wp-content\/uploads\/2021\/12\/logopng.png","contentUrl":"http:\/\/www.prijedordanas.com\/wp-content\/uploads\/2021\/12\/logopng.png","width":1019,"height":776,"caption":"PrijedorDanas.com"},"image":{"@id":"https:\/\/www.prijedordanas.com\/#\/schema\/logo\/image\/"},"sameAs":["https:\/\/www.facebook.com\/PrijedorDanasCom\/"]},{"@type":"Person","@id":"https:\/\/www.prijedordanas.com\/#\/schema\/person\/4e08ccf29b506ca916ff86d46bb700e6","name":"admin","image":{"@type":"ImageObject","inLanguage":"en-US","@id":"https:\/\/www.prijedordanas.com\/#\/schema\/person\/image\/","url":"https:\/\/secure.gravatar.com\/avatar\/1d3fc949d550f0b53a5f0d51e06dfd79?s=96&d=mm&r=g","contentUrl":"https:\/\/secure.gravatar.com\/avatar\/1d3fc949d550f0b53a5f0d51e06dfd79?s=96&d=mm&r=g","caption":"admin"},"url":"https:\/\/www.prijedordanas.com\/?author=1"}]}},"_links":{"self":[{"href":"https:\/\/www.prijedordanas.com\/index.php?rest_route=\/wp\/v2\/posts\/46788"}],"collection":[{"href":"https:\/\/www.prijedordanas.com\/index.php?rest_route=\/wp\/v2\/posts"}],"about":[{"href":"https:\/\/www.prijedordanas.com\/index.php?rest_route=\/wp\/v2\/types\/post"}],"author":[{"embeddable":true,"href":"https:\/\/www.prijedordanas.com\/index.php?rest_route=\/wp\/v2\/users\/1"}],"replies":[{"embeddable":true,"href":"https:\/\/www.prijedordanas.com\/index.php?rest_route=%2Fwp%2Fv2%2Fcomments&post=46788"}],"version-history":[{"count":1,"href":"https:\/\/www.prijedordanas.com\/index.php?rest_route=\/wp\/v2\/posts\/46788\/revisions"}],"predecessor-version":[{"id":46790,"href":"https:\/\/www.prijedordanas.com\/index.php?rest_route=\/wp\/v2\/posts\/46788\/revisions\/46790"}],"wp:attachment":[{"href":"https:\/\/www.prijedordanas.com\/index.php?rest_route=%2Fwp%2Fv2%2Fmedia&parent=46788"}],"wp:term":[{"taxonomy":"category","embeddable":true,"href":"https:\/\/www.prijedordanas.com\/index.php?rest_route=%2Fwp%2Fv2%2Fcategories&post=46788"},{"taxonomy":"post_tag","embeddable":true,"href":"https:\/\/www.prijedordanas.com\/index.php?rest_route=%2Fwp%2Fv2%2Ftags&post=46788"}],"curies":[{"name":"wp","href":"https:\/\/api.w.org\/{rel}","templated":true}]}}