{"id":46715,"date":"2016-04-07T15:53:39","date_gmt":"2016-04-07T13:53:39","guid":{"rendered":"https:\/\/www.prijedordanas.com\/?p=46715"},"modified":"2016-04-07T15:53:39","modified_gmt":"2016-04-07T13:53:39","slug":"ministar-kasipovic-osnivanje-okruznog-tuzilastva-u-prijedoru","status":"publish","type":"post","link":"https:\/\/www.prijedordanas.com\/?p=46715","title":{"rendered":"MINISTAR KASIPOVI\u0106: OSNIVANJE OKRU\u017dNOG TU\u017dILA\u0160TVA U PRIJEDORU"},"content":{"rendered":"<p><a href=\"https:\/\/www.prijedordanas.com\/wp-content\/uploads\/2016\/04\/anton-kasipovic.jpg\" rel=\"attachment wp-att-46716\"><img loading=\"lazy\" decoding=\"async\" src=\"https:\/\/www.prijedordanas.com\/wp-content\/uploads\/2016\/04\/anton-kasipovic-300x205.jpg\" alt=\"anton kasipovic\" width=\"300\" height=\"205\" class=\"alignleft size-medium wp-image-46716\" srcset=\"https:\/\/www.prijedordanas.com\/wp-content\/uploads\/2016\/04\/anton-kasipovic-300x205.jpg 300w, https:\/\/www.prijedordanas.com\/wp-content\/uploads\/2016\/04\/anton-kasipovic.jpg 600w\" sizes=\"(max-width: 300px) 100vw, 300px\" \/><\/a>Ministar pravde Republike Srpske Anton Kasipovi\u0107 izjavio je danas da su razlozi za usvajanje Nacrta zakona o javnim tu\u017eila\u0161tvima to da se izmjenama zakonsih propisa u organizaciji sudova prijedorska regija izjedna\u010di sa ostalim, odnosno da bude osnovano okru\u017eno tu\u017eila\u0161tvo u Prijedoru.<\/p>\n<p>On je tokom rasprave u Narodnoj skup\u0161tini rekao da su osnovani Okru\u017eni sud i Okru\u017eni privredni sud u Prijedoru i da organizacija okru\u017enih tu\u017eila\u0161tava prati organizaciju okru\u017enih sudova. <\/p>\n<p>Kasipovi\u0107 je dodao da je Prijedlogom zakona o suzbijanju korupcije, organizovanog kriminala i najte\u017eih oblika privrednog kriminala, predvi\u0111eno osnivanje posebnog odjeljenja Tu\u017eila\u0161tva za suzbijanje korupcije i najte\u017eih oblika kriminala, koje bi trebalo da bude pri Republi\u010dkom tu\u017eila\u0161tvu. <\/p>\n<p>On je podsjetio i da je odlukom visokog predstavnika 2002. godine donesen Zakon o tu\u017eila\u0161tvima Srpske koji je objavljen u &#8220;Slu\u017ebenom glasniku&#8221;, \u010diji osnovni tekst nikada nije usvojila Narodna skup\u0161tina RS. <\/p>\n<p>Ministar Kasipovi\u0107 je dodao da se ovim aktom ure\u0111uje organizacija, nadle\u017enost i ovla\u0161\u0107enja javnih tu\u017eila\u0161tava u Srpskoj. <\/p>\n<p>SRNA<\/p>\n","protected":false},"excerpt":{"rendered":"<p>Ministar pravde Republike Srpske Anton Kasipovi\u0107 izjavio je danas da su razlozi za usvajanje Nacrta zakona o javnim tu\u017eila\u0161tvima to da se izmjenama zakonsih propisa u organizaciji sudova prijedorska regija [&hellip;]<\/p>\n","protected":false},"author":1,"featured_media":0,"comment_status":"closed","ping_status":"open","sticky":false,"template":"","format":"standard","meta":{"_monsterinsights_skip_tracking":false,"_monsterinsights_sitenote_active":false,"_monsterinsights_sitenote_note":"","_monsterinsights_sitenote_category":0,"footnotes":""},"categories":[4],"tags":[7443,7442,7440,7441],"yoast_head":"<!-- This site is optimized with the Yoast SEO plugin v21.6 - https:\/\/yoast.com\/wordpress\/plugins\/seo\/ -->\n<title>MINISTAR KASIPOVI\u0106: OSNIVANJE OKRU\u017dNOG TU\u017dILA\u0160TVA U PRIJEDORU - PrijedorDanas.com - Prijedorski gradski portal<\/title>\n<meta name=\"robots\" content=\"index, follow, max-snippet:-1, max-image-preview:large, max-video-preview:-1\" \/>\n<link rel=\"canonical\" href=\"https:\/\/www.prijedordanas.com\/?p=46715\" \/>\n<meta property=\"og:locale\" content=\"en_US\" \/>\n<meta property=\"og:type\" content=\"article\" \/>\n<meta property=\"og:title\" content=\"MINISTAR KASIPOVI\u0106: OSNIVANJE OKRU\u017dNOG TU\u017dILA\u0160TVA U PRIJEDORU - PrijedorDanas.com - Prijedorski gradski portal\" \/>\n<meta property=\"og:description\" content=\"Ministar pravde Republike Srpske Anton Kasipovi\u0107 izjavio je danas da su razlozi za usvajanje Nacrta zakona o javnim tu\u017eila\u0161tvima to da se izmjenama zakonsih propisa u organizaciji sudova prijedorska regija [&hellip;]\" \/>\n<meta property=\"og:url\" content=\"https:\/\/www.prijedordanas.com\/?p=46715\" \/>\n<meta property=\"og:site_name\" content=\"PrijedorDanas.com - Prijedorski gradski portal\" \/>\n<meta property=\"article:publisher\" content=\"https:\/\/www.facebook.com\/PrijedorDanasCom\/\" \/>\n<meta property=\"article:published_time\" content=\"2016-04-07T13:53:39+00:00\" \/>\n<meta property=\"og:image\" content=\"https:\/\/www.prijedordanas.com\/wp-content\/uploads\/2016\/04\/anton-kasipovic-300x205.jpg\" \/>\n<meta name=\"author\" content=\"admin\" \/>\n<meta name=\"twitter:card\" content=\"summary_large_image\" \/>\n<meta name=\"twitter:label1\" content=\"Written by\" \/>\n\t<meta name=\"twitter:data1\" content=\"admin\" \/>\n\t<meta name=\"twitter:label2\" content=\"Est. reading time\" \/>\n\t<meta name=\"twitter:data2\" content=\"1 minute\" \/>\n<script type=\"application\/ld+json\" class=\"yoast-schema-graph\">{\"@context\":\"https:\/\/schema.org\",\"@graph\":[{\"@type\":\"Article\",\"@id\":\"https:\/\/www.prijedordanas.com\/?p=46715#article\",\"isPartOf\":{\"@id\":\"https:\/\/www.prijedordanas.com\/?p=46715\"},\"author\":{\"name\":\"admin\",\"@id\":\"https:\/\/www.prijedordanas.com\/#\/schema\/person\/4e08ccf29b506ca916ff86d46bb700e6\"},\"headline\":\"MINISTAR KASIPOVI\u0106: OSNIVANJE OKRU\u017dNOG TU\u017dILA\u0160TVA U PRIJEDORU\",\"datePublished\":\"2016-04-07T13:53:39+00:00\",\"dateModified\":\"2016-04-07T13:53:39+00:00\",\"mainEntityOfPage\":{\"@id\":\"https:\/\/www.prijedordanas.com\/?p=46715\"},\"wordCount\":194,\"publisher\":{\"@id\":\"https:\/\/www.prijedordanas.com\/#organization\"},\"keywords\":[\"Anton Kasipovi\u0107\",\"ministar pravde\",\"Okru\u017eno tu\u017eila\u0161tvo Prijedor\",\"osnivanje\"],\"articleSection\":[\"Dru\u0161tvo\"],\"inLanguage\":\"en-US\"},{\"@type\":\"WebPage\",\"@id\":\"https:\/\/www.prijedordanas.com\/?p=46715\",\"url\":\"https:\/\/www.prijedordanas.com\/?p=46715\",\"name\":\"MINISTAR KASIPOVI\u0106: OSNIVANJE OKRU\u017dNOG TU\u017dILA\u0160TVA U PRIJEDORU - PrijedorDanas.com - Prijedorski gradski portal\",\"isPartOf\":{\"@id\":\"https:\/\/www.prijedordanas.com\/#website\"},\"datePublished\":\"2016-04-07T13:53:39+00:00\",\"dateModified\":\"2016-04-07T13:53:39+00:00\",\"breadcrumb\":{\"@id\":\"https:\/\/www.prijedordanas.com\/?p=46715#breadcrumb\"},\"inLanguage\":\"en-US\",\"potentialAction\":[{\"@type\":\"ReadAction\",\"target\":[\"https:\/\/www.prijedordanas.com\/?p=46715\"]}]},{\"@type\":\"BreadcrumbList\",\"@id\":\"https:\/\/www.prijedordanas.com\/?p=46715#breadcrumb\",\"itemListElement\":[{\"@type\":\"ListItem\",\"position\":1,\"name\":\"Home\",\"item\":\"https:\/\/www.prijedordanas.com\/\"},{\"@type\":\"ListItem\",\"position\":2,\"name\":\"MINISTAR KASIPOVI\u0106: OSNIVANJE OKRU\u017dNOG TU\u017dILA\u0160TVA U PRIJEDORU\"}]},{\"@type\":\"WebSite\",\"@id\":\"https:\/\/www.prijedordanas.com\/#website\",\"url\":\"https:\/\/www.prijedordanas.com\/\",\"name\":\"PrijedorDanas.com - Prijedorski gradski portal\",\"description\":\"Portal o doga\u0111anjima u gradu Prijedoru\",\"publisher\":{\"@id\":\"https:\/\/www.prijedordanas.com\/#organization\"},\"potentialAction\":[{\"@type\":\"SearchAction\",\"target\":{\"@type\":\"EntryPoint\",\"urlTemplate\":\"https:\/\/www.prijedordanas.com\/?s={search_term_string}\"},\"query-input\":\"required name=search_term_string\"}],\"inLanguage\":\"en-US\"},{\"@type\":\"Organization\",\"@id\":\"https:\/\/www.prijedordanas.com\/#organization\",\"name\":\"PrijedorDanas.com\",\"url\":\"https:\/\/www.prijedordanas.com\/\",\"logo\":{\"@type\":\"ImageObject\",\"inLanguage\":\"en-US\",\"@id\":\"https:\/\/www.prijedordanas.com\/#\/schema\/logo\/image\/\",\"url\":\"http:\/\/www.prijedordanas.com\/wp-content\/uploads\/2021\/12\/logopng.png\",\"contentUrl\":\"http:\/\/www.prijedordanas.com\/wp-content\/uploads\/2021\/12\/logopng.png\",\"width\":1019,\"height\":776,\"caption\":\"PrijedorDanas.com\"},\"image\":{\"@id\":\"https:\/\/www.prijedordanas.com\/#\/schema\/logo\/image\/\"},\"sameAs\":[\"https:\/\/www.facebook.com\/PrijedorDanasCom\/\"]},{\"@type\":\"Person\",\"@id\":\"https:\/\/www.prijedordanas.com\/#\/schema\/person\/4e08ccf29b506ca916ff86d46bb700e6\",\"name\":\"admin\",\"image\":{\"@type\":\"ImageObject\",\"inLanguage\":\"en-US\",\"@id\":\"https:\/\/www.prijedordanas.com\/#\/schema\/person\/image\/\",\"url\":\"https:\/\/secure.gravatar.com\/avatar\/1d3fc949d550f0b53a5f0d51e06dfd79?s=96&d=mm&r=g\",\"contentUrl\":\"https:\/\/secure.gravatar.com\/avatar\/1d3fc949d550f0b53a5f0d51e06dfd79?s=96&d=mm&r=g\",\"caption\":\"admin\"},\"url\":\"https:\/\/www.prijedordanas.com\/?author=1\"}]}<\/script>\n<!-- \/ Yoast SEO plugin. -->","yoast_head_json":{"title":"MINISTAR KASIPOVI\u0106: OSNIVANJE OKRU\u017dNOG TU\u017dILA\u0160TVA U PRIJEDORU - PrijedorDanas.com - Prijedorski gradski portal","robots":{"index":"index","follow":"follow","max-snippet":"max-snippet:-1","max-image-preview":"max-image-preview:large","max-video-preview":"max-video-preview:-1"},"canonical":"https:\/\/www.prijedordanas.com\/?p=46715","og_locale":"en_US","og_type":"article","og_title":"MINISTAR KASIPOVI\u0106: OSNIVANJE OKRU\u017dNOG TU\u017dILA\u0160TVA U PRIJEDORU - PrijedorDanas.com - Prijedorski gradski portal","og_description":"Ministar pravde Republike Srpske Anton Kasipovi\u0107 izjavio je danas da su razlozi za usvajanje Nacrta zakona o javnim tu\u017eila\u0161tvima to da se izmjenama zakonsih propisa u organizaciji sudova prijedorska regija [&hellip;]","og_url":"https:\/\/www.prijedordanas.com\/?p=46715","og_site_name":"PrijedorDanas.com - Prijedorski gradski portal","article_publisher":"https:\/\/www.facebook.com\/PrijedorDanasCom\/","article_published_time":"2016-04-07T13:53:39+00:00","og_image":[{"url":"https:\/\/www.prijedordanas.com\/wp-content\/uploads\/2016\/04\/anton-kasipovic-300x205.jpg"}],"author":"admin","twitter_card":"summary_large_image","twitter_misc":{"Written by":"admin","Est. reading time":"1 minute"},"schema":{"@context":"https:\/\/schema.org","@graph":[{"@type":"Article","@id":"https:\/\/www.prijedordanas.com\/?p=46715#article","isPartOf":{"@id":"https:\/\/www.prijedordanas.com\/?p=46715"},"author":{"name":"admin","@id":"https:\/\/www.prijedordanas.com\/#\/schema\/person\/4e08ccf29b506ca916ff86d46bb700e6"},"headline":"MINISTAR KASIPOVI\u0106: OSNIVANJE OKRU\u017dNOG TU\u017dILA\u0160TVA U PRIJEDORU","datePublished":"2016-04-07T13:53:39+00:00","dateModified":"2016-04-07T13:53:39+00:00","mainEntityOfPage":{"@id":"https:\/\/www.prijedordanas.com\/?p=46715"},"wordCount":194,"publisher":{"@id":"https:\/\/www.prijedordanas.com\/#organization"},"keywords":["Anton Kasipovi\u0107","ministar pravde","Okru\u017eno tu\u017eila\u0161tvo Prijedor","osnivanje"],"articleSection":["Dru\u0161tvo"],"inLanguage":"en-US"},{"@type":"WebPage","@id":"https:\/\/www.prijedordanas.com\/?p=46715","url":"https:\/\/www.prijedordanas.com\/?p=46715","name":"MINISTAR KASIPOVI\u0106: OSNIVANJE OKRU\u017dNOG TU\u017dILA\u0160TVA U PRIJEDORU - PrijedorDanas.com - Prijedorski gradski portal","isPartOf":{"@id":"https:\/\/www.prijedordanas.com\/#website"},"datePublished":"2016-04-07T13:53:39+00:00","dateModified":"2016-04-07T13:53:39+00:00","breadcrumb":{"@id":"https:\/\/www.prijedordanas.com\/?p=46715#breadcrumb"},"inLanguage":"en-US","potentialAction":[{"@type":"ReadAction","target":["https:\/\/www.prijedordanas.com\/?p=46715"]}]},{"@type":"BreadcrumbList","@id":"https:\/\/www.prijedordanas.com\/?p=46715#breadcrumb","itemListElement":[{"@type":"ListItem","position":1,"name":"Home","item":"https:\/\/www.prijedordanas.com\/"},{"@type":"ListItem","position":2,"name":"MINISTAR KASIPOVI\u0106: OSNIVANJE OKRU\u017dNOG TU\u017dILA\u0160TVA U PRIJEDORU"}]},{"@type":"WebSite","@id":"https:\/\/www.prijedordanas.com\/#website","url":"https:\/\/www.prijedordanas.com\/","name":"PrijedorDanas.com - Prijedorski gradski portal","description":"Portal o doga\u0111anjima u gradu Prijedoru","publisher":{"@id":"https:\/\/www.prijedordanas.com\/#organization"},"potentialAction":[{"@type":"SearchAction","target":{"@type":"EntryPoint","urlTemplate":"https:\/\/www.prijedordanas.com\/?s={search_term_string}"},"query-input":"required name=search_term_string"}],"inLanguage":"en-US"},{"@type":"Organization","@id":"https:\/\/www.prijedordanas.com\/#organization","name":"PrijedorDanas.com","url":"https:\/\/www.prijedordanas.com\/","logo":{"@type":"ImageObject","inLanguage":"en-US","@id":"https:\/\/www.prijedordanas.com\/#\/schema\/logo\/image\/","url":"http:\/\/www.prijedordanas.com\/wp-content\/uploads\/2021\/12\/logopng.png","contentUrl":"http:\/\/www.prijedordanas.com\/wp-content\/uploads\/2021\/12\/logopng.png","width":1019,"height":776,"caption":"PrijedorDanas.com"},"image":{"@id":"https:\/\/www.prijedordanas.com\/#\/schema\/logo\/image\/"},"sameAs":["https:\/\/www.facebook.com\/PrijedorDanasCom\/"]},{"@type":"Person","@id":"https:\/\/www.prijedordanas.com\/#\/schema\/person\/4e08ccf29b506ca916ff86d46bb700e6","name":"admin","image":{"@type":"ImageObject","inLanguage":"en-US","@id":"https:\/\/www.prijedordanas.com\/#\/schema\/person\/image\/","url":"https:\/\/secure.gravatar.com\/avatar\/1d3fc949d550f0b53a5f0d51e06dfd79?s=96&d=mm&r=g","contentUrl":"https:\/\/secure.gravatar.com\/avatar\/1d3fc949d550f0b53a5f0d51e06dfd79?s=96&d=mm&r=g","caption":"admin"},"url":"https:\/\/www.prijedordanas.com\/?author=1"}]}},"_links":{"self":[{"href":"https:\/\/www.prijedordanas.com\/index.php?rest_route=\/wp\/v2\/posts\/46715"}],"collection":[{"href":"https:\/\/www.prijedordanas.com\/index.php?rest_route=\/wp\/v2\/posts"}],"about":[{"href":"https:\/\/www.prijedordanas.com\/index.php?rest_route=\/wp\/v2\/types\/post"}],"author":[{"embeddable":true,"href":"https:\/\/www.prijedordanas.com\/index.php?rest_route=\/wp\/v2\/users\/1"}],"replies":[{"embeddable":true,"href":"https:\/\/www.prijedordanas.com\/index.php?rest_route=%2Fwp%2Fv2%2Fcomments&post=46715"}],"version-history":[{"count":1,"href":"https:\/\/www.prijedordanas.com\/index.php?rest_route=\/wp\/v2\/posts\/46715\/revisions"}],"predecessor-version":[{"id":46717,"href":"https:\/\/www.prijedordanas.com\/index.php?rest_route=\/wp\/v2\/posts\/46715\/revisions\/46717"}],"wp:attachment":[{"href":"https:\/\/www.prijedordanas.com\/index.php?rest_route=%2Fwp%2Fv2%2Fmedia&parent=46715"}],"wp:term":[{"taxonomy":"category","embeddable":true,"href":"https:\/\/www.prijedordanas.com\/index.php?rest_route=%2Fwp%2Fv2%2Fcategories&post=46715"},{"taxonomy":"post_tag","embeddable":true,"href":"https:\/\/www.prijedordanas.com\/index.php?rest_route=%2Fwp%2Fv2%2Ftags&post=46715"}],"curies":[{"name":"wp","href":"https:\/\/api.w.org\/{rel}","templated":true}]}}