{"id":46617,"date":"2016-04-06T17:35:15","date_gmt":"2016-04-06T15:35:15","guid":{"rendered":"https:\/\/www.prijedordanas.com\/?p=46617"},"modified":"2016-04-06T17:35:15","modified_gmt":"2016-04-06T15:35:15","slug":"dns-pavic-mi-smo-koalicioni-partneri-a-ne-istomisljenici","status":"publish","type":"post","link":"https:\/\/www.prijedordanas.com\/?p=46617","title":{"rendered":"DNS-PAVI\u0106: MI SMO KOALICIONI PARTNERI, A NE ISTOMI\u0160LJENICI"},"content":{"rendered":"<p><a href=\"https:\/\/www.prijedordanas.com\/wp-content\/uploads\/2016\/04\/pavic-koalicija.jpg\" rel=\"attachment wp-att-46618\"><img loading=\"lazy\" decoding=\"async\" src=\"https:\/\/www.prijedordanas.com\/wp-content\/uploads\/2016\/04\/pavic-koalicija-300x199.jpg\" alt=\"pavic-koalicija\" width=\"300\" height=\"199\" class=\"alignleft size-medium wp-image-46618\" srcset=\"https:\/\/www.prijedordanas.com\/wp-content\/uploads\/2016\/04\/pavic-koalicija-300x200.jpg 300w, https:\/\/www.prijedordanas.com\/wp-content\/uploads\/2016\/04\/pavic-koalicija-480x320.jpg 480w, https:\/\/www.prijedordanas.com\/wp-content\/uploads\/2016\/04\/pavic-koalicija.jpg 600w\" sizes=\"(max-width: 300px) 100vw, 300px\" \/><\/a>Predsjednik Demokratskog narodnog saveza Marko Pavi\u0107 izjavio je danas da je povod za nezadovoljstvo ove stranke odnosima me\u0111u koalicionim partnerima to \u0161to nije ispunjen dogovor da do 31. marta svaka stranka dostavi spisak lokalnih zajednica za koje misli da mo\u017ee kandidovati svoga \u010dlana na predstoje\u0107im lokalnim izborima.<\/p>\n<p>&#8220;DNS je to na vrijeme uradio. Druge dvije stranke nisu (SNSD i SP), pa je normalno da smo tako reagovali. Nama samo treba njihovo mi\u0161ljenje da li ho\u0107e ili ne\u0107e, a mi znamo \u0161ta \u0107emo raditi&#8221;, rekao je Pavi\u0107 novinarima u Prijedoru. <\/p>\n<p>Prema njegovom mi\u0161ljenju, nema ni\u010dega spornog u tome da svako iznese svoje mi\u0161ljenje. <\/p>\n<p>&#8220;Mnogo puta sam govorio da mi nismo istomi\u0161ljenici, ve\u0107 vrlo korektni koalicioni partneri. Mi u DNS-u izvr\u0161avamo sve \u0161to se dogovorimo. A da li se moramo slagati u svemu &#8211; mislim da ne moramo&#8221;, naveo je Pavi\u0107. <\/p>\n<p>On je ocijenio da u koaliciji SNSD, SP i DNS uvijek ima prostora za dogovor. &#8220;Narednih dana \u0107emo sigurno razgovarati&#8221;, ka\u017ee Pavi\u0107. <\/p>\n<p>Pavi\u0107 je ranije izjavio da je DNS izrazito nezadovoljan odnosima u vladaju\u0107oj koaliciji zbog poskupljenja struje, kadrovskih rje\u0161enja, te situacije u bankarskom i finansijskom sektoru. <\/p>\n<p>Predsjednik SNSD-a Milorad Dodik smatra da nije korektno \u0161to je Pavi\u0107 negodovao zbog odnosa u vladaju\u0107oj koaliciji, poskupljenja struje, kao i situacije u finansijskom i bankarskom sektoru i najavljuje da \u0107e uskoro biti odr\u017ean sastanak kako bi bili razja\u0161njeni razlozi nezadovoljstva <\/p>\n<p>Predsjednik Socijalisti\u010dke partije Petar \u0110oki\u0107 izjavio je da nije saglasan sa stavovima Pavi\u0107a o situaciji u vladaju\u0107oj koaliciji jer postoje svi preduslovi da zajedno vode Republiku Srpsku. <\/p>\n<p>SRNA<\/p>\n","protected":false},"excerpt":{"rendered":"<p>Predsjednik Demokratskog narodnog saveza Marko Pavi\u0107 izjavio je danas da je povod za nezadovoljstvo ove stranke odnosima me\u0111u koalicionim partnerima to \u0161to nije ispunjen dogovor da do 31. marta svaka [&hellip;]<\/p>\n","protected":false},"author":1,"featured_media":0,"comment_status":"closed","ping_status":"open","sticky":false,"template":"","format":"standard","meta":{"_monsterinsights_skip_tracking":false,"_monsterinsights_sitenote_active":false,"_monsterinsights_sitenote_note":"","_monsterinsights_sitenote_category":0,"footnotes":""},"categories":[8],"tags":[499,7415,134,7414,7158],"yoast_head":"<!-- This site is optimized with the Yoast SEO plugin v21.6 - https:\/\/yoast.com\/wordpress\/plugins\/seo\/ -->\n<title>DNS-PAVI\u0106: MI SMO KOALICIONI PARTNERI, A NE ISTOMI\u0160LJENICI - PrijedorDanas.com - Prijedorski gradski portal<\/title>\n<meta name=\"robots\" content=\"index, follow, max-snippet:-1, max-image-preview:large, max-video-preview:-1\" \/>\n<link rel=\"canonical\" href=\"https:\/\/www.prijedordanas.com\/?p=46617\" \/>\n<meta property=\"og:locale\" content=\"en_US\" \/>\n<meta property=\"og:type\" content=\"article\" \/>\n<meta property=\"og:title\" content=\"DNS-PAVI\u0106: MI SMO KOALICIONI PARTNERI, A NE ISTOMI\u0160LJENICI - PrijedorDanas.com - Prijedorski gradski portal\" \/>\n<meta property=\"og:description\" content=\"Predsjednik Demokratskog narodnog saveza Marko Pavi\u0107 izjavio je danas da je povod za nezadovoljstvo ove stranke odnosima me\u0111u koalicionim partnerima to \u0161to nije ispunjen dogovor da do 31. marta svaka [&hellip;]\" \/>\n<meta property=\"og:url\" content=\"https:\/\/www.prijedordanas.com\/?p=46617\" \/>\n<meta property=\"og:site_name\" content=\"PrijedorDanas.com - Prijedorski gradski portal\" \/>\n<meta property=\"article:publisher\" content=\"https:\/\/www.facebook.com\/PrijedorDanasCom\/\" \/>\n<meta property=\"article:published_time\" content=\"2016-04-06T15:35:15+00:00\" \/>\n<meta property=\"og:image\" content=\"https:\/\/www.prijedordanas.com\/wp-content\/uploads\/2016\/04\/pavic-koalicija-300x199.jpg\" \/>\n<meta name=\"author\" content=\"admin\" \/>\n<meta name=\"twitter:card\" content=\"summary_large_image\" \/>\n<meta name=\"twitter:label1\" content=\"Written by\" \/>\n\t<meta name=\"twitter:data1\" content=\"admin\" \/>\n\t<meta name=\"twitter:label2\" content=\"Est. reading time\" \/>\n\t<meta name=\"twitter:data2\" content=\"1 minute\" \/>\n<script type=\"application\/ld+json\" class=\"yoast-schema-graph\">{\"@context\":\"https:\/\/schema.org\",\"@graph\":[{\"@type\":\"Article\",\"@id\":\"https:\/\/www.prijedordanas.com\/?p=46617#article\",\"isPartOf\":{\"@id\":\"https:\/\/www.prijedordanas.com\/?p=46617\"},\"author\":{\"name\":\"admin\",\"@id\":\"https:\/\/www.prijedordanas.com\/#\/schema\/person\/4e08ccf29b506ca916ff86d46bb700e6\"},\"headline\":\"DNS-PAVI\u0106: MI SMO KOALICIONI PARTNERI, A NE ISTOMI\u0160LJENICI\",\"datePublished\":\"2016-04-06T15:35:15+00:00\",\"dateModified\":\"2016-04-06T15:35:15+00:00\",\"mainEntityOfPage\":{\"@id\":\"https:\/\/www.prijedordanas.com\/?p=46617\"},\"wordCount\":283,\"publisher\":{\"@id\":\"https:\/\/www.prijedordanas.com\/#organization\"},\"keywords\":[\"Demokratski narodni savez\",\"istomi\u0161ljenici\",\"Marko Pavi\u0107\",\"partneri\",\"vladaju\u0107a koalicija\"],\"articleSection\":[\"Svakodnevno\"],\"inLanguage\":\"en-US\"},{\"@type\":\"WebPage\",\"@id\":\"https:\/\/www.prijedordanas.com\/?p=46617\",\"url\":\"https:\/\/www.prijedordanas.com\/?p=46617\",\"name\":\"DNS-PAVI\u0106: MI SMO KOALICIONI PARTNERI, A NE ISTOMI\u0160LJENICI - PrijedorDanas.com - Prijedorski gradski portal\",\"isPartOf\":{\"@id\":\"https:\/\/www.prijedordanas.com\/#website\"},\"datePublished\":\"2016-04-06T15:35:15+00:00\",\"dateModified\":\"2016-04-06T15:35:15+00:00\",\"breadcrumb\":{\"@id\":\"https:\/\/www.prijedordanas.com\/?p=46617#breadcrumb\"},\"inLanguage\":\"en-US\",\"potentialAction\":[{\"@type\":\"ReadAction\",\"target\":[\"https:\/\/www.prijedordanas.com\/?p=46617\"]}]},{\"@type\":\"BreadcrumbList\",\"@id\":\"https:\/\/www.prijedordanas.com\/?p=46617#breadcrumb\",\"itemListElement\":[{\"@type\":\"ListItem\",\"position\":1,\"name\":\"Home\",\"item\":\"https:\/\/www.prijedordanas.com\/\"},{\"@type\":\"ListItem\",\"position\":2,\"name\":\"DNS-PAVI\u0106: MI SMO KOALICIONI PARTNERI, A NE ISTOMI\u0160LJENICI\"}]},{\"@type\":\"WebSite\",\"@id\":\"https:\/\/www.prijedordanas.com\/#website\",\"url\":\"https:\/\/www.prijedordanas.com\/\",\"name\":\"PrijedorDanas.com - Prijedorski gradski portal\",\"description\":\"Portal o doga\u0111anjima u gradu Prijedoru\",\"publisher\":{\"@id\":\"https:\/\/www.prijedordanas.com\/#organization\"},\"potentialAction\":[{\"@type\":\"SearchAction\",\"target\":{\"@type\":\"EntryPoint\",\"urlTemplate\":\"https:\/\/www.prijedordanas.com\/?s={search_term_string}\"},\"query-input\":\"required name=search_term_string\"}],\"inLanguage\":\"en-US\"},{\"@type\":\"Organization\",\"@id\":\"https:\/\/www.prijedordanas.com\/#organization\",\"name\":\"PrijedorDanas.com\",\"url\":\"https:\/\/www.prijedordanas.com\/\",\"logo\":{\"@type\":\"ImageObject\",\"inLanguage\":\"en-US\",\"@id\":\"https:\/\/www.prijedordanas.com\/#\/schema\/logo\/image\/\",\"url\":\"http:\/\/www.prijedordanas.com\/wp-content\/uploads\/2021\/12\/logopng.png\",\"contentUrl\":\"http:\/\/www.prijedordanas.com\/wp-content\/uploads\/2021\/12\/logopng.png\",\"width\":1019,\"height\":776,\"caption\":\"PrijedorDanas.com\"},\"image\":{\"@id\":\"https:\/\/www.prijedordanas.com\/#\/schema\/logo\/image\/\"},\"sameAs\":[\"https:\/\/www.facebook.com\/PrijedorDanasCom\/\"]},{\"@type\":\"Person\",\"@id\":\"https:\/\/www.prijedordanas.com\/#\/schema\/person\/4e08ccf29b506ca916ff86d46bb700e6\",\"name\":\"admin\",\"image\":{\"@type\":\"ImageObject\",\"inLanguage\":\"en-US\",\"@id\":\"https:\/\/www.prijedordanas.com\/#\/schema\/person\/image\/\",\"url\":\"https:\/\/secure.gravatar.com\/avatar\/1d3fc949d550f0b53a5f0d51e06dfd79?s=96&d=mm&r=g\",\"contentUrl\":\"https:\/\/secure.gravatar.com\/avatar\/1d3fc949d550f0b53a5f0d51e06dfd79?s=96&d=mm&r=g\",\"caption\":\"admin\"},\"url\":\"https:\/\/www.prijedordanas.com\/?author=1\"}]}<\/script>\n<!-- \/ Yoast SEO plugin. -->","yoast_head_json":{"title":"DNS-PAVI\u0106: MI SMO KOALICIONI PARTNERI, A NE ISTOMI\u0160LJENICI - PrijedorDanas.com - Prijedorski gradski portal","robots":{"index":"index","follow":"follow","max-snippet":"max-snippet:-1","max-image-preview":"max-image-preview:large","max-video-preview":"max-video-preview:-1"},"canonical":"https:\/\/www.prijedordanas.com\/?p=46617","og_locale":"en_US","og_type":"article","og_title":"DNS-PAVI\u0106: MI SMO KOALICIONI PARTNERI, A NE ISTOMI\u0160LJENICI - PrijedorDanas.com - Prijedorski gradski portal","og_description":"Predsjednik Demokratskog narodnog saveza Marko Pavi\u0107 izjavio je danas da je povod za nezadovoljstvo ove stranke odnosima me\u0111u koalicionim partnerima to \u0161to nije ispunjen dogovor da do 31. marta svaka [&hellip;]","og_url":"https:\/\/www.prijedordanas.com\/?p=46617","og_site_name":"PrijedorDanas.com - Prijedorski gradski portal","article_publisher":"https:\/\/www.facebook.com\/PrijedorDanasCom\/","article_published_time":"2016-04-06T15:35:15+00:00","og_image":[{"url":"https:\/\/www.prijedordanas.com\/wp-content\/uploads\/2016\/04\/pavic-koalicija-300x199.jpg"}],"author":"admin","twitter_card":"summary_large_image","twitter_misc":{"Written by":"admin","Est. reading time":"1 minute"},"schema":{"@context":"https:\/\/schema.org","@graph":[{"@type":"Article","@id":"https:\/\/www.prijedordanas.com\/?p=46617#article","isPartOf":{"@id":"https:\/\/www.prijedordanas.com\/?p=46617"},"author":{"name":"admin","@id":"https:\/\/www.prijedordanas.com\/#\/schema\/person\/4e08ccf29b506ca916ff86d46bb700e6"},"headline":"DNS-PAVI\u0106: MI SMO KOALICIONI PARTNERI, A NE ISTOMI\u0160LJENICI","datePublished":"2016-04-06T15:35:15+00:00","dateModified":"2016-04-06T15:35:15+00:00","mainEntityOfPage":{"@id":"https:\/\/www.prijedordanas.com\/?p=46617"},"wordCount":283,"publisher":{"@id":"https:\/\/www.prijedordanas.com\/#organization"},"keywords":["Demokratski narodni savez","istomi\u0161ljenici","Marko Pavi\u0107","partneri","vladaju\u0107a koalicija"],"articleSection":["Svakodnevno"],"inLanguage":"en-US"},{"@type":"WebPage","@id":"https:\/\/www.prijedordanas.com\/?p=46617","url":"https:\/\/www.prijedordanas.com\/?p=46617","name":"DNS-PAVI\u0106: MI SMO KOALICIONI PARTNERI, A NE ISTOMI\u0160LJENICI - PrijedorDanas.com - Prijedorski gradski portal","isPartOf":{"@id":"https:\/\/www.prijedordanas.com\/#website"},"datePublished":"2016-04-06T15:35:15+00:00","dateModified":"2016-04-06T15:35:15+00:00","breadcrumb":{"@id":"https:\/\/www.prijedordanas.com\/?p=46617#breadcrumb"},"inLanguage":"en-US","potentialAction":[{"@type":"ReadAction","target":["https:\/\/www.prijedordanas.com\/?p=46617"]}]},{"@type":"BreadcrumbList","@id":"https:\/\/www.prijedordanas.com\/?p=46617#breadcrumb","itemListElement":[{"@type":"ListItem","position":1,"name":"Home","item":"https:\/\/www.prijedordanas.com\/"},{"@type":"ListItem","position":2,"name":"DNS-PAVI\u0106: MI SMO KOALICIONI PARTNERI, A NE ISTOMI\u0160LJENICI"}]},{"@type":"WebSite","@id":"https:\/\/www.prijedordanas.com\/#website","url":"https:\/\/www.prijedordanas.com\/","name":"PrijedorDanas.com - Prijedorski gradski portal","description":"Portal o doga\u0111anjima u gradu Prijedoru","publisher":{"@id":"https:\/\/www.prijedordanas.com\/#organization"},"potentialAction":[{"@type":"SearchAction","target":{"@type":"EntryPoint","urlTemplate":"https:\/\/www.prijedordanas.com\/?s={search_term_string}"},"query-input":"required name=search_term_string"}],"inLanguage":"en-US"},{"@type":"Organization","@id":"https:\/\/www.prijedordanas.com\/#organization","name":"PrijedorDanas.com","url":"https:\/\/www.prijedordanas.com\/","logo":{"@type":"ImageObject","inLanguage":"en-US","@id":"https:\/\/www.prijedordanas.com\/#\/schema\/logo\/image\/","url":"http:\/\/www.prijedordanas.com\/wp-content\/uploads\/2021\/12\/logopng.png","contentUrl":"http:\/\/www.prijedordanas.com\/wp-content\/uploads\/2021\/12\/logopng.png","width":1019,"height":776,"caption":"PrijedorDanas.com"},"image":{"@id":"https:\/\/www.prijedordanas.com\/#\/schema\/logo\/image\/"},"sameAs":["https:\/\/www.facebook.com\/PrijedorDanasCom\/"]},{"@type":"Person","@id":"https:\/\/www.prijedordanas.com\/#\/schema\/person\/4e08ccf29b506ca916ff86d46bb700e6","name":"admin","image":{"@type":"ImageObject","inLanguage":"en-US","@id":"https:\/\/www.prijedordanas.com\/#\/schema\/person\/image\/","url":"https:\/\/secure.gravatar.com\/avatar\/1d3fc949d550f0b53a5f0d51e06dfd79?s=96&d=mm&r=g","contentUrl":"https:\/\/secure.gravatar.com\/avatar\/1d3fc949d550f0b53a5f0d51e06dfd79?s=96&d=mm&r=g","caption":"admin"},"url":"https:\/\/www.prijedordanas.com\/?author=1"}]}},"_links":{"self":[{"href":"https:\/\/www.prijedordanas.com\/index.php?rest_route=\/wp\/v2\/posts\/46617"}],"collection":[{"href":"https:\/\/www.prijedordanas.com\/index.php?rest_route=\/wp\/v2\/posts"}],"about":[{"href":"https:\/\/www.prijedordanas.com\/index.php?rest_route=\/wp\/v2\/types\/post"}],"author":[{"embeddable":true,"href":"https:\/\/www.prijedordanas.com\/index.php?rest_route=\/wp\/v2\/users\/1"}],"replies":[{"embeddable":true,"href":"https:\/\/www.prijedordanas.com\/index.php?rest_route=%2Fwp%2Fv2%2Fcomments&post=46617"}],"version-history":[{"count":1,"href":"https:\/\/www.prijedordanas.com\/index.php?rest_route=\/wp\/v2\/posts\/46617\/revisions"}],"predecessor-version":[{"id":46619,"href":"https:\/\/www.prijedordanas.com\/index.php?rest_route=\/wp\/v2\/posts\/46617\/revisions\/46619"}],"wp:attachment":[{"href":"https:\/\/www.prijedordanas.com\/index.php?rest_route=%2Fwp%2Fv2%2Fmedia&parent=46617"}],"wp:term":[{"taxonomy":"category","embeddable":true,"href":"https:\/\/www.prijedordanas.com\/index.php?rest_route=%2Fwp%2Fv2%2Fcategories&post=46617"},{"taxonomy":"post_tag","embeddable":true,"href":"https:\/\/www.prijedordanas.com\/index.php?rest_route=%2Fwp%2Fv2%2Ftags&post=46617"}],"curies":[{"name":"wp","href":"https:\/\/api.w.org\/{rel}","templated":true}]}}