{"id":46164,"date":"2016-04-02T08:10:01","date_gmt":"2016-04-02T06:10:01","guid":{"rendered":"https:\/\/www.prijedordanas.com\/?p=46164"},"modified":"2016-04-02T08:10:01","modified_gmt":"2016-04-02T06:10:01","slug":"poznati-svi-polufinalisti-kviza-prijedor-moj-grad-u-srpskoj-danas-pocinje-zavrsnica-foto","status":"publish","type":"post","link":"https:\/\/www.prijedordanas.com\/?p=46164","title":{"rendered":"POZNATI SVI POLUFINALISTI KVIZA \u201cPRIJEDOR, MOJ GRAD U SRPSKOJ\u201d: DANAS PO\u010cINJE ZAVR\u0160NICA &#8211; FOTO"},"content":{"rendered":"<p><a href=\"https:\/\/www.prijedordanas.com\/wp-content\/uploads\/2016\/04\/takmicenje-prijedor-moj-grad-u-srpskoj-trece-kvalifikacije-1.jpg\" rel=\"attachment wp-att-46185\"><img loading=\"lazy\" decoding=\"async\" src=\"https:\/\/www.prijedordanas.com\/wp-content\/uploads\/2016\/04\/takmicenje-prijedor-moj-grad-u-srpskoj-trece-kvalifikacije-1-300x225.jpg\" alt=\"takmicenje-prijedor moj grad u srpskoj-trece kvalifikacije (1)\" width=\"300\" height=\"225\" class=\"alignleft size-medium wp-image-46185\" srcset=\"https:\/\/www.prijedordanas.com\/wp-content\/uploads\/2016\/04\/takmicenje-prijedor-moj-grad-u-srpskoj-trece-kvalifikacije-1-300x225.jpg 300w, https:\/\/www.prijedordanas.com\/wp-content\/uploads\/2016\/04\/takmicenje-prijedor-moj-grad-u-srpskoj-trece-kvalifikacije-1.jpg 600w\" sizes=\"(max-width: 300px) 100vw, 300px\" \/><\/a>U\u010denici O\u0160 \u201cPetar Ko\u010di\u0107\u201d iz Prijedora i O\u0160 \u201cKozarac\u201d iz Kozarca tre\u0107i su polufinalisti me\u0111u\u0161kolskog takmi\u010denja u\u010denika od prvog do petog razreda &#8220;Prijedor, moj grad u Srpskoj&#8221;. <\/p>\n<p>Kviz znanja i vje\u0161tina u poznavanju u\u017eeg i \u0161ireg zavi\u010daja, odnosno Prijedora, kao va\u017enog \u010dinioca u razvoju Republike Srpske obuhvata pitanja iz nastavnih predmeta moja okolina, priroda i dru\u0161tvo i poznavanje dru\u0161tva u skladu sa nastavnim planom i programom.  <\/p>\n<p>Dva polufinalna takmi\u010denja predvi\u0111ena su za 2. i 16. april, dok je finale planirano za 23. april. <\/p>\n<p>Osnovna \u0161kola &#8220;Petar Ko\u010di\u0107&#8221; i kompanija &#8220;Arselor Mital Prijedor&#8221; organizatori su takmi\u010denja, a partneri su grad Prijedor, Republi\u010dki pedago\u0161ki zavod i Ministarstvo prosvjete i kulture Republike Srpske, dok je prijatelj takmi\u010denja kompanija sportske opreme &#8220;Sport vision&#8221;.<\/p>\n<p>RTV Prijedor<br \/>\nFoto \u2013 Silvana Batoz\/Aleksandar Drakuli\u0107 \u2013 <a href=\"www.prijedordanas.com\" target=\"_blank\">www.prijedordanas.com<\/a><\/p>\n<p><a href=\"https:\/\/www.prijedordanas.com\/wp-content\/uploads\/2016\/04\/takmicenje-prijedor-moj-grad-u-srpskoj-trece-kvalifikacije-3.jpg\" rel=\"attachment wp-att-46186\"><img loading=\"lazy\" decoding=\"async\" src=\"https:\/\/www.prijedordanas.com\/wp-content\/uploads\/2016\/04\/takmicenje-prijedor-moj-grad-u-srpskoj-trece-kvalifikacije-3-300x225.jpg\" alt=\"takmicenje-prijedor moj grad u srpskoj-trece kvalifikacije (3)\" width=\"300\" height=\"225\" class=\"alignleft size-medium wp-image-46186\" srcset=\"https:\/\/www.prijedordanas.com\/wp-content\/uploads\/2016\/04\/takmicenje-prijedor-moj-grad-u-srpskoj-trece-kvalifikacije-3-300x225.jpg 300w, https:\/\/www.prijedordanas.com\/wp-content\/uploads\/2016\/04\/takmicenje-prijedor-moj-grad-u-srpskoj-trece-kvalifikacije-3.jpg 600w\" sizes=\"(max-width: 300px) 100vw, 300px\" \/><\/a> <a href=\"https:\/\/www.prijedordanas.com\/wp-content\/uploads\/2016\/04\/takmicenje-prijedor-moj-grad-u-srpskoj-trece-kvalifikacije-4.jpg\" rel=\"attachment wp-att-46187\"><img loading=\"lazy\" decoding=\"async\" src=\"https:\/\/www.prijedordanas.com\/wp-content\/uploads\/2016\/04\/takmicenje-prijedor-moj-grad-u-srpskoj-trece-kvalifikacije-4-300x225.jpg\" alt=\"takmicenje-prijedor moj grad u srpskoj-trece kvalifikacije (4)\" width=\"300\" height=\"225\" class=\"alignleft size-medium wp-image-46187\" srcset=\"https:\/\/www.prijedordanas.com\/wp-content\/uploads\/2016\/04\/takmicenje-prijedor-moj-grad-u-srpskoj-trece-kvalifikacije-4-300x225.jpg 300w, https:\/\/www.prijedordanas.com\/wp-content\/uploads\/2016\/04\/takmicenje-prijedor-moj-grad-u-srpskoj-trece-kvalifikacije-4.jpg 600w\" sizes=\"(max-width: 300px) 100vw, 300px\" \/><\/a> <a href=\"https:\/\/www.prijedordanas.com\/wp-content\/uploads\/2016\/04\/takmicenje-prijedor-moj-grad-u-srpskoj-trece-kvalifikacije-5.jpg\" rel=\"attachment wp-att-46188\"><img loading=\"lazy\" decoding=\"async\" src=\"https:\/\/www.prijedordanas.com\/wp-content\/uploads\/2016\/04\/takmicenje-prijedor-moj-grad-u-srpskoj-trece-kvalifikacije-5-300x225.jpg\" alt=\"takmicenje-prijedor moj grad u srpskoj-trece kvalifikacije (5)\" width=\"300\" height=\"225\" class=\"alignleft size-medium wp-image-46188\" srcset=\"https:\/\/www.prijedordanas.com\/wp-content\/uploads\/2016\/04\/takmicenje-prijedor-moj-grad-u-srpskoj-trece-kvalifikacije-5-300x225.jpg 300w, https:\/\/www.prijedordanas.com\/wp-content\/uploads\/2016\/04\/takmicenje-prijedor-moj-grad-u-srpskoj-trece-kvalifikacije-5.jpg 600w\" sizes=\"(max-width: 300px) 100vw, 300px\" \/><\/a> <a href=\"https:\/\/www.prijedordanas.com\/wp-content\/uploads\/2016\/04\/takmicenje-prijedor-moj-grad-u-srpskoj-trece-kvalifikacije-2.jpg\" rel=\"attachment wp-att-46189\"><img loading=\"lazy\" decoding=\"async\" src=\"https:\/\/www.prijedordanas.com\/wp-content\/uploads\/2016\/04\/takmicenje-prijedor-moj-grad-u-srpskoj-trece-kvalifikacije-2-300x225.jpg\" alt=\"takmicenje-prijedor moj grad u srpskoj-trece kvalifikacije (2)\" width=\"300\" height=\"225\" class=\"alignleft size-medium wp-image-46189\" srcset=\"https:\/\/www.prijedordanas.com\/wp-content\/uploads\/2016\/04\/takmicenje-prijedor-moj-grad-u-srpskoj-trece-kvalifikacije-2-300x225.jpg 300w, https:\/\/www.prijedordanas.com\/wp-content\/uploads\/2016\/04\/takmicenje-prijedor-moj-grad-u-srpskoj-trece-kvalifikacije-2.jpg 600w\" sizes=\"(max-width: 300px) 100vw, 300px\" \/><\/a><\/p>\n","protected":false},"excerpt":{"rendered":"<p>U\u010denici O\u0160 \u201cPetar Ko\u010di\u0107\u201d iz Prijedora i O\u0160 \u201cKozarac\u201d iz Kozarca tre\u0107i su polufinalisti me\u0111u\u0161kolskog takmi\u010denja u\u010denika od prvog do petog razreda &#8220;Prijedor, moj grad u Srpskoj&#8221;. Kviz znanja i [&hellip;]<\/p>\n","protected":false},"author":1,"featured_media":0,"comment_status":"closed","ping_status":"open","sticky":false,"template":"","format":"standard","meta":{"_monsterinsights_skip_tracking":false,"_monsterinsights_sitenote_active":false,"_monsterinsights_sitenote_note":"","_monsterinsights_sitenote_category":0,"footnotes":""},"categories":[4],"tags":[2626,5589,5275,6757,3282,1116],"yoast_head":"<!-- This site is optimized with the Yoast SEO plugin v21.6 - https:\/\/yoast.com\/wordpress\/plugins\/seo\/ -->\n<title>POZNATI SVI POLUFINALISTI KVIZA \u201cPRIJEDOR, MOJ GRAD U SRPSKOJ\u201d: DANAS PO\u010cINJE ZAVR\u0160NICA - FOTO - PrijedorDanas.com - Prijedorski gradski portal<\/title>\n<meta name=\"robots\" content=\"index, follow, max-snippet:-1, max-image-preview:large, max-video-preview:-1\" \/>\n<link rel=\"canonical\" href=\"https:\/\/www.prijedordanas.com\/?p=46164\" \/>\n<meta property=\"og:locale\" content=\"en_US\" \/>\n<meta property=\"og:type\" content=\"article\" \/>\n<meta property=\"og:title\" content=\"POZNATI SVI POLUFINALISTI KVIZA \u201cPRIJEDOR, MOJ GRAD U SRPSKOJ\u201d: DANAS PO\u010cINJE ZAVR\u0160NICA - FOTO - PrijedorDanas.com - Prijedorski gradski portal\" \/>\n<meta property=\"og:description\" content=\"U\u010denici O\u0160 \u201cPetar Ko\u010di\u0107\u201d iz Prijedora i O\u0160 \u201cKozarac\u201d iz Kozarca tre\u0107i su polufinalisti me\u0111u\u0161kolskog takmi\u010denja u\u010denika od prvog do petog razreda &#8220;Prijedor, moj grad u Srpskoj&#8221;. Kviz znanja i [&hellip;]\" \/>\n<meta property=\"og:url\" content=\"https:\/\/www.prijedordanas.com\/?p=46164\" \/>\n<meta property=\"og:site_name\" content=\"PrijedorDanas.com - Prijedorski gradski portal\" \/>\n<meta property=\"article:publisher\" content=\"https:\/\/www.facebook.com\/PrijedorDanasCom\/\" \/>\n<meta property=\"article:published_time\" content=\"2016-04-02T06:10:01+00:00\" \/>\n<meta property=\"og:image\" content=\"https:\/\/www.prijedordanas.com\/wp-content\/uploads\/2016\/04\/takmicenje-prijedor-moj-grad-u-srpskoj-trece-kvalifikacije-1-300x225.jpg\" \/>\n<meta name=\"author\" content=\"admin\" \/>\n<meta name=\"twitter:card\" content=\"summary_large_image\" \/>\n<meta name=\"twitter:label1\" content=\"Written by\" \/>\n\t<meta name=\"twitter:data1\" content=\"admin\" \/>\n\t<meta name=\"twitter:label2\" content=\"Est. reading time\" \/>\n\t<meta name=\"twitter:data2\" content=\"1 minute\" \/>\n<script type=\"application\/ld+json\" class=\"yoast-schema-graph\">{\"@context\":\"https:\/\/schema.org\",\"@graph\":[{\"@type\":\"Article\",\"@id\":\"https:\/\/www.prijedordanas.com\/?p=46164#article\",\"isPartOf\":{\"@id\":\"https:\/\/www.prijedordanas.com\/?p=46164\"},\"author\":{\"name\":\"admin\",\"@id\":\"https:\/\/www.prijedordanas.com\/#\/schema\/person\/4e08ccf29b506ca916ff86d46bb700e6\"},\"headline\":\"POZNATI SVI POLUFINALISTI KVIZA \u201cPRIJEDOR, MOJ GRAD U SRPSKOJ\u201d: DANAS PO\u010cINJE ZAVR\u0160NICA &#8211; FOTO\",\"datePublished\":\"2016-04-02T06:10:01+00:00\",\"dateModified\":\"2016-04-02T06:10:01+00:00\",\"mainEntityOfPage\":{\"@id\":\"https:\/\/www.prijedordanas.com\/?p=46164\"},\"wordCount\":162,\"publisher\":{\"@id\":\"https:\/\/www.prijedordanas.com\/#organization\"},\"keywords\":[\"Arselor Mital Prijedor\",\"kviz\",\"O\u0160 \\\"Petar Ko\u010di\u0107\\\" Prijedor\",\"Prijedor moj grad u Srpskoj\",\"Sport Vision\",\"takmi\u010denje\"],\"articleSection\":[\"Dru\u0161tvo\"],\"inLanguage\":\"en-US\"},{\"@type\":\"WebPage\",\"@id\":\"https:\/\/www.prijedordanas.com\/?p=46164\",\"url\":\"https:\/\/www.prijedordanas.com\/?p=46164\",\"name\":\"POZNATI SVI POLUFINALISTI KVIZA \u201cPRIJEDOR, MOJ GRAD U SRPSKOJ\u201d: DANAS PO\u010cINJE ZAVR\u0160NICA - FOTO - PrijedorDanas.com - Prijedorski gradski portal\",\"isPartOf\":{\"@id\":\"https:\/\/www.prijedordanas.com\/#website\"},\"datePublished\":\"2016-04-02T06:10:01+00:00\",\"dateModified\":\"2016-04-02T06:10:01+00:00\",\"breadcrumb\":{\"@id\":\"https:\/\/www.prijedordanas.com\/?p=46164#breadcrumb\"},\"inLanguage\":\"en-US\",\"potentialAction\":[{\"@type\":\"ReadAction\",\"target\":[\"https:\/\/www.prijedordanas.com\/?p=46164\"]}]},{\"@type\":\"BreadcrumbList\",\"@id\":\"https:\/\/www.prijedordanas.com\/?p=46164#breadcrumb\",\"itemListElement\":[{\"@type\":\"ListItem\",\"position\":1,\"name\":\"Home\",\"item\":\"https:\/\/www.prijedordanas.com\/\"},{\"@type\":\"ListItem\",\"position\":2,\"name\":\"POZNATI SVI POLUFINALISTI KVIZA \u201cPRIJEDOR, MOJ GRAD U SRPSKOJ\u201d: DANAS PO\u010cINJE ZAVR\u0160NICA &#8211; FOTO\"}]},{\"@type\":\"WebSite\",\"@id\":\"https:\/\/www.prijedordanas.com\/#website\",\"url\":\"https:\/\/www.prijedordanas.com\/\",\"name\":\"PrijedorDanas.com - Prijedorski gradski portal\",\"description\":\"Portal o doga\u0111anjima u gradu Prijedoru\",\"publisher\":{\"@id\":\"https:\/\/www.prijedordanas.com\/#organization\"},\"potentialAction\":[{\"@type\":\"SearchAction\",\"target\":{\"@type\":\"EntryPoint\",\"urlTemplate\":\"https:\/\/www.prijedordanas.com\/?s={search_term_string}\"},\"query-input\":\"required name=search_term_string\"}],\"inLanguage\":\"en-US\"},{\"@type\":\"Organization\",\"@id\":\"https:\/\/www.prijedordanas.com\/#organization\",\"name\":\"PrijedorDanas.com\",\"url\":\"https:\/\/www.prijedordanas.com\/\",\"logo\":{\"@type\":\"ImageObject\",\"inLanguage\":\"en-US\",\"@id\":\"https:\/\/www.prijedordanas.com\/#\/schema\/logo\/image\/\",\"url\":\"http:\/\/www.prijedordanas.com\/wp-content\/uploads\/2021\/12\/logopng.png\",\"contentUrl\":\"http:\/\/www.prijedordanas.com\/wp-content\/uploads\/2021\/12\/logopng.png\",\"width\":1019,\"height\":776,\"caption\":\"PrijedorDanas.com\"},\"image\":{\"@id\":\"https:\/\/www.prijedordanas.com\/#\/schema\/logo\/image\/\"},\"sameAs\":[\"https:\/\/www.facebook.com\/PrijedorDanasCom\/\"]},{\"@type\":\"Person\",\"@id\":\"https:\/\/www.prijedordanas.com\/#\/schema\/person\/4e08ccf29b506ca916ff86d46bb700e6\",\"name\":\"admin\",\"image\":{\"@type\":\"ImageObject\",\"inLanguage\":\"en-US\",\"@id\":\"https:\/\/www.prijedordanas.com\/#\/schema\/person\/image\/\",\"url\":\"https:\/\/secure.gravatar.com\/avatar\/1d3fc949d550f0b53a5f0d51e06dfd79?s=96&d=mm&r=g\",\"contentUrl\":\"https:\/\/secure.gravatar.com\/avatar\/1d3fc949d550f0b53a5f0d51e06dfd79?s=96&d=mm&r=g\",\"caption\":\"admin\"},\"url\":\"https:\/\/www.prijedordanas.com\/?author=1\"}]}<\/script>\n<!-- \/ Yoast SEO plugin. -->","yoast_head_json":{"title":"POZNATI SVI POLUFINALISTI KVIZA \u201cPRIJEDOR, MOJ GRAD U SRPSKOJ\u201d: DANAS PO\u010cINJE ZAVR\u0160NICA - FOTO - PrijedorDanas.com - Prijedorski gradski portal","robots":{"index":"index","follow":"follow","max-snippet":"max-snippet:-1","max-image-preview":"max-image-preview:large","max-video-preview":"max-video-preview:-1"},"canonical":"https:\/\/www.prijedordanas.com\/?p=46164","og_locale":"en_US","og_type":"article","og_title":"POZNATI SVI POLUFINALISTI KVIZA \u201cPRIJEDOR, MOJ GRAD U SRPSKOJ\u201d: DANAS PO\u010cINJE ZAVR\u0160NICA - FOTO - PrijedorDanas.com - Prijedorski gradski portal","og_description":"U\u010denici O\u0160 \u201cPetar Ko\u010di\u0107\u201d iz Prijedora i O\u0160 \u201cKozarac\u201d iz Kozarca tre\u0107i su polufinalisti me\u0111u\u0161kolskog takmi\u010denja u\u010denika od prvog do petog razreda &#8220;Prijedor, moj grad u Srpskoj&#8221;. Kviz znanja i [&hellip;]","og_url":"https:\/\/www.prijedordanas.com\/?p=46164","og_site_name":"PrijedorDanas.com - Prijedorski gradski portal","article_publisher":"https:\/\/www.facebook.com\/PrijedorDanasCom\/","article_published_time":"2016-04-02T06:10:01+00:00","og_image":[{"url":"https:\/\/www.prijedordanas.com\/wp-content\/uploads\/2016\/04\/takmicenje-prijedor-moj-grad-u-srpskoj-trece-kvalifikacije-1-300x225.jpg"}],"author":"admin","twitter_card":"summary_large_image","twitter_misc":{"Written by":"admin","Est. reading time":"1 minute"},"schema":{"@context":"https:\/\/schema.org","@graph":[{"@type":"Article","@id":"https:\/\/www.prijedordanas.com\/?p=46164#article","isPartOf":{"@id":"https:\/\/www.prijedordanas.com\/?p=46164"},"author":{"name":"admin","@id":"https:\/\/www.prijedordanas.com\/#\/schema\/person\/4e08ccf29b506ca916ff86d46bb700e6"},"headline":"POZNATI SVI POLUFINALISTI KVIZA \u201cPRIJEDOR, MOJ GRAD U SRPSKOJ\u201d: DANAS PO\u010cINJE ZAVR\u0160NICA &#8211; FOTO","datePublished":"2016-04-02T06:10:01+00:00","dateModified":"2016-04-02T06:10:01+00:00","mainEntityOfPage":{"@id":"https:\/\/www.prijedordanas.com\/?p=46164"},"wordCount":162,"publisher":{"@id":"https:\/\/www.prijedordanas.com\/#organization"},"keywords":["Arselor Mital Prijedor","kviz","O\u0160 \"Petar Ko\u010di\u0107\" Prijedor","Prijedor moj grad u Srpskoj","Sport Vision","takmi\u010denje"],"articleSection":["Dru\u0161tvo"],"inLanguage":"en-US"},{"@type":"WebPage","@id":"https:\/\/www.prijedordanas.com\/?p=46164","url":"https:\/\/www.prijedordanas.com\/?p=46164","name":"POZNATI SVI POLUFINALISTI KVIZA \u201cPRIJEDOR, MOJ GRAD U SRPSKOJ\u201d: DANAS PO\u010cINJE ZAVR\u0160NICA - FOTO - PrijedorDanas.com - Prijedorski gradski portal","isPartOf":{"@id":"https:\/\/www.prijedordanas.com\/#website"},"datePublished":"2016-04-02T06:10:01+00:00","dateModified":"2016-04-02T06:10:01+00:00","breadcrumb":{"@id":"https:\/\/www.prijedordanas.com\/?p=46164#breadcrumb"},"inLanguage":"en-US","potentialAction":[{"@type":"ReadAction","target":["https:\/\/www.prijedordanas.com\/?p=46164"]}]},{"@type":"BreadcrumbList","@id":"https:\/\/www.prijedordanas.com\/?p=46164#breadcrumb","itemListElement":[{"@type":"ListItem","position":1,"name":"Home","item":"https:\/\/www.prijedordanas.com\/"},{"@type":"ListItem","position":2,"name":"POZNATI SVI POLUFINALISTI KVIZA \u201cPRIJEDOR, MOJ GRAD U SRPSKOJ\u201d: DANAS PO\u010cINJE ZAVR\u0160NICA &#8211; FOTO"}]},{"@type":"WebSite","@id":"https:\/\/www.prijedordanas.com\/#website","url":"https:\/\/www.prijedordanas.com\/","name":"PrijedorDanas.com - Prijedorski gradski portal","description":"Portal o doga\u0111anjima u gradu Prijedoru","publisher":{"@id":"https:\/\/www.prijedordanas.com\/#organization"},"potentialAction":[{"@type":"SearchAction","target":{"@type":"EntryPoint","urlTemplate":"https:\/\/www.prijedordanas.com\/?s={search_term_string}"},"query-input":"required name=search_term_string"}],"inLanguage":"en-US"},{"@type":"Organization","@id":"https:\/\/www.prijedordanas.com\/#organization","name":"PrijedorDanas.com","url":"https:\/\/www.prijedordanas.com\/","logo":{"@type":"ImageObject","inLanguage":"en-US","@id":"https:\/\/www.prijedordanas.com\/#\/schema\/logo\/image\/","url":"http:\/\/www.prijedordanas.com\/wp-content\/uploads\/2021\/12\/logopng.png","contentUrl":"http:\/\/www.prijedordanas.com\/wp-content\/uploads\/2021\/12\/logopng.png","width":1019,"height":776,"caption":"PrijedorDanas.com"},"image":{"@id":"https:\/\/www.prijedordanas.com\/#\/schema\/logo\/image\/"},"sameAs":["https:\/\/www.facebook.com\/PrijedorDanasCom\/"]},{"@type":"Person","@id":"https:\/\/www.prijedordanas.com\/#\/schema\/person\/4e08ccf29b506ca916ff86d46bb700e6","name":"admin","image":{"@type":"ImageObject","inLanguage":"en-US","@id":"https:\/\/www.prijedordanas.com\/#\/schema\/person\/image\/","url":"https:\/\/secure.gravatar.com\/avatar\/1d3fc949d550f0b53a5f0d51e06dfd79?s=96&d=mm&r=g","contentUrl":"https:\/\/secure.gravatar.com\/avatar\/1d3fc949d550f0b53a5f0d51e06dfd79?s=96&d=mm&r=g","caption":"admin"},"url":"https:\/\/www.prijedordanas.com\/?author=1"}]}},"_links":{"self":[{"href":"https:\/\/www.prijedordanas.com\/index.php?rest_route=\/wp\/v2\/posts\/46164"}],"collection":[{"href":"https:\/\/www.prijedordanas.com\/index.php?rest_route=\/wp\/v2\/posts"}],"about":[{"href":"https:\/\/www.prijedordanas.com\/index.php?rest_route=\/wp\/v2\/types\/post"}],"author":[{"embeddable":true,"href":"https:\/\/www.prijedordanas.com\/index.php?rest_route=\/wp\/v2\/users\/1"}],"replies":[{"embeddable":true,"href":"https:\/\/www.prijedordanas.com\/index.php?rest_route=%2Fwp%2Fv2%2Fcomments&post=46164"}],"version-history":[{"count":1,"href":"https:\/\/www.prijedordanas.com\/index.php?rest_route=\/wp\/v2\/posts\/46164\/revisions"}],"predecessor-version":[{"id":46190,"href":"https:\/\/www.prijedordanas.com\/index.php?rest_route=\/wp\/v2\/posts\/46164\/revisions\/46190"}],"wp:attachment":[{"href":"https:\/\/www.prijedordanas.com\/index.php?rest_route=%2Fwp%2Fv2%2Fmedia&parent=46164"}],"wp:term":[{"taxonomy":"category","embeddable":true,"href":"https:\/\/www.prijedordanas.com\/index.php?rest_route=%2Fwp%2Fv2%2Fcategories&post=46164"},{"taxonomy":"post_tag","embeddable":true,"href":"https:\/\/www.prijedordanas.com\/index.php?rest_route=%2Fwp%2Fv2%2Ftags&post=46164"}],"curies":[{"name":"wp","href":"https:\/\/api.w.org\/{rel}","templated":true}]}}