{"id":46144,"date":"2016-04-02T13:08:30","date_gmt":"2016-04-02T11:08:30","guid":{"rendered":"https:\/\/www.prijedordanas.com\/?p=46144"},"modified":"2016-04-02T13:08:30","modified_gmt":"2016-04-02T11:08:30","slug":"prijedorski-bend-jah-balebaroshi-na-takmicenju-peckham-live-stage","status":"publish","type":"post","link":"https:\/\/www.prijedordanas.com\/?p=46144","title":{"rendered":"PRIJEDORSKI BEND \u201eJAH BALEBAROSHI\u201c NA TAKMI\u010cENJU \u201ePECKHAM LIVE STAGE\u201c"},"content":{"rendered":"<p><a href=\"https:\/\/www.prijedordanas.com\/wp-content\/uploads\/2016\/04\/jah-balebaroshi-1.jpg\" rel=\"attachment wp-att-46145\"><img loading=\"lazy\" decoding=\"async\" class=\"alignleft size-medium wp-image-46145\" src=\"https:\/\/www.prijedordanas.com\/wp-content\/uploads\/2016\/04\/jah-balebaroshi-1-300x200.jpg\" alt=\"jah balebaroshi (1)\" width=\"300\" height=\"200\" srcset=\"https:\/\/www.prijedordanas.com\/wp-content\/uploads\/2016\/04\/jah-balebaroshi-1-300x200.jpg 300w, https:\/\/www.prijedordanas.com\/wp-content\/uploads\/2016\/04\/jah-balebaroshi-1-480x320.jpg 480w, https:\/\/www.prijedordanas.com\/wp-content\/uploads\/2016\/04\/jah-balebaroshi-1.jpg 600w\" sizes=\"(max-width: 300px) 100vw, 300px\" \/><\/a>Odr\u017eano je tre\u0107e ve\u010de &#8220;Peckham Live Stage&#8221; takmi\u010denja nastupima bendova &#8220;Nair&#8221; iz Banjaluke i &#8220;Jah Balebaroshi&#8221; iz Prijedora.<\/p>\n<p>Basista benda &#8220;Jah Balebaroshi&#8221; Aleksandar \u017de\u017eelj je nakon nastupa svog benda istakao da je odu\u0161evljen organizacijom festivala, kao i odazivom publike.<\/p>\n<p>&#8220;Tokom svirke imali smo malih tehni\u010dkih problema, me\u0111utim izborili smo se s tim, te se potrudili da zabavimo publiku najbolje \u0161to mo\u017eemo&#8221;, istakao je on, dodav\u0161i da je cilj i \u017eelja ovog sastava prvenstveno nastup na &#8220;OK festu&#8221;.<\/p>\n<p>&#8220;Taj festival na Tjenti\u0161tu nam je najve\u0107a \u017eelja. Bila bi velika \u010dast dijeliti binu sa drugim muzi\u010darima koji \u0107e tu nastupiti, a tako\u0111e bila bi to prilika i za bend da se zbli\u017eimo jo\u0161 vi\u0161e&#8221;, dodao je \u017de\u017eelj.<\/p>\n<p><a href=\"https:\/\/www.prijedordanas.com\/wp-content\/uploads\/2016\/04\/jah-balebaroshi-2.jpg\" rel=\"attachment wp-att-46146\"><img loading=\"lazy\" decoding=\"async\" class=\"alignleft size-medium wp-image-46146\" src=\"https:\/\/www.prijedordanas.com\/wp-content\/uploads\/2016\/04\/jah-balebaroshi-2-300x196.jpg\" alt=\"jah balebaroshi (2)\" width=\"300\" height=\"196\" srcset=\"https:\/\/www.prijedordanas.com\/wp-content\/uploads\/2016\/04\/jah-balebaroshi-2-300x196.jpg 300w, https:\/\/www.prijedordanas.com\/wp-content\/uploads\/2016\/04\/jah-balebaroshi-2.jpg 600w\" sizes=\"(max-width: 300px) 100vw, 300px\" \/><\/a>Prijedorski sastav je svoj nastup u Banjaluci zapo\u010deo repertoarom br\u017eih pjesama, te na taj na\u010din zapalio publiku u &#8220;Peckham Pubu&#8221;. \u010clanovi ovog sastava su Mladen \u0160ljegovi\u0107 za klavijaturama, Alen Rado\u0161evi\u0107 &#8211; bubanj, Aleksandar \u017de\u017eelj &#8211; bas gitara, Amanda \u010calupa &#8211; vokal i Ognjen Do\u0161en &#8211; gitara.<\/p>\n<p>Nakon Prijedor\u010dana, na binu se popeo mladi banjalu\u010dki bend &#8220;Nair&#8221;. Ovaj sastav je ve\u0107 prvom pjesmom privukao pa\u017enju publike umije\u0107em sviranja Irene Perinovi\u0107, koja je sjedila za bubnjevima.<\/p>\n<p>Banjalu\u010dani su tako\u0111e svirali mje\u0161oviti repertoar, kojeg su \u010dinile autorske pjesme, kao i obrade poznatih pjesama.<\/p>\n<p>Boris \u017divkovi\u0107, gitarista ovog benda, isti\u010de da im je dru\u017eenje najbitnija stvar tokom trajanja takmi\u010denja &#8220;Peckham Live Stage&#8221;.<\/p>\n<p>&#8220;Nastup smo po\u010deli autorskim pjesmama, a onda smo nadovezali fond obrada. Nama je na bini bilo odli\u010dno, vjerujem da se i publika zabavljala kao i mi&#8221;, dodao je \u017divkovi\u0107.<\/p>\n<p>&#8220;Nair&#8221;, iako mlad bend, svojim nastupom je pokazao ozbiljnost i predanost radu, te uvjerio publiku da su spremni i za ve\u0107e izazove. Ovaj bend je nastao u septembru 2014. godine, a \u010dlanovi su pjeva\u010dica Nada Danilovi\u0107, bubnjar Irena Perinovi\u0107, gitaristi Boris \u017divkovi\u0107 i \u017deljko Radovanovi\u0107, te basista Vladimir Peji\u0107.<\/p>\n<p>Nezavisne novine<\/p>\n<p><iframe loading=\"lazy\" width=\"500\" height=\"281\" src=\"https:\/\/www.youtube.com\/embed\/aDcOJENrXEE?feature=oembed\" frameborder=\"0\" allowfullscreen><\/iframe><\/p>\n","protected":false},"excerpt":{"rendered":"<p>Odr\u017eano je tre\u0107e ve\u010de &#8220;Peckham Live Stage&#8221; takmi\u010denja nastupima bendova &#8220;Nair&#8221; iz Banjaluke i &#8220;Jah Balebaroshi&#8221; iz Prijedora. Basista benda &#8220;Jah Balebaroshi&#8221; Aleksandar \u017de\u017eelj je nakon nastupa svog benda istakao [&hellip;]<\/p>\n","protected":false},"author":1,"featured_media":0,"comment_status":"closed","ping_status":"open","sticky":false,"template":"","format":"standard","meta":{"_monsterinsights_skip_tracking":false,"_monsterinsights_sitenote_active":false,"_monsterinsights_sitenote_note":"","_monsterinsights_sitenote_category":0,"footnotes":""},"categories":[6],"tags":[7358,7356,7357,1116],"yoast_head":"<!-- This site is optimized with the Yoast SEO plugin v21.6 - https:\/\/yoast.com\/wordpress\/plugins\/seo\/ -->\n<title>PRIJEDORSKI BEND \u201eJAH BALEBAROSHI\u201c NA TAKMI\u010cENJU \u201ePECKHAM LIVE STAGE\u201c - PrijedorDanas.com - Prijedorski gradski portal<\/title>\n<meta name=\"robots\" content=\"index, follow, max-snippet:-1, max-image-preview:large, max-video-preview:-1\" \/>\n<link rel=\"canonical\" href=\"https:\/\/www.prijedordanas.com\/?p=46144\" \/>\n<meta property=\"og:locale\" content=\"en_US\" \/>\n<meta property=\"og:type\" content=\"article\" \/>\n<meta property=\"og:title\" content=\"PRIJEDORSKI BEND \u201eJAH BALEBAROSHI\u201c NA TAKMI\u010cENJU \u201ePECKHAM LIVE STAGE\u201c - PrijedorDanas.com - Prijedorski gradski portal\" \/>\n<meta property=\"og:description\" content=\"Odr\u017eano je tre\u0107e ve\u010de &#8220;Peckham Live Stage&#8221; takmi\u010denja nastupima bendova &#8220;Nair&#8221; iz Banjaluke i &#8220;Jah Balebaroshi&#8221; iz Prijedora. Basista benda &#8220;Jah Balebaroshi&#8221; Aleksandar \u017de\u017eelj je nakon nastupa svog benda istakao [&hellip;]\" \/>\n<meta property=\"og:url\" content=\"https:\/\/www.prijedordanas.com\/?p=46144\" \/>\n<meta property=\"og:site_name\" content=\"PrijedorDanas.com - Prijedorski gradski portal\" \/>\n<meta property=\"article:publisher\" content=\"https:\/\/www.facebook.com\/PrijedorDanasCom\/\" \/>\n<meta property=\"article:published_time\" content=\"2016-04-02T11:08:30+00:00\" \/>\n<meta property=\"og:image\" content=\"https:\/\/www.prijedordanas.com\/wp-content\/uploads\/2016\/04\/jah-balebaroshi-1-300x200.jpg\" \/>\n<meta name=\"author\" content=\"admin\" \/>\n<meta name=\"twitter:card\" content=\"summary_large_image\" \/>\n<meta name=\"twitter:label1\" content=\"Written by\" \/>\n\t<meta name=\"twitter:data1\" content=\"admin\" \/>\n\t<meta name=\"twitter:label2\" content=\"Est. reading time\" \/>\n\t<meta name=\"twitter:data2\" content=\"2 minutes\" \/>\n<script type=\"application\/ld+json\" class=\"yoast-schema-graph\">{\"@context\":\"https:\/\/schema.org\",\"@graph\":[{\"@type\":\"Article\",\"@id\":\"https:\/\/www.prijedordanas.com\/?p=46144#article\",\"isPartOf\":{\"@id\":\"https:\/\/www.prijedordanas.com\/?p=46144\"},\"author\":{\"name\":\"admin\",\"@id\":\"https:\/\/www.prijedordanas.com\/#\/schema\/person\/4e08ccf29b506ca916ff86d46bb700e6\"},\"headline\":\"PRIJEDORSKI BEND \u201eJAH BALEBAROSHI\u201c NA TAKMI\u010cENJU \u201ePECKHAM LIVE STAGE\u201c\",\"datePublished\":\"2016-04-02T11:08:30+00:00\",\"dateModified\":\"2016-04-02T11:08:30+00:00\",\"mainEntityOfPage\":{\"@id\":\"https:\/\/www.prijedordanas.com\/?p=46144\"},\"wordCount\":353,\"publisher\":{\"@id\":\"https:\/\/www.prijedordanas.com\/#organization\"},\"keywords\":[\"bendovi\",\"Jah Balebaroshi\",\"Peckham Live Stage\",\"takmi\u010denje\"],\"articleSection\":[\"Kultura\"],\"inLanguage\":\"en-US\"},{\"@type\":\"WebPage\",\"@id\":\"https:\/\/www.prijedordanas.com\/?p=46144\",\"url\":\"https:\/\/www.prijedordanas.com\/?p=46144\",\"name\":\"PRIJEDORSKI BEND \u201eJAH BALEBAROSHI\u201c NA TAKMI\u010cENJU \u201ePECKHAM LIVE STAGE\u201c - PrijedorDanas.com - Prijedorski gradski portal\",\"isPartOf\":{\"@id\":\"https:\/\/www.prijedordanas.com\/#website\"},\"datePublished\":\"2016-04-02T11:08:30+00:00\",\"dateModified\":\"2016-04-02T11:08:30+00:00\",\"breadcrumb\":{\"@id\":\"https:\/\/www.prijedordanas.com\/?p=46144#breadcrumb\"},\"inLanguage\":\"en-US\",\"potentialAction\":[{\"@type\":\"ReadAction\",\"target\":[\"https:\/\/www.prijedordanas.com\/?p=46144\"]}]},{\"@type\":\"BreadcrumbList\",\"@id\":\"https:\/\/www.prijedordanas.com\/?p=46144#breadcrumb\",\"itemListElement\":[{\"@type\":\"ListItem\",\"position\":1,\"name\":\"Home\",\"item\":\"https:\/\/www.prijedordanas.com\/\"},{\"@type\":\"ListItem\",\"position\":2,\"name\":\"PRIJEDORSKI BEND \u201eJAH BALEBAROSHI\u201c NA TAKMI\u010cENJU \u201ePECKHAM LIVE STAGE\u201c\"}]},{\"@type\":\"WebSite\",\"@id\":\"https:\/\/www.prijedordanas.com\/#website\",\"url\":\"https:\/\/www.prijedordanas.com\/\",\"name\":\"PrijedorDanas.com - Prijedorski gradski portal\",\"description\":\"Portal o doga\u0111anjima u gradu Prijedoru\",\"publisher\":{\"@id\":\"https:\/\/www.prijedordanas.com\/#organization\"},\"potentialAction\":[{\"@type\":\"SearchAction\",\"target\":{\"@type\":\"EntryPoint\",\"urlTemplate\":\"https:\/\/www.prijedordanas.com\/?s={search_term_string}\"},\"query-input\":\"required name=search_term_string\"}],\"inLanguage\":\"en-US\"},{\"@type\":\"Organization\",\"@id\":\"https:\/\/www.prijedordanas.com\/#organization\",\"name\":\"PrijedorDanas.com\",\"url\":\"https:\/\/www.prijedordanas.com\/\",\"logo\":{\"@type\":\"ImageObject\",\"inLanguage\":\"en-US\",\"@id\":\"https:\/\/www.prijedordanas.com\/#\/schema\/logo\/image\/\",\"url\":\"http:\/\/www.prijedordanas.com\/wp-content\/uploads\/2021\/12\/logopng.png\",\"contentUrl\":\"http:\/\/www.prijedordanas.com\/wp-content\/uploads\/2021\/12\/logopng.png\",\"width\":1019,\"height\":776,\"caption\":\"PrijedorDanas.com\"},\"image\":{\"@id\":\"https:\/\/www.prijedordanas.com\/#\/schema\/logo\/image\/\"},\"sameAs\":[\"https:\/\/www.facebook.com\/PrijedorDanasCom\/\"]},{\"@type\":\"Person\",\"@id\":\"https:\/\/www.prijedordanas.com\/#\/schema\/person\/4e08ccf29b506ca916ff86d46bb700e6\",\"name\":\"admin\",\"image\":{\"@type\":\"ImageObject\",\"inLanguage\":\"en-US\",\"@id\":\"https:\/\/www.prijedordanas.com\/#\/schema\/person\/image\/\",\"url\":\"https:\/\/secure.gravatar.com\/avatar\/1d3fc949d550f0b53a5f0d51e06dfd79?s=96&d=mm&r=g\",\"contentUrl\":\"https:\/\/secure.gravatar.com\/avatar\/1d3fc949d550f0b53a5f0d51e06dfd79?s=96&d=mm&r=g\",\"caption\":\"admin\"},\"url\":\"https:\/\/www.prijedordanas.com\/?author=1\"}]}<\/script>\n<!-- \/ Yoast SEO plugin. -->","yoast_head_json":{"title":"PRIJEDORSKI BEND \u201eJAH BALEBAROSHI\u201c NA TAKMI\u010cENJU \u201ePECKHAM LIVE STAGE\u201c - PrijedorDanas.com - Prijedorski gradski portal","robots":{"index":"index","follow":"follow","max-snippet":"max-snippet:-1","max-image-preview":"max-image-preview:large","max-video-preview":"max-video-preview:-1"},"canonical":"https:\/\/www.prijedordanas.com\/?p=46144","og_locale":"en_US","og_type":"article","og_title":"PRIJEDORSKI BEND \u201eJAH BALEBAROSHI\u201c NA TAKMI\u010cENJU \u201ePECKHAM LIVE STAGE\u201c - PrijedorDanas.com - Prijedorski gradski portal","og_description":"Odr\u017eano je tre\u0107e ve\u010de &#8220;Peckham Live Stage&#8221; takmi\u010denja nastupima bendova &#8220;Nair&#8221; iz Banjaluke i &#8220;Jah Balebaroshi&#8221; iz Prijedora. Basista benda &#8220;Jah Balebaroshi&#8221; Aleksandar \u017de\u017eelj je nakon nastupa svog benda istakao [&hellip;]","og_url":"https:\/\/www.prijedordanas.com\/?p=46144","og_site_name":"PrijedorDanas.com - Prijedorski gradski portal","article_publisher":"https:\/\/www.facebook.com\/PrijedorDanasCom\/","article_published_time":"2016-04-02T11:08:30+00:00","og_image":[{"url":"https:\/\/www.prijedordanas.com\/wp-content\/uploads\/2016\/04\/jah-balebaroshi-1-300x200.jpg"}],"author":"admin","twitter_card":"summary_large_image","twitter_misc":{"Written by":"admin","Est. reading time":"2 minutes"},"schema":{"@context":"https:\/\/schema.org","@graph":[{"@type":"Article","@id":"https:\/\/www.prijedordanas.com\/?p=46144#article","isPartOf":{"@id":"https:\/\/www.prijedordanas.com\/?p=46144"},"author":{"name":"admin","@id":"https:\/\/www.prijedordanas.com\/#\/schema\/person\/4e08ccf29b506ca916ff86d46bb700e6"},"headline":"PRIJEDORSKI BEND \u201eJAH BALEBAROSHI\u201c NA TAKMI\u010cENJU \u201ePECKHAM LIVE STAGE\u201c","datePublished":"2016-04-02T11:08:30+00:00","dateModified":"2016-04-02T11:08:30+00:00","mainEntityOfPage":{"@id":"https:\/\/www.prijedordanas.com\/?p=46144"},"wordCount":353,"publisher":{"@id":"https:\/\/www.prijedordanas.com\/#organization"},"keywords":["bendovi","Jah Balebaroshi","Peckham Live Stage","takmi\u010denje"],"articleSection":["Kultura"],"inLanguage":"en-US"},{"@type":"WebPage","@id":"https:\/\/www.prijedordanas.com\/?p=46144","url":"https:\/\/www.prijedordanas.com\/?p=46144","name":"PRIJEDORSKI BEND \u201eJAH BALEBAROSHI\u201c NA TAKMI\u010cENJU \u201ePECKHAM LIVE STAGE\u201c - PrijedorDanas.com - Prijedorski gradski portal","isPartOf":{"@id":"https:\/\/www.prijedordanas.com\/#website"},"datePublished":"2016-04-02T11:08:30+00:00","dateModified":"2016-04-02T11:08:30+00:00","breadcrumb":{"@id":"https:\/\/www.prijedordanas.com\/?p=46144#breadcrumb"},"inLanguage":"en-US","potentialAction":[{"@type":"ReadAction","target":["https:\/\/www.prijedordanas.com\/?p=46144"]}]},{"@type":"BreadcrumbList","@id":"https:\/\/www.prijedordanas.com\/?p=46144#breadcrumb","itemListElement":[{"@type":"ListItem","position":1,"name":"Home","item":"https:\/\/www.prijedordanas.com\/"},{"@type":"ListItem","position":2,"name":"PRIJEDORSKI BEND \u201eJAH BALEBAROSHI\u201c NA TAKMI\u010cENJU \u201ePECKHAM LIVE STAGE\u201c"}]},{"@type":"WebSite","@id":"https:\/\/www.prijedordanas.com\/#website","url":"https:\/\/www.prijedordanas.com\/","name":"PrijedorDanas.com - Prijedorski gradski portal","description":"Portal o doga\u0111anjima u gradu Prijedoru","publisher":{"@id":"https:\/\/www.prijedordanas.com\/#organization"},"potentialAction":[{"@type":"SearchAction","target":{"@type":"EntryPoint","urlTemplate":"https:\/\/www.prijedordanas.com\/?s={search_term_string}"},"query-input":"required name=search_term_string"}],"inLanguage":"en-US"},{"@type":"Organization","@id":"https:\/\/www.prijedordanas.com\/#organization","name":"PrijedorDanas.com","url":"https:\/\/www.prijedordanas.com\/","logo":{"@type":"ImageObject","inLanguage":"en-US","@id":"https:\/\/www.prijedordanas.com\/#\/schema\/logo\/image\/","url":"http:\/\/www.prijedordanas.com\/wp-content\/uploads\/2021\/12\/logopng.png","contentUrl":"http:\/\/www.prijedordanas.com\/wp-content\/uploads\/2021\/12\/logopng.png","width":1019,"height":776,"caption":"PrijedorDanas.com"},"image":{"@id":"https:\/\/www.prijedordanas.com\/#\/schema\/logo\/image\/"},"sameAs":["https:\/\/www.facebook.com\/PrijedorDanasCom\/"]},{"@type":"Person","@id":"https:\/\/www.prijedordanas.com\/#\/schema\/person\/4e08ccf29b506ca916ff86d46bb700e6","name":"admin","image":{"@type":"ImageObject","inLanguage":"en-US","@id":"https:\/\/www.prijedordanas.com\/#\/schema\/person\/image\/","url":"https:\/\/secure.gravatar.com\/avatar\/1d3fc949d550f0b53a5f0d51e06dfd79?s=96&d=mm&r=g","contentUrl":"https:\/\/secure.gravatar.com\/avatar\/1d3fc949d550f0b53a5f0d51e06dfd79?s=96&d=mm&r=g","caption":"admin"},"url":"https:\/\/www.prijedordanas.com\/?author=1"}]}},"_links":{"self":[{"href":"https:\/\/www.prijedordanas.com\/index.php?rest_route=\/wp\/v2\/posts\/46144"}],"collection":[{"href":"https:\/\/www.prijedordanas.com\/index.php?rest_route=\/wp\/v2\/posts"}],"about":[{"href":"https:\/\/www.prijedordanas.com\/index.php?rest_route=\/wp\/v2\/types\/post"}],"author":[{"embeddable":true,"href":"https:\/\/www.prijedordanas.com\/index.php?rest_route=\/wp\/v2\/users\/1"}],"replies":[{"embeddable":true,"href":"https:\/\/www.prijedordanas.com\/index.php?rest_route=%2Fwp%2Fv2%2Fcomments&post=46144"}],"version-history":[{"count":1,"href":"https:\/\/www.prijedordanas.com\/index.php?rest_route=\/wp\/v2\/posts\/46144\/revisions"}],"predecessor-version":[{"id":46147,"href":"https:\/\/www.prijedordanas.com\/index.php?rest_route=\/wp\/v2\/posts\/46144\/revisions\/46147"}],"wp:attachment":[{"href":"https:\/\/www.prijedordanas.com\/index.php?rest_route=%2Fwp%2Fv2%2Fmedia&parent=46144"}],"wp:term":[{"taxonomy":"category","embeddable":true,"href":"https:\/\/www.prijedordanas.com\/index.php?rest_route=%2Fwp%2Fv2%2Fcategories&post=46144"},{"taxonomy":"post_tag","embeddable":true,"href":"https:\/\/www.prijedordanas.com\/index.php?rest_route=%2Fwp%2Fv2%2Ftags&post=46144"}],"curies":[{"name":"wp","href":"https:\/\/api.w.org\/{rel}","templated":true}]}}