{"id":45947,"date":"2016-03-31T16:57:01","date_gmt":"2016-03-31T14:57:01","guid":{"rendered":"https:\/\/www.prijedordanas.com\/?p=45947"},"modified":"2016-03-31T16:57:01","modified_gmt":"2016-03-31T14:57:01","slug":"zavrsena-rekonstrukcija-osnovne-skole-branko-radicevic-u-petrovuceli","status":"publish","type":"post","link":"https:\/\/www.prijedordanas.com\/?p=45947","title":{"rendered":"ZAVR\u0160ENA REKONSTRUKCIJA OSNOVNE \u0160KOLE &#8220;BRANKO RADI\u010cEVI\u0106&#8221; U PETROVU\/\u0106ELI"},"content":{"rendered":"<p><a href=\"https:\/\/www.prijedordanas.com\/wp-content\/uploads\/2016\/03\/srna-os-branko-radicevic-zavrsena-obnova-1.jpg\" rel=\"attachment wp-att-45948\"><img loading=\"lazy\" decoding=\"async\" class=\"alignleft size-medium wp-image-45948\" src=\"https:\/\/www.prijedordanas.com\/wp-content\/uploads\/2016\/03\/srna-os-branko-radicevic-zavrsena-obnova-1-300x225.jpg\" alt=\"srna-os branko radicevic-zavrsena obnova (1)\" width=\"300\" height=\"225\" srcset=\"https:\/\/www.prijedordanas.com\/wp-content\/uploads\/2016\/03\/srna-os-branko-radicevic-zavrsena-obnova-1-300x225.jpg 300w, https:\/\/www.prijedordanas.com\/wp-content\/uploads\/2016\/03\/srna-os-branko-radicevic-zavrsena-obnova-1.jpg 600w\" sizes=\"(max-width: 300px) 100vw, 300px\" \/><\/a>Na zgradu Osnovne \u0161kole &#8220;Branko Radi\u010devi\u0107&#8221; u Petrovu\/\u0106eli kod Prijedora postavljena je nova fasada, a projekat vrijedan 105.000 KM finansirala je EU posredstvom UNDP-a.<\/p>\n<p>Prema tvrdnjama izvo\u0111a\u010da radova, nova fasada trebalo bi da u\u0161tedi od 40 do 45 odsto toplotne energije.<\/p>\n<p>Gradona\u010delnik Prijedora Marko Pavi\u0107 istakao je da grad, \u0111aci i zaposleni u \u0161koli imaju razlog za veselje.<\/p>\n<p>&#8220;U\u010denici i nastavni kadar su ovo i zaslu\u017eili. Ovo je multietni\u010dka \u0161kola koja nije velika, ali se po rezultatima i aktivnostima pokazala velikom&#8221;, rekao je Pavi\u0107 novinarima u Petrovu\/\u0106eli.<\/p>\n<p>On je izrazio zadovoljstvo \u0161to je i Gradska uprava bila u mogu\u0107nosti da pomogne nekoliko projekata koji su realizovani u O\u0160 &#8220;Branko Radi\u010devi\u0107&#8221;.<\/p>\n<p><a href=\"https:\/\/www.prijedordanas.com\/wp-content\/uploads\/2016\/03\/srna-os-branko-radicevic-zavrsena-obnova-2.jpg\" rel=\"attachment wp-att-45949\"><img loading=\"lazy\" decoding=\"async\" src=\"https:\/\/www.prijedordanas.com\/wp-content\/uploads\/2016\/03\/srna-os-branko-radicevic-zavrsena-obnova-2-300x202.jpg\" alt=\"srna-os branko radicevic-zavrsena obnova (2)\" width=\"300\" height=\"202\" class=\"alignleft size-medium wp-image-45949\" srcset=\"https:\/\/www.prijedordanas.com\/wp-content\/uploads\/2016\/03\/srna-os-branko-radicevic-zavrsena-obnova-2-300x202.jpg 300w, https:\/\/www.prijedordanas.com\/wp-content\/uploads\/2016\/03\/srna-os-branko-radicevic-zavrsena-obnova-2.jpg 600w\" sizes=\"(max-width: 300px) 100vw, 300px\" \/><\/a>Direktor \u0161kole Milosava Prani\u0107 navela je da je cilj sprovedenih projekata osavremenjavanje \u0161kole koja bi u\u010denicima trebalo da bude druga ku\u0107a.<\/p>\n<p>&#8220;Ove \u0161kolske godine nastavu poha\u0111a 218 u\u010denika, a u dosada\u0161nja tri projekta grad nam je pomogao sa 5.000 KM&#8221;, istakla je Prani\u0107eva.<\/p>\n<p>Prethodno je u obnovu centralnog \u0161kolskog objekta i fiskulturne sale iz Programa EU za oporavak od poplava ulo\u017eeno 260.000 KM.<\/p>\n<p>Za obnovu osam \u0161kola u Prijedoru nakon poplava 2014. godine, posredstvom UNDP-a, ulo\u017eeno je 2.000.000 KM.<\/p>\n<p>SRNA<\/p>\n","protected":false},"excerpt":{"rendered":"<p>Na zgradu Osnovne \u0161kole &#8220;Branko Radi\u010devi\u0107&#8221; u Petrovu\/\u0106eli kod Prijedora postavljena je nova fasada, a projekat vrijedan 105.000 KM finansirala je EU posredstvom UNDP-a. Prema tvrdnjama izvo\u0111a\u010da radova, nova fasada [&hellip;]<\/p>\n","protected":false},"author":1,"featured_media":0,"comment_status":"closed","ping_status":"open","sticky":false,"template":"","format":"standard","meta":{"_monsterinsights_skip_tracking":false,"_monsterinsights_sitenote_active":false,"_monsterinsights_sitenote_note":"","_monsterinsights_sitenote_category":0,"footnotes":""},"categories":[8],"tags":[7327,515,2594],"yoast_head":"<!-- This site is optimized with the Yoast SEO plugin v21.6 - https:\/\/yoast.com\/wordpress\/plugins\/seo\/ -->\n<title>ZAVR\u0160ENA REKONSTRUKCIJA OSNOVNE \u0160KOLE &quot;BRANKO RADI\u010cEVI\u0106&quot; U PETROVU\/\u0106ELI - PrijedorDanas.com - Prijedorski gradski portal<\/title>\n<meta name=\"robots\" content=\"index, follow, max-snippet:-1, max-image-preview:large, max-video-preview:-1\" \/>\n<link rel=\"canonical\" href=\"https:\/\/www.prijedordanas.com\/?p=45947\" \/>\n<meta property=\"og:locale\" content=\"en_US\" \/>\n<meta property=\"og:type\" content=\"article\" \/>\n<meta property=\"og:title\" content=\"ZAVR\u0160ENA REKONSTRUKCIJA OSNOVNE \u0160KOLE &quot;BRANKO RADI\u010cEVI\u0106&quot; U PETROVU\/\u0106ELI - PrijedorDanas.com - Prijedorski gradski portal\" \/>\n<meta property=\"og:description\" content=\"Na zgradu Osnovne \u0161kole &#8220;Branko Radi\u010devi\u0107&#8221; u Petrovu\/\u0106eli kod Prijedora postavljena je nova fasada, a projekat vrijedan 105.000 KM finansirala je EU posredstvom UNDP-a. Prema tvrdnjama izvo\u0111a\u010da radova, nova fasada [&hellip;]\" \/>\n<meta property=\"og:url\" content=\"https:\/\/www.prijedordanas.com\/?p=45947\" \/>\n<meta property=\"og:site_name\" content=\"PrijedorDanas.com - Prijedorski gradski portal\" \/>\n<meta property=\"article:publisher\" content=\"https:\/\/www.facebook.com\/PrijedorDanasCom\/\" \/>\n<meta property=\"article:published_time\" content=\"2016-03-31T14:57:01+00:00\" \/>\n<meta property=\"og:image\" content=\"https:\/\/www.prijedordanas.com\/wp-content\/uploads\/2016\/03\/srna-os-branko-radicevic-zavrsena-obnova-1-300x225.jpg\" \/>\n<meta name=\"author\" content=\"admin\" \/>\n<meta name=\"twitter:card\" content=\"summary_large_image\" \/>\n<meta name=\"twitter:label1\" content=\"Written by\" \/>\n\t<meta name=\"twitter:data1\" content=\"admin\" \/>\n\t<meta name=\"twitter:label2\" content=\"Est. reading time\" \/>\n\t<meta name=\"twitter:data2\" content=\"1 minute\" \/>\n<script type=\"application\/ld+json\" class=\"yoast-schema-graph\">{\"@context\":\"https:\/\/schema.org\",\"@graph\":[{\"@type\":\"Article\",\"@id\":\"https:\/\/www.prijedordanas.com\/?p=45947#article\",\"isPartOf\":{\"@id\":\"https:\/\/www.prijedordanas.com\/?p=45947\"},\"author\":{\"name\":\"admin\",\"@id\":\"https:\/\/www.prijedordanas.com\/#\/schema\/person\/4e08ccf29b506ca916ff86d46bb700e6\"},\"headline\":\"ZAVR\u0160ENA REKONSTRUKCIJA OSNOVNE \u0160KOLE &#8220;BRANKO RADI\u010cEVI\u0106&#8221; U PETROVU\/\u0106ELI\",\"datePublished\":\"2016-03-31T14:57:01+00:00\",\"dateModified\":\"2016-03-31T14:57:01+00:00\",\"mainEntityOfPage\":{\"@id\":\"https:\/\/www.prijedordanas.com\/?p=45947\"},\"wordCount\":213,\"publisher\":{\"@id\":\"https:\/\/www.prijedordanas.com\/#organization\"},\"keywords\":[\"fasada\",\"O\u0160 Branko Radi\u010devi\u0107\",\"rekonstrukcija\"],\"articleSection\":[\"Svakodnevno\"],\"inLanguage\":\"en-US\"},{\"@type\":\"WebPage\",\"@id\":\"https:\/\/www.prijedordanas.com\/?p=45947\",\"url\":\"https:\/\/www.prijedordanas.com\/?p=45947\",\"name\":\"ZAVR\u0160ENA REKONSTRUKCIJA OSNOVNE \u0160KOLE \\\"BRANKO RADI\u010cEVI\u0106\\\" U PETROVU\/\u0106ELI - PrijedorDanas.com - Prijedorski gradski portal\",\"isPartOf\":{\"@id\":\"https:\/\/www.prijedordanas.com\/#website\"},\"datePublished\":\"2016-03-31T14:57:01+00:00\",\"dateModified\":\"2016-03-31T14:57:01+00:00\",\"breadcrumb\":{\"@id\":\"https:\/\/www.prijedordanas.com\/?p=45947#breadcrumb\"},\"inLanguage\":\"en-US\",\"potentialAction\":[{\"@type\":\"ReadAction\",\"target\":[\"https:\/\/www.prijedordanas.com\/?p=45947\"]}]},{\"@type\":\"BreadcrumbList\",\"@id\":\"https:\/\/www.prijedordanas.com\/?p=45947#breadcrumb\",\"itemListElement\":[{\"@type\":\"ListItem\",\"position\":1,\"name\":\"Home\",\"item\":\"https:\/\/www.prijedordanas.com\/\"},{\"@type\":\"ListItem\",\"position\":2,\"name\":\"ZAVR\u0160ENA REKONSTRUKCIJA OSNOVNE \u0160KOLE &#8220;BRANKO RADI\u010cEVI\u0106&#8221; U PETROVU\/\u0106ELI\"}]},{\"@type\":\"WebSite\",\"@id\":\"https:\/\/www.prijedordanas.com\/#website\",\"url\":\"https:\/\/www.prijedordanas.com\/\",\"name\":\"PrijedorDanas.com - Prijedorski gradski portal\",\"description\":\"Portal o doga\u0111anjima u gradu Prijedoru\",\"publisher\":{\"@id\":\"https:\/\/www.prijedordanas.com\/#organization\"},\"potentialAction\":[{\"@type\":\"SearchAction\",\"target\":{\"@type\":\"EntryPoint\",\"urlTemplate\":\"https:\/\/www.prijedordanas.com\/?s={search_term_string}\"},\"query-input\":\"required name=search_term_string\"}],\"inLanguage\":\"en-US\"},{\"@type\":\"Organization\",\"@id\":\"https:\/\/www.prijedordanas.com\/#organization\",\"name\":\"PrijedorDanas.com\",\"url\":\"https:\/\/www.prijedordanas.com\/\",\"logo\":{\"@type\":\"ImageObject\",\"inLanguage\":\"en-US\",\"@id\":\"https:\/\/www.prijedordanas.com\/#\/schema\/logo\/image\/\",\"url\":\"http:\/\/www.prijedordanas.com\/wp-content\/uploads\/2021\/12\/logopng.png\",\"contentUrl\":\"http:\/\/www.prijedordanas.com\/wp-content\/uploads\/2021\/12\/logopng.png\",\"width\":1019,\"height\":776,\"caption\":\"PrijedorDanas.com\"},\"image\":{\"@id\":\"https:\/\/www.prijedordanas.com\/#\/schema\/logo\/image\/\"},\"sameAs\":[\"https:\/\/www.facebook.com\/PrijedorDanasCom\/\"]},{\"@type\":\"Person\",\"@id\":\"https:\/\/www.prijedordanas.com\/#\/schema\/person\/4e08ccf29b506ca916ff86d46bb700e6\",\"name\":\"admin\",\"image\":{\"@type\":\"ImageObject\",\"inLanguage\":\"en-US\",\"@id\":\"https:\/\/www.prijedordanas.com\/#\/schema\/person\/image\/\",\"url\":\"https:\/\/secure.gravatar.com\/avatar\/1d3fc949d550f0b53a5f0d51e06dfd79?s=96&d=mm&r=g\",\"contentUrl\":\"https:\/\/secure.gravatar.com\/avatar\/1d3fc949d550f0b53a5f0d51e06dfd79?s=96&d=mm&r=g\",\"caption\":\"admin\"},\"url\":\"https:\/\/www.prijedordanas.com\/?author=1\"}]}<\/script>\n<!-- \/ Yoast SEO plugin. -->","yoast_head_json":{"title":"ZAVR\u0160ENA REKONSTRUKCIJA OSNOVNE \u0160KOLE \"BRANKO RADI\u010cEVI\u0106\" U PETROVU\/\u0106ELI - PrijedorDanas.com - Prijedorski gradski portal","robots":{"index":"index","follow":"follow","max-snippet":"max-snippet:-1","max-image-preview":"max-image-preview:large","max-video-preview":"max-video-preview:-1"},"canonical":"https:\/\/www.prijedordanas.com\/?p=45947","og_locale":"en_US","og_type":"article","og_title":"ZAVR\u0160ENA REKONSTRUKCIJA OSNOVNE \u0160KOLE \"BRANKO RADI\u010cEVI\u0106\" U PETROVU\/\u0106ELI - PrijedorDanas.com - Prijedorski gradski portal","og_description":"Na zgradu Osnovne \u0161kole &#8220;Branko Radi\u010devi\u0107&#8221; u Petrovu\/\u0106eli kod Prijedora postavljena je nova fasada, a projekat vrijedan 105.000 KM finansirala je EU posredstvom UNDP-a. Prema tvrdnjama izvo\u0111a\u010da radova, nova fasada [&hellip;]","og_url":"https:\/\/www.prijedordanas.com\/?p=45947","og_site_name":"PrijedorDanas.com - Prijedorski gradski portal","article_publisher":"https:\/\/www.facebook.com\/PrijedorDanasCom\/","article_published_time":"2016-03-31T14:57:01+00:00","og_image":[{"url":"https:\/\/www.prijedordanas.com\/wp-content\/uploads\/2016\/03\/srna-os-branko-radicevic-zavrsena-obnova-1-300x225.jpg"}],"author":"admin","twitter_card":"summary_large_image","twitter_misc":{"Written by":"admin","Est. reading time":"1 minute"},"schema":{"@context":"https:\/\/schema.org","@graph":[{"@type":"Article","@id":"https:\/\/www.prijedordanas.com\/?p=45947#article","isPartOf":{"@id":"https:\/\/www.prijedordanas.com\/?p=45947"},"author":{"name":"admin","@id":"https:\/\/www.prijedordanas.com\/#\/schema\/person\/4e08ccf29b506ca916ff86d46bb700e6"},"headline":"ZAVR\u0160ENA REKONSTRUKCIJA OSNOVNE \u0160KOLE &#8220;BRANKO RADI\u010cEVI\u0106&#8221; U PETROVU\/\u0106ELI","datePublished":"2016-03-31T14:57:01+00:00","dateModified":"2016-03-31T14:57:01+00:00","mainEntityOfPage":{"@id":"https:\/\/www.prijedordanas.com\/?p=45947"},"wordCount":213,"publisher":{"@id":"https:\/\/www.prijedordanas.com\/#organization"},"keywords":["fasada","O\u0160 Branko Radi\u010devi\u0107","rekonstrukcija"],"articleSection":["Svakodnevno"],"inLanguage":"en-US"},{"@type":"WebPage","@id":"https:\/\/www.prijedordanas.com\/?p=45947","url":"https:\/\/www.prijedordanas.com\/?p=45947","name":"ZAVR\u0160ENA REKONSTRUKCIJA OSNOVNE \u0160KOLE \"BRANKO RADI\u010cEVI\u0106\" U PETROVU\/\u0106ELI - PrijedorDanas.com - Prijedorski gradski portal","isPartOf":{"@id":"https:\/\/www.prijedordanas.com\/#website"},"datePublished":"2016-03-31T14:57:01+00:00","dateModified":"2016-03-31T14:57:01+00:00","breadcrumb":{"@id":"https:\/\/www.prijedordanas.com\/?p=45947#breadcrumb"},"inLanguage":"en-US","potentialAction":[{"@type":"ReadAction","target":["https:\/\/www.prijedordanas.com\/?p=45947"]}]},{"@type":"BreadcrumbList","@id":"https:\/\/www.prijedordanas.com\/?p=45947#breadcrumb","itemListElement":[{"@type":"ListItem","position":1,"name":"Home","item":"https:\/\/www.prijedordanas.com\/"},{"@type":"ListItem","position":2,"name":"ZAVR\u0160ENA REKONSTRUKCIJA OSNOVNE \u0160KOLE &#8220;BRANKO RADI\u010cEVI\u0106&#8221; U PETROVU\/\u0106ELI"}]},{"@type":"WebSite","@id":"https:\/\/www.prijedordanas.com\/#website","url":"https:\/\/www.prijedordanas.com\/","name":"PrijedorDanas.com - Prijedorski gradski portal","description":"Portal o doga\u0111anjima u gradu Prijedoru","publisher":{"@id":"https:\/\/www.prijedordanas.com\/#organization"},"potentialAction":[{"@type":"SearchAction","target":{"@type":"EntryPoint","urlTemplate":"https:\/\/www.prijedordanas.com\/?s={search_term_string}"},"query-input":"required name=search_term_string"}],"inLanguage":"en-US"},{"@type":"Organization","@id":"https:\/\/www.prijedordanas.com\/#organization","name":"PrijedorDanas.com","url":"https:\/\/www.prijedordanas.com\/","logo":{"@type":"ImageObject","inLanguage":"en-US","@id":"https:\/\/www.prijedordanas.com\/#\/schema\/logo\/image\/","url":"http:\/\/www.prijedordanas.com\/wp-content\/uploads\/2021\/12\/logopng.png","contentUrl":"http:\/\/www.prijedordanas.com\/wp-content\/uploads\/2021\/12\/logopng.png","width":1019,"height":776,"caption":"PrijedorDanas.com"},"image":{"@id":"https:\/\/www.prijedordanas.com\/#\/schema\/logo\/image\/"},"sameAs":["https:\/\/www.facebook.com\/PrijedorDanasCom\/"]},{"@type":"Person","@id":"https:\/\/www.prijedordanas.com\/#\/schema\/person\/4e08ccf29b506ca916ff86d46bb700e6","name":"admin","image":{"@type":"ImageObject","inLanguage":"en-US","@id":"https:\/\/www.prijedordanas.com\/#\/schema\/person\/image\/","url":"https:\/\/secure.gravatar.com\/avatar\/1d3fc949d550f0b53a5f0d51e06dfd79?s=96&d=mm&r=g","contentUrl":"https:\/\/secure.gravatar.com\/avatar\/1d3fc949d550f0b53a5f0d51e06dfd79?s=96&d=mm&r=g","caption":"admin"},"url":"https:\/\/www.prijedordanas.com\/?author=1"}]}},"_links":{"self":[{"href":"https:\/\/www.prijedordanas.com\/index.php?rest_route=\/wp\/v2\/posts\/45947"}],"collection":[{"href":"https:\/\/www.prijedordanas.com\/index.php?rest_route=\/wp\/v2\/posts"}],"about":[{"href":"https:\/\/www.prijedordanas.com\/index.php?rest_route=\/wp\/v2\/types\/post"}],"author":[{"embeddable":true,"href":"https:\/\/www.prijedordanas.com\/index.php?rest_route=\/wp\/v2\/users\/1"}],"replies":[{"embeddable":true,"href":"https:\/\/www.prijedordanas.com\/index.php?rest_route=%2Fwp%2Fv2%2Fcomments&post=45947"}],"version-history":[{"count":1,"href":"https:\/\/www.prijedordanas.com\/index.php?rest_route=\/wp\/v2\/posts\/45947\/revisions"}],"predecessor-version":[{"id":45950,"href":"https:\/\/www.prijedordanas.com\/index.php?rest_route=\/wp\/v2\/posts\/45947\/revisions\/45950"}],"wp:attachment":[{"href":"https:\/\/www.prijedordanas.com\/index.php?rest_route=%2Fwp%2Fv2%2Fmedia&parent=45947"}],"wp:term":[{"taxonomy":"category","embeddable":true,"href":"https:\/\/www.prijedordanas.com\/index.php?rest_route=%2Fwp%2Fv2%2Fcategories&post=45947"},{"taxonomy":"post_tag","embeddable":true,"href":"https:\/\/www.prijedordanas.com\/index.php?rest_route=%2Fwp%2Fv2%2Ftags&post=45947"}],"curies":[{"name":"wp","href":"https:\/\/api.w.org\/{rel}","templated":true}]}}