{"id":45356,"date":"2016-03-24T14:57:22","date_gmt":"2016-03-24T13:57:22","guid":{"rendered":"https:\/\/www.prijedordanas.com\/?p=45356"},"modified":"2016-03-24T14:57:22","modified_gmt":"2016-03-24T13:57:22","slug":"karadzic-osloboden-optuzbe-za-genocid-u-prijedoru-i-jos-sest-opstina","status":"publish","type":"post","link":"https:\/\/www.prijedordanas.com\/?p=45356","title":{"rendered":"KARAD\u017dI\u0106 OSLOBO\u0110EN OPTU\u017dBE ZA GENOCID U PRIJEDORU I JO\u0160 \u0160EST OP\u0160TINA"},"content":{"rendered":"<p><a href=\"https:\/\/www.prijedordanas.com\/wp-content\/uploads\/2016\/02\/hag-sudnica.jpg\" rel=\"attachment wp-att-40868\"><img loading=\"lazy\" decoding=\"async\" class=\"alignleft size-medium wp-image-40868\" src=\"https:\/\/www.prijedordanas.com\/wp-content\/uploads\/2016\/02\/hag-sudnica-300x135.jpg\" alt=\"hag-sudnica\" width=\"300\" height=\"135\" srcset=\"https:\/\/www.prijedordanas.com\/wp-content\/uploads\/2016\/02\/hag-sudnica-300x135.jpg 300w, https:\/\/www.prijedordanas.com\/wp-content\/uploads\/2016\/02\/hag-sudnica.jpg 604w\" sizes=\"(max-width: 300px) 100vw, 300px\" \/><\/a>Sudsko vije\u0107e Ha\u0161kog tribunala zaklju\u010dilo je da u sedam op\u0161tina u BiH, navedenih u optu\u017enici protiv prvog predsjednika Republike Srpske Radovana Karad\u017ei\u0107a, nije po\u010dinjen genocid, \u010dime je Karad\u017ei\u0107 oslobo\u0111en optu\u017ebe za genocid u Bratuncu, Fo\u010di, Klju\u010du, Prijedoru, Sanskom Mostu, Vlasenici i Zvorniku.<\/p>\n<p>Predsjedavaju\u0107i Sudskog vije\u0107a sudija O-Gon Kvon je pojasnio da Tu\u017eila\u0161tvo nije dokazalo genocid u ovim op\u0161tinama.<\/p>\n<p>Kvon je naglasio da nametnuti uslovi u ovim op\u0161tinama, iako te\u0161ki, nisu imali za cilj da dovedu do djelimi\u010dnog ili potpunog uni\u0161tenja nesrpskog stanovni\u0161tva, kao i da nije postojala genocidna namjera.<\/p>\n<p>Izricanje presude Radovanu Karad\u017ei\u0107u po\u010delo je u 14.00 \u010dasova, a prema planu Ha\u0161kog tribunala trebalo bi da traje najdu\u017ee do 16.30.<\/p>\n<p>SRNA<\/p>\n","protected":false},"excerpt":{"rendered":"<p>Sudsko vije\u0107e Ha\u0161kog tribunala zaklju\u010dilo je da u sedam op\u0161tina u BiH, navedenih u optu\u017enici protiv prvog predsjednika Republike Srpske Radovana Karad\u017ei\u0107a, nije po\u010dinjen genocid, \u010dime je Karad\u017ei\u0107 oslobo\u0111en optu\u017ebe [&hellip;]<\/p>\n","protected":false},"author":1,"featured_media":0,"comment_status":"closed","ping_status":"open","sticky":false,"template":"","format":"standard","meta":{"_monsterinsights_skip_tracking":false,"_monsterinsights_sitenote_active":false,"_monsterinsights_sitenote_note":"","_monsterinsights_sitenote_category":0,"footnotes":""},"categories":[8],"tags":[7239,3968,3074,7238,249],"yoast_head":"<!-- This site is optimized with the Yoast SEO plugin v21.6 - https:\/\/yoast.com\/wordpress\/plugins\/seo\/ -->\n<title>KARAD\u017dI\u0106 OSLOBO\u0110EN OPTU\u017dBE ZA GENOCID U PRIJEDORU I JO\u0160 \u0160EST OP\u0160TINA - PrijedorDanas.com - Prijedorski gradski portal<\/title>\n<meta name=\"robots\" content=\"index, follow, max-snippet:-1, max-image-preview:large, max-video-preview:-1\" \/>\n<link rel=\"canonical\" href=\"https:\/\/www.prijedordanas.com\/?p=45356\" \/>\n<meta property=\"og:locale\" content=\"en_US\" \/>\n<meta property=\"og:type\" content=\"article\" \/>\n<meta property=\"og:title\" content=\"KARAD\u017dI\u0106 OSLOBO\u0110EN OPTU\u017dBE ZA GENOCID U PRIJEDORU I JO\u0160 \u0160EST OP\u0160TINA - PrijedorDanas.com - Prijedorski gradski portal\" \/>\n<meta property=\"og:description\" content=\"Sudsko vije\u0107e Ha\u0161kog tribunala zaklju\u010dilo je da u sedam op\u0161tina u BiH, navedenih u optu\u017enici protiv prvog predsjednika Republike Srpske Radovana Karad\u017ei\u0107a, nije po\u010dinjen genocid, \u010dime je Karad\u017ei\u0107 oslobo\u0111en optu\u017ebe [&hellip;]\" \/>\n<meta property=\"og:url\" content=\"https:\/\/www.prijedordanas.com\/?p=45356\" \/>\n<meta property=\"og:site_name\" content=\"PrijedorDanas.com - Prijedorski gradski portal\" \/>\n<meta property=\"article:publisher\" content=\"https:\/\/www.facebook.com\/PrijedorDanasCom\/\" \/>\n<meta property=\"article:published_time\" content=\"2016-03-24T13:57:22+00:00\" \/>\n<meta property=\"og:image\" content=\"https:\/\/www.prijedordanas.com\/wp-content\/uploads\/2016\/02\/hag-sudnica-300x135.jpg\" \/>\n<meta name=\"author\" content=\"admin\" \/>\n<meta name=\"twitter:card\" content=\"summary_large_image\" \/>\n<meta name=\"twitter:label1\" content=\"Written by\" \/>\n\t<meta name=\"twitter:data1\" content=\"admin\" \/>\n\t<meta name=\"twitter:label2\" content=\"Est. reading time\" \/>\n\t<meta name=\"twitter:data2\" content=\"1 minute\" \/>\n<script type=\"application\/ld+json\" class=\"yoast-schema-graph\">{\"@context\":\"https:\/\/schema.org\",\"@graph\":[{\"@type\":\"Article\",\"@id\":\"https:\/\/www.prijedordanas.com\/?p=45356#article\",\"isPartOf\":{\"@id\":\"https:\/\/www.prijedordanas.com\/?p=45356\"},\"author\":{\"name\":\"admin\",\"@id\":\"https:\/\/www.prijedordanas.com\/#\/schema\/person\/4e08ccf29b506ca916ff86d46bb700e6\"},\"headline\":\"KARAD\u017dI\u0106 OSLOBO\u0110EN OPTU\u017dBE ZA GENOCID U PRIJEDORU I JO\u0160 \u0160EST OP\u0160TINA\",\"datePublished\":\"2016-03-24T13:57:22+00:00\",\"dateModified\":\"2016-03-24T13:57:22+00:00\",\"mainEntityOfPage\":{\"@id\":\"https:\/\/www.prijedordanas.com\/?p=45356\"},\"wordCount\":152,\"publisher\":{\"@id\":\"https:\/\/www.prijedordanas.com\/#organization\"},\"keywords\":[\"genocid\",\"Ha\u0161ki tribunal\",\"presuda\",\"Radovan Karad\u017ei\u0107\",\"su\u0111enje\"],\"articleSection\":[\"Svakodnevno\"],\"inLanguage\":\"en-US\"},{\"@type\":\"WebPage\",\"@id\":\"https:\/\/www.prijedordanas.com\/?p=45356\",\"url\":\"https:\/\/www.prijedordanas.com\/?p=45356\",\"name\":\"KARAD\u017dI\u0106 OSLOBO\u0110EN OPTU\u017dBE ZA GENOCID U PRIJEDORU I JO\u0160 \u0160EST OP\u0160TINA - PrijedorDanas.com - Prijedorski gradski portal\",\"isPartOf\":{\"@id\":\"https:\/\/www.prijedordanas.com\/#website\"},\"datePublished\":\"2016-03-24T13:57:22+00:00\",\"dateModified\":\"2016-03-24T13:57:22+00:00\",\"breadcrumb\":{\"@id\":\"https:\/\/www.prijedordanas.com\/?p=45356#breadcrumb\"},\"inLanguage\":\"en-US\",\"potentialAction\":[{\"@type\":\"ReadAction\",\"target\":[\"https:\/\/www.prijedordanas.com\/?p=45356\"]}]},{\"@type\":\"BreadcrumbList\",\"@id\":\"https:\/\/www.prijedordanas.com\/?p=45356#breadcrumb\",\"itemListElement\":[{\"@type\":\"ListItem\",\"position\":1,\"name\":\"Home\",\"item\":\"https:\/\/www.prijedordanas.com\/\"},{\"@type\":\"ListItem\",\"position\":2,\"name\":\"KARAD\u017dI\u0106 OSLOBO\u0110EN OPTU\u017dBE ZA GENOCID U PRIJEDORU I JO\u0160 \u0160EST OP\u0160TINA\"}]},{\"@type\":\"WebSite\",\"@id\":\"https:\/\/www.prijedordanas.com\/#website\",\"url\":\"https:\/\/www.prijedordanas.com\/\",\"name\":\"PrijedorDanas.com - Prijedorski gradski portal\",\"description\":\"Portal o doga\u0111anjima u gradu Prijedoru\",\"publisher\":{\"@id\":\"https:\/\/www.prijedordanas.com\/#organization\"},\"potentialAction\":[{\"@type\":\"SearchAction\",\"target\":{\"@type\":\"EntryPoint\",\"urlTemplate\":\"https:\/\/www.prijedordanas.com\/?s={search_term_string}\"},\"query-input\":\"required name=search_term_string\"}],\"inLanguage\":\"en-US\"},{\"@type\":\"Organization\",\"@id\":\"https:\/\/www.prijedordanas.com\/#organization\",\"name\":\"PrijedorDanas.com\",\"url\":\"https:\/\/www.prijedordanas.com\/\",\"logo\":{\"@type\":\"ImageObject\",\"inLanguage\":\"en-US\",\"@id\":\"https:\/\/www.prijedordanas.com\/#\/schema\/logo\/image\/\",\"url\":\"http:\/\/www.prijedordanas.com\/wp-content\/uploads\/2021\/12\/logopng.png\",\"contentUrl\":\"http:\/\/www.prijedordanas.com\/wp-content\/uploads\/2021\/12\/logopng.png\",\"width\":1019,\"height\":776,\"caption\":\"PrijedorDanas.com\"},\"image\":{\"@id\":\"https:\/\/www.prijedordanas.com\/#\/schema\/logo\/image\/\"},\"sameAs\":[\"https:\/\/www.facebook.com\/PrijedorDanasCom\/\"]},{\"@type\":\"Person\",\"@id\":\"https:\/\/www.prijedordanas.com\/#\/schema\/person\/4e08ccf29b506ca916ff86d46bb700e6\",\"name\":\"admin\",\"image\":{\"@type\":\"ImageObject\",\"inLanguage\":\"en-US\",\"@id\":\"https:\/\/www.prijedordanas.com\/#\/schema\/person\/image\/\",\"url\":\"https:\/\/secure.gravatar.com\/avatar\/1d3fc949d550f0b53a5f0d51e06dfd79?s=96&d=mm&r=g\",\"contentUrl\":\"https:\/\/secure.gravatar.com\/avatar\/1d3fc949d550f0b53a5f0d51e06dfd79?s=96&d=mm&r=g\",\"caption\":\"admin\"},\"url\":\"https:\/\/www.prijedordanas.com\/?author=1\"}]}<\/script>\n<!-- \/ Yoast SEO plugin. -->","yoast_head_json":{"title":"KARAD\u017dI\u0106 OSLOBO\u0110EN OPTU\u017dBE ZA GENOCID U PRIJEDORU I JO\u0160 \u0160EST OP\u0160TINA - PrijedorDanas.com - Prijedorski gradski portal","robots":{"index":"index","follow":"follow","max-snippet":"max-snippet:-1","max-image-preview":"max-image-preview:large","max-video-preview":"max-video-preview:-1"},"canonical":"https:\/\/www.prijedordanas.com\/?p=45356","og_locale":"en_US","og_type":"article","og_title":"KARAD\u017dI\u0106 OSLOBO\u0110EN OPTU\u017dBE ZA GENOCID U PRIJEDORU I JO\u0160 \u0160EST OP\u0160TINA - PrijedorDanas.com - Prijedorski gradski portal","og_description":"Sudsko vije\u0107e Ha\u0161kog tribunala zaklju\u010dilo je da u sedam op\u0161tina u BiH, navedenih u optu\u017enici protiv prvog predsjednika Republike Srpske Radovana Karad\u017ei\u0107a, nije po\u010dinjen genocid, \u010dime je Karad\u017ei\u0107 oslobo\u0111en optu\u017ebe [&hellip;]","og_url":"https:\/\/www.prijedordanas.com\/?p=45356","og_site_name":"PrijedorDanas.com - Prijedorski gradski portal","article_publisher":"https:\/\/www.facebook.com\/PrijedorDanasCom\/","article_published_time":"2016-03-24T13:57:22+00:00","og_image":[{"url":"https:\/\/www.prijedordanas.com\/wp-content\/uploads\/2016\/02\/hag-sudnica-300x135.jpg"}],"author":"admin","twitter_card":"summary_large_image","twitter_misc":{"Written by":"admin","Est. reading time":"1 minute"},"schema":{"@context":"https:\/\/schema.org","@graph":[{"@type":"Article","@id":"https:\/\/www.prijedordanas.com\/?p=45356#article","isPartOf":{"@id":"https:\/\/www.prijedordanas.com\/?p=45356"},"author":{"name":"admin","@id":"https:\/\/www.prijedordanas.com\/#\/schema\/person\/4e08ccf29b506ca916ff86d46bb700e6"},"headline":"KARAD\u017dI\u0106 OSLOBO\u0110EN OPTU\u017dBE ZA GENOCID U PRIJEDORU I JO\u0160 \u0160EST OP\u0160TINA","datePublished":"2016-03-24T13:57:22+00:00","dateModified":"2016-03-24T13:57:22+00:00","mainEntityOfPage":{"@id":"https:\/\/www.prijedordanas.com\/?p=45356"},"wordCount":152,"publisher":{"@id":"https:\/\/www.prijedordanas.com\/#organization"},"keywords":["genocid","Ha\u0161ki tribunal","presuda","Radovan Karad\u017ei\u0107","su\u0111enje"],"articleSection":["Svakodnevno"],"inLanguage":"en-US"},{"@type":"WebPage","@id":"https:\/\/www.prijedordanas.com\/?p=45356","url":"https:\/\/www.prijedordanas.com\/?p=45356","name":"KARAD\u017dI\u0106 OSLOBO\u0110EN OPTU\u017dBE ZA GENOCID U PRIJEDORU I JO\u0160 \u0160EST OP\u0160TINA - PrijedorDanas.com - Prijedorski gradski portal","isPartOf":{"@id":"https:\/\/www.prijedordanas.com\/#website"},"datePublished":"2016-03-24T13:57:22+00:00","dateModified":"2016-03-24T13:57:22+00:00","breadcrumb":{"@id":"https:\/\/www.prijedordanas.com\/?p=45356#breadcrumb"},"inLanguage":"en-US","potentialAction":[{"@type":"ReadAction","target":["https:\/\/www.prijedordanas.com\/?p=45356"]}]},{"@type":"BreadcrumbList","@id":"https:\/\/www.prijedordanas.com\/?p=45356#breadcrumb","itemListElement":[{"@type":"ListItem","position":1,"name":"Home","item":"https:\/\/www.prijedordanas.com\/"},{"@type":"ListItem","position":2,"name":"KARAD\u017dI\u0106 OSLOBO\u0110EN OPTU\u017dBE ZA GENOCID U PRIJEDORU I JO\u0160 \u0160EST OP\u0160TINA"}]},{"@type":"WebSite","@id":"https:\/\/www.prijedordanas.com\/#website","url":"https:\/\/www.prijedordanas.com\/","name":"PrijedorDanas.com - Prijedorski gradski portal","description":"Portal o doga\u0111anjima u gradu Prijedoru","publisher":{"@id":"https:\/\/www.prijedordanas.com\/#organization"},"potentialAction":[{"@type":"SearchAction","target":{"@type":"EntryPoint","urlTemplate":"https:\/\/www.prijedordanas.com\/?s={search_term_string}"},"query-input":"required name=search_term_string"}],"inLanguage":"en-US"},{"@type":"Organization","@id":"https:\/\/www.prijedordanas.com\/#organization","name":"PrijedorDanas.com","url":"https:\/\/www.prijedordanas.com\/","logo":{"@type":"ImageObject","inLanguage":"en-US","@id":"https:\/\/www.prijedordanas.com\/#\/schema\/logo\/image\/","url":"http:\/\/www.prijedordanas.com\/wp-content\/uploads\/2021\/12\/logopng.png","contentUrl":"http:\/\/www.prijedordanas.com\/wp-content\/uploads\/2021\/12\/logopng.png","width":1019,"height":776,"caption":"PrijedorDanas.com"},"image":{"@id":"https:\/\/www.prijedordanas.com\/#\/schema\/logo\/image\/"},"sameAs":["https:\/\/www.facebook.com\/PrijedorDanasCom\/"]},{"@type":"Person","@id":"https:\/\/www.prijedordanas.com\/#\/schema\/person\/4e08ccf29b506ca916ff86d46bb700e6","name":"admin","image":{"@type":"ImageObject","inLanguage":"en-US","@id":"https:\/\/www.prijedordanas.com\/#\/schema\/person\/image\/","url":"https:\/\/secure.gravatar.com\/avatar\/1d3fc949d550f0b53a5f0d51e06dfd79?s=96&d=mm&r=g","contentUrl":"https:\/\/secure.gravatar.com\/avatar\/1d3fc949d550f0b53a5f0d51e06dfd79?s=96&d=mm&r=g","caption":"admin"},"url":"https:\/\/www.prijedordanas.com\/?author=1"}]}},"_links":{"self":[{"href":"https:\/\/www.prijedordanas.com\/index.php?rest_route=\/wp\/v2\/posts\/45356"}],"collection":[{"href":"https:\/\/www.prijedordanas.com\/index.php?rest_route=\/wp\/v2\/posts"}],"about":[{"href":"https:\/\/www.prijedordanas.com\/index.php?rest_route=\/wp\/v2\/types\/post"}],"author":[{"embeddable":true,"href":"https:\/\/www.prijedordanas.com\/index.php?rest_route=\/wp\/v2\/users\/1"}],"replies":[{"embeddable":true,"href":"https:\/\/www.prijedordanas.com\/index.php?rest_route=%2Fwp%2Fv2%2Fcomments&post=45356"}],"version-history":[{"count":1,"href":"https:\/\/www.prijedordanas.com\/index.php?rest_route=\/wp\/v2\/posts\/45356\/revisions"}],"predecessor-version":[{"id":45357,"href":"https:\/\/www.prijedordanas.com\/index.php?rest_route=\/wp\/v2\/posts\/45356\/revisions\/45357"}],"wp:attachment":[{"href":"https:\/\/www.prijedordanas.com\/index.php?rest_route=%2Fwp%2Fv2%2Fmedia&parent=45356"}],"wp:term":[{"taxonomy":"category","embeddable":true,"href":"https:\/\/www.prijedordanas.com\/index.php?rest_route=%2Fwp%2Fv2%2Fcategories&post=45356"},{"taxonomy":"post_tag","embeddable":true,"href":"https:\/\/www.prijedordanas.com\/index.php?rest_route=%2Fwp%2Fv2%2Ftags&post=45356"}],"curies":[{"name":"wp","href":"https:\/\/api.w.org\/{rel}","templated":true}]}}