{"id":45093,"date":"2016-03-21T17:45:05","date_gmt":"2016-03-21T16:45:05","guid":{"rendered":"https:\/\/www.prijedordanas.com\/?p=45093"},"modified":"2016-03-21T22:47:39","modified_gmt":"2016-03-21T21:47:39","slug":"detalji-prijedorske-tragedije-sasa-netom-prije-zlocina-djeci-govorio-mama-i-tata-ce-na-nebo","status":"publish","type":"post","link":"https:\/\/www.prijedordanas.com\/?p=45093","title":{"rendered":"DETALJI PRIJEDORSKE TRAGEDIJE-SA\u0160A NETOM PRIJE ZLO\u010cINA DJECI GOVORIO: MAMA I TATA \u0106E NA NEBO"},"content":{"rendered":"<p><a href=\"https:\/\/www.prijedordanas.com\/wp-content\/uploads\/2016\/03\/daliborka-torbica.jpg\" rel=\"attachment wp-att-45094\"><img loading=\"lazy\" decoding=\"async\" class=\"alignleft size-medium wp-image-45094\" src=\"https:\/\/www.prijedordanas.com\/wp-content\/uploads\/2016\/03\/daliborka-torbica-225x300.jpg\" alt=\"daliborka torbica\" width=\"225\" height=\"300\" srcset=\"https:\/\/www.prijedordanas.com\/wp-content\/uploads\/2016\/03\/daliborka-torbica-225x300.jpg 225w, https:\/\/www.prijedordanas.com\/wp-content\/uploads\/2016\/03\/daliborka-torbica.jpg 450w\" sizes=\"(max-width: 225px) 100vw, 225px\" \/><\/a>Dan nakon \u0161to su u zaba\u010denom \u0161umarku u Donjim Garevcima kod Prijedora u potpuno izgorjelom automobilu prona\u0111ena ugljenisana tijela supru\u017enika Sa\u0161e (40) i Daliborke (33) Torbice, po\u010dinju se slagati kockice jezive tragedije u kojoj je Sa\u0161a ubio svoju suprugu s kojom je bio u fazi razvoda.<\/p>\n<p>Uporne molbe<\/p>\n<p>Roditelji i bliska rodbina ubijene Daliborke ju\u010der u ku\u0107i \u017ealosti, koja se nalazi u naselju Tukovi kod Prijedora, nisu bili spremni razgovarati o ovoj tragediji. Ipak, od kom\u0161ija smo saznali da je Sa\u0161a u petak do\u0161ao kod Daliborke na posao, u frizerski salon u naselju Vrbice, gdje radila posljednjih mjeseci.<\/p>\n<p>&#8211; Bilo je pola sata prije zatvaranja kada je upao u salon. Bio je, prema pri\u010di vlasnice salona, vidno nervozan. Za kratko vrijeme ispu\u0161io je nekoliko cigareta. Tra\u017eio je od Daliborke da ga odveze do grada, na \u0161ta mu je odgovorila da ona nije taksi. On je nastavio s molbama i na kraju su, na njenu nesre\u0107u, zajedno u\u0161li u automobil &#8211; kazala je jedna od kom\u0161inica, koja nije \u017eeljela da joj se ime spominje u javnosti.<\/p>\n<p><a href=\"https:\/\/www.prijedordanas.com\/wp-content\/uploads\/2016\/03\/porodicna-kuca-torbica.jpg\" rel=\"attachment wp-att-45095\"><img loading=\"lazy\" decoding=\"async\" class=\"alignleft size-medium wp-image-45095\" src=\"https:\/\/www.prijedordanas.com\/wp-content\/uploads\/2016\/03\/porodicna-kuca-torbica-300x201.jpg\" alt=\"porodicna kuca torbica\" width=\"300\" height=\"201\" srcset=\"https:\/\/www.prijedordanas.com\/wp-content\/uploads\/2016\/03\/porodicna-kuca-torbica-300x200.jpg 300w, https:\/\/www.prijedordanas.com\/wp-content\/uploads\/2016\/03\/porodicna-kuca-torbica-480x320.jpg 480w, https:\/\/www.prijedordanas.com\/wp-content\/uploads\/2016\/03\/porodicna-kuca-torbica.jpg 600w\" sizes=\"(max-width: 300px) 100vw, 300px\" \/><\/a>Ovih dana Torbicama je, kako saznajemo, stigao i sudski poziv za razvod. Nije isklju\u010deno da je sve to i dodatno izrevoltiralo Sa\u0161u, koji je, prema mnogim pretpostavkama, najvjerovatnije i do detalja isplanirao jezivi zlo\u010din.<\/p>\n<p>Signal Daliborkinog mobilnog telefona posljednji put je registriran u petak u 16.50 sati. Mogu\u0107e je da ga je Sa\u0161a ugasio nakon \u0161to ju je ubio. Tako\u0111er, ubica je tajnu kako je zapalio automobil odnio sa sobom, ali oni koji se razumiju u namjerne paljevine pretpostavljaju da je to u\u010dinio benzinom.<\/p>\n<p>Sa\u0161a je, prema pri\u010di mnogih koji su poznavali ovaj bra\u010dni par, bio bolesno zaljubljen u svoju suprugu. I to, prema pri\u010di jednog od mje\u0161tana Tukova, nije krio. Problemi su nastali kada ga je napustila.<\/p>\n<p>Upu\u0107ivao prijetnje<\/p>\n<p>&#8211; \u010cak je i svojoj djeci govorio da \u0107e mama i tata na nebo i da \u0107e njih odgajati baka i djed. Nerijetko je znao re\u0107i da mu djeca i nisu va\u017ena, ve\u0107 samo Daliborka &#8211; kazao je ovaj mje\u0161tanin.<\/p>\n<p>Mnogi su znali i da je Daliborki \u010desto prijetio da \u0107e je ubiti. Potvrdila nam je to i bliska prijateljica nesretne \u017eene, kojoj se ova po\u017ealila na prijetnje.<\/p>\n<p><a href=\"https:\/\/www.prijedordanas.com\/wp-content\/uploads\/2016\/03\/tragedija-torbica.jpg\" rel=\"attachment wp-att-44929\"><img loading=\"lazy\" decoding=\"async\" class=\"alignleft size-medium wp-image-44929\" src=\"https:\/\/www.prijedordanas.com\/wp-content\/uploads\/2016\/03\/tragedija-torbica-300x225.jpg\" alt=\"tragedija-torbica\" width=\"300\" height=\"225\" srcset=\"https:\/\/www.prijedordanas.com\/wp-content\/uploads\/2016\/03\/tragedija-torbica-300x225.jpg 300w, https:\/\/www.prijedordanas.com\/wp-content\/uploads\/2016\/03\/tragedija-torbica.jpg 600w\" sizes=\"(max-width: 300px) 100vw, 300px\" \/><\/a>&#8211; Stalno joj je prijetio i da \u0107e je ubiti. Dolazio kod njenih u Tukove i tra\u017eio da mu se vrati. Maltretirao je i njene roditelje. Srele smo se u petak, taj dan kada \u0107e se zlo desiti, i rekla mi je da mu se ne\u0107e vratiti pa i po cijenu da je ubije &#8211; rekla je prijateljica ubijene Daliborke, koja je Sa\u0161u, barem je tako pri\u010dala daljim ro\u0111acima, napustila zato \u0161to je bio nemaran prema djeci, \u0161to nije vodio brigu ni o njoj. &#8211;<\/p>\n<p>Ku\u0107a Torbica u naselju Orlova\u010da kod Prijedora ju\u010der je bila zaklju\u010dana. Na njoj \u010dak nije bilo ni osmrtnice. Sa\u0161in otac umro je prije dvije godine, a majka prije deset. U ku\u0107i je nakon odlaska Daliborke i djece \u017eivio sam.<\/p>\n<p>U kom\u0161iluku tvrde da je on biv\u0161i deminer, koji je bio tih i miran \u010dovjek.<\/p>\n<p>Uglavnom i u Orlova\u010di su \u010desto \u010duli Sa\u0161u kako govori da ne mo\u017ee bez Daliborke. Hitac u sljepoo\u010dnicu supruge ispalio je iz o\u010devog pi\u0161tolja. Taj isti pi\u0161tolj svojevremeno je u ku\u0107i, nakon \u0161to je u novembru pro\u0161le godine dva puta prijavljen za nasilje i prema izvorima bliskim istrazi predat u nadle\u017enost Tu\u017eila\u0161tva na daljnje postupanje, tra\u017eila i policija.<\/p>\n<p>U ku\u0107i je jednom prilikom pretresa prona\u0111ena pu\u0161ka, zbog \u010dega je protiv sa\u0161e proslije\u0111en i izvje\u0161taj za nedozvoljeno posjedovanje oru\u017eja.<\/p>\n<p><a href=\"https:\/\/www.prijedordanas.com\/wp-content\/uploads\/2016\/03\/ubistvo-samoubistvo-2.jpg\" rel=\"attachment wp-att-44875\"><img loading=\"lazy\" decoding=\"async\" src=\"https:\/\/www.prijedordanas.com\/wp-content\/uploads\/2016\/03\/ubistvo-samoubistvo-2-300x199.jpg\" alt=\"ubistvo-samoubistvo (2)\" width=\"300\" height=\"199\" class=\"alignleft size-medium wp-image-44875\" srcset=\"https:\/\/www.prijedordanas.com\/wp-content\/uploads\/2016\/03\/ubistvo-samoubistvo-2-300x200.jpg 300w, https:\/\/www.prijedordanas.com\/wp-content\/uploads\/2016\/03\/ubistvo-samoubistvo-2-480x320.jpg 480w, https:\/\/www.prijedordanas.com\/wp-content\/uploads\/2016\/03\/ubistvo-samoubistvo-2.jpg 600w\" sizes=\"(max-width: 300px) 100vw, 300px\" \/><\/a>Ostalo troje djece<\/p>\n<p>Iza bra\u010dnog para Torbica ostalo je troje djece, dva sina i \u0161estogodi\u0161nja k\u0107erka. Sa\u0161a Torbica ima sestru koja \u017eivi u Subotici, a iza Daliborke su uz troje djece ostali roditelji, sestre koje \u017eive u Njema\u010dkoj i brojna rodbina. Daliborka Torbica bit \u0107e sahranjena danas u 13 sati na gradskom groblju Pa\u0161inac, dok datum sahrane njenog ubice i supruga Sa\u0161e Torbice nije poznat.<\/p>\n<p>Dnevni avaz<\/p>\n<p>Povezane vijesti:<\/p>\n<p>DETALJI STRA\u0160NOG ZLO\u010cINA U PRIJEDORU: MAJKA PO LAN\u010cI\u0106U I ZUBNOJ PROTEZI PREPOZNALA ZAPALJENU K\u0106ERKU<br \/>\n<a href=\"https:\/\/www.prijedordanas.com\/?p=45056\" target=\"_blank\">https:\/\/www.prijedordanas.com\/?p=45056<\/a><\/p>\n<p>RAZVOD I NARU\u0160ENI ODNOSI SUPRU\u017dNIKA MOGU\u0106I RAZLOZI STRA\u0160NOG ZLO\u010cINA &#8211; FOTO &#8211; VIDEO<br \/>\n<a href=\"https:\/\/www.prijedordanas.com\/?p=44928\" target=\"_blank\">https:\/\/www.prijedordanas.com\/?p=44928<\/a><\/p>\n<p>SA\u0160A TORBICA UBIO BIV\u0160U \u017dENU PA PRESUDIO SEBI \u2013 FOTO<br \/>\n<a href=\"https:\/\/www.prijedordanas.com\/?p=44880\" target=\"_blank\">https:\/\/www.prijedordanas.com\/?p=44880<\/a><\/p>\n<p>UBISTVO I SAMOUBISTVO U PRIJEDORU \u2013 FOTO<br \/>\n<a href=\"https:\/\/www.prijedordanas.com\/?p=44873\" target=\"_blank\">https:\/\/www.prijedordanas.com\/?p=44873<\/a><\/p>\n","protected":false},"excerpt":{"rendered":"<p>Dan nakon \u0161to su u zaba\u010denom \u0161umarku u Donjim Garevcima kod Prijedora u potpuno izgorjelom automobilu prona\u0111ena ugljenisana tijela supru\u017enika Sa\u0161e (40) i Daliborke (33) Torbice, po\u010dinju se slagati kockice [&hellip;]<\/p>\n","protected":false},"author":1,"featured_media":0,"comment_status":"closed","ping_status":"open","sticky":false,"template":"","format":"standard","meta":{"_monsterinsights_skip_tracking":false,"_monsterinsights_sitenote_active":false,"_monsterinsights_sitenote_note":"","_monsterinsights_sitenote_category":0,"footnotes":""},"categories":[5],"tags":[7187,7186,2389],"yoast_head":"<!-- This site is optimized with the Yoast SEO plugin v21.6 - https:\/\/yoast.com\/wordpress\/plugins\/seo\/ -->\n<title>DETALJI PRIJEDORSKE TRAGEDIJE-SA\u0160A NETOM PRIJE ZLO\u010cINA DJECI GOVORIO: MAMA I TATA \u0106E NA NEBO - PrijedorDanas.com - Prijedorski gradski portal<\/title>\n<meta name=\"robots\" content=\"index, follow, max-snippet:-1, max-image-preview:large, max-video-preview:-1\" \/>\n<link rel=\"canonical\" href=\"https:\/\/www.prijedordanas.com\/?p=45093\" \/>\n<meta property=\"og:locale\" content=\"en_US\" \/>\n<meta property=\"og:type\" content=\"article\" \/>\n<meta property=\"og:title\" content=\"DETALJI PRIJEDORSKE TRAGEDIJE-SA\u0160A NETOM PRIJE ZLO\u010cINA DJECI GOVORIO: MAMA I TATA \u0106E NA NEBO - PrijedorDanas.com - Prijedorski gradski portal\" \/>\n<meta property=\"og:description\" content=\"Dan nakon \u0161to su u zaba\u010denom \u0161umarku u Donjim Garevcima kod Prijedora u potpuno izgorjelom automobilu prona\u0111ena ugljenisana tijela supru\u017enika Sa\u0161e (40) i Daliborke (33) Torbice, po\u010dinju se slagati kockice [&hellip;]\" \/>\n<meta property=\"og:url\" content=\"https:\/\/www.prijedordanas.com\/?p=45093\" \/>\n<meta property=\"og:site_name\" content=\"PrijedorDanas.com - Prijedorski gradski portal\" \/>\n<meta property=\"article:publisher\" content=\"https:\/\/www.facebook.com\/PrijedorDanasCom\/\" \/>\n<meta property=\"article:published_time\" content=\"2016-03-21T16:45:05+00:00\" \/>\n<meta property=\"article:modified_time\" content=\"2016-03-21T21:47:39+00:00\" \/>\n<meta property=\"og:image\" content=\"https:\/\/www.prijedordanas.com\/wp-content\/uploads\/2016\/03\/daliborka-torbica-225x300.jpg\" \/>\n<meta name=\"author\" content=\"admin\" \/>\n<meta name=\"twitter:card\" content=\"summary_large_image\" \/>\n<meta name=\"twitter:label1\" content=\"Written by\" \/>\n\t<meta name=\"twitter:data1\" content=\"admin\" \/>\n\t<meta name=\"twitter:label2\" content=\"Est. reading time\" \/>\n\t<meta name=\"twitter:data2\" content=\"4 minutes\" \/>\n<script type=\"application\/ld+json\" class=\"yoast-schema-graph\">{\"@context\":\"https:\/\/schema.org\",\"@graph\":[{\"@type\":\"Article\",\"@id\":\"https:\/\/www.prijedordanas.com\/?p=45093#article\",\"isPartOf\":{\"@id\":\"https:\/\/www.prijedordanas.com\/?p=45093\"},\"author\":{\"name\":\"admin\",\"@id\":\"https:\/\/www.prijedordanas.com\/#\/schema\/person\/4e08ccf29b506ca916ff86d46bb700e6\"},\"headline\":\"DETALJI PRIJEDORSKE TRAGEDIJE-SA\u0160A NETOM PRIJE ZLO\u010cINA DJECI GOVORIO: MAMA I TATA \u0106E NA NEBO\",\"datePublished\":\"2016-03-21T16:45:05+00:00\",\"dateModified\":\"2016-03-21T21:47:39+00:00\",\"mainEntityOfPage\":{\"@id\":\"https:\/\/www.prijedordanas.com\/?p=45093\"},\"wordCount\":809,\"publisher\":{\"@id\":\"https:\/\/www.prijedordanas.com\/#organization\"},\"keywords\":[\"Daliborka Torbica\",\"Sa\u0161a Torbica\",\"tragedija\"],\"articleSection\":[\"Hronika\"],\"inLanguage\":\"en-US\"},{\"@type\":\"WebPage\",\"@id\":\"https:\/\/www.prijedordanas.com\/?p=45093\",\"url\":\"https:\/\/www.prijedordanas.com\/?p=45093\",\"name\":\"DETALJI PRIJEDORSKE TRAGEDIJE-SA\u0160A NETOM PRIJE ZLO\u010cINA DJECI GOVORIO: MAMA I TATA \u0106E NA NEBO - PrijedorDanas.com - Prijedorski gradski portal\",\"isPartOf\":{\"@id\":\"https:\/\/www.prijedordanas.com\/#website\"},\"datePublished\":\"2016-03-21T16:45:05+00:00\",\"dateModified\":\"2016-03-21T21:47:39+00:00\",\"breadcrumb\":{\"@id\":\"https:\/\/www.prijedordanas.com\/?p=45093#breadcrumb\"},\"inLanguage\":\"en-US\",\"potentialAction\":[{\"@type\":\"ReadAction\",\"target\":[\"https:\/\/www.prijedordanas.com\/?p=45093\"]}]},{\"@type\":\"BreadcrumbList\",\"@id\":\"https:\/\/www.prijedordanas.com\/?p=45093#breadcrumb\",\"itemListElement\":[{\"@type\":\"ListItem\",\"position\":1,\"name\":\"Home\",\"item\":\"https:\/\/www.prijedordanas.com\/\"},{\"@type\":\"ListItem\",\"position\":2,\"name\":\"DETALJI PRIJEDORSKE TRAGEDIJE-SA\u0160A NETOM PRIJE ZLO\u010cINA DJECI GOVORIO: MAMA I TATA \u0106E NA NEBO\"}]},{\"@type\":\"WebSite\",\"@id\":\"https:\/\/www.prijedordanas.com\/#website\",\"url\":\"https:\/\/www.prijedordanas.com\/\",\"name\":\"PrijedorDanas.com - Prijedorski gradski portal\",\"description\":\"Portal o doga\u0111anjima u gradu Prijedoru\",\"publisher\":{\"@id\":\"https:\/\/www.prijedordanas.com\/#organization\"},\"potentialAction\":[{\"@type\":\"SearchAction\",\"target\":{\"@type\":\"EntryPoint\",\"urlTemplate\":\"https:\/\/www.prijedordanas.com\/?s={search_term_string}\"},\"query-input\":\"required name=search_term_string\"}],\"inLanguage\":\"en-US\"},{\"@type\":\"Organization\",\"@id\":\"https:\/\/www.prijedordanas.com\/#organization\",\"name\":\"PrijedorDanas.com\",\"url\":\"https:\/\/www.prijedordanas.com\/\",\"logo\":{\"@type\":\"ImageObject\",\"inLanguage\":\"en-US\",\"@id\":\"https:\/\/www.prijedordanas.com\/#\/schema\/logo\/image\/\",\"url\":\"http:\/\/www.prijedordanas.com\/wp-content\/uploads\/2021\/12\/logopng.png\",\"contentUrl\":\"http:\/\/www.prijedordanas.com\/wp-content\/uploads\/2021\/12\/logopng.png\",\"width\":1019,\"height\":776,\"caption\":\"PrijedorDanas.com\"},\"image\":{\"@id\":\"https:\/\/www.prijedordanas.com\/#\/schema\/logo\/image\/\"},\"sameAs\":[\"https:\/\/www.facebook.com\/PrijedorDanasCom\/\"]},{\"@type\":\"Person\",\"@id\":\"https:\/\/www.prijedordanas.com\/#\/schema\/person\/4e08ccf29b506ca916ff86d46bb700e6\",\"name\":\"admin\",\"image\":{\"@type\":\"ImageObject\",\"inLanguage\":\"en-US\",\"@id\":\"https:\/\/www.prijedordanas.com\/#\/schema\/person\/image\/\",\"url\":\"https:\/\/secure.gravatar.com\/avatar\/1d3fc949d550f0b53a5f0d51e06dfd79?s=96&d=mm&r=g\",\"contentUrl\":\"https:\/\/secure.gravatar.com\/avatar\/1d3fc949d550f0b53a5f0d51e06dfd79?s=96&d=mm&r=g\",\"caption\":\"admin\"},\"url\":\"https:\/\/www.prijedordanas.com\/?author=1\"}]}<\/script>\n<!-- \/ Yoast SEO plugin. -->","yoast_head_json":{"title":"DETALJI PRIJEDORSKE TRAGEDIJE-SA\u0160A NETOM PRIJE ZLO\u010cINA DJECI GOVORIO: MAMA I TATA \u0106E NA NEBO - PrijedorDanas.com - Prijedorski gradski portal","robots":{"index":"index","follow":"follow","max-snippet":"max-snippet:-1","max-image-preview":"max-image-preview:large","max-video-preview":"max-video-preview:-1"},"canonical":"https:\/\/www.prijedordanas.com\/?p=45093","og_locale":"en_US","og_type":"article","og_title":"DETALJI PRIJEDORSKE TRAGEDIJE-SA\u0160A NETOM PRIJE ZLO\u010cINA DJECI GOVORIO: MAMA I TATA \u0106E NA NEBO - PrijedorDanas.com - Prijedorski gradski portal","og_description":"Dan nakon \u0161to su u zaba\u010denom \u0161umarku u Donjim Garevcima kod Prijedora u potpuno izgorjelom automobilu prona\u0111ena ugljenisana tijela supru\u017enika Sa\u0161e (40) i Daliborke (33) Torbice, po\u010dinju se slagati kockice [&hellip;]","og_url":"https:\/\/www.prijedordanas.com\/?p=45093","og_site_name":"PrijedorDanas.com - Prijedorski gradski portal","article_publisher":"https:\/\/www.facebook.com\/PrijedorDanasCom\/","article_published_time":"2016-03-21T16:45:05+00:00","article_modified_time":"2016-03-21T21:47:39+00:00","og_image":[{"url":"https:\/\/www.prijedordanas.com\/wp-content\/uploads\/2016\/03\/daliborka-torbica-225x300.jpg"}],"author":"admin","twitter_card":"summary_large_image","twitter_misc":{"Written by":"admin","Est. reading time":"4 minutes"},"schema":{"@context":"https:\/\/schema.org","@graph":[{"@type":"Article","@id":"https:\/\/www.prijedordanas.com\/?p=45093#article","isPartOf":{"@id":"https:\/\/www.prijedordanas.com\/?p=45093"},"author":{"name":"admin","@id":"https:\/\/www.prijedordanas.com\/#\/schema\/person\/4e08ccf29b506ca916ff86d46bb700e6"},"headline":"DETALJI PRIJEDORSKE TRAGEDIJE-SA\u0160A NETOM PRIJE ZLO\u010cINA DJECI GOVORIO: MAMA I TATA \u0106E NA NEBO","datePublished":"2016-03-21T16:45:05+00:00","dateModified":"2016-03-21T21:47:39+00:00","mainEntityOfPage":{"@id":"https:\/\/www.prijedordanas.com\/?p=45093"},"wordCount":809,"publisher":{"@id":"https:\/\/www.prijedordanas.com\/#organization"},"keywords":["Daliborka Torbica","Sa\u0161a Torbica","tragedija"],"articleSection":["Hronika"],"inLanguage":"en-US"},{"@type":"WebPage","@id":"https:\/\/www.prijedordanas.com\/?p=45093","url":"https:\/\/www.prijedordanas.com\/?p=45093","name":"DETALJI PRIJEDORSKE TRAGEDIJE-SA\u0160A NETOM PRIJE ZLO\u010cINA DJECI GOVORIO: MAMA I TATA \u0106E NA NEBO - PrijedorDanas.com - Prijedorski gradski portal","isPartOf":{"@id":"https:\/\/www.prijedordanas.com\/#website"},"datePublished":"2016-03-21T16:45:05+00:00","dateModified":"2016-03-21T21:47:39+00:00","breadcrumb":{"@id":"https:\/\/www.prijedordanas.com\/?p=45093#breadcrumb"},"inLanguage":"en-US","potentialAction":[{"@type":"ReadAction","target":["https:\/\/www.prijedordanas.com\/?p=45093"]}]},{"@type":"BreadcrumbList","@id":"https:\/\/www.prijedordanas.com\/?p=45093#breadcrumb","itemListElement":[{"@type":"ListItem","position":1,"name":"Home","item":"https:\/\/www.prijedordanas.com\/"},{"@type":"ListItem","position":2,"name":"DETALJI PRIJEDORSKE TRAGEDIJE-SA\u0160A NETOM PRIJE ZLO\u010cINA DJECI GOVORIO: MAMA I TATA \u0106E NA NEBO"}]},{"@type":"WebSite","@id":"https:\/\/www.prijedordanas.com\/#website","url":"https:\/\/www.prijedordanas.com\/","name":"PrijedorDanas.com - Prijedorski gradski portal","description":"Portal o doga\u0111anjima u gradu Prijedoru","publisher":{"@id":"https:\/\/www.prijedordanas.com\/#organization"},"potentialAction":[{"@type":"SearchAction","target":{"@type":"EntryPoint","urlTemplate":"https:\/\/www.prijedordanas.com\/?s={search_term_string}"},"query-input":"required name=search_term_string"}],"inLanguage":"en-US"},{"@type":"Organization","@id":"https:\/\/www.prijedordanas.com\/#organization","name":"PrijedorDanas.com","url":"https:\/\/www.prijedordanas.com\/","logo":{"@type":"ImageObject","inLanguage":"en-US","@id":"https:\/\/www.prijedordanas.com\/#\/schema\/logo\/image\/","url":"http:\/\/www.prijedordanas.com\/wp-content\/uploads\/2021\/12\/logopng.png","contentUrl":"http:\/\/www.prijedordanas.com\/wp-content\/uploads\/2021\/12\/logopng.png","width":1019,"height":776,"caption":"PrijedorDanas.com"},"image":{"@id":"https:\/\/www.prijedordanas.com\/#\/schema\/logo\/image\/"},"sameAs":["https:\/\/www.facebook.com\/PrijedorDanasCom\/"]},{"@type":"Person","@id":"https:\/\/www.prijedordanas.com\/#\/schema\/person\/4e08ccf29b506ca916ff86d46bb700e6","name":"admin","image":{"@type":"ImageObject","inLanguage":"en-US","@id":"https:\/\/www.prijedordanas.com\/#\/schema\/person\/image\/","url":"https:\/\/secure.gravatar.com\/avatar\/1d3fc949d550f0b53a5f0d51e06dfd79?s=96&d=mm&r=g","contentUrl":"https:\/\/secure.gravatar.com\/avatar\/1d3fc949d550f0b53a5f0d51e06dfd79?s=96&d=mm&r=g","caption":"admin"},"url":"https:\/\/www.prijedordanas.com\/?author=1"}]}},"_links":{"self":[{"href":"https:\/\/www.prijedordanas.com\/index.php?rest_route=\/wp\/v2\/posts\/45093"}],"collection":[{"href":"https:\/\/www.prijedordanas.com\/index.php?rest_route=\/wp\/v2\/posts"}],"about":[{"href":"https:\/\/www.prijedordanas.com\/index.php?rest_route=\/wp\/v2\/types\/post"}],"author":[{"embeddable":true,"href":"https:\/\/www.prijedordanas.com\/index.php?rest_route=\/wp\/v2\/users\/1"}],"replies":[{"embeddable":true,"href":"https:\/\/www.prijedordanas.com\/index.php?rest_route=%2Fwp%2Fv2%2Fcomments&post=45093"}],"version-history":[{"count":2,"href":"https:\/\/www.prijedordanas.com\/index.php?rest_route=\/wp\/v2\/posts\/45093\/revisions"}],"predecessor-version":[{"id":45108,"href":"https:\/\/www.prijedordanas.com\/index.php?rest_route=\/wp\/v2\/posts\/45093\/revisions\/45108"}],"wp:attachment":[{"href":"https:\/\/www.prijedordanas.com\/index.php?rest_route=%2Fwp%2Fv2%2Fmedia&parent=45093"}],"wp:term":[{"taxonomy":"category","embeddable":true,"href":"https:\/\/www.prijedordanas.com\/index.php?rest_route=%2Fwp%2Fv2%2Fcategories&post=45093"},{"taxonomy":"post_tag","embeddable":true,"href":"https:\/\/www.prijedordanas.com\/index.php?rest_route=%2Fwp%2Fv2%2Ftags&post=45093"}],"curies":[{"name":"wp","href":"https:\/\/api.w.org\/{rel}","templated":true}]}}