{"id":45076,"date":"2016-03-21T15:33:24","date_gmt":"2016-03-21T14:33:24","guid":{"rendered":"https:\/\/www.prijedordanas.com\/?p=45076"},"modified":"2016-03-21T15:33:24","modified_gmt":"2016-03-21T14:33:24","slug":"prijedor-odrzana-javna-rasprava-o-nacrtu-zakona-rs-o-lokalnoj-samoupravi-i-o-zaposlenim-sluzbenicima","status":"publish","type":"post","link":"https:\/\/www.prijedordanas.com\/?p=45076","title":{"rendered":"PRIJEDOR: ODR\u017dANA JAVNA RASPRAVA O NACRTU ZAKONA RS O LOKALNOJ SAMOUPRAVI I O ZAPOSLENIM SLU\u017dBENICIMA"},"content":{"rendered":"<p><a href=\"https:\/\/www.prijedordanas.com\/wp-content\/uploads\/2016\/03\/srna-javna-rasprava-lokalna-samouprava-zakon-1.jpg\" rel=\"attachment wp-att-45073\"><img loading=\"lazy\" decoding=\"async\" class=\"alignleft size-medium wp-image-45073\" src=\"https:\/\/www.prijedordanas.com\/wp-content\/uploads\/2016\/03\/srna-javna-rasprava-lokalna-samouprava-zakon-1-300x225.jpg\" alt=\"srna-javna rasprava-lokalna samouprava-zakon (1)\" width=\"300\" height=\"225\" srcset=\"https:\/\/www.prijedordanas.com\/wp-content\/uploads\/2016\/03\/srna-javna-rasprava-lokalna-samouprava-zakon-1-300x225.jpg 300w, https:\/\/www.prijedordanas.com\/wp-content\/uploads\/2016\/03\/srna-javna-rasprava-lokalna-samouprava-zakon-1.jpg 600w\" sizes=\"(max-width: 300px) 100vw, 300px\" \/><\/a>Zavr\u0161na javna rasprava o nacrtima zakona Republike Srpske o lokalnoj samoupravi i o slu\u017ebenicima i namje\u0161tenicima u organima jedinice lokalne samouprave bi\u0107e odr\u017eana u Banjaluci u srijedu, 23. marta, dok \u0107e konferencija o ovim nacrtima biti odr\u017eana 8. aprila u Banjaluci, najavila je pomo\u0107nik resornog ministra Milanka \u0160opin.<\/p>\n<p>&#8220;Konferenciji \u0107e prisustvovati predstavnici Saveza op\u0161tina i gradova Republike Srpske i predsjednici skup\u0161tina op\u0161tina i gradova, a sve s ciljem da utvrdimo prijedlog zakona i uputimo ga u skup\u0161tinsku proceduru&#8221;, rekla je \u0160opinova danas u Prijedoru na javnoj raspravi o nacrtima navednenih zakona.<\/p>\n<p>Ona je ponovila da je najvi\u0161e diskusije o ovim zakonima i na javnim raspravama i u Narodnoj skup\u0161tini Republike Srpske izazvala odredba kojom se ograni\u010dava broj zaposlenih u lokalnim administracijama &#8211; tri na hiljadu stanovnika, kao i rok za uskla\u0111ivanje ovog broja do 31. decembra 2017. godine.<\/p>\n<p><a href=\"https:\/\/www.prijedordanas.com\/wp-content\/uploads\/2016\/03\/srna-javna-rasprava-lokalna-samouprava-zakon-2.jpg\" rel=\"attachment wp-att-45074\"><img loading=\"lazy\" decoding=\"async\" src=\"https:\/\/www.prijedordanas.com\/wp-content\/uploads\/2016\/03\/srna-javna-rasprava-lokalna-samouprava-zakon-2-300x225.jpg\" alt=\"srna-javna rasprava-lokalna samouprava-zakon (2)\" width=\"300\" height=\"225\" class=\"alignleft size-medium wp-image-45074\" srcset=\"https:\/\/www.prijedordanas.com\/wp-content\/uploads\/2016\/03\/srna-javna-rasprava-lokalna-samouprava-zakon-2-300x225.jpg 300w, https:\/\/www.prijedordanas.com\/wp-content\/uploads\/2016\/03\/srna-javna-rasprava-lokalna-samouprava-zakon-2.jpg 600w\" sizes=\"(max-width: 300px) 100vw, 300px\" \/><\/a>Ona je najavila i da \u0107e resorno ministarstvo sa Sindikatom uprave Republike Srpske uskoro po\u010deti pregovore o novom kolektivnom ugovoru.<\/p>\n<p>Sekretar Skup\u0161tine grada Prijedora \u017deljko \u0160kondri\u0107 rekao je da odborni\u010dku naknadu ne bi trebalo smanjivati sa 65 na 50 odsto od prosje\u010dne plate u lokalnoj zajednici jer to, prema njegovim rije\u010dima, ne\u0107e biti stimulativno i lokalne skup\u0161tine izgubi\u0107e na kvalitetu.<\/p>\n<p>Aleksandar Jankovi\u0107 iz op\u0161tine Novi Grad smatra da odbornike ne bi trebalo stimulisati nov\u010danim naknadama, jer bi u tom slu\u010daju radio onaj ko stvarno ho\u0107e da radi i ne bi bilo, kako je ocijenio, &#8220;izgibije&#8221; u strankama prilikom formiranja lista kandidata.<\/p>\n<p>Predsjednik Sindikata uprave Republike Srpske Tomislav Vrhovac rekao je da se daleko kvalitetnije radilo kada su odbornici dobijali samo dnevnice, a ne i odborni\u010dke naknade.<\/p>\n<p>Na\u010delnik op\u0161tine Kostajnica Drago Bundalo rekao je da ne mo\u017ee samo broj stanovnika biti kriterijum za broj zaposlenih, nego da treba uzeti u obzir i druge kriterijume i odrediti koje slu\u017ebe moraju imati lokalne zajednice.<\/p>\n<p>&#8220;Ja sam op\u0161tinu Kostajnica ostavio sa 22 radnika, a onda zatekao 50 i od 2,3 miliona KM lokalnog bud\u017eeta 1,1 milion KM tro\u0161io se na plate i ja sam jedini koji je dijelio otkaze u administraciji&#8221;, naveo je Bundalo.<\/p>\n<p>LJuban Kne\u017eevi\u0107 iz op\u0161tine Novi Grad rekao je da je premalo tri godine iskustva za uslov za izbor i imenovanje sekretara skup\u0161tina op\u0161tina i gradova i na\u010delnika odjeljenja.<\/p>\n<p>&#8220;Tako\u0111e, ne vidim svrhu javnog konkursa za izbor i imenovanja na ove pozicije kada su to pozicije koje su unaprijed dogovorene&#8221;, naveo je Kne\u017eevi\u0107.<\/p>\n<p>Milorad Zrni\u0107 iz Gradskog odbora SDS-a Prijedor rekao je da treba preispitati smisao postojanja op\u0161tina sa manje od sto stanovnika koje su u ratu i nakon rata osnivane i u Republici Srpskoj i u Federaciji BiH.<\/p>\n<p>&#8220;Postavlja se pitanje \u0161ta mogu da urade kao servis gra\u0111ana takve op\u0161tine. One su obesmi\u0161ljene i treba inicirati njihovo spajanje sa ve\u0107im zajednicama&#8221;, naveo je Zrni\u0107.<\/p>\n<p>On je dodao da raspu\u0161tanje lokalnih skup\u0161tina treba da radi Centralna izborna komisija BiH na prijedloge Vlade i Narodne skup\u0161tine, a ne sama Vlada Republike Srpske.<\/p>\n<p>Milan Popovi\u0107 iz op\u0161tine O\u0161tra Luka, koja ima oko 3.000 stanovnika, rekao je da bi primjena kriterijuma tri zaposlena na hiljadu stanovnika zna\u010dila ga\u0161enje ove op\u0161tine.<\/p>\n<p>&#8220;Pomisao da se gase ove op\u0161tine ili pripajaju susjednim, ve\u0107im lokalnim zajednicama, je suluda. Potrebni su samo racionalizacija i grantovi Vlade, koji su nekad bili puno ve\u0107i&#8221;, dodao je Popovi\u0107.<\/p>\n<p>Javnoj raspravi prisustvovali su predstavnici grada Prijedora i op\u0161tina Kostajnica, O\u0161tra Luka, Novi Grad, Kozarska Dubica i Krupa na Uni.<\/p>\n<p>SRNA<\/p>\n","protected":false},"excerpt":{"rendered":"<p>Zavr\u0161na javna rasprava o nacrtima zakona Republike Srpske o lokalnoj samoupravi i o slu\u017ebenicima i namje\u0161tenicima u organima jedinice lokalne samouprave bi\u0107e odr\u017eana u Banjaluci u srijedu, 23. marta, dok [&hellip;]<\/p>\n","protected":false},"author":1,"featured_media":0,"comment_status":"closed","ping_status":"open","sticky":false,"template":"","format":"standard","meta":{"_monsterinsights_skip_tracking":false,"_monsterinsights_sitenote_active":false,"_monsterinsights_sitenote_note":"","_monsterinsights_sitenote_category":0,"footnotes":""},"categories":[8],"tags":[96,7196,7052,3470,7197],"yoast_head":"<!-- This site is optimized with the Yoast SEO plugin v21.6 - https:\/\/yoast.com\/wordpress\/plugins\/seo\/ -->\n<title>PRIJEDOR: ODR\u017dANA JAVNA RASPRAVA O NACRTU ZAKONA RS O LOKALNOJ SAMOUPRAVI I O ZAPOSLENIM SLU\u017dBENICIMA - PrijedorDanas.com - Prijedorski gradski portal<\/title>\n<meta name=\"robots\" content=\"index, follow, max-snippet:-1, max-image-preview:large, max-video-preview:-1\" \/>\n<link rel=\"canonical\" href=\"https:\/\/www.prijedordanas.com\/?p=45076\" \/>\n<meta property=\"og:locale\" content=\"en_US\" \/>\n<meta property=\"og:type\" content=\"article\" \/>\n<meta property=\"og:title\" content=\"PRIJEDOR: ODR\u017dANA JAVNA RASPRAVA O NACRTU ZAKONA RS O LOKALNOJ SAMOUPRAVI I O ZAPOSLENIM SLU\u017dBENICIMA - PrijedorDanas.com - Prijedorski gradski portal\" \/>\n<meta property=\"og:description\" content=\"Zavr\u0161na javna rasprava o nacrtima zakona Republike Srpske o lokalnoj samoupravi i o slu\u017ebenicima i namje\u0161tenicima u organima jedinice lokalne samouprave bi\u0107e odr\u017eana u Banjaluci u srijedu, 23. marta, dok [&hellip;]\" \/>\n<meta property=\"og:url\" content=\"https:\/\/www.prijedordanas.com\/?p=45076\" \/>\n<meta property=\"og:site_name\" content=\"PrijedorDanas.com - Prijedorski gradski portal\" \/>\n<meta property=\"article:publisher\" content=\"https:\/\/www.facebook.com\/PrijedorDanasCom\/\" \/>\n<meta property=\"article:published_time\" content=\"2016-03-21T14:33:24+00:00\" \/>\n<meta property=\"og:image\" content=\"https:\/\/www.prijedordanas.com\/wp-content\/uploads\/2016\/03\/srna-javna-rasprava-lokalna-samouprava-zakon-1-300x225.jpg\" \/>\n<meta name=\"author\" content=\"admin\" \/>\n<meta name=\"twitter:card\" content=\"summary_large_image\" \/>\n<meta name=\"twitter:label1\" content=\"Written by\" \/>\n\t<meta name=\"twitter:data1\" content=\"admin\" \/>\n\t<meta name=\"twitter:label2\" content=\"Est. reading time\" \/>\n\t<meta name=\"twitter:data2\" content=\"3 minutes\" \/>\n<script type=\"application\/ld+json\" class=\"yoast-schema-graph\">{\"@context\":\"https:\/\/schema.org\",\"@graph\":[{\"@type\":\"Article\",\"@id\":\"https:\/\/www.prijedordanas.com\/?p=45076#article\",\"isPartOf\":{\"@id\":\"https:\/\/www.prijedordanas.com\/?p=45076\"},\"author\":{\"name\":\"admin\",\"@id\":\"https:\/\/www.prijedordanas.com\/#\/schema\/person\/4e08ccf29b506ca916ff86d46bb700e6\"},\"headline\":\"PRIJEDOR: ODR\u017dANA JAVNA RASPRAVA O NACRTU ZAKONA RS O LOKALNOJ SAMOUPRAVI I O ZAPOSLENIM SLU\u017dBENICIMA\",\"datePublished\":\"2016-03-21T14:33:24+00:00\",\"dateModified\":\"2016-03-21T14:33:24+00:00\",\"mainEntityOfPage\":{\"@id\":\"https:\/\/www.prijedordanas.com\/?p=45076\"},\"wordCount\":621,\"publisher\":{\"@id\":\"https:\/\/www.prijedordanas.com\/#organization\"},\"keywords\":[\"javna rasprava\",\"lokalna samouprava\",\"Ministarstvo uprave i lokalne samouprave\",\"Nacrt Zakona\",\"zaposleni slu\u017ebenici\"],\"articleSection\":[\"Svakodnevno\"],\"inLanguage\":\"en-US\"},{\"@type\":\"WebPage\",\"@id\":\"https:\/\/www.prijedordanas.com\/?p=45076\",\"url\":\"https:\/\/www.prijedordanas.com\/?p=45076\",\"name\":\"PRIJEDOR: ODR\u017dANA JAVNA RASPRAVA O NACRTU ZAKONA RS O LOKALNOJ SAMOUPRAVI I O ZAPOSLENIM SLU\u017dBENICIMA - PrijedorDanas.com - Prijedorski gradski portal\",\"isPartOf\":{\"@id\":\"https:\/\/www.prijedordanas.com\/#website\"},\"datePublished\":\"2016-03-21T14:33:24+00:00\",\"dateModified\":\"2016-03-21T14:33:24+00:00\",\"breadcrumb\":{\"@id\":\"https:\/\/www.prijedordanas.com\/?p=45076#breadcrumb\"},\"inLanguage\":\"en-US\",\"potentialAction\":[{\"@type\":\"ReadAction\",\"target\":[\"https:\/\/www.prijedordanas.com\/?p=45076\"]}]},{\"@type\":\"BreadcrumbList\",\"@id\":\"https:\/\/www.prijedordanas.com\/?p=45076#breadcrumb\",\"itemListElement\":[{\"@type\":\"ListItem\",\"position\":1,\"name\":\"Home\",\"item\":\"https:\/\/www.prijedordanas.com\/\"},{\"@type\":\"ListItem\",\"position\":2,\"name\":\"PRIJEDOR: ODR\u017dANA JAVNA RASPRAVA O NACRTU ZAKONA RS O LOKALNOJ SAMOUPRAVI I O ZAPOSLENIM SLU\u017dBENICIMA\"}]},{\"@type\":\"WebSite\",\"@id\":\"https:\/\/www.prijedordanas.com\/#website\",\"url\":\"https:\/\/www.prijedordanas.com\/\",\"name\":\"PrijedorDanas.com - Prijedorski gradski portal\",\"description\":\"Portal o doga\u0111anjima u gradu Prijedoru\",\"publisher\":{\"@id\":\"https:\/\/www.prijedordanas.com\/#organization\"},\"potentialAction\":[{\"@type\":\"SearchAction\",\"target\":{\"@type\":\"EntryPoint\",\"urlTemplate\":\"https:\/\/www.prijedordanas.com\/?s={search_term_string}\"},\"query-input\":\"required name=search_term_string\"}],\"inLanguage\":\"en-US\"},{\"@type\":\"Organization\",\"@id\":\"https:\/\/www.prijedordanas.com\/#organization\",\"name\":\"PrijedorDanas.com\",\"url\":\"https:\/\/www.prijedordanas.com\/\",\"logo\":{\"@type\":\"ImageObject\",\"inLanguage\":\"en-US\",\"@id\":\"https:\/\/www.prijedordanas.com\/#\/schema\/logo\/image\/\",\"url\":\"http:\/\/www.prijedordanas.com\/wp-content\/uploads\/2021\/12\/logopng.png\",\"contentUrl\":\"http:\/\/www.prijedordanas.com\/wp-content\/uploads\/2021\/12\/logopng.png\",\"width\":1019,\"height\":776,\"caption\":\"PrijedorDanas.com\"},\"image\":{\"@id\":\"https:\/\/www.prijedordanas.com\/#\/schema\/logo\/image\/\"},\"sameAs\":[\"https:\/\/www.facebook.com\/PrijedorDanasCom\/\"]},{\"@type\":\"Person\",\"@id\":\"https:\/\/www.prijedordanas.com\/#\/schema\/person\/4e08ccf29b506ca916ff86d46bb700e6\",\"name\":\"admin\",\"image\":{\"@type\":\"ImageObject\",\"inLanguage\":\"en-US\",\"@id\":\"https:\/\/www.prijedordanas.com\/#\/schema\/person\/image\/\",\"url\":\"https:\/\/secure.gravatar.com\/avatar\/1d3fc949d550f0b53a5f0d51e06dfd79?s=96&d=mm&r=g\",\"contentUrl\":\"https:\/\/secure.gravatar.com\/avatar\/1d3fc949d550f0b53a5f0d51e06dfd79?s=96&d=mm&r=g\",\"caption\":\"admin\"},\"url\":\"https:\/\/www.prijedordanas.com\/?author=1\"}]}<\/script>\n<!-- \/ Yoast SEO plugin. -->","yoast_head_json":{"title":"PRIJEDOR: ODR\u017dANA JAVNA RASPRAVA O NACRTU ZAKONA RS O LOKALNOJ SAMOUPRAVI I O ZAPOSLENIM SLU\u017dBENICIMA - PrijedorDanas.com - Prijedorski gradski portal","robots":{"index":"index","follow":"follow","max-snippet":"max-snippet:-1","max-image-preview":"max-image-preview:large","max-video-preview":"max-video-preview:-1"},"canonical":"https:\/\/www.prijedordanas.com\/?p=45076","og_locale":"en_US","og_type":"article","og_title":"PRIJEDOR: ODR\u017dANA JAVNA RASPRAVA O NACRTU ZAKONA RS O LOKALNOJ SAMOUPRAVI I O ZAPOSLENIM SLU\u017dBENICIMA - PrijedorDanas.com - Prijedorski gradski portal","og_description":"Zavr\u0161na javna rasprava o nacrtima zakona Republike Srpske o lokalnoj samoupravi i o slu\u017ebenicima i namje\u0161tenicima u organima jedinice lokalne samouprave bi\u0107e odr\u017eana u Banjaluci u srijedu, 23. marta, dok [&hellip;]","og_url":"https:\/\/www.prijedordanas.com\/?p=45076","og_site_name":"PrijedorDanas.com - Prijedorski gradski portal","article_publisher":"https:\/\/www.facebook.com\/PrijedorDanasCom\/","article_published_time":"2016-03-21T14:33:24+00:00","og_image":[{"url":"https:\/\/www.prijedordanas.com\/wp-content\/uploads\/2016\/03\/srna-javna-rasprava-lokalna-samouprava-zakon-1-300x225.jpg"}],"author":"admin","twitter_card":"summary_large_image","twitter_misc":{"Written by":"admin","Est. reading time":"3 minutes"},"schema":{"@context":"https:\/\/schema.org","@graph":[{"@type":"Article","@id":"https:\/\/www.prijedordanas.com\/?p=45076#article","isPartOf":{"@id":"https:\/\/www.prijedordanas.com\/?p=45076"},"author":{"name":"admin","@id":"https:\/\/www.prijedordanas.com\/#\/schema\/person\/4e08ccf29b506ca916ff86d46bb700e6"},"headline":"PRIJEDOR: ODR\u017dANA JAVNA RASPRAVA O NACRTU ZAKONA RS O LOKALNOJ SAMOUPRAVI I O ZAPOSLENIM SLU\u017dBENICIMA","datePublished":"2016-03-21T14:33:24+00:00","dateModified":"2016-03-21T14:33:24+00:00","mainEntityOfPage":{"@id":"https:\/\/www.prijedordanas.com\/?p=45076"},"wordCount":621,"publisher":{"@id":"https:\/\/www.prijedordanas.com\/#organization"},"keywords":["javna rasprava","lokalna samouprava","Ministarstvo uprave i lokalne samouprave","Nacrt Zakona","zaposleni slu\u017ebenici"],"articleSection":["Svakodnevno"],"inLanguage":"en-US"},{"@type":"WebPage","@id":"https:\/\/www.prijedordanas.com\/?p=45076","url":"https:\/\/www.prijedordanas.com\/?p=45076","name":"PRIJEDOR: ODR\u017dANA JAVNA RASPRAVA O NACRTU ZAKONA RS O LOKALNOJ SAMOUPRAVI I O ZAPOSLENIM SLU\u017dBENICIMA - PrijedorDanas.com - Prijedorski gradski portal","isPartOf":{"@id":"https:\/\/www.prijedordanas.com\/#website"},"datePublished":"2016-03-21T14:33:24+00:00","dateModified":"2016-03-21T14:33:24+00:00","breadcrumb":{"@id":"https:\/\/www.prijedordanas.com\/?p=45076#breadcrumb"},"inLanguage":"en-US","potentialAction":[{"@type":"ReadAction","target":["https:\/\/www.prijedordanas.com\/?p=45076"]}]},{"@type":"BreadcrumbList","@id":"https:\/\/www.prijedordanas.com\/?p=45076#breadcrumb","itemListElement":[{"@type":"ListItem","position":1,"name":"Home","item":"https:\/\/www.prijedordanas.com\/"},{"@type":"ListItem","position":2,"name":"PRIJEDOR: ODR\u017dANA JAVNA RASPRAVA O NACRTU ZAKONA RS O LOKALNOJ SAMOUPRAVI I O ZAPOSLENIM SLU\u017dBENICIMA"}]},{"@type":"WebSite","@id":"https:\/\/www.prijedordanas.com\/#website","url":"https:\/\/www.prijedordanas.com\/","name":"PrijedorDanas.com - Prijedorski gradski portal","description":"Portal o doga\u0111anjima u gradu Prijedoru","publisher":{"@id":"https:\/\/www.prijedordanas.com\/#organization"},"potentialAction":[{"@type":"SearchAction","target":{"@type":"EntryPoint","urlTemplate":"https:\/\/www.prijedordanas.com\/?s={search_term_string}"},"query-input":"required name=search_term_string"}],"inLanguage":"en-US"},{"@type":"Organization","@id":"https:\/\/www.prijedordanas.com\/#organization","name":"PrijedorDanas.com","url":"https:\/\/www.prijedordanas.com\/","logo":{"@type":"ImageObject","inLanguage":"en-US","@id":"https:\/\/www.prijedordanas.com\/#\/schema\/logo\/image\/","url":"http:\/\/www.prijedordanas.com\/wp-content\/uploads\/2021\/12\/logopng.png","contentUrl":"http:\/\/www.prijedordanas.com\/wp-content\/uploads\/2021\/12\/logopng.png","width":1019,"height":776,"caption":"PrijedorDanas.com"},"image":{"@id":"https:\/\/www.prijedordanas.com\/#\/schema\/logo\/image\/"},"sameAs":["https:\/\/www.facebook.com\/PrijedorDanasCom\/"]},{"@type":"Person","@id":"https:\/\/www.prijedordanas.com\/#\/schema\/person\/4e08ccf29b506ca916ff86d46bb700e6","name":"admin","image":{"@type":"ImageObject","inLanguage":"en-US","@id":"https:\/\/www.prijedordanas.com\/#\/schema\/person\/image\/","url":"https:\/\/secure.gravatar.com\/avatar\/1d3fc949d550f0b53a5f0d51e06dfd79?s=96&d=mm&r=g","contentUrl":"https:\/\/secure.gravatar.com\/avatar\/1d3fc949d550f0b53a5f0d51e06dfd79?s=96&d=mm&r=g","caption":"admin"},"url":"https:\/\/www.prijedordanas.com\/?author=1"}]}},"_links":{"self":[{"href":"https:\/\/www.prijedordanas.com\/index.php?rest_route=\/wp\/v2\/posts\/45076"}],"collection":[{"href":"https:\/\/www.prijedordanas.com\/index.php?rest_route=\/wp\/v2\/posts"}],"about":[{"href":"https:\/\/www.prijedordanas.com\/index.php?rest_route=\/wp\/v2\/types\/post"}],"author":[{"embeddable":true,"href":"https:\/\/www.prijedordanas.com\/index.php?rest_route=\/wp\/v2\/users\/1"}],"replies":[{"embeddable":true,"href":"https:\/\/www.prijedordanas.com\/index.php?rest_route=%2Fwp%2Fv2%2Fcomments&post=45076"}],"version-history":[{"count":1,"href":"https:\/\/www.prijedordanas.com\/index.php?rest_route=\/wp\/v2\/posts\/45076\/revisions"}],"predecessor-version":[{"id":45077,"href":"https:\/\/www.prijedordanas.com\/index.php?rest_route=\/wp\/v2\/posts\/45076\/revisions\/45077"}],"wp:attachment":[{"href":"https:\/\/www.prijedordanas.com\/index.php?rest_route=%2Fwp%2Fv2%2Fmedia&parent=45076"}],"wp:term":[{"taxonomy":"category","embeddable":true,"href":"https:\/\/www.prijedordanas.com\/index.php?rest_route=%2Fwp%2Fv2%2Fcategories&post=45076"},{"taxonomy":"post_tag","embeddable":true,"href":"https:\/\/www.prijedordanas.com\/index.php?rest_route=%2Fwp%2Fv2%2Ftags&post=45076"}],"curies":[{"name":"wp","href":"https:\/\/api.w.org\/{rel}","templated":true}]}}