{"id":44803,"date":"2016-03-18T14:01:27","date_gmt":"2016-03-18T13:01:27","guid":{"rendered":"https:\/\/www.prijedordanas.com\/?p=44803"},"modified":"2016-03-18T14:01:27","modified_gmt":"2016-03-18T13:01:27","slug":"prijedor-zakon-o-radu-u-posljednjih-par-godina-vise-od-pet-hiljada-misljenja","status":"publish","type":"post","link":"https:\/\/www.prijedordanas.com\/?p=44803","title":{"rendered":"PRIJEDOR-ZAKON O RADU: U POSLJEDNJIH PAR GODINA VI\u0160E OD PET HILJADA MI\u0160LJENJA"},"content":{"rendered":"<p><a href=\"https:\/\/www.prijedordanas.com\/wp-content\/uploads\/2016\/03\/srna-zakon-o-radu-prijedor-predstavljanje-1.jpg\" rel=\"attachment wp-att-44808\"><img loading=\"lazy\" decoding=\"async\" class=\"alignleft size-medium wp-image-44808\" src=\"https:\/\/www.prijedordanas.com\/wp-content\/uploads\/2016\/03\/srna-zakon-o-radu-prijedor-predstavljanje-1-300x201.jpg\" alt=\"srna-zakon o radu-prijedor-predstavljanje (1)\" width=\"300\" height=\"201\" srcset=\"https:\/\/www.prijedordanas.com\/wp-content\/uploads\/2016\/03\/srna-zakon-o-radu-prijedor-predstavljanje-1-300x200.jpg 300w, https:\/\/www.prijedordanas.com\/wp-content\/uploads\/2016\/03\/srna-zakon-o-radu-prijedor-predstavljanje-1-480x320.jpg 480w, https:\/\/www.prijedordanas.com\/wp-content\/uploads\/2016\/03\/srna-zakon-o-radu-prijedor-predstavljanje-1.jpg 600w\" sizes=\"(max-width: 300px) 100vw, 300px\" \/><\/a>Ministarstvo rada i bora\u010dko-invalidske za\u0161tite Republike Srpske u posljednjih par godina dalo je vi\u0161e od pet hiljada mi\u0161ljenja na pojedine upite iz radno-pravnih odnosa, izjavila je pomo\u0107nik ministra rada i bora\u010dko-invalidske za\u0161tite Republike Srpske za rad i zapo\u0161ljavanje Mira Vasi\u0107.<\/p>\n<p>&#8220;Zakon o radu je pripreman dvije godine. U zakonu sve jasno pi\u0161e. Treba ga \u010ditati ne jednom nego vi\u0161e puta i primijeniti na svaku konkretnu situaciju, a ne da radnici Ministarstva rje\u0161avaju pojedina\u010dna pitanja u preduze\u0107ima i privrednim subjektima&#8221;, rekla je Vasi\u0107eva novinarima u Prijedoru gdje je danas predstavljen novi Zakon o radu.<\/p>\n<p>Ona je dodala da su javne prezentacije Zakona o radu organizovane u \u0161est regionalnih centara Republike Srpske i da \u0107e naj\u010de\u0161\u0107e postavljana pitanja i odgovori biti objavljeni na internet stranici Ministarstva kako bi se smanjio pritisak na ovo ministarstvo.<\/p>\n<p>&#8220;Zakonom su decidno navedena prava i obaveze radnika i poslodavaca i preporu\u010dujem kolegama koji ga primjenjuju da ga i\u0161\u010ditaju dobro jer tekst ne ostavlja nedoumice&#8221;, poru\u010dila je Vasi\u0107eva.<\/p>\n<p><a href=\"https:\/\/www.prijedordanas.com\/wp-content\/uploads\/2016\/03\/srna-zakon-o-radu-prijedor-predstavljanje-2.jpg\" rel=\"attachment wp-att-44809\"><img loading=\"lazy\" decoding=\"async\" src=\"https:\/\/www.prijedordanas.com\/wp-content\/uploads\/2016\/03\/srna-zakon-o-radu-prijedor-predstavljanje-2-300x201.jpg\" alt=\"srna-zakon o radu-prijedor-predstavljanje (2)\" width=\"300\" height=\"201\" class=\"alignleft size-medium wp-image-44809\" srcset=\"https:\/\/www.prijedordanas.com\/wp-content\/uploads\/2016\/03\/srna-zakon-o-radu-prijedor-predstavljanje-2-300x200.jpg 300w, https:\/\/www.prijedordanas.com\/wp-content\/uploads\/2016\/03\/srna-zakon-o-radu-prijedor-predstavljanje-2-480x320.jpg 480w, https:\/\/www.prijedordanas.com\/wp-content\/uploads\/2016\/03\/srna-zakon-o-radu-prijedor-predstavljanje-2.jpg 600w\" sizes=\"(max-width: 300px) 100vw, 300px\" \/><\/a>Ona je najavila da predstoji dono\u0161enje zakona o posredovanju u zapo\u0161ljavanju, o mirnom rje\u0161avanju radnih sporova i o evidenciji u oblasti rada i zdravstvenog osiguranja, a da \u0107e predstavnici ovog ministarstva u\u010destvovati i u izradi zakona o zdravstvenoj za\u0161titi i zdravstvenom osiguranju kako bi i oni bili kompatibilni sa Zakonom o radu.<\/p>\n<p>&#8220;Mislim da \u0107emo morati intervenisati i kod zakona o Ekonomsko-socijalnom savjetu i o \u0161trajku, a sve u zavisnosti od socijalnog dijaloga&#8221;, dodala je Vasi\u0107eva.<\/p>\n<p>Na\u010delnik Odjeljenja za rad i zapo\u0161ljavanje u Ministarstvu rada i bora\u010dko-invalidske za\u0161tite RS Rajko Kli\u010dkovi\u0107 rekao je da postoji zahtjev za ocjenu ustavnosti novog Zakona o radu u dijelu koji se odnosi na regres.<\/p>\n<p>&#8220;Mi \u0107emo se truditi da ostane rje\u0161enje kakvo jeste jer smatramo da regres treba da ostane zakonska kategorija&#8221;, istakao je Kli\u010dkovi\u0107.<\/p>\n<p>Odgovaraju\u0107i na pitanja u toku predstavljanja Zakona o radu, Kli\u010dkovi\u0107 je rekao da svaki radnik mora dobiti obra\u010dun plate odnosno platnu listu i da ona mora da sar\u017ei izdvojene stavke za rad praznicima, rad no\u0107u, minuli rad, topli obrok i drugo, izuzev \u0161est oblasti poput zdravstva, \u0161kolstva, sudstva i policije, gdje su plate regulisane posebnim zakonima.<\/p>\n<p>&#8220;Platna lista ima snagu izvr\u0161ne isprave. Mo\u017ee se radniku dostaviti i elektronskim putem, ali mora i li\u010dno&#8221;, naglasio je Kli\u010dkovi\u0107.<\/p>\n<p>Prema njegovim rije\u010dima, prijem radnika na odre\u0111eno vrijeme za vrijeme godi\u0161njih odmora radnika zaposlenih na neodre\u0111eno vrijeme je ne samo dozvoljeno nego i po\u017eeljno.<\/p>\n<p>&#8220;Novi zakon svakako podr\u017eava i stimuli\u0161e ovako odgovorne poslodavce i mi to pozdravljamo&#8221;, istakao je Kli\u010dkovi\u0107.<\/p>\n<p>Direktor Agencije za mirno rje\u0161avanje sporova Borislav Radi\u0107 rekao je da je u do po\u010detka marta ove godine Agencija zaprimila tri do \u010detiri hiljade zahtjeva za povredu radnih prava u 2015. godini.<\/p>\n<p>SRNA<\/p>\n","protected":false},"excerpt":{"rendered":"<p>Ministarstvo rada i bora\u010dko-invalidske za\u0161tite Republike Srpske u posljednjih par godina dalo je vi\u0161e od pet hiljada mi\u0161ljenja na pojedine upite iz radno-pravnih odnosa, izjavila je pomo\u0107nik ministra rada i [&hellip;]<\/p>\n","protected":false},"author":1,"featured_media":0,"comment_status":"closed","ping_status":"open","sticky":false,"template":"","format":"standard","meta":{"_monsterinsights_skip_tracking":false,"_monsterinsights_sitenote_active":false,"_monsterinsights_sitenote_note":"","_monsterinsights_sitenote_category":0,"footnotes":""},"categories":[4],"tags":[6905,197,6888],"yoast_head":"<!-- This site is optimized with the Yoast SEO plugin v21.6 - https:\/\/yoast.com\/wordpress\/plugins\/seo\/ -->\n<title>PRIJEDOR-ZAKON O RADU: U POSLJEDNJIH PAR GODINA VI\u0160E OD PET HILJADA MI\u0160LJENJA - PrijedorDanas.com - Prijedorski gradski portal<\/title>\n<meta name=\"robots\" content=\"index, follow, max-snippet:-1, max-image-preview:large, max-video-preview:-1\" \/>\n<link rel=\"canonical\" href=\"https:\/\/www.prijedordanas.com\/?p=44803\" \/>\n<meta property=\"og:locale\" content=\"en_US\" \/>\n<meta property=\"og:type\" content=\"article\" \/>\n<meta property=\"og:title\" content=\"PRIJEDOR-ZAKON O RADU: U POSLJEDNJIH PAR GODINA VI\u0160E OD PET HILJADA MI\u0160LJENJA - PrijedorDanas.com - Prijedorski gradski portal\" \/>\n<meta property=\"og:description\" content=\"Ministarstvo rada i bora\u010dko-invalidske za\u0161tite Republike Srpske u posljednjih par godina dalo je vi\u0161e od pet hiljada mi\u0161ljenja na pojedine upite iz radno-pravnih odnosa, izjavila je pomo\u0107nik ministra rada i [&hellip;]\" \/>\n<meta property=\"og:url\" content=\"https:\/\/www.prijedordanas.com\/?p=44803\" \/>\n<meta property=\"og:site_name\" content=\"PrijedorDanas.com - Prijedorski gradski portal\" \/>\n<meta property=\"article:publisher\" content=\"https:\/\/www.facebook.com\/PrijedorDanasCom\/\" \/>\n<meta property=\"article:published_time\" content=\"2016-03-18T13:01:27+00:00\" \/>\n<meta property=\"og:image\" content=\"https:\/\/www.prijedordanas.com\/wp-content\/uploads\/2016\/03\/srna-zakon-o-radu-prijedor-predstavljanje-1-300x201.jpg\" \/>\n<meta name=\"author\" content=\"admin\" \/>\n<meta name=\"twitter:card\" content=\"summary_large_image\" \/>\n<meta name=\"twitter:label1\" content=\"Written by\" \/>\n\t<meta name=\"twitter:data1\" content=\"admin\" \/>\n\t<meta name=\"twitter:label2\" content=\"Est. reading time\" \/>\n\t<meta name=\"twitter:data2\" content=\"2 minutes\" \/>\n<script type=\"application\/ld+json\" class=\"yoast-schema-graph\">{\"@context\":\"https:\/\/schema.org\",\"@graph\":[{\"@type\":\"Article\",\"@id\":\"https:\/\/www.prijedordanas.com\/?p=44803#article\",\"isPartOf\":{\"@id\":\"https:\/\/www.prijedordanas.com\/?p=44803\"},\"author\":{\"name\":\"admin\",\"@id\":\"https:\/\/www.prijedordanas.com\/#\/schema\/person\/4e08ccf29b506ca916ff86d46bb700e6\"},\"headline\":\"PRIJEDOR-ZAKON O RADU: U POSLJEDNJIH PAR GODINA VI\u0160E OD PET HILJADA MI\u0160LJENJA\",\"datePublished\":\"2016-03-18T13:01:27+00:00\",\"dateModified\":\"2016-03-18T13:01:27+00:00\",\"mainEntityOfPage\":{\"@id\":\"https:\/\/www.prijedordanas.com\/?p=44803\"},\"wordCount\":505,\"publisher\":{\"@id\":\"https:\/\/www.prijedordanas.com\/#organization\"},\"keywords\":[\"predstavljanje\",\"Prijedor\",\"Zakon o radu\"],\"articleSection\":[\"Dru\u0161tvo\"],\"inLanguage\":\"en-US\"},{\"@type\":\"WebPage\",\"@id\":\"https:\/\/www.prijedordanas.com\/?p=44803\",\"url\":\"https:\/\/www.prijedordanas.com\/?p=44803\",\"name\":\"PRIJEDOR-ZAKON O RADU: U POSLJEDNJIH PAR GODINA VI\u0160E OD PET HILJADA MI\u0160LJENJA - PrijedorDanas.com - Prijedorski gradski portal\",\"isPartOf\":{\"@id\":\"https:\/\/www.prijedordanas.com\/#website\"},\"datePublished\":\"2016-03-18T13:01:27+00:00\",\"dateModified\":\"2016-03-18T13:01:27+00:00\",\"breadcrumb\":{\"@id\":\"https:\/\/www.prijedordanas.com\/?p=44803#breadcrumb\"},\"inLanguage\":\"en-US\",\"potentialAction\":[{\"@type\":\"ReadAction\",\"target\":[\"https:\/\/www.prijedordanas.com\/?p=44803\"]}]},{\"@type\":\"BreadcrumbList\",\"@id\":\"https:\/\/www.prijedordanas.com\/?p=44803#breadcrumb\",\"itemListElement\":[{\"@type\":\"ListItem\",\"position\":1,\"name\":\"Home\",\"item\":\"https:\/\/www.prijedordanas.com\/\"},{\"@type\":\"ListItem\",\"position\":2,\"name\":\"PRIJEDOR-ZAKON O RADU: U POSLJEDNJIH PAR GODINA VI\u0160E OD PET HILJADA MI\u0160LJENJA\"}]},{\"@type\":\"WebSite\",\"@id\":\"https:\/\/www.prijedordanas.com\/#website\",\"url\":\"https:\/\/www.prijedordanas.com\/\",\"name\":\"PrijedorDanas.com - Prijedorski gradski portal\",\"description\":\"Portal o doga\u0111anjima u gradu Prijedoru\",\"publisher\":{\"@id\":\"https:\/\/www.prijedordanas.com\/#organization\"},\"potentialAction\":[{\"@type\":\"SearchAction\",\"target\":{\"@type\":\"EntryPoint\",\"urlTemplate\":\"https:\/\/www.prijedordanas.com\/?s={search_term_string}\"},\"query-input\":\"required name=search_term_string\"}],\"inLanguage\":\"en-US\"},{\"@type\":\"Organization\",\"@id\":\"https:\/\/www.prijedordanas.com\/#organization\",\"name\":\"PrijedorDanas.com\",\"url\":\"https:\/\/www.prijedordanas.com\/\",\"logo\":{\"@type\":\"ImageObject\",\"inLanguage\":\"en-US\",\"@id\":\"https:\/\/www.prijedordanas.com\/#\/schema\/logo\/image\/\",\"url\":\"http:\/\/www.prijedordanas.com\/wp-content\/uploads\/2021\/12\/logopng.png\",\"contentUrl\":\"http:\/\/www.prijedordanas.com\/wp-content\/uploads\/2021\/12\/logopng.png\",\"width\":1019,\"height\":776,\"caption\":\"PrijedorDanas.com\"},\"image\":{\"@id\":\"https:\/\/www.prijedordanas.com\/#\/schema\/logo\/image\/\"},\"sameAs\":[\"https:\/\/www.facebook.com\/PrijedorDanasCom\/\"]},{\"@type\":\"Person\",\"@id\":\"https:\/\/www.prijedordanas.com\/#\/schema\/person\/4e08ccf29b506ca916ff86d46bb700e6\",\"name\":\"admin\",\"image\":{\"@type\":\"ImageObject\",\"inLanguage\":\"en-US\",\"@id\":\"https:\/\/www.prijedordanas.com\/#\/schema\/person\/image\/\",\"url\":\"https:\/\/secure.gravatar.com\/avatar\/1d3fc949d550f0b53a5f0d51e06dfd79?s=96&d=mm&r=g\",\"contentUrl\":\"https:\/\/secure.gravatar.com\/avatar\/1d3fc949d550f0b53a5f0d51e06dfd79?s=96&d=mm&r=g\",\"caption\":\"admin\"},\"url\":\"https:\/\/www.prijedordanas.com\/?author=1\"}]}<\/script>\n<!-- \/ Yoast SEO plugin. -->","yoast_head_json":{"title":"PRIJEDOR-ZAKON O RADU: U POSLJEDNJIH PAR GODINA VI\u0160E OD PET HILJADA MI\u0160LJENJA - PrijedorDanas.com - Prijedorski gradski portal","robots":{"index":"index","follow":"follow","max-snippet":"max-snippet:-1","max-image-preview":"max-image-preview:large","max-video-preview":"max-video-preview:-1"},"canonical":"https:\/\/www.prijedordanas.com\/?p=44803","og_locale":"en_US","og_type":"article","og_title":"PRIJEDOR-ZAKON O RADU: U POSLJEDNJIH PAR GODINA VI\u0160E OD PET HILJADA MI\u0160LJENJA - PrijedorDanas.com - Prijedorski gradski portal","og_description":"Ministarstvo rada i bora\u010dko-invalidske za\u0161tite Republike Srpske u posljednjih par godina dalo je vi\u0161e od pet hiljada mi\u0161ljenja na pojedine upite iz radno-pravnih odnosa, izjavila je pomo\u0107nik ministra rada i [&hellip;]","og_url":"https:\/\/www.prijedordanas.com\/?p=44803","og_site_name":"PrijedorDanas.com - Prijedorski gradski portal","article_publisher":"https:\/\/www.facebook.com\/PrijedorDanasCom\/","article_published_time":"2016-03-18T13:01:27+00:00","og_image":[{"url":"https:\/\/www.prijedordanas.com\/wp-content\/uploads\/2016\/03\/srna-zakon-o-radu-prijedor-predstavljanje-1-300x201.jpg"}],"author":"admin","twitter_card":"summary_large_image","twitter_misc":{"Written by":"admin","Est. reading time":"2 minutes"},"schema":{"@context":"https:\/\/schema.org","@graph":[{"@type":"Article","@id":"https:\/\/www.prijedordanas.com\/?p=44803#article","isPartOf":{"@id":"https:\/\/www.prijedordanas.com\/?p=44803"},"author":{"name":"admin","@id":"https:\/\/www.prijedordanas.com\/#\/schema\/person\/4e08ccf29b506ca916ff86d46bb700e6"},"headline":"PRIJEDOR-ZAKON O RADU: U POSLJEDNJIH PAR GODINA VI\u0160E OD PET HILJADA MI\u0160LJENJA","datePublished":"2016-03-18T13:01:27+00:00","dateModified":"2016-03-18T13:01:27+00:00","mainEntityOfPage":{"@id":"https:\/\/www.prijedordanas.com\/?p=44803"},"wordCount":505,"publisher":{"@id":"https:\/\/www.prijedordanas.com\/#organization"},"keywords":["predstavljanje","Prijedor","Zakon o radu"],"articleSection":["Dru\u0161tvo"],"inLanguage":"en-US"},{"@type":"WebPage","@id":"https:\/\/www.prijedordanas.com\/?p=44803","url":"https:\/\/www.prijedordanas.com\/?p=44803","name":"PRIJEDOR-ZAKON O RADU: U POSLJEDNJIH PAR GODINA VI\u0160E OD PET HILJADA MI\u0160LJENJA - PrijedorDanas.com - Prijedorski gradski portal","isPartOf":{"@id":"https:\/\/www.prijedordanas.com\/#website"},"datePublished":"2016-03-18T13:01:27+00:00","dateModified":"2016-03-18T13:01:27+00:00","breadcrumb":{"@id":"https:\/\/www.prijedordanas.com\/?p=44803#breadcrumb"},"inLanguage":"en-US","potentialAction":[{"@type":"ReadAction","target":["https:\/\/www.prijedordanas.com\/?p=44803"]}]},{"@type":"BreadcrumbList","@id":"https:\/\/www.prijedordanas.com\/?p=44803#breadcrumb","itemListElement":[{"@type":"ListItem","position":1,"name":"Home","item":"https:\/\/www.prijedordanas.com\/"},{"@type":"ListItem","position":2,"name":"PRIJEDOR-ZAKON O RADU: U POSLJEDNJIH PAR GODINA VI\u0160E OD PET HILJADA MI\u0160LJENJA"}]},{"@type":"WebSite","@id":"https:\/\/www.prijedordanas.com\/#website","url":"https:\/\/www.prijedordanas.com\/","name":"PrijedorDanas.com - Prijedorski gradski portal","description":"Portal o doga\u0111anjima u gradu Prijedoru","publisher":{"@id":"https:\/\/www.prijedordanas.com\/#organization"},"potentialAction":[{"@type":"SearchAction","target":{"@type":"EntryPoint","urlTemplate":"https:\/\/www.prijedordanas.com\/?s={search_term_string}"},"query-input":"required name=search_term_string"}],"inLanguage":"en-US"},{"@type":"Organization","@id":"https:\/\/www.prijedordanas.com\/#organization","name":"PrijedorDanas.com","url":"https:\/\/www.prijedordanas.com\/","logo":{"@type":"ImageObject","inLanguage":"en-US","@id":"https:\/\/www.prijedordanas.com\/#\/schema\/logo\/image\/","url":"http:\/\/www.prijedordanas.com\/wp-content\/uploads\/2021\/12\/logopng.png","contentUrl":"http:\/\/www.prijedordanas.com\/wp-content\/uploads\/2021\/12\/logopng.png","width":1019,"height":776,"caption":"PrijedorDanas.com"},"image":{"@id":"https:\/\/www.prijedordanas.com\/#\/schema\/logo\/image\/"},"sameAs":["https:\/\/www.facebook.com\/PrijedorDanasCom\/"]},{"@type":"Person","@id":"https:\/\/www.prijedordanas.com\/#\/schema\/person\/4e08ccf29b506ca916ff86d46bb700e6","name":"admin","image":{"@type":"ImageObject","inLanguage":"en-US","@id":"https:\/\/www.prijedordanas.com\/#\/schema\/person\/image\/","url":"https:\/\/secure.gravatar.com\/avatar\/1d3fc949d550f0b53a5f0d51e06dfd79?s=96&d=mm&r=g","contentUrl":"https:\/\/secure.gravatar.com\/avatar\/1d3fc949d550f0b53a5f0d51e06dfd79?s=96&d=mm&r=g","caption":"admin"},"url":"https:\/\/www.prijedordanas.com\/?author=1"}]}},"_links":{"self":[{"href":"https:\/\/www.prijedordanas.com\/index.php?rest_route=\/wp\/v2\/posts\/44803"}],"collection":[{"href":"https:\/\/www.prijedordanas.com\/index.php?rest_route=\/wp\/v2\/posts"}],"about":[{"href":"https:\/\/www.prijedordanas.com\/index.php?rest_route=\/wp\/v2\/types\/post"}],"author":[{"embeddable":true,"href":"https:\/\/www.prijedordanas.com\/index.php?rest_route=\/wp\/v2\/users\/1"}],"replies":[{"embeddable":true,"href":"https:\/\/www.prijedordanas.com\/index.php?rest_route=%2Fwp%2Fv2%2Fcomments&post=44803"}],"version-history":[{"count":2,"href":"https:\/\/www.prijedordanas.com\/index.php?rest_route=\/wp\/v2\/posts\/44803\/revisions"}],"predecessor-version":[{"id":44810,"href":"https:\/\/www.prijedordanas.com\/index.php?rest_route=\/wp\/v2\/posts\/44803\/revisions\/44810"}],"wp:attachment":[{"href":"https:\/\/www.prijedordanas.com\/index.php?rest_route=%2Fwp%2Fv2%2Fmedia&parent=44803"}],"wp:term":[{"taxonomy":"category","embeddable":true,"href":"https:\/\/www.prijedordanas.com\/index.php?rest_route=%2Fwp%2Fv2%2Fcategories&post=44803"},{"taxonomy":"post_tag","embeddable":true,"href":"https:\/\/www.prijedordanas.com\/index.php?rest_route=%2Fwp%2Fv2%2Ftags&post=44803"}],"curies":[{"name":"wp","href":"https:\/\/api.w.org\/{rel}","templated":true}]}}