{"id":44027,"date":"2016-03-11T12:49:45","date_gmt":"2016-03-11T11:49:45","guid":{"rendered":"https:\/\/www.prijedordanas.com\/?p=44027"},"modified":"2016-03-11T12:49:45","modified_gmt":"2016-03-11T11:49:45","slug":"humanitarka-semira-hofman-sokirana-potezima-uio-bih-sumnjiv-im-i-donji-ves","status":"publish","type":"post","link":"https:\/\/www.prijedordanas.com\/?p=44027","title":{"rendered":"HUMANITARKA SEMIRA HOFMAN \u0160OKIRANA POTEZIMA UIO BIH: SUMNJIV IM I DONJI VE\u0160!"},"content":{"rendered":"<p><a href=\"https:\/\/www.prijedordanas.com\/wp-content\/uploads\/2016\/03\/pressrs-semira-hofman.jpg\" rel=\"attachment wp-att-44028\"><img loading=\"lazy\" decoding=\"async\" src=\"https:\/\/www.prijedordanas.com\/wp-content\/uploads\/2016\/03\/pressrs-semira-hofman-300x178.jpg\" alt=\"pressrs-semira hofman\" width=\"300\" height=\"178\" class=\"alignleft size-medium wp-image-44028\" srcset=\"https:\/\/www.prijedordanas.com\/wp-content\/uploads\/2016\/03\/pressrs-semira-hofman-300x178.jpg 300w, https:\/\/www.prijedordanas.com\/wp-content\/uploads\/2016\/03\/pressrs-semira-hofman.jpg 650w\" sizes=\"(max-width: 300px) 100vw, 300px\" \/><\/a>Semira Hofman, humanitarka iz Prijedora i vlasnica klinike na Floridi, ogor\u010dena je postupcima slu\u017ebenika Regionalnog centra Uprave za indirektno oporezivanje BiH, jer su joj, kako tvrdi, po\u010detkom februara napravili \u0161tetu ve\u0107u od 4.000 ameri\u010dkih dolara nezakonito zabraniv\u0161i uvoz 13 paketa sa dijetalnom hranom, li\u010dnom kozmetikom, polovnim respiratorom za te\u0161ko oboljelog Aleksandra Vujnovi\u0107a, pa \u010dak i kori\u0161\u0107enim donjim ve\u0161om marke &#8220;Viktorija sikrit&#8221;!<\/p>\n<p>&#8211; Paketi\u0107e sam prije dolaska u Prijedor poslala na ime svoje majke Sadike. Sve te stvari, koje ovdje ne mogu da kupim, zbog januarskih praznika stigle su u Banjaluku 2. februara. Kada je majka sutradan oti\u0161la da ih podigne, carinici su rekli da ja to moram u\u010diniti. Naravno, do\u0161la sam 4. februara oko 12.30 \u010dasova, me\u0111utim, rekli su da su paketi tog jutra vra\u0107eni u SAD. Bila sam \u0161okirana &#8211; prisje\u0107a se Hofmanova.<\/p>\n<p>Vra\u0107anje paketa<\/p>\n<p>Ona isti\u010de da carinici nisu ispo\u0161tovali zakonsku proceduru kada su u pitanju paketi koji sadr\u017ee predmete za koje je potrebna dozvola posebnih institucija i sanitarnih inspekcija u RS i BiH.<\/p>\n<p>&#8211; Za moje paketi\u0107e nisu trebale nikakve dozvole jer sam sli\u010dne bez ikakvih problema ranije slala majci, kao i sinu u Njema\u010dku. \u010cak i da su neki od paketa bili sporni, carinici su trebali da naprave zapisnik i rje\u0161enje da mi ne mogu biti dostavljeni bez dozvole, te da me o tome obavijeste. Ali od toga nije bilo ni\u0161ta. Uz to, najzanimljivije je da sam rje\u0161enje o vra\u0107anju paketa dobila tek 5. februara kada su po\u0161iljke ve\u0107 bile na putu za SAD &#8211; ka\u017ee Semira.<\/p>\n<p>Ona nagla\u0161ava da joj carinici nisu dali \u0161ansu da se o svemu izjasni i poku\u0161a da uveze pakete.<\/p>\n<p>&#8211; Takve stvari se ne de\u0161avaju u ure\u0111enim zemljama, jer sam imala pravo da zatra\u017eim od carinarnice da stvari u mom prisustvu budu uni\u0161tene ukoliko se ne mogu uvesti u BiH, \u010dime bi mi bar smanjili ukupne tro\u0161kove slanja paketa nazad u SAD. Dakle, propust carinika koji su se pona\u0161ali bahato, samoinicijativno i nisu po\u0161tovali procedure ko\u0161ta\u0107e me vi\u0161e od 4.000 dolara. Iz tih razloga, tra\u017eim da se uva\u017ei \u017ealba moje majke Sadike \u010cehi\u0107 Grupi za carinske poslove Uprave za indirektno oporezivanje BiH o nepravilnostima prilikom carinskog pregleda po\u0161tanskih po\u0161iljki i njihovog neosnovanog vra\u0107anja u SAD &#8211; poru\u010duje Hofmanova.<\/p>\n<p>Problem i poni\u017eenje<\/p>\n<p>Semira isti\u010de da su joj i ljudi iz vrha Ministarstva zdravlja i socijalne za\u0161tite RS potvrdili da njena dijetalna hrana, vitamini i minerali ne spadaju u lijekove.<\/p>\n<p>&#8211; \u010cak i da je ta hrana sporna, kome su smetali moj donji ve\u0161 koji sam zaboravila da ponesem, a pogotovo respirator, vrijedan 150 dolara, koji je trebalo da doniram bolesnom Aleksandru koji je u me\u0111uvremenu preminuo&#8230; Dakle, moram ovo da rije\u0161im. U Prijedor dolazim dva puta godi\u0161nje i ne \u017eelim da me opet zatekne isti problem i poni\u017eenje &#8211; ka\u017ee Hofmanova.<\/p>\n<p>Kova\u010devi\u0107: \u017dalba se rje\u0161ava<\/p>\n<p>Ratko Kova\u010devi\u0107, portparol UIO BiH, ka\u017ee da se u po\u0161iljkama \u010diji je primalac Sadika \u010cehi\u0107 nalazila odre\u0111ena vrsta i koli\u010dina robe (13 paketa ukupne te\u017eine 58 kilograma) za koju je u postupku carinjenja bilo potrebno pribaviti neophodna uvjerenja nadle\u017enih inspekcijskih slu\u017ebi, kao i dozvolu Agencije za lijekove i medicinska sredstva BiH (za respirator za disanje).<\/p>\n<p>&#8211; S obzirom na to da lice na koje je glasila roba koja je bila predmet uvoznog carinjenja, nije moglo obezbijediti neophodnu dokumentaciju, doneseno je rje\u0161enje kojim se predmetna roba vra\u0107a u inostranstvo. Na to rje\u0161enje se pomenuto lice \u017ealilo Regionalnom centru Banjaluka, a postupak rje\u0161avanja po \u017ealbi je u toku u Regionalnom centru UIO u Banjaluci i za sada ne mo\u017eemo prejudicirati ishod rje\u0161enja &#8211; navodi Kova\u010devi\u0107 i dodaje da se godi\u0161nje samo u Carinskom referatu Po\u0161ta Banjaluka u oko 150 predmeta donese sli\u010dno rje\u0161enje zbog nepostojanja neophodne dokumentacije koju primalac robe mora obezbijediti za sprovo\u0111enje carinskog postupka.<\/p>\n<p>Press RS<\/p>\n","protected":false},"excerpt":{"rendered":"<p>Semira Hofman, humanitarka iz Prijedora i vlasnica klinike na Floridi, ogor\u010dena je postupcima slu\u017ebenika Regionalnog centra Uprave za indirektno oporezivanje BiH, jer su joj, kako tvrdi, po\u010detkom februara napravili \u0161tetu [&hellip;]<\/p>\n","protected":false},"author":1,"featured_media":0,"comment_status":"closed","ping_status":"open","sticky":false,"template":"","format":"standard","meta":{"_monsterinsights_skip_tracking":false,"_monsterinsights_sitenote_active":false,"_monsterinsights_sitenote_note":"","_monsterinsights_sitenote_category":0,"footnotes":""},"categories":[4],"tags":[1672,7084],"yoast_head":"<!-- This site is optimized with the Yoast SEO plugin v21.6 - https:\/\/yoast.com\/wordpress\/plugins\/seo\/ -->\n<title>HUMANITARKA SEMIRA HOFMAN \u0160OKIRANA POTEZIMA UIO BIH: SUMNJIV IM I DONJI VE\u0160! - PrijedorDanas.com - Prijedorski gradski portal<\/title>\n<meta name=\"robots\" content=\"index, follow, max-snippet:-1, max-image-preview:large, max-video-preview:-1\" \/>\n<link rel=\"canonical\" href=\"https:\/\/www.prijedordanas.com\/?p=44027\" \/>\n<meta property=\"og:locale\" content=\"en_US\" \/>\n<meta property=\"og:type\" content=\"article\" \/>\n<meta property=\"og:title\" content=\"HUMANITARKA SEMIRA HOFMAN \u0160OKIRANA POTEZIMA UIO BIH: SUMNJIV IM I DONJI VE\u0160! - PrijedorDanas.com - Prijedorski gradski portal\" \/>\n<meta property=\"og:description\" content=\"Semira Hofman, humanitarka iz Prijedora i vlasnica klinike na Floridi, ogor\u010dena je postupcima slu\u017ebenika Regionalnog centra Uprave za indirektno oporezivanje BiH, jer su joj, kako tvrdi, po\u010detkom februara napravili \u0161tetu [&hellip;]\" \/>\n<meta property=\"og:url\" content=\"https:\/\/www.prijedordanas.com\/?p=44027\" \/>\n<meta property=\"og:site_name\" content=\"PrijedorDanas.com - Prijedorski gradski portal\" \/>\n<meta property=\"article:publisher\" content=\"https:\/\/www.facebook.com\/PrijedorDanasCom\/\" \/>\n<meta property=\"article:published_time\" content=\"2016-03-11T11:49:45+00:00\" \/>\n<meta property=\"og:image\" content=\"https:\/\/www.prijedordanas.com\/wp-content\/uploads\/2016\/03\/pressrs-semira-hofman-300x178.jpg\" \/>\n<meta name=\"author\" content=\"admin\" \/>\n<meta name=\"twitter:card\" content=\"summary_large_image\" \/>\n<meta name=\"twitter:label1\" content=\"Written by\" \/>\n\t<meta name=\"twitter:data1\" content=\"admin\" \/>\n\t<meta name=\"twitter:label2\" content=\"Est. reading time\" \/>\n\t<meta name=\"twitter:data2\" content=\"3 minutes\" \/>\n<script type=\"application\/ld+json\" class=\"yoast-schema-graph\">{\"@context\":\"https:\/\/schema.org\",\"@graph\":[{\"@type\":\"Article\",\"@id\":\"https:\/\/www.prijedordanas.com\/?p=44027#article\",\"isPartOf\":{\"@id\":\"https:\/\/www.prijedordanas.com\/?p=44027\"},\"author\":{\"name\":\"admin\",\"@id\":\"https:\/\/www.prijedordanas.com\/#\/schema\/person\/4e08ccf29b506ca916ff86d46bb700e6\"},\"headline\":\"HUMANITARKA SEMIRA HOFMAN \u0160OKIRANA POTEZIMA UIO BIH: SUMNJIV IM I DONJI VE\u0160!\",\"datePublished\":\"2016-03-11T11:49:45+00:00\",\"dateModified\":\"2016-03-11T11:49:45+00:00\",\"mainEntityOfPage\":{\"@id\":\"https:\/\/www.prijedordanas.com\/?p=44027\"},\"wordCount\":700,\"publisher\":{\"@id\":\"https:\/\/www.prijedordanas.com\/#organization\"},\"keywords\":[\"Semira Hofman\",\"Uprava za indirektno oporezivanje\"],\"articleSection\":[\"Dru\u0161tvo\"],\"inLanguage\":\"en-US\"},{\"@type\":\"WebPage\",\"@id\":\"https:\/\/www.prijedordanas.com\/?p=44027\",\"url\":\"https:\/\/www.prijedordanas.com\/?p=44027\",\"name\":\"HUMANITARKA SEMIRA HOFMAN \u0160OKIRANA POTEZIMA UIO BIH: SUMNJIV IM I DONJI VE\u0160! - PrijedorDanas.com - Prijedorski gradski portal\",\"isPartOf\":{\"@id\":\"https:\/\/www.prijedordanas.com\/#website\"},\"datePublished\":\"2016-03-11T11:49:45+00:00\",\"dateModified\":\"2016-03-11T11:49:45+00:00\",\"breadcrumb\":{\"@id\":\"https:\/\/www.prijedordanas.com\/?p=44027#breadcrumb\"},\"inLanguage\":\"en-US\",\"potentialAction\":[{\"@type\":\"ReadAction\",\"target\":[\"https:\/\/www.prijedordanas.com\/?p=44027\"]}]},{\"@type\":\"BreadcrumbList\",\"@id\":\"https:\/\/www.prijedordanas.com\/?p=44027#breadcrumb\",\"itemListElement\":[{\"@type\":\"ListItem\",\"position\":1,\"name\":\"Home\",\"item\":\"https:\/\/www.prijedordanas.com\/\"},{\"@type\":\"ListItem\",\"position\":2,\"name\":\"HUMANITARKA SEMIRA HOFMAN \u0160OKIRANA POTEZIMA UIO BIH: SUMNJIV IM I DONJI VE\u0160!\"}]},{\"@type\":\"WebSite\",\"@id\":\"https:\/\/www.prijedordanas.com\/#website\",\"url\":\"https:\/\/www.prijedordanas.com\/\",\"name\":\"PrijedorDanas.com - Prijedorski gradski portal\",\"description\":\"Portal o doga\u0111anjima u gradu Prijedoru\",\"publisher\":{\"@id\":\"https:\/\/www.prijedordanas.com\/#organization\"},\"potentialAction\":[{\"@type\":\"SearchAction\",\"target\":{\"@type\":\"EntryPoint\",\"urlTemplate\":\"https:\/\/www.prijedordanas.com\/?s={search_term_string}\"},\"query-input\":\"required name=search_term_string\"}],\"inLanguage\":\"en-US\"},{\"@type\":\"Organization\",\"@id\":\"https:\/\/www.prijedordanas.com\/#organization\",\"name\":\"PrijedorDanas.com\",\"url\":\"https:\/\/www.prijedordanas.com\/\",\"logo\":{\"@type\":\"ImageObject\",\"inLanguage\":\"en-US\",\"@id\":\"https:\/\/www.prijedordanas.com\/#\/schema\/logo\/image\/\",\"url\":\"http:\/\/www.prijedordanas.com\/wp-content\/uploads\/2021\/12\/logopng.png\",\"contentUrl\":\"http:\/\/www.prijedordanas.com\/wp-content\/uploads\/2021\/12\/logopng.png\",\"width\":1019,\"height\":776,\"caption\":\"PrijedorDanas.com\"},\"image\":{\"@id\":\"https:\/\/www.prijedordanas.com\/#\/schema\/logo\/image\/\"},\"sameAs\":[\"https:\/\/www.facebook.com\/PrijedorDanasCom\/\"]},{\"@type\":\"Person\",\"@id\":\"https:\/\/www.prijedordanas.com\/#\/schema\/person\/4e08ccf29b506ca916ff86d46bb700e6\",\"name\":\"admin\",\"image\":{\"@type\":\"ImageObject\",\"inLanguage\":\"en-US\",\"@id\":\"https:\/\/www.prijedordanas.com\/#\/schema\/person\/image\/\",\"url\":\"https:\/\/secure.gravatar.com\/avatar\/1d3fc949d550f0b53a5f0d51e06dfd79?s=96&d=mm&r=g\",\"contentUrl\":\"https:\/\/secure.gravatar.com\/avatar\/1d3fc949d550f0b53a5f0d51e06dfd79?s=96&d=mm&r=g\",\"caption\":\"admin\"},\"url\":\"https:\/\/www.prijedordanas.com\/?author=1\"}]}<\/script>\n<!-- \/ Yoast SEO plugin. -->","yoast_head_json":{"title":"HUMANITARKA SEMIRA HOFMAN \u0160OKIRANA POTEZIMA UIO BIH: SUMNJIV IM I DONJI VE\u0160! - PrijedorDanas.com - Prijedorski gradski portal","robots":{"index":"index","follow":"follow","max-snippet":"max-snippet:-1","max-image-preview":"max-image-preview:large","max-video-preview":"max-video-preview:-1"},"canonical":"https:\/\/www.prijedordanas.com\/?p=44027","og_locale":"en_US","og_type":"article","og_title":"HUMANITARKA SEMIRA HOFMAN \u0160OKIRANA POTEZIMA UIO BIH: SUMNJIV IM I DONJI VE\u0160! - PrijedorDanas.com - Prijedorski gradski portal","og_description":"Semira Hofman, humanitarka iz Prijedora i vlasnica klinike na Floridi, ogor\u010dena je postupcima slu\u017ebenika Regionalnog centra Uprave za indirektno oporezivanje BiH, jer su joj, kako tvrdi, po\u010detkom februara napravili \u0161tetu [&hellip;]","og_url":"https:\/\/www.prijedordanas.com\/?p=44027","og_site_name":"PrijedorDanas.com - Prijedorski gradski portal","article_publisher":"https:\/\/www.facebook.com\/PrijedorDanasCom\/","article_published_time":"2016-03-11T11:49:45+00:00","og_image":[{"url":"https:\/\/www.prijedordanas.com\/wp-content\/uploads\/2016\/03\/pressrs-semira-hofman-300x178.jpg"}],"author":"admin","twitter_card":"summary_large_image","twitter_misc":{"Written by":"admin","Est. reading time":"3 minutes"},"schema":{"@context":"https:\/\/schema.org","@graph":[{"@type":"Article","@id":"https:\/\/www.prijedordanas.com\/?p=44027#article","isPartOf":{"@id":"https:\/\/www.prijedordanas.com\/?p=44027"},"author":{"name":"admin","@id":"https:\/\/www.prijedordanas.com\/#\/schema\/person\/4e08ccf29b506ca916ff86d46bb700e6"},"headline":"HUMANITARKA SEMIRA HOFMAN \u0160OKIRANA POTEZIMA UIO BIH: SUMNJIV IM I DONJI VE\u0160!","datePublished":"2016-03-11T11:49:45+00:00","dateModified":"2016-03-11T11:49:45+00:00","mainEntityOfPage":{"@id":"https:\/\/www.prijedordanas.com\/?p=44027"},"wordCount":700,"publisher":{"@id":"https:\/\/www.prijedordanas.com\/#organization"},"keywords":["Semira Hofman","Uprava za indirektno oporezivanje"],"articleSection":["Dru\u0161tvo"],"inLanguage":"en-US"},{"@type":"WebPage","@id":"https:\/\/www.prijedordanas.com\/?p=44027","url":"https:\/\/www.prijedordanas.com\/?p=44027","name":"HUMANITARKA SEMIRA HOFMAN \u0160OKIRANA POTEZIMA UIO BIH: SUMNJIV IM I DONJI VE\u0160! - PrijedorDanas.com - Prijedorski gradski portal","isPartOf":{"@id":"https:\/\/www.prijedordanas.com\/#website"},"datePublished":"2016-03-11T11:49:45+00:00","dateModified":"2016-03-11T11:49:45+00:00","breadcrumb":{"@id":"https:\/\/www.prijedordanas.com\/?p=44027#breadcrumb"},"inLanguage":"en-US","potentialAction":[{"@type":"ReadAction","target":["https:\/\/www.prijedordanas.com\/?p=44027"]}]},{"@type":"BreadcrumbList","@id":"https:\/\/www.prijedordanas.com\/?p=44027#breadcrumb","itemListElement":[{"@type":"ListItem","position":1,"name":"Home","item":"https:\/\/www.prijedordanas.com\/"},{"@type":"ListItem","position":2,"name":"HUMANITARKA SEMIRA HOFMAN \u0160OKIRANA POTEZIMA UIO BIH: SUMNJIV IM I DONJI VE\u0160!"}]},{"@type":"WebSite","@id":"https:\/\/www.prijedordanas.com\/#website","url":"https:\/\/www.prijedordanas.com\/","name":"PrijedorDanas.com - Prijedorski gradski portal","description":"Portal o doga\u0111anjima u gradu Prijedoru","publisher":{"@id":"https:\/\/www.prijedordanas.com\/#organization"},"potentialAction":[{"@type":"SearchAction","target":{"@type":"EntryPoint","urlTemplate":"https:\/\/www.prijedordanas.com\/?s={search_term_string}"},"query-input":"required name=search_term_string"}],"inLanguage":"en-US"},{"@type":"Organization","@id":"https:\/\/www.prijedordanas.com\/#organization","name":"PrijedorDanas.com","url":"https:\/\/www.prijedordanas.com\/","logo":{"@type":"ImageObject","inLanguage":"en-US","@id":"https:\/\/www.prijedordanas.com\/#\/schema\/logo\/image\/","url":"http:\/\/www.prijedordanas.com\/wp-content\/uploads\/2021\/12\/logopng.png","contentUrl":"http:\/\/www.prijedordanas.com\/wp-content\/uploads\/2021\/12\/logopng.png","width":1019,"height":776,"caption":"PrijedorDanas.com"},"image":{"@id":"https:\/\/www.prijedordanas.com\/#\/schema\/logo\/image\/"},"sameAs":["https:\/\/www.facebook.com\/PrijedorDanasCom\/"]},{"@type":"Person","@id":"https:\/\/www.prijedordanas.com\/#\/schema\/person\/4e08ccf29b506ca916ff86d46bb700e6","name":"admin","image":{"@type":"ImageObject","inLanguage":"en-US","@id":"https:\/\/www.prijedordanas.com\/#\/schema\/person\/image\/","url":"https:\/\/secure.gravatar.com\/avatar\/1d3fc949d550f0b53a5f0d51e06dfd79?s=96&d=mm&r=g","contentUrl":"https:\/\/secure.gravatar.com\/avatar\/1d3fc949d550f0b53a5f0d51e06dfd79?s=96&d=mm&r=g","caption":"admin"},"url":"https:\/\/www.prijedordanas.com\/?author=1"}]}},"_links":{"self":[{"href":"https:\/\/www.prijedordanas.com\/index.php?rest_route=\/wp\/v2\/posts\/44027"}],"collection":[{"href":"https:\/\/www.prijedordanas.com\/index.php?rest_route=\/wp\/v2\/posts"}],"about":[{"href":"https:\/\/www.prijedordanas.com\/index.php?rest_route=\/wp\/v2\/types\/post"}],"author":[{"embeddable":true,"href":"https:\/\/www.prijedordanas.com\/index.php?rest_route=\/wp\/v2\/users\/1"}],"replies":[{"embeddable":true,"href":"https:\/\/www.prijedordanas.com\/index.php?rest_route=%2Fwp%2Fv2%2Fcomments&post=44027"}],"version-history":[{"count":1,"href":"https:\/\/www.prijedordanas.com\/index.php?rest_route=\/wp\/v2\/posts\/44027\/revisions"}],"predecessor-version":[{"id":44029,"href":"https:\/\/www.prijedordanas.com\/index.php?rest_route=\/wp\/v2\/posts\/44027\/revisions\/44029"}],"wp:attachment":[{"href":"https:\/\/www.prijedordanas.com\/index.php?rest_route=%2Fwp%2Fv2%2Fmedia&parent=44027"}],"wp:term":[{"taxonomy":"category","embeddable":true,"href":"https:\/\/www.prijedordanas.com\/index.php?rest_route=%2Fwp%2Fv2%2Fcategories&post=44027"},{"taxonomy":"post_tag","embeddable":true,"href":"https:\/\/www.prijedordanas.com\/index.php?rest_route=%2Fwp%2Fv2%2Ftags&post=44027"}],"curies":[{"name":"wp","href":"https:\/\/api.w.org\/{rel}","templated":true}]}}