{"id":43987,"date":"2016-03-10T22:13:42","date_gmt":"2016-03-10T21:13:42","guid":{"rendered":"https:\/\/www.prijedordanas.com\/?p=43987"},"modified":"2016-03-10T22:13:42","modified_gmt":"2016-03-10T21:13:42","slug":"prijedor-cvijanovic-institucije-srpske-izvrsavaju-svoje-obaveze","status":"publish","type":"post","link":"https:\/\/www.prijedordanas.com\/?p=43987","title":{"rendered":"PRIJEDOR-CVIJANOVI\u0106: INSTITUCIJE SRPSKE IZVR\u0160AVAJU SVOJE OBAVEZE"},"content":{"rendered":"<p><a href=\"https:\/\/www.prijedordanas.com\/wp-content\/uploads\/2016\/03\/dodik-javna-tribina-cirkin-polje-prijedor-4.jpg\" rel=\"attachment wp-att-43988\"><img loading=\"lazy\" decoding=\"async\" class=\"alignleft size-medium wp-image-43988\" src=\"https:\/\/www.prijedordanas.com\/wp-content\/uploads\/2016\/03\/dodik-javna-tribina-cirkin-polje-prijedor-4-300x199.jpg\" alt=\"dodik-javna tribina-cirkin polje prijedor (4)\" width=\"300\" height=\"199\" srcset=\"https:\/\/www.prijedordanas.com\/wp-content\/uploads\/2016\/03\/dodik-javna-tribina-cirkin-polje-prijedor-4-300x200.jpg 300w, https:\/\/www.prijedordanas.com\/wp-content\/uploads\/2016\/03\/dodik-javna-tribina-cirkin-polje-prijedor-4-480x320.jpg 480w, https:\/\/www.prijedordanas.com\/wp-content\/uploads\/2016\/03\/dodik-javna-tribina-cirkin-polje-prijedor-4.jpg 600w\" sizes=\"(max-width: 300px) 100vw, 300px\" \/><\/a>Predsjednica Vlade Republike Srpske \u017deljka Cvijanovi\u0107 ocijenila je ve\u010deras da nepostojanje komunikacije sa predstavnicima Republike Srpske na nivou BiH su\u017eava prostor za rad institucijama Srpske, ali da one uprkos tome izvr\u0161avaju svoje funkcije.<\/p>\n<p>Cvijanovi\u0107eva je istakla da institucije Republike Srpske nemaju i ne mogu da ostvare adekvatnu komunikaciju sa predstavnicima Srpske koji danas vr\u0161e funkcije na nivou BiH.<\/p>\n<p>&#8220;To je jedna tragi\u010dna, tu\u017ena \u010dinjenica koja je i opasna jer znatno su\u017eava prostor na\u0161im institucijama da promovi\u0161u ono \u0161to treba da promovi\u0161u i da rade&#8221;, rekla je Cvijanovi\u0107eva ve\u010deras na javnoj tribini &#8220;Rije\u010d predsjednika&#8221; u prijedorskoj Mjesnoj zajednici \u010cirkin Polje.<\/p>\n<p>Ona je ocijenila da je to nova situacija i izazov koji gra\u0111ani moraju razumjeti jer doti\u010de njihove \u017eivote i vi\u0161e nego \u0161to to izgleda na prvi pogled.<\/p>\n<p>&#8220;I bez njih smo uspijevali da izvr\u0161avamo svoje funkcije, ali o\u010dito da to nekoga rastu\u017euje&#8221;, rekla je Cvijanovi\u0107eva.<\/p>\n<p><a href=\"https:\/\/www.prijedordanas.com\/wp-content\/uploads\/2016\/03\/dodik-javna-tribina-cirkin-polje-prijedor-5.jpg\" rel=\"attachment wp-att-43989\"><img loading=\"lazy\" decoding=\"async\" src=\"https:\/\/www.prijedordanas.com\/wp-content\/uploads\/2016\/03\/dodik-javna-tribina-cirkin-polje-prijedor-5-300x199.jpg\" alt=\"dodik-javna tribina-cirkin polje prijedor (5)\" width=\"300\" height=\"199\" class=\"alignleft size-medium wp-image-43989\" srcset=\"https:\/\/www.prijedordanas.com\/wp-content\/uploads\/2016\/03\/dodik-javna-tribina-cirkin-polje-prijedor-5-300x200.jpg 300w, https:\/\/www.prijedordanas.com\/wp-content\/uploads\/2016\/03\/dodik-javna-tribina-cirkin-polje-prijedor-5-480x320.jpg 480w, https:\/\/www.prijedordanas.com\/wp-content\/uploads\/2016\/03\/dodik-javna-tribina-cirkin-polje-prijedor-5.jpg 600w\" sizes=\"(max-width: 300px) 100vw, 300px\" \/><\/a>Ona je istakla da Republika Srpska nije do\u017eivjela kolaps, da bud\u017eet funkcioni\u0161e, pove\u0107ane su plate i penzije, obezbije\u0111ena je njihova redovna isplata uprkos tome \u0161to su izostali krediti na koje se ra\u010dunalo i koji su ukalkulisani u bud\u017eet.<\/p>\n<p>Cvijanovi\u0107eva je rekla da Vlada RS svoje mjere koncipira nekada i dnevno, nekada godi\u0161nje ili polugodi\u0161nje, jer tako funkcioni\u0161e dana\u0161nji svijet.<\/p>\n<p>&#8220;Mi se svakako u to moramo uklapati&#8221;, naglasila je Cvijanovi\u0107eva.<\/p>\n<p>Osim predsjednika Srpske Milorada Dodika, koji je govorio na javnoj tribini, ovom skupu prisustvovali su i potpredsjednik SNSD-a Nikola \u0160piri\u0107, odbornici Skup\u0161tine grada Prijedor i direktori javnih preduze\u0107a iz SNSD-a, te brojni mje\u0161tani jedne od najve\u0107ih mjesnih zajednica na podru\u010dju Prijedora.<\/p>\n<p>Tekst \u2013 SRNA<br \/>\nFoto \u2013 Aleksandar Drakuli\u0107 \u2013 <a href=\"www.prijedordanas.com\" target=\"_blank\">www.prijedordanas.com<\/a><\/p>\n","protected":false},"excerpt":{"rendered":"<p>Predsjednica Vlade Republike Srpske \u017deljka Cvijanovi\u0107 ocijenila je ve\u010deras da nepostojanje komunikacije sa predstavnicima Republike Srpske na nivou BiH su\u017eava prostor za rad institucijama Srpske, ali da one uprkos tome [&hellip;]<\/p>\n","protected":false},"author":1,"featured_media":0,"comment_status":"closed","ping_status":"open","sticky":false,"template":"","format":"standard","meta":{"_monsterinsights_skip_tracking":false,"_monsterinsights_sitenote_active":false,"_monsterinsights_sitenote_note":"","_monsterinsights_sitenote_category":0,"footnotes":""},"categories":[8],"tags":[2095,5255,7081,197,1721],"yoast_head":"<!-- This site is optimized with the Yoast SEO plugin v21.6 - https:\/\/yoast.com\/wordpress\/plugins\/seo\/ -->\n<title>PRIJEDOR-CVIJANOVI\u0106: INSTITUCIJE SRPSKE IZVR\u0160AVAJU SVOJE OBAVEZE - PrijedorDanas.com - Prijedorski gradski portal<\/title>\n<meta name=\"robots\" content=\"index, follow, max-snippet:-1, max-image-preview:large, max-video-preview:-1\" \/>\n<link rel=\"canonical\" href=\"https:\/\/www.prijedordanas.com\/?p=43987\" \/>\n<meta property=\"og:locale\" content=\"en_US\" \/>\n<meta property=\"og:type\" content=\"article\" \/>\n<meta property=\"og:title\" content=\"PRIJEDOR-CVIJANOVI\u0106: INSTITUCIJE SRPSKE IZVR\u0160AVAJU SVOJE OBAVEZE - PrijedorDanas.com - Prijedorski gradski portal\" \/>\n<meta property=\"og:description\" content=\"Predsjednica Vlade Republike Srpske \u017deljka Cvijanovi\u0107 ocijenila je ve\u010deras da nepostojanje komunikacije sa predstavnicima Republike Srpske na nivou BiH su\u017eava prostor za rad institucijama Srpske, ali da one uprkos tome [&hellip;]\" \/>\n<meta property=\"og:url\" content=\"https:\/\/www.prijedordanas.com\/?p=43987\" \/>\n<meta property=\"og:site_name\" content=\"PrijedorDanas.com - Prijedorski gradski portal\" \/>\n<meta property=\"article:publisher\" content=\"https:\/\/www.facebook.com\/PrijedorDanasCom\/\" \/>\n<meta property=\"article:published_time\" content=\"2016-03-10T21:13:42+00:00\" \/>\n<meta property=\"og:image\" content=\"https:\/\/www.prijedordanas.com\/wp-content\/uploads\/2016\/03\/dodik-javna-tribina-cirkin-polje-prijedor-4-300x199.jpg\" \/>\n<meta name=\"author\" content=\"admin\" \/>\n<meta name=\"twitter:card\" content=\"summary_large_image\" \/>\n<meta name=\"twitter:label1\" content=\"Written by\" \/>\n\t<meta name=\"twitter:data1\" content=\"admin\" \/>\n\t<meta name=\"twitter:label2\" content=\"Est. reading time\" \/>\n\t<meta name=\"twitter:data2\" content=\"2 minutes\" \/>\n<script type=\"application\/ld+json\" class=\"yoast-schema-graph\">{\"@context\":\"https:\/\/schema.org\",\"@graph\":[{\"@type\":\"Article\",\"@id\":\"https:\/\/www.prijedordanas.com\/?p=43987#article\",\"isPartOf\":{\"@id\":\"https:\/\/www.prijedordanas.com\/?p=43987\"},\"author\":{\"name\":\"admin\",\"@id\":\"https:\/\/www.prijedordanas.com\/#\/schema\/person\/4e08ccf29b506ca916ff86d46bb700e6\"},\"headline\":\"PRIJEDOR-CVIJANOVI\u0106: INSTITUCIJE SRPSKE IZVR\u0160AVAJU SVOJE OBAVEZE\",\"datePublished\":\"2016-03-10T21:13:42+00:00\",\"dateModified\":\"2016-03-10T21:13:42+00:00\",\"mainEntityOfPage\":{\"@id\":\"https:\/\/www.prijedordanas.com\/?p=43987\"},\"wordCount\":307,\"publisher\":{\"@id\":\"https:\/\/www.prijedordanas.com\/#organization\"},\"keywords\":[\"\u010cirkin Polje\",\"javna tribina\",\"predsjednica Vlade Republike Srpske\",\"Prijedor\",\"\u017deljka Cvijanovi\u0107\"],\"articleSection\":[\"Svakodnevno\"],\"inLanguage\":\"en-US\"},{\"@type\":\"WebPage\",\"@id\":\"https:\/\/www.prijedordanas.com\/?p=43987\",\"url\":\"https:\/\/www.prijedordanas.com\/?p=43987\",\"name\":\"PRIJEDOR-CVIJANOVI\u0106: INSTITUCIJE SRPSKE IZVR\u0160AVAJU SVOJE OBAVEZE - PrijedorDanas.com - Prijedorski gradski portal\",\"isPartOf\":{\"@id\":\"https:\/\/www.prijedordanas.com\/#website\"},\"datePublished\":\"2016-03-10T21:13:42+00:00\",\"dateModified\":\"2016-03-10T21:13:42+00:00\",\"breadcrumb\":{\"@id\":\"https:\/\/www.prijedordanas.com\/?p=43987#breadcrumb\"},\"inLanguage\":\"en-US\",\"potentialAction\":[{\"@type\":\"ReadAction\",\"target\":[\"https:\/\/www.prijedordanas.com\/?p=43987\"]}]},{\"@type\":\"BreadcrumbList\",\"@id\":\"https:\/\/www.prijedordanas.com\/?p=43987#breadcrumb\",\"itemListElement\":[{\"@type\":\"ListItem\",\"position\":1,\"name\":\"Home\",\"item\":\"https:\/\/www.prijedordanas.com\/\"},{\"@type\":\"ListItem\",\"position\":2,\"name\":\"PRIJEDOR-CVIJANOVI\u0106: INSTITUCIJE SRPSKE IZVR\u0160AVAJU SVOJE OBAVEZE\"}]},{\"@type\":\"WebSite\",\"@id\":\"https:\/\/www.prijedordanas.com\/#website\",\"url\":\"https:\/\/www.prijedordanas.com\/\",\"name\":\"PrijedorDanas.com - Prijedorski gradski portal\",\"description\":\"Portal o doga\u0111anjima u gradu Prijedoru\",\"publisher\":{\"@id\":\"https:\/\/www.prijedordanas.com\/#organization\"},\"potentialAction\":[{\"@type\":\"SearchAction\",\"target\":{\"@type\":\"EntryPoint\",\"urlTemplate\":\"https:\/\/www.prijedordanas.com\/?s={search_term_string}\"},\"query-input\":\"required name=search_term_string\"}],\"inLanguage\":\"en-US\"},{\"@type\":\"Organization\",\"@id\":\"https:\/\/www.prijedordanas.com\/#organization\",\"name\":\"PrijedorDanas.com\",\"url\":\"https:\/\/www.prijedordanas.com\/\",\"logo\":{\"@type\":\"ImageObject\",\"inLanguage\":\"en-US\",\"@id\":\"https:\/\/www.prijedordanas.com\/#\/schema\/logo\/image\/\",\"url\":\"http:\/\/www.prijedordanas.com\/wp-content\/uploads\/2021\/12\/logopng.png\",\"contentUrl\":\"http:\/\/www.prijedordanas.com\/wp-content\/uploads\/2021\/12\/logopng.png\",\"width\":1019,\"height\":776,\"caption\":\"PrijedorDanas.com\"},\"image\":{\"@id\":\"https:\/\/www.prijedordanas.com\/#\/schema\/logo\/image\/\"},\"sameAs\":[\"https:\/\/www.facebook.com\/PrijedorDanasCom\/\"]},{\"@type\":\"Person\",\"@id\":\"https:\/\/www.prijedordanas.com\/#\/schema\/person\/4e08ccf29b506ca916ff86d46bb700e6\",\"name\":\"admin\",\"image\":{\"@type\":\"ImageObject\",\"inLanguage\":\"en-US\",\"@id\":\"https:\/\/www.prijedordanas.com\/#\/schema\/person\/image\/\",\"url\":\"https:\/\/secure.gravatar.com\/avatar\/1d3fc949d550f0b53a5f0d51e06dfd79?s=96&d=mm&r=g\",\"contentUrl\":\"https:\/\/secure.gravatar.com\/avatar\/1d3fc949d550f0b53a5f0d51e06dfd79?s=96&d=mm&r=g\",\"caption\":\"admin\"},\"url\":\"https:\/\/www.prijedordanas.com\/?author=1\"}]}<\/script>\n<!-- \/ Yoast SEO plugin. -->","yoast_head_json":{"title":"PRIJEDOR-CVIJANOVI\u0106: INSTITUCIJE SRPSKE IZVR\u0160AVAJU SVOJE OBAVEZE - PrijedorDanas.com - Prijedorski gradski portal","robots":{"index":"index","follow":"follow","max-snippet":"max-snippet:-1","max-image-preview":"max-image-preview:large","max-video-preview":"max-video-preview:-1"},"canonical":"https:\/\/www.prijedordanas.com\/?p=43987","og_locale":"en_US","og_type":"article","og_title":"PRIJEDOR-CVIJANOVI\u0106: INSTITUCIJE SRPSKE IZVR\u0160AVAJU SVOJE OBAVEZE - PrijedorDanas.com - Prijedorski gradski portal","og_description":"Predsjednica Vlade Republike Srpske \u017deljka Cvijanovi\u0107 ocijenila je ve\u010deras da nepostojanje komunikacije sa predstavnicima Republike Srpske na nivou BiH su\u017eava prostor za rad institucijama Srpske, ali da one uprkos tome [&hellip;]","og_url":"https:\/\/www.prijedordanas.com\/?p=43987","og_site_name":"PrijedorDanas.com - Prijedorski gradski portal","article_publisher":"https:\/\/www.facebook.com\/PrijedorDanasCom\/","article_published_time":"2016-03-10T21:13:42+00:00","og_image":[{"url":"https:\/\/www.prijedordanas.com\/wp-content\/uploads\/2016\/03\/dodik-javna-tribina-cirkin-polje-prijedor-4-300x199.jpg"}],"author":"admin","twitter_card":"summary_large_image","twitter_misc":{"Written by":"admin","Est. reading time":"2 minutes"},"schema":{"@context":"https:\/\/schema.org","@graph":[{"@type":"Article","@id":"https:\/\/www.prijedordanas.com\/?p=43987#article","isPartOf":{"@id":"https:\/\/www.prijedordanas.com\/?p=43987"},"author":{"name":"admin","@id":"https:\/\/www.prijedordanas.com\/#\/schema\/person\/4e08ccf29b506ca916ff86d46bb700e6"},"headline":"PRIJEDOR-CVIJANOVI\u0106: INSTITUCIJE SRPSKE IZVR\u0160AVAJU SVOJE OBAVEZE","datePublished":"2016-03-10T21:13:42+00:00","dateModified":"2016-03-10T21:13:42+00:00","mainEntityOfPage":{"@id":"https:\/\/www.prijedordanas.com\/?p=43987"},"wordCount":307,"publisher":{"@id":"https:\/\/www.prijedordanas.com\/#organization"},"keywords":["\u010cirkin Polje","javna tribina","predsjednica Vlade Republike Srpske","Prijedor","\u017deljka Cvijanovi\u0107"],"articleSection":["Svakodnevno"],"inLanguage":"en-US"},{"@type":"WebPage","@id":"https:\/\/www.prijedordanas.com\/?p=43987","url":"https:\/\/www.prijedordanas.com\/?p=43987","name":"PRIJEDOR-CVIJANOVI\u0106: INSTITUCIJE SRPSKE IZVR\u0160AVAJU SVOJE OBAVEZE - PrijedorDanas.com - Prijedorski gradski portal","isPartOf":{"@id":"https:\/\/www.prijedordanas.com\/#website"},"datePublished":"2016-03-10T21:13:42+00:00","dateModified":"2016-03-10T21:13:42+00:00","breadcrumb":{"@id":"https:\/\/www.prijedordanas.com\/?p=43987#breadcrumb"},"inLanguage":"en-US","potentialAction":[{"@type":"ReadAction","target":["https:\/\/www.prijedordanas.com\/?p=43987"]}]},{"@type":"BreadcrumbList","@id":"https:\/\/www.prijedordanas.com\/?p=43987#breadcrumb","itemListElement":[{"@type":"ListItem","position":1,"name":"Home","item":"https:\/\/www.prijedordanas.com\/"},{"@type":"ListItem","position":2,"name":"PRIJEDOR-CVIJANOVI\u0106: INSTITUCIJE SRPSKE IZVR\u0160AVAJU SVOJE OBAVEZE"}]},{"@type":"WebSite","@id":"https:\/\/www.prijedordanas.com\/#website","url":"https:\/\/www.prijedordanas.com\/","name":"PrijedorDanas.com - Prijedorski gradski portal","description":"Portal o doga\u0111anjima u gradu Prijedoru","publisher":{"@id":"https:\/\/www.prijedordanas.com\/#organization"},"potentialAction":[{"@type":"SearchAction","target":{"@type":"EntryPoint","urlTemplate":"https:\/\/www.prijedordanas.com\/?s={search_term_string}"},"query-input":"required name=search_term_string"}],"inLanguage":"en-US"},{"@type":"Organization","@id":"https:\/\/www.prijedordanas.com\/#organization","name":"PrijedorDanas.com","url":"https:\/\/www.prijedordanas.com\/","logo":{"@type":"ImageObject","inLanguage":"en-US","@id":"https:\/\/www.prijedordanas.com\/#\/schema\/logo\/image\/","url":"http:\/\/www.prijedordanas.com\/wp-content\/uploads\/2021\/12\/logopng.png","contentUrl":"http:\/\/www.prijedordanas.com\/wp-content\/uploads\/2021\/12\/logopng.png","width":1019,"height":776,"caption":"PrijedorDanas.com"},"image":{"@id":"https:\/\/www.prijedordanas.com\/#\/schema\/logo\/image\/"},"sameAs":["https:\/\/www.facebook.com\/PrijedorDanasCom\/"]},{"@type":"Person","@id":"https:\/\/www.prijedordanas.com\/#\/schema\/person\/4e08ccf29b506ca916ff86d46bb700e6","name":"admin","image":{"@type":"ImageObject","inLanguage":"en-US","@id":"https:\/\/www.prijedordanas.com\/#\/schema\/person\/image\/","url":"https:\/\/secure.gravatar.com\/avatar\/1d3fc949d550f0b53a5f0d51e06dfd79?s=96&d=mm&r=g","contentUrl":"https:\/\/secure.gravatar.com\/avatar\/1d3fc949d550f0b53a5f0d51e06dfd79?s=96&d=mm&r=g","caption":"admin"},"url":"https:\/\/www.prijedordanas.com\/?author=1"}]}},"_links":{"self":[{"href":"https:\/\/www.prijedordanas.com\/index.php?rest_route=\/wp\/v2\/posts\/43987"}],"collection":[{"href":"https:\/\/www.prijedordanas.com\/index.php?rest_route=\/wp\/v2\/posts"}],"about":[{"href":"https:\/\/www.prijedordanas.com\/index.php?rest_route=\/wp\/v2\/types\/post"}],"author":[{"embeddable":true,"href":"https:\/\/www.prijedordanas.com\/index.php?rest_route=\/wp\/v2\/users\/1"}],"replies":[{"embeddable":true,"href":"https:\/\/www.prijedordanas.com\/index.php?rest_route=%2Fwp%2Fv2%2Fcomments&post=43987"}],"version-history":[{"count":1,"href":"https:\/\/www.prijedordanas.com\/index.php?rest_route=\/wp\/v2\/posts\/43987\/revisions"}],"predecessor-version":[{"id":43990,"href":"https:\/\/www.prijedordanas.com\/index.php?rest_route=\/wp\/v2\/posts\/43987\/revisions\/43990"}],"wp:attachment":[{"href":"https:\/\/www.prijedordanas.com\/index.php?rest_route=%2Fwp%2Fv2%2Fmedia&parent=43987"}],"wp:term":[{"taxonomy":"category","embeddable":true,"href":"https:\/\/www.prijedordanas.com\/index.php?rest_route=%2Fwp%2Fv2%2Fcategories&post=43987"},{"taxonomy":"post_tag","embeddable":true,"href":"https:\/\/www.prijedordanas.com\/index.php?rest_route=%2Fwp%2Fv2%2Ftags&post=43987"}],"curies":[{"name":"wp","href":"https:\/\/api.w.org\/{rel}","templated":true}]}}