{"id":43977,"date":"2016-03-10T21:50:26","date_gmt":"2016-03-10T20:50:26","guid":{"rendered":"https:\/\/www.prijedordanas.com\/?p=43977"},"modified":"2016-03-10T22:13:08","modified_gmt":"2016-03-10T21:13:08","slug":"prijedor-milorad-dodik-srpsku-cuva-zelja-naroda-da-ona-opstane-foto","status":"publish","type":"post","link":"https:\/\/www.prijedordanas.com\/?p=43977","title":{"rendered":"PRIJEDOR-MILORAD DODIK: SRPSKU \u010cUVA \u017dELJA NARODA DA ONA OPSTANE &#8211; FOTO"},"content":{"rendered":"<p><a href=\"https:\/\/www.prijedordanas.com\/wp-content\/uploads\/2016\/03\/dodik-javna-tribina-cirkin-polje-prijedor-1.jpg\" rel=\"attachment wp-att-43979\"><img loading=\"lazy\" decoding=\"async\" class=\"alignleft size-medium wp-image-43979\" src=\"https:\/\/www.prijedordanas.com\/wp-content\/uploads\/2016\/03\/dodik-javna-tribina-cirkin-polje-prijedor-1-300x199.jpg\" alt=\"dodik-javna tribina-cirkin polje prijedor (1)\" width=\"300\" height=\"199\" srcset=\"https:\/\/www.prijedordanas.com\/wp-content\/uploads\/2016\/03\/dodik-javna-tribina-cirkin-polje-prijedor-1-300x200.jpg 300w, https:\/\/www.prijedordanas.com\/wp-content\/uploads\/2016\/03\/dodik-javna-tribina-cirkin-polje-prijedor-1-480x320.jpg 480w, https:\/\/www.prijedordanas.com\/wp-content\/uploads\/2016\/03\/dodik-javna-tribina-cirkin-polje-prijedor-1.jpg 600w\" sizes=\"(max-width: 300px) 100vw, 300px\" \/><\/a>Predsjednik Republike Srpske Milorad Dodik rekao je ve\u010deras u Prijedoru da Srpsku, koja ja\u010da svoj subjektivitet, sa svih strana napadaju oni koji ne \u017eele da ona postoji, ali je \u010duva \u017eelja srpskog naroda da ona opstane.<\/p>\n<p>&#8220;Suprotstavljena im je samo na\u0161a ljubav i volja da ona ostane obilje\u017eje svog ovog vremena, od 1990. godine kada je po\u010deo rat u biv\u0161oj Jugoslaviji i \u017eelja srpskog naroda da ovdje napravi svoju dr\u017eavu&#8221;, rekao je Dodik, obra\u0107aju\u0107i se stanovnicima prijedorske Mjesne zajednice \u010cirkin Polje.<\/p>\n<p>U prepunoj sali dru\u0161tvenog doma ove, jedne od najve\u0107ih mjesnih zajednica na podru\u010dju Prijedora, Dodik je na javnoj tribini pod nazivom &#8220;Rije\u010d predsjednika&#8221; govorio o aktuelnim temama koje interesuju gra\u0111ane \u0161irom Republike Srpske.<\/p>\n<p><a href=\"https:\/\/www.prijedordanas.com\/wp-content\/uploads\/2016\/03\/dodik-javna-tribina-cirkin-polje-prijedor-2.jpg\" rel=\"attachment wp-att-43980\"><img loading=\"lazy\" decoding=\"async\" class=\"alignleft size-medium wp-image-43980\" src=\"https:\/\/www.prijedordanas.com\/wp-content\/uploads\/2016\/03\/dodik-javna-tribina-cirkin-polje-prijedor-2-300x199.jpg\" alt=\"dodik-javna tribina-cirkin polje prijedor (2)\" width=\"300\" height=\"199\" srcset=\"https:\/\/www.prijedordanas.com\/wp-content\/uploads\/2016\/03\/dodik-javna-tribina-cirkin-polje-prijedor-2-300x200.jpg 300w, https:\/\/www.prijedordanas.com\/wp-content\/uploads\/2016\/03\/dodik-javna-tribina-cirkin-polje-prijedor-2-480x320.jpg 480w, https:\/\/www.prijedordanas.com\/wp-content\/uploads\/2016\/03\/dodik-javna-tribina-cirkin-polje-prijedor-2.jpg 600w\" sizes=\"(max-width: 300px) 100vw, 300px\" \/><\/a>&#8220;Mi imamo ljubav i \u017eelju za dr\u017eavom, dok drugi imaju \u017eelju da od toga ne bude ni\u0161ta. BiH je podijeljeno dru\u0161tvo u kojem nema ni\u010deg zajedni\u010dkog i utvr\u0111enog na bazi konsenzusa koji nije nametnut sa strane. To su teme o kojima sam \u017eelio da pri\u010dam ve\u010deras sa gra\u0111anima&#8221;, naglasio je Dodik.<\/p>\n<p>On je dodao da sa gra\u0111anima otvoreno razgovara o situaciji u Republici Srpskoj i da se ovakvi sastanci odr\u017eavaju svake nedjelje.<\/p>\n<p>&#8220;Republika Srpska je na\u0161 glavni cilj i na osnovu onoga \u0161to sam vidio u Bijeljini, Gradi\u0161ci i nekim drugim mjestima, ljudi su veoma zainteresovani za stabilnost i politi\u010dko o\u010duvanje Srpske, kao i za ekonomska i sva druga pitanja&#8221;, istakao je Dodik.<\/p>\n<p>Predsjednik RS prije javne tribine polo\u017eio je vijenac na spomen-plo\u010du za 37 poginulih boraca otad\u017ebinskog rata ove mjesne zajednice.<\/p>\n<p>Tekst \u2013 SRNA<br \/>\nFoto \u2013 Aleksandar Drakuli\u0107 \u2013 <a href=\"www.prijedordanas.com\" target=\"_blank\">www.prijedordanas.com<\/a><\/p>\n<p><a href=\"https:\/\/www.prijedordanas.com\/wp-content\/uploads\/2016\/03\/dodik-javna-tribina-cirkin-polje-prijedor-3.jpg\" rel=\"attachment wp-att-43981\"><img loading=\"lazy\" decoding=\"async\" class=\"alignleft size-medium wp-image-43981\" src=\"https:\/\/www.prijedordanas.com\/wp-content\/uploads\/2016\/03\/dodik-javna-tribina-cirkin-polje-prijedor-3-300x199.jpg\" alt=\"dodik-javna tribina-cirkin polje prijedor (3)\" width=\"300\" height=\"199\" srcset=\"https:\/\/www.prijedordanas.com\/wp-content\/uploads\/2016\/03\/dodik-javna-tribina-cirkin-polje-prijedor-3-300x200.jpg 300w, https:\/\/www.prijedordanas.com\/wp-content\/uploads\/2016\/03\/dodik-javna-tribina-cirkin-polje-prijedor-3-480x320.jpg 480w, https:\/\/www.prijedordanas.com\/wp-content\/uploads\/2016\/03\/dodik-javna-tribina-cirkin-polje-prijedor-3.jpg 600w\" sizes=\"(max-width: 300px) 100vw, 300px\" \/><\/a> <a href=\"https:\/\/www.prijedordanas.com\/wp-content\/uploads\/2016\/03\/dodik-javna-tribina-cirkin-polje-prijedor-6.jpg\" rel=\"attachment wp-att-43982\"><img loading=\"lazy\" decoding=\"async\" class=\"alignleft size-medium wp-image-43982\" src=\"https:\/\/www.prijedordanas.com\/wp-content\/uploads\/2016\/03\/dodik-javna-tribina-cirkin-polje-prijedor-6-300x199.jpg\" alt=\"dodik-javna tribina-cirkin polje prijedor (6)\" width=\"300\" height=\"199\" srcset=\"https:\/\/www.prijedordanas.com\/wp-content\/uploads\/2016\/03\/dodik-javna-tribina-cirkin-polje-prijedor-6-300x200.jpg 300w, https:\/\/www.prijedordanas.com\/wp-content\/uploads\/2016\/03\/dodik-javna-tribina-cirkin-polje-prijedor-6-480x320.jpg 480w, https:\/\/www.prijedordanas.com\/wp-content\/uploads\/2016\/03\/dodik-javna-tribina-cirkin-polje-prijedor-6.jpg 600w\" sizes=\"(max-width: 300px) 100vw, 300px\" \/><\/a> <a href=\"https:\/\/www.prijedordanas.com\/wp-content\/uploads\/2016\/03\/dodik-javna-tribina-cirkin-polje-prijedor-8.jpg\" rel=\"attachment wp-att-43983\"><img loading=\"lazy\" decoding=\"async\" class=\"alignleft size-medium wp-image-43983\" src=\"https:\/\/www.prijedordanas.com\/wp-content\/uploads\/2016\/03\/dodik-javna-tribina-cirkin-polje-prijedor-8-300x199.jpg\" alt=\"dodik-javna tribina-cirkin polje prijedor (8)\" width=\"300\" height=\"199\" srcset=\"https:\/\/www.prijedordanas.com\/wp-content\/uploads\/2016\/03\/dodik-javna-tribina-cirkin-polje-prijedor-8-300x200.jpg 300w, https:\/\/www.prijedordanas.com\/wp-content\/uploads\/2016\/03\/dodik-javna-tribina-cirkin-polje-prijedor-8-480x320.jpg 480w, https:\/\/www.prijedordanas.com\/wp-content\/uploads\/2016\/03\/dodik-javna-tribina-cirkin-polje-prijedor-8.jpg 600w\" sizes=\"(max-width: 300px) 100vw, 300px\" \/><\/a> <a href=\"https:\/\/www.prijedordanas.com\/wp-content\/uploads\/2016\/03\/dodik-javna-tribina-cirkin-polje-prijedor-9.jpg\" rel=\"attachment wp-att-43984\"><img loading=\"lazy\" decoding=\"async\" class=\"alignleft size-medium wp-image-43984\" src=\"https:\/\/www.prijedordanas.com\/wp-content\/uploads\/2016\/03\/dodik-javna-tribina-cirkin-polje-prijedor-9-300x199.jpg\" alt=\"dodik-javna tribina-cirkin polje prijedor (9)\" width=\"300\" height=\"199\" srcset=\"https:\/\/www.prijedordanas.com\/wp-content\/uploads\/2016\/03\/dodik-javna-tribina-cirkin-polje-prijedor-9-300x200.jpg 300w, https:\/\/www.prijedordanas.com\/wp-content\/uploads\/2016\/03\/dodik-javna-tribina-cirkin-polje-prijedor-9-480x320.jpg 480w, https:\/\/www.prijedordanas.com\/wp-content\/uploads\/2016\/03\/dodik-javna-tribina-cirkin-polje-prijedor-9.jpg 600w\" sizes=\"(max-width: 300px) 100vw, 300px\" \/><\/a> <a href=\"https:\/\/www.prijedordanas.com\/wp-content\/uploads\/2016\/03\/dodik-javna-tribina-cirkin-polje-prijedor-7.jpg\" rel=\"attachment wp-att-43985\"><img loading=\"lazy\" decoding=\"async\" class=\"alignleft size-medium wp-image-43985\" src=\"https:\/\/www.prijedordanas.com\/wp-content\/uploads\/2016\/03\/dodik-javna-tribina-cirkin-polje-prijedor-7-300x199.jpg\" alt=\"dodik-javna tribina-cirkin polje prijedor (7)\" width=\"300\" height=\"199\" srcset=\"https:\/\/www.prijedordanas.com\/wp-content\/uploads\/2016\/03\/dodik-javna-tribina-cirkin-polje-prijedor-7-300x200.jpg 300w, https:\/\/www.prijedordanas.com\/wp-content\/uploads\/2016\/03\/dodik-javna-tribina-cirkin-polje-prijedor-7-480x320.jpg 480w, https:\/\/www.prijedordanas.com\/wp-content\/uploads\/2016\/03\/dodik-javna-tribina-cirkin-polje-prijedor-7.jpg 600w\" sizes=\"(max-width: 300px) 100vw, 300px\" \/><\/a><\/p>\n","protected":false},"excerpt":{"rendered":"<p>Predsjednik Republike Srpske Milorad Dodik rekao je ve\u010deras u Prijedoru da Srpsku, koja ja\u010da svoj subjektivitet, sa svih strana napadaju oni koji ne \u017eele da ona postoji, ali je \u010duva [&hellip;]<\/p>\n","protected":false},"author":1,"featured_media":0,"comment_status":"closed","ping_status":"open","sticky":false,"template":"","format":"standard","meta":{"_monsterinsights_skip_tracking":false,"_monsterinsights_sitenote_active":false,"_monsterinsights_sitenote_note":"","_monsterinsights_sitenote_category":0,"footnotes":""},"categories":[4],"tags":[2095,5255,140,6094],"yoast_head":"<!-- This site is optimized with the Yoast SEO plugin v21.6 - https:\/\/yoast.com\/wordpress\/plugins\/seo\/ -->\n<title>PRIJEDOR-MILORAD DODIK: SRPSKU \u010cUVA \u017dELJA NARODA DA ONA OPSTANE - FOTO - PrijedorDanas.com - Prijedorski gradski portal<\/title>\n<meta name=\"robots\" content=\"index, follow, max-snippet:-1, max-image-preview:large, max-video-preview:-1\" \/>\n<link rel=\"canonical\" href=\"https:\/\/www.prijedordanas.com\/?p=43977\" \/>\n<meta property=\"og:locale\" content=\"en_US\" \/>\n<meta property=\"og:type\" content=\"article\" \/>\n<meta property=\"og:title\" content=\"PRIJEDOR-MILORAD DODIK: SRPSKU \u010cUVA \u017dELJA NARODA DA ONA OPSTANE - FOTO - PrijedorDanas.com - Prijedorski gradski portal\" \/>\n<meta property=\"og:description\" content=\"Predsjednik Republike Srpske Milorad Dodik rekao je ve\u010deras u Prijedoru da Srpsku, koja ja\u010da svoj subjektivitet, sa svih strana napadaju oni koji ne \u017eele da ona postoji, ali je \u010duva [&hellip;]\" \/>\n<meta property=\"og:url\" content=\"https:\/\/www.prijedordanas.com\/?p=43977\" \/>\n<meta property=\"og:site_name\" content=\"PrijedorDanas.com - Prijedorski gradski portal\" \/>\n<meta property=\"article:publisher\" content=\"https:\/\/www.facebook.com\/PrijedorDanasCom\/\" \/>\n<meta property=\"article:published_time\" content=\"2016-03-10T20:50:26+00:00\" \/>\n<meta property=\"article:modified_time\" content=\"2016-03-10T21:13:08+00:00\" \/>\n<meta property=\"og:image\" content=\"https:\/\/www.prijedordanas.com\/wp-content\/uploads\/2016\/03\/dodik-javna-tribina-cirkin-polje-prijedor-1-300x199.jpg\" \/>\n<meta name=\"author\" content=\"admin\" \/>\n<meta name=\"twitter:card\" content=\"summary_large_image\" \/>\n<meta name=\"twitter:label1\" content=\"Written by\" \/>\n\t<meta name=\"twitter:data1\" content=\"admin\" \/>\n\t<meta name=\"twitter:label2\" content=\"Est. reading time\" \/>\n\t<meta name=\"twitter:data2\" content=\"1 minute\" \/>\n<script type=\"application\/ld+json\" class=\"yoast-schema-graph\">{\"@context\":\"https:\/\/schema.org\",\"@graph\":[{\"@type\":\"Article\",\"@id\":\"https:\/\/www.prijedordanas.com\/?p=43977#article\",\"isPartOf\":{\"@id\":\"https:\/\/www.prijedordanas.com\/?p=43977\"},\"author\":{\"name\":\"admin\",\"@id\":\"https:\/\/www.prijedordanas.com\/#\/schema\/person\/4e08ccf29b506ca916ff86d46bb700e6\"},\"headline\":\"PRIJEDOR-MILORAD DODIK: SRPSKU \u010cUVA \u017dELJA NARODA DA ONA OPSTANE &#8211; FOTO\",\"datePublished\":\"2016-03-10T20:50:26+00:00\",\"dateModified\":\"2016-03-10T21:13:08+00:00\",\"mainEntityOfPage\":{\"@id\":\"https:\/\/www.prijedordanas.com\/?p=43977\"},\"wordCount\":293,\"publisher\":{\"@id\":\"https:\/\/www.prijedordanas.com\/#organization\"},\"keywords\":[\"\u010cirkin Polje\",\"javna tribina\",\"Milorad Dodik\",\"Republika Srpska\"],\"articleSection\":[\"Dru\u0161tvo\"],\"inLanguage\":\"en-US\"},{\"@type\":\"WebPage\",\"@id\":\"https:\/\/www.prijedordanas.com\/?p=43977\",\"url\":\"https:\/\/www.prijedordanas.com\/?p=43977\",\"name\":\"PRIJEDOR-MILORAD DODIK: SRPSKU \u010cUVA \u017dELJA NARODA DA ONA OPSTANE - FOTO - PrijedorDanas.com - Prijedorski gradski portal\",\"isPartOf\":{\"@id\":\"https:\/\/www.prijedordanas.com\/#website\"},\"datePublished\":\"2016-03-10T20:50:26+00:00\",\"dateModified\":\"2016-03-10T21:13:08+00:00\",\"breadcrumb\":{\"@id\":\"https:\/\/www.prijedordanas.com\/?p=43977#breadcrumb\"},\"inLanguage\":\"en-US\",\"potentialAction\":[{\"@type\":\"ReadAction\",\"target\":[\"https:\/\/www.prijedordanas.com\/?p=43977\"]}]},{\"@type\":\"BreadcrumbList\",\"@id\":\"https:\/\/www.prijedordanas.com\/?p=43977#breadcrumb\",\"itemListElement\":[{\"@type\":\"ListItem\",\"position\":1,\"name\":\"Home\",\"item\":\"https:\/\/www.prijedordanas.com\/\"},{\"@type\":\"ListItem\",\"position\":2,\"name\":\"PRIJEDOR-MILORAD DODIK: SRPSKU \u010cUVA \u017dELJA NARODA DA ONA OPSTANE &#8211; FOTO\"}]},{\"@type\":\"WebSite\",\"@id\":\"https:\/\/www.prijedordanas.com\/#website\",\"url\":\"https:\/\/www.prijedordanas.com\/\",\"name\":\"PrijedorDanas.com - Prijedorski gradski portal\",\"description\":\"Portal o doga\u0111anjima u gradu Prijedoru\",\"publisher\":{\"@id\":\"https:\/\/www.prijedordanas.com\/#organization\"},\"potentialAction\":[{\"@type\":\"SearchAction\",\"target\":{\"@type\":\"EntryPoint\",\"urlTemplate\":\"https:\/\/www.prijedordanas.com\/?s={search_term_string}\"},\"query-input\":\"required name=search_term_string\"}],\"inLanguage\":\"en-US\"},{\"@type\":\"Organization\",\"@id\":\"https:\/\/www.prijedordanas.com\/#organization\",\"name\":\"PrijedorDanas.com\",\"url\":\"https:\/\/www.prijedordanas.com\/\",\"logo\":{\"@type\":\"ImageObject\",\"inLanguage\":\"en-US\",\"@id\":\"https:\/\/www.prijedordanas.com\/#\/schema\/logo\/image\/\",\"url\":\"http:\/\/www.prijedordanas.com\/wp-content\/uploads\/2021\/12\/logopng.png\",\"contentUrl\":\"http:\/\/www.prijedordanas.com\/wp-content\/uploads\/2021\/12\/logopng.png\",\"width\":1019,\"height\":776,\"caption\":\"PrijedorDanas.com\"},\"image\":{\"@id\":\"https:\/\/www.prijedordanas.com\/#\/schema\/logo\/image\/\"},\"sameAs\":[\"https:\/\/www.facebook.com\/PrijedorDanasCom\/\"]},{\"@type\":\"Person\",\"@id\":\"https:\/\/www.prijedordanas.com\/#\/schema\/person\/4e08ccf29b506ca916ff86d46bb700e6\",\"name\":\"admin\",\"image\":{\"@type\":\"ImageObject\",\"inLanguage\":\"en-US\",\"@id\":\"https:\/\/www.prijedordanas.com\/#\/schema\/person\/image\/\",\"url\":\"https:\/\/secure.gravatar.com\/avatar\/1d3fc949d550f0b53a5f0d51e06dfd79?s=96&d=mm&r=g\",\"contentUrl\":\"https:\/\/secure.gravatar.com\/avatar\/1d3fc949d550f0b53a5f0d51e06dfd79?s=96&d=mm&r=g\",\"caption\":\"admin\"},\"url\":\"https:\/\/www.prijedordanas.com\/?author=1\"}]}<\/script>\n<!-- \/ Yoast SEO plugin. -->","yoast_head_json":{"title":"PRIJEDOR-MILORAD DODIK: SRPSKU \u010cUVA \u017dELJA NARODA DA ONA OPSTANE - FOTO - PrijedorDanas.com - Prijedorski gradski portal","robots":{"index":"index","follow":"follow","max-snippet":"max-snippet:-1","max-image-preview":"max-image-preview:large","max-video-preview":"max-video-preview:-1"},"canonical":"https:\/\/www.prijedordanas.com\/?p=43977","og_locale":"en_US","og_type":"article","og_title":"PRIJEDOR-MILORAD DODIK: SRPSKU \u010cUVA \u017dELJA NARODA DA ONA OPSTANE - FOTO - PrijedorDanas.com - Prijedorski gradski portal","og_description":"Predsjednik Republike Srpske Milorad Dodik rekao je ve\u010deras u Prijedoru da Srpsku, koja ja\u010da svoj subjektivitet, sa svih strana napadaju oni koji ne \u017eele da ona postoji, ali je \u010duva [&hellip;]","og_url":"https:\/\/www.prijedordanas.com\/?p=43977","og_site_name":"PrijedorDanas.com - Prijedorski gradski portal","article_publisher":"https:\/\/www.facebook.com\/PrijedorDanasCom\/","article_published_time":"2016-03-10T20:50:26+00:00","article_modified_time":"2016-03-10T21:13:08+00:00","og_image":[{"url":"https:\/\/www.prijedordanas.com\/wp-content\/uploads\/2016\/03\/dodik-javna-tribina-cirkin-polje-prijedor-1-300x199.jpg"}],"author":"admin","twitter_card":"summary_large_image","twitter_misc":{"Written by":"admin","Est. reading time":"1 minute"},"schema":{"@context":"https:\/\/schema.org","@graph":[{"@type":"Article","@id":"https:\/\/www.prijedordanas.com\/?p=43977#article","isPartOf":{"@id":"https:\/\/www.prijedordanas.com\/?p=43977"},"author":{"name":"admin","@id":"https:\/\/www.prijedordanas.com\/#\/schema\/person\/4e08ccf29b506ca916ff86d46bb700e6"},"headline":"PRIJEDOR-MILORAD DODIK: SRPSKU \u010cUVA \u017dELJA NARODA DA ONA OPSTANE &#8211; FOTO","datePublished":"2016-03-10T20:50:26+00:00","dateModified":"2016-03-10T21:13:08+00:00","mainEntityOfPage":{"@id":"https:\/\/www.prijedordanas.com\/?p=43977"},"wordCount":293,"publisher":{"@id":"https:\/\/www.prijedordanas.com\/#organization"},"keywords":["\u010cirkin Polje","javna tribina","Milorad Dodik","Republika Srpska"],"articleSection":["Dru\u0161tvo"],"inLanguage":"en-US"},{"@type":"WebPage","@id":"https:\/\/www.prijedordanas.com\/?p=43977","url":"https:\/\/www.prijedordanas.com\/?p=43977","name":"PRIJEDOR-MILORAD DODIK: SRPSKU \u010cUVA \u017dELJA NARODA DA ONA OPSTANE - FOTO - PrijedorDanas.com - Prijedorski gradski portal","isPartOf":{"@id":"https:\/\/www.prijedordanas.com\/#website"},"datePublished":"2016-03-10T20:50:26+00:00","dateModified":"2016-03-10T21:13:08+00:00","breadcrumb":{"@id":"https:\/\/www.prijedordanas.com\/?p=43977#breadcrumb"},"inLanguage":"en-US","potentialAction":[{"@type":"ReadAction","target":["https:\/\/www.prijedordanas.com\/?p=43977"]}]},{"@type":"BreadcrumbList","@id":"https:\/\/www.prijedordanas.com\/?p=43977#breadcrumb","itemListElement":[{"@type":"ListItem","position":1,"name":"Home","item":"https:\/\/www.prijedordanas.com\/"},{"@type":"ListItem","position":2,"name":"PRIJEDOR-MILORAD DODIK: SRPSKU \u010cUVA \u017dELJA NARODA DA ONA OPSTANE &#8211; FOTO"}]},{"@type":"WebSite","@id":"https:\/\/www.prijedordanas.com\/#website","url":"https:\/\/www.prijedordanas.com\/","name":"PrijedorDanas.com - Prijedorski gradski portal","description":"Portal o doga\u0111anjima u gradu Prijedoru","publisher":{"@id":"https:\/\/www.prijedordanas.com\/#organization"},"potentialAction":[{"@type":"SearchAction","target":{"@type":"EntryPoint","urlTemplate":"https:\/\/www.prijedordanas.com\/?s={search_term_string}"},"query-input":"required name=search_term_string"}],"inLanguage":"en-US"},{"@type":"Organization","@id":"https:\/\/www.prijedordanas.com\/#organization","name":"PrijedorDanas.com","url":"https:\/\/www.prijedordanas.com\/","logo":{"@type":"ImageObject","inLanguage":"en-US","@id":"https:\/\/www.prijedordanas.com\/#\/schema\/logo\/image\/","url":"http:\/\/www.prijedordanas.com\/wp-content\/uploads\/2021\/12\/logopng.png","contentUrl":"http:\/\/www.prijedordanas.com\/wp-content\/uploads\/2021\/12\/logopng.png","width":1019,"height":776,"caption":"PrijedorDanas.com"},"image":{"@id":"https:\/\/www.prijedordanas.com\/#\/schema\/logo\/image\/"},"sameAs":["https:\/\/www.facebook.com\/PrijedorDanasCom\/"]},{"@type":"Person","@id":"https:\/\/www.prijedordanas.com\/#\/schema\/person\/4e08ccf29b506ca916ff86d46bb700e6","name":"admin","image":{"@type":"ImageObject","inLanguage":"en-US","@id":"https:\/\/www.prijedordanas.com\/#\/schema\/person\/image\/","url":"https:\/\/secure.gravatar.com\/avatar\/1d3fc949d550f0b53a5f0d51e06dfd79?s=96&d=mm&r=g","contentUrl":"https:\/\/secure.gravatar.com\/avatar\/1d3fc949d550f0b53a5f0d51e06dfd79?s=96&d=mm&r=g","caption":"admin"},"url":"https:\/\/www.prijedordanas.com\/?author=1"}]}},"_links":{"self":[{"href":"https:\/\/www.prijedordanas.com\/index.php?rest_route=\/wp\/v2\/posts\/43977"}],"collection":[{"href":"https:\/\/www.prijedordanas.com\/index.php?rest_route=\/wp\/v2\/posts"}],"about":[{"href":"https:\/\/www.prijedordanas.com\/index.php?rest_route=\/wp\/v2\/types\/post"}],"author":[{"embeddable":true,"href":"https:\/\/www.prijedordanas.com\/index.php?rest_route=\/wp\/v2\/users\/1"}],"replies":[{"embeddable":true,"href":"https:\/\/www.prijedordanas.com\/index.php?rest_route=%2Fwp%2Fv2%2Fcomments&post=43977"}],"version-history":[{"count":2,"href":"https:\/\/www.prijedordanas.com\/index.php?rest_route=\/wp\/v2\/posts\/43977\/revisions"}],"predecessor-version":[{"id":43986,"href":"https:\/\/www.prijedordanas.com\/index.php?rest_route=\/wp\/v2\/posts\/43977\/revisions\/43986"}],"wp:attachment":[{"href":"https:\/\/www.prijedordanas.com\/index.php?rest_route=%2Fwp%2Fv2%2Fmedia&parent=43977"}],"wp:term":[{"taxonomy":"category","embeddable":true,"href":"https:\/\/www.prijedordanas.com\/index.php?rest_route=%2Fwp%2Fv2%2Fcategories&post=43977"},{"taxonomy":"post_tag","embeddable":true,"href":"https:\/\/www.prijedordanas.com\/index.php?rest_route=%2Fwp%2Fv2%2Ftags&post=43977"}],"curies":[{"name":"wp","href":"https:\/\/api.w.org\/{rel}","templated":true}]}}