{"id":43944,"date":"2016-03-10T18:00:46","date_gmt":"2016-03-10T17:00:46","guid":{"rendered":"https:\/\/www.prijedordanas.com\/?p=43944"},"modified":"2016-03-10T22:16:24","modified_gmt":"2016-03-10T21:16:24","slug":"prijedor-dodik-cilj-osmisliti-politike-za-bolji-zivot-gradana-foto","status":"publish","type":"post","link":"https:\/\/www.prijedordanas.com\/?p=43944","title":{"rendered":"PRIJEDOR-DODIK: CILJ OSMISLITI POLITIKE ZA BOLJI \u017dIVOT GRA\u0110ANA &#8211; FOTO"},"content":{"rendered":"<p><a href=\"https:\/\/www.prijedordanas.com\/wp-content\/uploads\/2016\/03\/snsd-dodik-sastanak-prijedor-izborna-jedinica-1-1.jpg\" rel=\"attachment wp-att-43945\"><img loading=\"lazy\" decoding=\"async\" class=\"alignleft size-medium wp-image-43945\" src=\"https:\/\/www.prijedordanas.com\/wp-content\/uploads\/2016\/03\/snsd-dodik-sastanak-prijedor-izborna-jedinica-1-1-300x199.jpg\" alt=\"snsd-dodik-sastanak prijedor-izborna jedinica 1 (1)\" width=\"300\" height=\"199\" srcset=\"https:\/\/www.prijedordanas.com\/wp-content\/uploads\/2016\/03\/snsd-dodik-sastanak-prijedor-izborna-jedinica-1-1-300x200.jpg 300w, https:\/\/www.prijedordanas.com\/wp-content\/uploads\/2016\/03\/snsd-dodik-sastanak-prijedor-izborna-jedinica-1-1-480x320.jpg 480w, https:\/\/www.prijedordanas.com\/wp-content\/uploads\/2016\/03\/snsd-dodik-sastanak-prijedor-izborna-jedinica-1-1.jpg 600w\" sizes=\"(max-width: 300px) 100vw, 300px\" \/><\/a>Predsjednik Saveza nezavisnih socijaldemokrata Milorad Dodik rekao je danas u Prijedoru da je SNSD odlu\u010dan da se \u0161to bolje pripremi za predstoje\u0107e lokalne izbore i da je cilj osmisliti projekte i programe za rje\u0161avanje problema gra\u0111ana.<\/p>\n<p>Uo\u010di sastanka sa predstavnicima gradskih i op\u0161tinskih odbora SNSD-a iz Izborne jedinice jedan, Dodik je rekao da \u0107e, nakon razgovora sa predstavnicima ove stranke u svim izbornim jedinicama u Republici Srpskoj, biti odr\u017eane sjednice Predsjedni\u0161tva i Glavnog odbora SNSD-a na kojima \u0107e biti utvr\u0111ene jasne politike djelovanja pred i nakon izbora.<\/p>\n<p>Dodik je rekao novinarima da SNSD \u017eeli da bude \u0161to spremniji za op\u0161tinske izbore koji \u0107e biti raspisani u maju.<\/p>\n<p><a href=\"https:\/\/www.prijedordanas.com\/wp-content\/uploads\/2016\/03\/snsd-dodik-sastanak-prijedor-izborna-jedinica-1-2.jpg\" rel=\"attachment wp-att-43946\"><img loading=\"lazy\" decoding=\"async\" class=\"alignleft size-medium wp-image-43946\" src=\"https:\/\/www.prijedordanas.com\/wp-content\/uploads\/2016\/03\/snsd-dodik-sastanak-prijedor-izborna-jedinica-1-2-300x199.jpg\" alt=\"snsd-dodik-sastanak prijedor-izborna jedinica 1 (2)\" width=\"300\" height=\"199\" srcset=\"https:\/\/www.prijedordanas.com\/wp-content\/uploads\/2016\/03\/snsd-dodik-sastanak-prijedor-izborna-jedinica-1-2-300x200.jpg 300w, https:\/\/www.prijedordanas.com\/wp-content\/uploads\/2016\/03\/snsd-dodik-sastanak-prijedor-izborna-jedinica-1-2-480x320.jpg 480w, https:\/\/www.prijedordanas.com\/wp-content\/uploads\/2016\/03\/snsd-dodik-sastanak-prijedor-izborna-jedinica-1-2.jpg 600w\" sizes=\"(max-width: 300px) 100vw, 300px\" \/><\/a>&#8220;U Prijedor smo do\u0161li da otvoreno razgovaramo sa rukovodstvima gradskih i op\u0161tinskih organizacija o ukupnim dru\u0161tvenim odnosima, kao i o situaciji unutar partije i njenim organizacionim sposobnostima&#8221;, naveo je Dodik.<\/p>\n<p>Prema njegovim rije\u010dima, strana\u010dki rukovodioci sa ovog nivoa informisani su o svim aspektima situacije u Republici Srpskoj i regionu, na nivou BiH i odgovorima SNSD-a na sva aktuelna pitanja u vezi sa odnosima u BiH i Srpskoj i o koalicionoj saradnji sa partnerima na nivou Republike Srpske, te o potrebi koalicionog dogovora za lokalne izbore.<\/p>\n<p>&#8220;Dogovorili smo se da zajedno nastupimo na lokalnim izborima \u0161irom Republike Srpske, \u0161to zna\u010di SNSD, DNS i Socijalisti\u010dka partija i druge partije, organizacije i udru\u017eenja&#8221;, rekao je Dodik.<\/p>\n<p><a href=\"https:\/\/www.prijedordanas.com\/wp-content\/uploads\/2016\/03\/snsd-dodik-sastanak-prijedor-izborna-jedinica-1-3.jpg\" rel=\"attachment wp-att-43947\"><img loading=\"lazy\" decoding=\"async\" src=\"https:\/\/www.prijedordanas.com\/wp-content\/uploads\/2016\/03\/snsd-dodik-sastanak-prijedor-izborna-jedinica-1-3-300x199.jpg\" alt=\"snsd-dodik-sastanak prijedor-izborna jedinica 1 (3)\" width=\"300\" height=\"199\" class=\"alignleft size-medium wp-image-43947\" srcset=\"https:\/\/www.prijedordanas.com\/wp-content\/uploads\/2016\/03\/snsd-dodik-sastanak-prijedor-izborna-jedinica-1-3-300x200.jpg 300w, https:\/\/www.prijedordanas.com\/wp-content\/uploads\/2016\/03\/snsd-dodik-sastanak-prijedor-izborna-jedinica-1-3-480x320.jpg 480w, https:\/\/www.prijedordanas.com\/wp-content\/uploads\/2016\/03\/snsd-dodik-sastanak-prijedor-izborna-jedinica-1-3.jpg 600w\" sizes=\"(max-width: 300px) 100vw, 300px\" \/><\/a>Predsjednik Gradskog odbora SNSD-a u Prijedoru Drago Tadi\u0107 rekao je da u Izbornoj jedinici jedan o\u010dekuju sigurnu pobjedu.<\/p>\n<p>Tadi\u0107 je naveo da je ovo bila prilika da se predsjedniku i potpredsjednicima stranke predo\u010di situacija u op\u0161tinskim odborima Izborne jedinice jedan i da se dobije informacija o budu\u0107im koracima.<\/p>\n<p>Sastanku sa predstavnicima Gradskog odbora Prijedor i op\u0161tinskih odbora SNSD-a O\u0161tra Luka, Kozarska Dubica, Novi Grad, Krupa na Uni i Kostajnica prisustvovali su i potpredsjednici stranke \u017deljka Cvijanovi\u0107 i Nikola \u0160piri\u0107.<\/p>\n<p>Predsjednik SNSD-a i predsjednik Srpske Milorad Dodik bi\u0107e gost i na tribini pod nazivom &#8220;Rije\u010d predsjednika&#8221; koja \u0107e od 19.00 \u010dasova biti odr\u017eana u prostorijama Dru\u0161tvenog doma u \u010cirkin Polju, a potom \u0107e prisustovati sve\u010danoj proslavi 8. marta sa \u010dlanicama Aktiva \u017eena SNSD-a Prijedor.<\/p>\n<p>Tekst \u2013 SRNA<br \/>\nFoto \u2013 Aleksandar Drakuli\u0107 \u2013 <a href=\"www.prijedordanas.com\" target=\"_blank\">www.prijedordanas.com<\/a><\/p>\n<p><iframe loading=\"lazy\" width=\"500\" height=\"375\" src=\"https:\/\/www.youtube.com\/embed\/zzHIzPnIhu0?feature=oembed\" frameborder=\"0\" allowfullscreen><\/iframe><\/p>\n<p><a href=\"https:\/\/www.prijedordanas.com\/wp-content\/uploads\/2016\/03\/snsd-dodik-sastanak-prijedor-izborna-jedinica-1-4.jpg\" rel=\"attachment wp-att-43948\"><img loading=\"lazy\" decoding=\"async\" src=\"https:\/\/www.prijedordanas.com\/wp-content\/uploads\/2016\/03\/snsd-dodik-sastanak-prijedor-izborna-jedinica-1-4-300x199.jpg\" alt=\"snsd-dodik-sastanak prijedor-izborna jedinica 1 (4)\" width=\"300\" height=\"199\" class=\"alignleft size-medium wp-image-43948\" srcset=\"https:\/\/www.prijedordanas.com\/wp-content\/uploads\/2016\/03\/snsd-dodik-sastanak-prijedor-izborna-jedinica-1-4-300x200.jpg 300w, https:\/\/www.prijedordanas.com\/wp-content\/uploads\/2016\/03\/snsd-dodik-sastanak-prijedor-izborna-jedinica-1-4-480x320.jpg 480w, https:\/\/www.prijedordanas.com\/wp-content\/uploads\/2016\/03\/snsd-dodik-sastanak-prijedor-izborna-jedinica-1-4.jpg 600w\" sizes=\"(max-width: 300px) 100vw, 300px\" \/><\/a> <a href=\"https:\/\/www.prijedordanas.com\/wp-content\/uploads\/2016\/03\/snsd-dodik-sastanak-prijedor-izborna-jedinica-1-5.jpg\" rel=\"attachment wp-att-43949\"><img loading=\"lazy\" decoding=\"async\" src=\"https:\/\/www.prijedordanas.com\/wp-content\/uploads\/2016\/03\/snsd-dodik-sastanak-prijedor-izborna-jedinica-1-5-300x199.jpg\" alt=\"snsd-dodik-sastanak prijedor-izborna jedinica 1 (5)\" width=\"300\" height=\"199\" class=\"alignleft size-medium wp-image-43949\" srcset=\"https:\/\/www.prijedordanas.com\/wp-content\/uploads\/2016\/03\/snsd-dodik-sastanak-prijedor-izborna-jedinica-1-5-300x200.jpg 300w, https:\/\/www.prijedordanas.com\/wp-content\/uploads\/2016\/03\/snsd-dodik-sastanak-prijedor-izborna-jedinica-1-5-480x320.jpg 480w, https:\/\/www.prijedordanas.com\/wp-content\/uploads\/2016\/03\/snsd-dodik-sastanak-prijedor-izborna-jedinica-1-5.jpg 600w\" sizes=\"(max-width: 300px) 100vw, 300px\" \/><\/a> <a href=\"https:\/\/www.prijedordanas.com\/wp-content\/uploads\/2016\/03\/snsd-dodik-sastanak-prijedor-izborna-jedinica-1-6.jpg\" rel=\"attachment wp-att-43950\"><img loading=\"lazy\" decoding=\"async\" src=\"https:\/\/www.prijedordanas.com\/wp-content\/uploads\/2016\/03\/snsd-dodik-sastanak-prijedor-izborna-jedinica-1-6-300x199.jpg\" alt=\"snsd-dodik-sastanak prijedor-izborna jedinica 1 (6)\" width=\"300\" height=\"199\" class=\"alignleft size-medium wp-image-43950\" srcset=\"https:\/\/www.prijedordanas.com\/wp-content\/uploads\/2016\/03\/snsd-dodik-sastanak-prijedor-izborna-jedinica-1-6-300x200.jpg 300w, https:\/\/www.prijedordanas.com\/wp-content\/uploads\/2016\/03\/snsd-dodik-sastanak-prijedor-izborna-jedinica-1-6-480x320.jpg 480w, https:\/\/www.prijedordanas.com\/wp-content\/uploads\/2016\/03\/snsd-dodik-sastanak-prijedor-izborna-jedinica-1-6.jpg 600w\" sizes=\"(max-width: 300px) 100vw, 300px\" \/><\/a><\/p>\n","protected":false},"excerpt":{"rendered":"<p>Predsjednik Saveza nezavisnih socijaldemokrata Milorad Dodik rekao je danas u Prijedoru da je SNSD odlu\u010dan da se \u0161to bolje pripremi za predstoje\u0107e lokalne izbore i da je cilj osmisliti projekte [&hellip;]<\/p>\n","protected":false},"author":1,"featured_media":0,"comment_status":"closed","ping_status":"open","sticky":false,"template":"","format":"standard","meta":{"_monsterinsights_skip_tracking":false,"_monsterinsights_sitenote_active":false,"_monsterinsights_sitenote_note":"","_monsterinsights_sitenote_category":0,"footnotes":""},"categories":[4],"tags":[4293,140,2790,231,241,2068],"yoast_head":"<!-- This site is optimized with the Yoast SEO plugin v21.6 - https:\/\/yoast.com\/wordpress\/plugins\/seo\/ -->\n<title>PRIJEDOR-DODIK: CILJ OSMISLITI POLITIKE ZA BOLJI \u017dIVOT GRA\u0110ANA - FOTO - PrijedorDanas.com - Prijedorski gradski portal<\/title>\n<meta name=\"robots\" content=\"index, follow, max-snippet:-1, max-image-preview:large, max-video-preview:-1\" \/>\n<link rel=\"canonical\" href=\"https:\/\/www.prijedordanas.com\/?p=43944\" \/>\n<meta property=\"og:locale\" content=\"en_US\" \/>\n<meta property=\"og:type\" content=\"article\" \/>\n<meta property=\"og:title\" content=\"PRIJEDOR-DODIK: CILJ OSMISLITI POLITIKE ZA BOLJI \u017dIVOT GRA\u0110ANA - FOTO - PrijedorDanas.com - Prijedorski gradski portal\" \/>\n<meta property=\"og:description\" content=\"Predsjednik Saveza nezavisnih socijaldemokrata Milorad Dodik rekao je danas u Prijedoru da je SNSD odlu\u010dan da se \u0161to bolje pripremi za predstoje\u0107e lokalne izbore i da je cilj osmisliti projekte [&hellip;]\" \/>\n<meta property=\"og:url\" content=\"https:\/\/www.prijedordanas.com\/?p=43944\" \/>\n<meta property=\"og:site_name\" content=\"PrijedorDanas.com - Prijedorski gradski portal\" \/>\n<meta property=\"article:publisher\" content=\"https:\/\/www.facebook.com\/PrijedorDanasCom\/\" \/>\n<meta property=\"article:published_time\" content=\"2016-03-10T17:00:46+00:00\" \/>\n<meta property=\"article:modified_time\" content=\"2016-03-10T21:16:24+00:00\" \/>\n<meta property=\"og:image\" content=\"https:\/\/www.prijedordanas.com\/wp-content\/uploads\/2016\/03\/snsd-dodik-sastanak-prijedor-izborna-jedinica-1-1-300x199.jpg\" \/>\n<meta name=\"author\" content=\"admin\" \/>\n<meta name=\"twitter:card\" content=\"summary_large_image\" \/>\n<meta name=\"twitter:label1\" content=\"Written by\" \/>\n\t<meta name=\"twitter:data1\" content=\"admin\" \/>\n\t<meta name=\"twitter:label2\" content=\"Est. reading time\" \/>\n\t<meta name=\"twitter:data2\" content=\"2 minutes\" \/>\n<script type=\"application\/ld+json\" class=\"yoast-schema-graph\">{\"@context\":\"https:\/\/schema.org\",\"@graph\":[{\"@type\":\"Article\",\"@id\":\"https:\/\/www.prijedordanas.com\/?p=43944#article\",\"isPartOf\":{\"@id\":\"https:\/\/www.prijedordanas.com\/?p=43944\"},\"author\":{\"name\":\"admin\",\"@id\":\"https:\/\/www.prijedordanas.com\/#\/schema\/person\/4e08ccf29b506ca916ff86d46bb700e6\"},\"headline\":\"PRIJEDOR-DODIK: CILJ OSMISLITI POLITIKE ZA BOLJI \u017dIVOT GRA\u0110ANA &#8211; FOTO\",\"datePublished\":\"2016-03-10T17:00:46+00:00\",\"dateModified\":\"2016-03-10T21:16:24+00:00\",\"mainEntityOfPage\":{\"@id\":\"https:\/\/www.prijedordanas.com\/?p=43944\"},\"wordCount\":392,\"publisher\":{\"@id\":\"https:\/\/www.prijedordanas.com\/#organization\"},\"keywords\":[\"Drago Tadi\u0107\",\"Milorad Dodik\",\"sastanak\",\"Savez nezavisnih socijaldemokrata\",\"SNSD\",\"SNSD Prijedor\"],\"articleSection\":[\"Dru\u0161tvo\"],\"inLanguage\":\"en-US\"},{\"@type\":\"WebPage\",\"@id\":\"https:\/\/www.prijedordanas.com\/?p=43944\",\"url\":\"https:\/\/www.prijedordanas.com\/?p=43944\",\"name\":\"PRIJEDOR-DODIK: CILJ OSMISLITI POLITIKE ZA BOLJI \u017dIVOT GRA\u0110ANA - FOTO - PrijedorDanas.com - Prijedorski gradski portal\",\"isPartOf\":{\"@id\":\"https:\/\/www.prijedordanas.com\/#website\"},\"datePublished\":\"2016-03-10T17:00:46+00:00\",\"dateModified\":\"2016-03-10T21:16:24+00:00\",\"breadcrumb\":{\"@id\":\"https:\/\/www.prijedordanas.com\/?p=43944#breadcrumb\"},\"inLanguage\":\"en-US\",\"potentialAction\":[{\"@type\":\"ReadAction\",\"target\":[\"https:\/\/www.prijedordanas.com\/?p=43944\"]}]},{\"@type\":\"BreadcrumbList\",\"@id\":\"https:\/\/www.prijedordanas.com\/?p=43944#breadcrumb\",\"itemListElement\":[{\"@type\":\"ListItem\",\"position\":1,\"name\":\"Home\",\"item\":\"https:\/\/www.prijedordanas.com\/\"},{\"@type\":\"ListItem\",\"position\":2,\"name\":\"PRIJEDOR-DODIK: CILJ OSMISLITI POLITIKE ZA BOLJI \u017dIVOT GRA\u0110ANA &#8211; FOTO\"}]},{\"@type\":\"WebSite\",\"@id\":\"https:\/\/www.prijedordanas.com\/#website\",\"url\":\"https:\/\/www.prijedordanas.com\/\",\"name\":\"PrijedorDanas.com - Prijedorski gradski portal\",\"description\":\"Portal o doga\u0111anjima u gradu Prijedoru\",\"publisher\":{\"@id\":\"https:\/\/www.prijedordanas.com\/#organization\"},\"potentialAction\":[{\"@type\":\"SearchAction\",\"target\":{\"@type\":\"EntryPoint\",\"urlTemplate\":\"https:\/\/www.prijedordanas.com\/?s={search_term_string}\"},\"query-input\":\"required name=search_term_string\"}],\"inLanguage\":\"en-US\"},{\"@type\":\"Organization\",\"@id\":\"https:\/\/www.prijedordanas.com\/#organization\",\"name\":\"PrijedorDanas.com\",\"url\":\"https:\/\/www.prijedordanas.com\/\",\"logo\":{\"@type\":\"ImageObject\",\"inLanguage\":\"en-US\",\"@id\":\"https:\/\/www.prijedordanas.com\/#\/schema\/logo\/image\/\",\"url\":\"http:\/\/www.prijedordanas.com\/wp-content\/uploads\/2021\/12\/logopng.png\",\"contentUrl\":\"http:\/\/www.prijedordanas.com\/wp-content\/uploads\/2021\/12\/logopng.png\",\"width\":1019,\"height\":776,\"caption\":\"PrijedorDanas.com\"},\"image\":{\"@id\":\"https:\/\/www.prijedordanas.com\/#\/schema\/logo\/image\/\"},\"sameAs\":[\"https:\/\/www.facebook.com\/PrijedorDanasCom\/\"]},{\"@type\":\"Person\",\"@id\":\"https:\/\/www.prijedordanas.com\/#\/schema\/person\/4e08ccf29b506ca916ff86d46bb700e6\",\"name\":\"admin\",\"image\":{\"@type\":\"ImageObject\",\"inLanguage\":\"en-US\",\"@id\":\"https:\/\/www.prijedordanas.com\/#\/schema\/person\/image\/\",\"url\":\"https:\/\/secure.gravatar.com\/avatar\/1d3fc949d550f0b53a5f0d51e06dfd79?s=96&d=mm&r=g\",\"contentUrl\":\"https:\/\/secure.gravatar.com\/avatar\/1d3fc949d550f0b53a5f0d51e06dfd79?s=96&d=mm&r=g\",\"caption\":\"admin\"},\"url\":\"https:\/\/www.prijedordanas.com\/?author=1\"}]}<\/script>\n<!-- \/ Yoast SEO plugin. -->","yoast_head_json":{"title":"PRIJEDOR-DODIK: CILJ OSMISLITI POLITIKE ZA BOLJI \u017dIVOT GRA\u0110ANA - FOTO - PrijedorDanas.com - Prijedorski gradski portal","robots":{"index":"index","follow":"follow","max-snippet":"max-snippet:-1","max-image-preview":"max-image-preview:large","max-video-preview":"max-video-preview:-1"},"canonical":"https:\/\/www.prijedordanas.com\/?p=43944","og_locale":"en_US","og_type":"article","og_title":"PRIJEDOR-DODIK: CILJ OSMISLITI POLITIKE ZA BOLJI \u017dIVOT GRA\u0110ANA - FOTO - PrijedorDanas.com - Prijedorski gradski portal","og_description":"Predsjednik Saveza nezavisnih socijaldemokrata Milorad Dodik rekao je danas u Prijedoru da je SNSD odlu\u010dan da se \u0161to bolje pripremi za predstoje\u0107e lokalne izbore i da je cilj osmisliti projekte [&hellip;]","og_url":"https:\/\/www.prijedordanas.com\/?p=43944","og_site_name":"PrijedorDanas.com - Prijedorski gradski portal","article_publisher":"https:\/\/www.facebook.com\/PrijedorDanasCom\/","article_published_time":"2016-03-10T17:00:46+00:00","article_modified_time":"2016-03-10T21:16:24+00:00","og_image":[{"url":"https:\/\/www.prijedordanas.com\/wp-content\/uploads\/2016\/03\/snsd-dodik-sastanak-prijedor-izborna-jedinica-1-1-300x199.jpg"}],"author":"admin","twitter_card":"summary_large_image","twitter_misc":{"Written by":"admin","Est. reading time":"2 minutes"},"schema":{"@context":"https:\/\/schema.org","@graph":[{"@type":"Article","@id":"https:\/\/www.prijedordanas.com\/?p=43944#article","isPartOf":{"@id":"https:\/\/www.prijedordanas.com\/?p=43944"},"author":{"name":"admin","@id":"https:\/\/www.prijedordanas.com\/#\/schema\/person\/4e08ccf29b506ca916ff86d46bb700e6"},"headline":"PRIJEDOR-DODIK: CILJ OSMISLITI POLITIKE ZA BOLJI \u017dIVOT GRA\u0110ANA &#8211; FOTO","datePublished":"2016-03-10T17:00:46+00:00","dateModified":"2016-03-10T21:16:24+00:00","mainEntityOfPage":{"@id":"https:\/\/www.prijedordanas.com\/?p=43944"},"wordCount":392,"publisher":{"@id":"https:\/\/www.prijedordanas.com\/#organization"},"keywords":["Drago Tadi\u0107","Milorad Dodik","sastanak","Savez nezavisnih socijaldemokrata","SNSD","SNSD Prijedor"],"articleSection":["Dru\u0161tvo"],"inLanguage":"en-US"},{"@type":"WebPage","@id":"https:\/\/www.prijedordanas.com\/?p=43944","url":"https:\/\/www.prijedordanas.com\/?p=43944","name":"PRIJEDOR-DODIK: CILJ OSMISLITI POLITIKE ZA BOLJI \u017dIVOT GRA\u0110ANA - FOTO - PrijedorDanas.com - Prijedorski gradski portal","isPartOf":{"@id":"https:\/\/www.prijedordanas.com\/#website"},"datePublished":"2016-03-10T17:00:46+00:00","dateModified":"2016-03-10T21:16:24+00:00","breadcrumb":{"@id":"https:\/\/www.prijedordanas.com\/?p=43944#breadcrumb"},"inLanguage":"en-US","potentialAction":[{"@type":"ReadAction","target":["https:\/\/www.prijedordanas.com\/?p=43944"]}]},{"@type":"BreadcrumbList","@id":"https:\/\/www.prijedordanas.com\/?p=43944#breadcrumb","itemListElement":[{"@type":"ListItem","position":1,"name":"Home","item":"https:\/\/www.prijedordanas.com\/"},{"@type":"ListItem","position":2,"name":"PRIJEDOR-DODIK: CILJ OSMISLITI POLITIKE ZA BOLJI \u017dIVOT GRA\u0110ANA &#8211; FOTO"}]},{"@type":"WebSite","@id":"https:\/\/www.prijedordanas.com\/#website","url":"https:\/\/www.prijedordanas.com\/","name":"PrijedorDanas.com - Prijedorski gradski portal","description":"Portal o doga\u0111anjima u gradu Prijedoru","publisher":{"@id":"https:\/\/www.prijedordanas.com\/#organization"},"potentialAction":[{"@type":"SearchAction","target":{"@type":"EntryPoint","urlTemplate":"https:\/\/www.prijedordanas.com\/?s={search_term_string}"},"query-input":"required name=search_term_string"}],"inLanguage":"en-US"},{"@type":"Organization","@id":"https:\/\/www.prijedordanas.com\/#organization","name":"PrijedorDanas.com","url":"https:\/\/www.prijedordanas.com\/","logo":{"@type":"ImageObject","inLanguage":"en-US","@id":"https:\/\/www.prijedordanas.com\/#\/schema\/logo\/image\/","url":"http:\/\/www.prijedordanas.com\/wp-content\/uploads\/2021\/12\/logopng.png","contentUrl":"http:\/\/www.prijedordanas.com\/wp-content\/uploads\/2021\/12\/logopng.png","width":1019,"height":776,"caption":"PrijedorDanas.com"},"image":{"@id":"https:\/\/www.prijedordanas.com\/#\/schema\/logo\/image\/"},"sameAs":["https:\/\/www.facebook.com\/PrijedorDanasCom\/"]},{"@type":"Person","@id":"https:\/\/www.prijedordanas.com\/#\/schema\/person\/4e08ccf29b506ca916ff86d46bb700e6","name":"admin","image":{"@type":"ImageObject","inLanguage":"en-US","@id":"https:\/\/www.prijedordanas.com\/#\/schema\/person\/image\/","url":"https:\/\/secure.gravatar.com\/avatar\/1d3fc949d550f0b53a5f0d51e06dfd79?s=96&d=mm&r=g","contentUrl":"https:\/\/secure.gravatar.com\/avatar\/1d3fc949d550f0b53a5f0d51e06dfd79?s=96&d=mm&r=g","caption":"admin"},"url":"https:\/\/www.prijedordanas.com\/?author=1"}]}},"_links":{"self":[{"href":"https:\/\/www.prijedordanas.com\/index.php?rest_route=\/wp\/v2\/posts\/43944"}],"collection":[{"href":"https:\/\/www.prijedordanas.com\/index.php?rest_route=\/wp\/v2\/posts"}],"about":[{"href":"https:\/\/www.prijedordanas.com\/index.php?rest_route=\/wp\/v2\/types\/post"}],"author":[{"embeddable":true,"href":"https:\/\/www.prijedordanas.com\/index.php?rest_route=\/wp\/v2\/users\/1"}],"replies":[{"embeddable":true,"href":"https:\/\/www.prijedordanas.com\/index.php?rest_route=%2Fwp%2Fv2%2Fcomments&post=43944"}],"version-history":[{"count":2,"href":"https:\/\/www.prijedordanas.com\/index.php?rest_route=\/wp\/v2\/posts\/43944\/revisions"}],"predecessor-version":[{"id":43991,"href":"https:\/\/www.prijedordanas.com\/index.php?rest_route=\/wp\/v2\/posts\/43944\/revisions\/43991"}],"wp:attachment":[{"href":"https:\/\/www.prijedordanas.com\/index.php?rest_route=%2Fwp%2Fv2%2Fmedia&parent=43944"}],"wp:term":[{"taxonomy":"category","embeddable":true,"href":"https:\/\/www.prijedordanas.com\/index.php?rest_route=%2Fwp%2Fv2%2Fcategories&post=43944"},{"taxonomy":"post_tag","embeddable":true,"href":"https:\/\/www.prijedordanas.com\/index.php?rest_route=%2Fwp%2Fv2%2Ftags&post=43944"}],"curies":[{"name":"wp","href":"https:\/\/api.w.org\/{rel}","templated":true}]}}