{"id":43925,"date":"2016-03-10T16:35:26","date_gmt":"2016-03-10T15:35:26","guid":{"rendered":"https:\/\/www.prijedordanas.com\/?p=43925"},"modified":"2016-03-10T16:35:26","modified_gmt":"2016-03-10T15:35:26","slug":"unapredenje-rada-centara-za-socijalni-rad","status":"publish","type":"post","link":"https:\/\/www.prijedordanas.com\/?p=43925","title":{"rendered":"UNAPRE\u0110ENJE RADA CENTARA ZA SOCIJALNI RAD"},"content":{"rendered":"<p><a href=\"https:\/\/www.prijedordanas.com\/wp-content\/uploads\/2016\/03\/rtvpd-centar-za-socijalni-rad-unapredjenje.jpg\" rel=\"attachment wp-att-43927\"><img loading=\"lazy\" decoding=\"async\" src=\"https:\/\/www.prijedordanas.com\/wp-content\/uploads\/2016\/03\/rtvpd-centar-za-socijalni-rad-unapredjenje-300x169.jpg\" alt=\"rtvpd-centar za socijalni rad-unapredjenje\" width=\"300\" height=\"169\" class=\"alignleft size-medium wp-image-43927\" srcset=\"https:\/\/www.prijedordanas.com\/wp-content\/uploads\/2016\/03\/rtvpd-centar-za-socijalni-rad-unapredjenje-300x169.jpg 300w, https:\/\/www.prijedordanas.com\/wp-content\/uploads\/2016\/03\/rtvpd-centar-za-socijalni-rad-unapredjenje.jpg 639w\" sizes=\"(max-width: 300px) 100vw, 300px\" \/><\/a>Direktori centara za socijalni rad i rukovodioci socijalnih slu\u017ebi banjalu\u010dke regije, na sastanku u Prijedoru, danas su razgovarali o mogu\u0107nostima kori\u0161tenja nepokretne imovine korisnika socijalne za\u0161tite, kao posebnog resursa, odnosno o problemima u postupcima zabilje\u017ebe nekretnina korisnika. <\/p>\n<p>Zabilje\u017ebe se smatraju resursom socijalne za\u0161tite, kojem se pristupa na razli\u010dite na\u010dine. <\/p>\n<p>-Ovo je prilika da se sagleda taj segment, te nadle\u017enim republi\u010dkim organima upute inicijative i prijedlozi kako da se to pitanje reguli\u0161e, rekla je direktor Centra za socijalni rad Prijedor, Milena Miodragovi\u0107. <\/p>\n<p>Regionalni sastanci poput dana\u0161njeg u Prijedoru, dio su prakse koja je dogovorena krajem pro\u0161le godine u Banjaluci, s ciljem unapre\u0111enja rada centara za socijalni rad i rasprave o temama od zajedni\u010dkog interesa. <\/p>\n<p>RTV Prijedor<\/p>\n","protected":false},"excerpt":{"rendered":"<p>Direktori centara za socijalni rad i rukovodioci socijalnih slu\u017ebi banjalu\u010dke regije, na sastanku u Prijedoru, danas su razgovarali o mogu\u0107nostima kori\u0161tenja nepokretne imovine korisnika socijalne za\u0161tite, kao posebnog resursa, odnosno [&hellip;]<\/p>\n","protected":false},"author":1,"featured_media":0,"comment_status":"closed","ping_status":"open","sticky":false,"template":"","format":"standard","meta":{"_monsterinsights_skip_tracking":false,"_monsterinsights_sitenote_active":false,"_monsterinsights_sitenote_note":"","_monsterinsights_sitenote_category":0,"footnotes":""},"categories":[8],"tags":[3785,2790,7077],"yoast_head":"<!-- This site is optimized with the Yoast SEO plugin v21.6 - https:\/\/yoast.com\/wordpress\/plugins\/seo\/ -->\n<title>UNAPRE\u0110ENJE RADA CENTARA ZA SOCIJALNI RAD - PrijedorDanas.com - Prijedorski gradski portal<\/title>\n<meta name=\"robots\" content=\"index, follow, max-snippet:-1, max-image-preview:large, max-video-preview:-1\" \/>\n<link rel=\"canonical\" href=\"https:\/\/www.prijedordanas.com\/?p=43925\" \/>\n<meta property=\"og:locale\" content=\"en_US\" \/>\n<meta property=\"og:type\" content=\"article\" \/>\n<meta property=\"og:title\" content=\"UNAPRE\u0110ENJE RADA CENTARA ZA SOCIJALNI RAD - PrijedorDanas.com - Prijedorski gradski portal\" \/>\n<meta property=\"og:description\" content=\"Direktori centara za socijalni rad i rukovodioci socijalnih slu\u017ebi banjalu\u010dke regije, na sastanku u Prijedoru, danas su razgovarali o mogu\u0107nostima kori\u0161tenja nepokretne imovine korisnika socijalne za\u0161tite, kao posebnog resursa, odnosno [&hellip;]\" \/>\n<meta property=\"og:url\" content=\"https:\/\/www.prijedordanas.com\/?p=43925\" \/>\n<meta property=\"og:site_name\" content=\"PrijedorDanas.com - Prijedorski gradski portal\" \/>\n<meta property=\"article:publisher\" content=\"https:\/\/www.facebook.com\/PrijedorDanasCom\/\" \/>\n<meta property=\"article:published_time\" content=\"2016-03-10T15:35:26+00:00\" \/>\n<meta property=\"og:image\" content=\"https:\/\/www.prijedordanas.com\/wp-content\/uploads\/2016\/03\/rtvpd-centar-za-socijalni-rad-unapredjenje-300x169.jpg\" \/>\n<meta name=\"author\" content=\"admin\" \/>\n<meta name=\"twitter:card\" content=\"summary_large_image\" \/>\n<meta name=\"twitter:label1\" content=\"Written by\" \/>\n\t<meta name=\"twitter:data1\" content=\"admin\" \/>\n\t<meta name=\"twitter:label2\" content=\"Est. reading time\" \/>\n\t<meta name=\"twitter:data2\" content=\"1 minute\" \/>\n<script type=\"application\/ld+json\" class=\"yoast-schema-graph\">{\"@context\":\"https:\/\/schema.org\",\"@graph\":[{\"@type\":\"Article\",\"@id\":\"https:\/\/www.prijedordanas.com\/?p=43925#article\",\"isPartOf\":{\"@id\":\"https:\/\/www.prijedordanas.com\/?p=43925\"},\"author\":{\"name\":\"admin\",\"@id\":\"https:\/\/www.prijedordanas.com\/#\/schema\/person\/4e08ccf29b506ca916ff86d46bb700e6\"},\"headline\":\"UNAPRE\u0110ENJE RADA CENTARA ZA SOCIJALNI RAD\",\"datePublished\":\"2016-03-10T15:35:26+00:00\",\"dateModified\":\"2016-03-10T15:35:26+00:00\",\"mainEntityOfPage\":{\"@id\":\"https:\/\/www.prijedordanas.com\/?p=43925\"},\"wordCount\":139,\"publisher\":{\"@id\":\"https:\/\/www.prijedordanas.com\/#organization\"},\"keywords\":[\"Centar za socijalni rad\",\"sastanak\",\"unapre\u0111enje rada\"],\"articleSection\":[\"Svakodnevno\"],\"inLanguage\":\"en-US\"},{\"@type\":\"WebPage\",\"@id\":\"https:\/\/www.prijedordanas.com\/?p=43925\",\"url\":\"https:\/\/www.prijedordanas.com\/?p=43925\",\"name\":\"UNAPRE\u0110ENJE RADA CENTARA ZA SOCIJALNI RAD - PrijedorDanas.com - Prijedorski gradski portal\",\"isPartOf\":{\"@id\":\"https:\/\/www.prijedordanas.com\/#website\"},\"datePublished\":\"2016-03-10T15:35:26+00:00\",\"dateModified\":\"2016-03-10T15:35:26+00:00\",\"breadcrumb\":{\"@id\":\"https:\/\/www.prijedordanas.com\/?p=43925#breadcrumb\"},\"inLanguage\":\"en-US\",\"potentialAction\":[{\"@type\":\"ReadAction\",\"target\":[\"https:\/\/www.prijedordanas.com\/?p=43925\"]}]},{\"@type\":\"BreadcrumbList\",\"@id\":\"https:\/\/www.prijedordanas.com\/?p=43925#breadcrumb\",\"itemListElement\":[{\"@type\":\"ListItem\",\"position\":1,\"name\":\"Home\",\"item\":\"https:\/\/www.prijedordanas.com\/\"},{\"@type\":\"ListItem\",\"position\":2,\"name\":\"UNAPRE\u0110ENJE RADA CENTARA ZA SOCIJALNI RAD\"}]},{\"@type\":\"WebSite\",\"@id\":\"https:\/\/www.prijedordanas.com\/#website\",\"url\":\"https:\/\/www.prijedordanas.com\/\",\"name\":\"PrijedorDanas.com - Prijedorski gradski portal\",\"description\":\"Portal o doga\u0111anjima u gradu Prijedoru\",\"publisher\":{\"@id\":\"https:\/\/www.prijedordanas.com\/#organization\"},\"potentialAction\":[{\"@type\":\"SearchAction\",\"target\":{\"@type\":\"EntryPoint\",\"urlTemplate\":\"https:\/\/www.prijedordanas.com\/?s={search_term_string}\"},\"query-input\":\"required name=search_term_string\"}],\"inLanguage\":\"en-US\"},{\"@type\":\"Organization\",\"@id\":\"https:\/\/www.prijedordanas.com\/#organization\",\"name\":\"PrijedorDanas.com\",\"url\":\"https:\/\/www.prijedordanas.com\/\",\"logo\":{\"@type\":\"ImageObject\",\"inLanguage\":\"en-US\",\"@id\":\"https:\/\/www.prijedordanas.com\/#\/schema\/logo\/image\/\",\"url\":\"http:\/\/www.prijedordanas.com\/wp-content\/uploads\/2021\/12\/logopng.png\",\"contentUrl\":\"http:\/\/www.prijedordanas.com\/wp-content\/uploads\/2021\/12\/logopng.png\",\"width\":1019,\"height\":776,\"caption\":\"PrijedorDanas.com\"},\"image\":{\"@id\":\"https:\/\/www.prijedordanas.com\/#\/schema\/logo\/image\/\"},\"sameAs\":[\"https:\/\/www.facebook.com\/PrijedorDanasCom\/\"]},{\"@type\":\"Person\",\"@id\":\"https:\/\/www.prijedordanas.com\/#\/schema\/person\/4e08ccf29b506ca916ff86d46bb700e6\",\"name\":\"admin\",\"image\":{\"@type\":\"ImageObject\",\"inLanguage\":\"en-US\",\"@id\":\"https:\/\/www.prijedordanas.com\/#\/schema\/person\/image\/\",\"url\":\"https:\/\/secure.gravatar.com\/avatar\/1d3fc949d550f0b53a5f0d51e06dfd79?s=96&d=mm&r=g\",\"contentUrl\":\"https:\/\/secure.gravatar.com\/avatar\/1d3fc949d550f0b53a5f0d51e06dfd79?s=96&d=mm&r=g\",\"caption\":\"admin\"},\"url\":\"https:\/\/www.prijedordanas.com\/?author=1\"}]}<\/script>\n<!-- \/ Yoast SEO plugin. -->","yoast_head_json":{"title":"UNAPRE\u0110ENJE RADA CENTARA ZA SOCIJALNI RAD - PrijedorDanas.com - Prijedorski gradski portal","robots":{"index":"index","follow":"follow","max-snippet":"max-snippet:-1","max-image-preview":"max-image-preview:large","max-video-preview":"max-video-preview:-1"},"canonical":"https:\/\/www.prijedordanas.com\/?p=43925","og_locale":"en_US","og_type":"article","og_title":"UNAPRE\u0110ENJE RADA CENTARA ZA SOCIJALNI RAD - PrijedorDanas.com - Prijedorski gradski portal","og_description":"Direktori centara za socijalni rad i rukovodioci socijalnih slu\u017ebi banjalu\u010dke regije, na sastanku u Prijedoru, danas su razgovarali o mogu\u0107nostima kori\u0161tenja nepokretne imovine korisnika socijalne za\u0161tite, kao posebnog resursa, odnosno [&hellip;]","og_url":"https:\/\/www.prijedordanas.com\/?p=43925","og_site_name":"PrijedorDanas.com - Prijedorski gradski portal","article_publisher":"https:\/\/www.facebook.com\/PrijedorDanasCom\/","article_published_time":"2016-03-10T15:35:26+00:00","og_image":[{"url":"https:\/\/www.prijedordanas.com\/wp-content\/uploads\/2016\/03\/rtvpd-centar-za-socijalni-rad-unapredjenje-300x169.jpg"}],"author":"admin","twitter_card":"summary_large_image","twitter_misc":{"Written by":"admin","Est. reading time":"1 minute"},"schema":{"@context":"https:\/\/schema.org","@graph":[{"@type":"Article","@id":"https:\/\/www.prijedordanas.com\/?p=43925#article","isPartOf":{"@id":"https:\/\/www.prijedordanas.com\/?p=43925"},"author":{"name":"admin","@id":"https:\/\/www.prijedordanas.com\/#\/schema\/person\/4e08ccf29b506ca916ff86d46bb700e6"},"headline":"UNAPRE\u0110ENJE RADA CENTARA ZA SOCIJALNI RAD","datePublished":"2016-03-10T15:35:26+00:00","dateModified":"2016-03-10T15:35:26+00:00","mainEntityOfPage":{"@id":"https:\/\/www.prijedordanas.com\/?p=43925"},"wordCount":139,"publisher":{"@id":"https:\/\/www.prijedordanas.com\/#organization"},"keywords":["Centar za socijalni rad","sastanak","unapre\u0111enje rada"],"articleSection":["Svakodnevno"],"inLanguage":"en-US"},{"@type":"WebPage","@id":"https:\/\/www.prijedordanas.com\/?p=43925","url":"https:\/\/www.prijedordanas.com\/?p=43925","name":"UNAPRE\u0110ENJE RADA CENTARA ZA SOCIJALNI RAD - PrijedorDanas.com - Prijedorski gradski portal","isPartOf":{"@id":"https:\/\/www.prijedordanas.com\/#website"},"datePublished":"2016-03-10T15:35:26+00:00","dateModified":"2016-03-10T15:35:26+00:00","breadcrumb":{"@id":"https:\/\/www.prijedordanas.com\/?p=43925#breadcrumb"},"inLanguage":"en-US","potentialAction":[{"@type":"ReadAction","target":["https:\/\/www.prijedordanas.com\/?p=43925"]}]},{"@type":"BreadcrumbList","@id":"https:\/\/www.prijedordanas.com\/?p=43925#breadcrumb","itemListElement":[{"@type":"ListItem","position":1,"name":"Home","item":"https:\/\/www.prijedordanas.com\/"},{"@type":"ListItem","position":2,"name":"UNAPRE\u0110ENJE RADA CENTARA ZA SOCIJALNI RAD"}]},{"@type":"WebSite","@id":"https:\/\/www.prijedordanas.com\/#website","url":"https:\/\/www.prijedordanas.com\/","name":"PrijedorDanas.com - Prijedorski gradski portal","description":"Portal o doga\u0111anjima u gradu Prijedoru","publisher":{"@id":"https:\/\/www.prijedordanas.com\/#organization"},"potentialAction":[{"@type":"SearchAction","target":{"@type":"EntryPoint","urlTemplate":"https:\/\/www.prijedordanas.com\/?s={search_term_string}"},"query-input":"required name=search_term_string"}],"inLanguage":"en-US"},{"@type":"Organization","@id":"https:\/\/www.prijedordanas.com\/#organization","name":"PrijedorDanas.com","url":"https:\/\/www.prijedordanas.com\/","logo":{"@type":"ImageObject","inLanguage":"en-US","@id":"https:\/\/www.prijedordanas.com\/#\/schema\/logo\/image\/","url":"http:\/\/www.prijedordanas.com\/wp-content\/uploads\/2021\/12\/logopng.png","contentUrl":"http:\/\/www.prijedordanas.com\/wp-content\/uploads\/2021\/12\/logopng.png","width":1019,"height":776,"caption":"PrijedorDanas.com"},"image":{"@id":"https:\/\/www.prijedordanas.com\/#\/schema\/logo\/image\/"},"sameAs":["https:\/\/www.facebook.com\/PrijedorDanasCom\/"]},{"@type":"Person","@id":"https:\/\/www.prijedordanas.com\/#\/schema\/person\/4e08ccf29b506ca916ff86d46bb700e6","name":"admin","image":{"@type":"ImageObject","inLanguage":"en-US","@id":"https:\/\/www.prijedordanas.com\/#\/schema\/person\/image\/","url":"https:\/\/secure.gravatar.com\/avatar\/1d3fc949d550f0b53a5f0d51e06dfd79?s=96&d=mm&r=g","contentUrl":"https:\/\/secure.gravatar.com\/avatar\/1d3fc949d550f0b53a5f0d51e06dfd79?s=96&d=mm&r=g","caption":"admin"},"url":"https:\/\/www.prijedordanas.com\/?author=1"}]}},"_links":{"self":[{"href":"https:\/\/www.prijedordanas.com\/index.php?rest_route=\/wp\/v2\/posts\/43925"}],"collection":[{"href":"https:\/\/www.prijedordanas.com\/index.php?rest_route=\/wp\/v2\/posts"}],"about":[{"href":"https:\/\/www.prijedordanas.com\/index.php?rest_route=\/wp\/v2\/types\/post"}],"author":[{"embeddable":true,"href":"https:\/\/www.prijedordanas.com\/index.php?rest_route=\/wp\/v2\/users\/1"}],"replies":[{"embeddable":true,"href":"https:\/\/www.prijedordanas.com\/index.php?rest_route=%2Fwp%2Fv2%2Fcomments&post=43925"}],"version-history":[{"count":1,"href":"https:\/\/www.prijedordanas.com\/index.php?rest_route=\/wp\/v2\/posts\/43925\/revisions"}],"predecessor-version":[{"id":43928,"href":"https:\/\/www.prijedordanas.com\/index.php?rest_route=\/wp\/v2\/posts\/43925\/revisions\/43928"}],"wp:attachment":[{"href":"https:\/\/www.prijedordanas.com\/index.php?rest_route=%2Fwp%2Fv2%2Fmedia&parent=43925"}],"wp:term":[{"taxonomy":"category","embeddable":true,"href":"https:\/\/www.prijedordanas.com\/index.php?rest_route=%2Fwp%2Fv2%2Fcategories&post=43925"},{"taxonomy":"post_tag","embeddable":true,"href":"https:\/\/www.prijedordanas.com\/index.php?rest_route=%2Fwp%2Fv2%2Ftags&post=43925"}],"curies":[{"name":"wp","href":"https:\/\/api.w.org\/{rel}","templated":true}]}}