{"id":43885,"date":"2016-03-10T15:30:54","date_gmt":"2016-03-10T14:30:54","guid":{"rendered":"https:\/\/www.prijedordanas.com\/?p=43885"},"modified":"2016-03-10T15:30:54","modified_gmt":"2016-03-10T14:30:54","slug":"sudenje-marinovicu-dobar-odnos-prema-hrvatskom-stanovnistvu","status":"publish","type":"post","link":"https:\/\/www.prijedordanas.com\/?p=43885","title":{"rendered":"SU\u0110ENJE MARINOVI\u0106U: DOBAR ODNOS PREMA HRVATSKOM STANOVNI\u0160TVU"},"content":{"rendered":"<p><a href=\"https:\/\/www.prijedordanas.com\/wp-content\/uploads\/2016\/02\/okruzni-sud-banja-luka-2-1.jpg\" rel=\"attachment wp-att-42558\"><img loading=\"lazy\" decoding=\"async\" src=\"https:\/\/www.prijedordanas.com\/wp-content\/uploads\/2016\/02\/okruzni-sud-banja-luka-2-1-300x134.jpg\" alt=\"okruzni sud banja luka (2)\" width=\"300\" height=\"134\" class=\"alignleft size-medium wp-image-42558\" srcset=\"https:\/\/www.prijedordanas.com\/wp-content\/uploads\/2016\/02\/okruzni-sud-banja-luka-2-1-300x134.jpg 300w, https:\/\/www.prijedordanas.com\/wp-content\/uploads\/2016\/02\/okruzni-sud-banja-luka-2-1.jpg 670w\" sizes=\"(max-width: 300px) 100vw, 300px\" \/><\/a>Svjedoci Optu\u017ebe i Odbrane izjavili su da su \u010duli da je optu\u017eeni Ratko Marinovi\u0107 ranio, odnosno da nije ranio Milomira Antunovi\u0107a na podru\u010dju O\u0161tre Luke.<\/p>\n<p>Na su\u0111enju Marinovi\u0107u pred Okru\u017enim tu\u017eila\u0161tvom u Banjaluci saslu\u0161ano je 13 svjedoka. Milorad Avramovi\u0107 prisjetio se kada je \u010duo da je Marinovi\u0107 ranio Antunovi\u0107a.<\/p>\n<p>\u201cVra\u0107ao sam se iz rudnika Ljubija i \u010duo sam pucnjavu. Poslije toga ljudi su krenuli bje\u017eati u brda i \u010duo sam od njih da je Marinovi\u0107 ranio Antunovi\u0107a\u201d, kazao je svjedok Tu\u017eila\u0161tva.<\/p>\n<p>Tu\u017eilac Igor Cime\u0161a pro\u010ditao je iskaz iz istrage svjedoka Stipe Bla\u017eevi\u0107a, koji nije mogao do\u0107i u sud zbog zdravstvenih problema.<\/p>\n<p>\u201cStajao sam ispred ku\u0107e u Ovanjskoj i vidio sam kako jedan ispred drugog idu Marinovi\u0107, Antunovi\u0107 i Radovan Ivan\u010devi\u0107. Kada su oti\u0161li iza jednog brda, vi\u0161e ih nisam vidio, a kasnije se za\u010dula rafalna i pojedina\u010dna pucnjava\u201d, prisjetio se Bla\u017eevi\u0107.<\/p>\n<p>On je dodao da je tog dana zapaljeno i nekoliko ku\u0107a ljudi koji su oti\u0161li iz tog mjesta.<\/p>\n<p>\u201cPoslije rata sam vidio Antunovi\u0107a i on mi je rekao da ga je ranio Marinovi\u0107\u201d, naveo je Bla\u017eevi\u0107.<\/p>\n<p>Svjedok Odbrane Nikola Marin ispri\u010dao je da optu\u017eenog i o\u0161te\u0107enog poznaje dugo godina i da nije \u010duo ni o kakvom doga\u0111aju u kojem su u\u010destvovala njih dvojica.<\/p>\n<p>\u201cMarinovi\u0107 je prema svima bio veoma korektan, posebno prema hrvatskom stanovni\u0161tvu. U njegovoj i mojoj ku\u0107i bile su tri do \u010detiri hrvatske porodice tokom rata\u201d, izjavio je Marin.<\/p>\n<p>Marinovi\u0107 je optu\u017een da je, kao pripadnik Vojske Republike Srpske (VRS), u junu 1992. ispalio vi\u0161e metaka u pravcu o\u0161te\u0107enog Antunovi\u0107a u njegovoj porodi\u010dnoj ku\u0107i u mjestu Ovanjska. Antunovi\u0107 je pogo\u0111en u grudni ko\u0161 i nadlakticu.<\/p>\n<p>Rade Milojica je kazao da kada je kolege na rati\u0161tu pitao u vezi s ranjavanjem Antunovi\u0107a, rekli su mu \u201cda ptice na grani znaju ko ga je ranio, a da to nije Marinovi\u0107\u201d.<\/p>\n<p>\u201cMarinovi\u0107 je veoma dobar \u010dovjek. Za vrijeme rata je automobilom oti\u0161ao u Prijedor po \u017eenu koja se bila porodila i dovezao nju i bebu u Ovanjsku kod supruga, a rije\u010d je o hrvatskoj porodici\u201d, istakao je Milojica.<\/p>\n<p>Ostali svjedoci Odbrane uglavnom su pri\u010dali da im je Marinovi\u0107 bio komandir u vojsci i da se veoma dobro odnosio prema nesrpskom stanovni\u0161tvu. Niko nije \u010duo da je on ranio Antunovi\u0107a.<\/p>\n<p>Nastavak su\u0111enja zakazan je za 18. mart.<\/p>\n<p>BIRN<\/p>\n","protected":false},"excerpt":{"rendered":"<p>Svjedoci Optu\u017ebe i Odbrane izjavili su da su \u010duli da je optu\u017eeni Ratko Marinovi\u0107 ranio, odnosno da nije ranio Milomira Antunovi\u0107a na podru\u010dju O\u0161tre Luke. Na su\u0111enju Marinovi\u0107u pred Okru\u017enim [&hellip;]<\/p>\n","protected":false},"author":1,"featured_media":0,"comment_status":"closed","ping_status":"open","sticky":false,"template":"","format":"standard","meta":{"_monsterinsights_skip_tracking":false,"_monsterinsights_sitenote_active":false,"_monsterinsights_sitenote_note":"","_monsterinsights_sitenote_category":0,"footnotes":""},"categories":[5],"tags":[1005,7068,249],"yoast_head":"<!-- This site is optimized with the Yoast SEO plugin v21.6 - https:\/\/yoast.com\/wordpress\/plugins\/seo\/ -->\n<title>SU\u0110ENJE MARINOVI\u0106U: DOBAR ODNOS PREMA HRVATSKOM STANOVNI\u0160TVU - PrijedorDanas.com - Prijedorski gradski portal<\/title>\n<meta name=\"robots\" content=\"index, follow, max-snippet:-1, max-image-preview:large, max-video-preview:-1\" \/>\n<link rel=\"canonical\" href=\"https:\/\/www.prijedordanas.com\/?p=43885\" \/>\n<meta property=\"og:locale\" content=\"en_US\" \/>\n<meta property=\"og:type\" content=\"article\" \/>\n<meta property=\"og:title\" content=\"SU\u0110ENJE MARINOVI\u0106U: DOBAR ODNOS PREMA HRVATSKOM STANOVNI\u0160TVU - PrijedorDanas.com - Prijedorski gradski portal\" \/>\n<meta property=\"og:description\" content=\"Svjedoci Optu\u017ebe i Odbrane izjavili su da su \u010duli da je optu\u017eeni Ratko Marinovi\u0107 ranio, odnosno da nije ranio Milomira Antunovi\u0107a na podru\u010dju O\u0161tre Luke. Na su\u0111enju Marinovi\u0107u pred Okru\u017enim [&hellip;]\" \/>\n<meta property=\"og:url\" content=\"https:\/\/www.prijedordanas.com\/?p=43885\" \/>\n<meta property=\"og:site_name\" content=\"PrijedorDanas.com - Prijedorski gradski portal\" \/>\n<meta property=\"article:publisher\" content=\"https:\/\/www.facebook.com\/PrijedorDanasCom\/\" \/>\n<meta property=\"article:published_time\" content=\"2016-03-10T14:30:54+00:00\" \/>\n<meta property=\"og:image\" content=\"https:\/\/www.prijedordanas.com\/wp-content\/uploads\/2016\/02\/okruzni-sud-banja-luka-2-1-300x134.jpg\" \/>\n<meta name=\"author\" content=\"admin\" \/>\n<meta name=\"twitter:card\" content=\"summary_large_image\" \/>\n<meta name=\"twitter:label1\" content=\"Written by\" \/>\n\t<meta name=\"twitter:data1\" content=\"admin\" \/>\n\t<meta name=\"twitter:label2\" content=\"Est. reading time\" \/>\n\t<meta name=\"twitter:data2\" content=\"2 minutes\" \/>\n<script type=\"application\/ld+json\" class=\"yoast-schema-graph\">{\"@context\":\"https:\/\/schema.org\",\"@graph\":[{\"@type\":\"Article\",\"@id\":\"https:\/\/www.prijedordanas.com\/?p=43885#article\",\"isPartOf\":{\"@id\":\"https:\/\/www.prijedordanas.com\/?p=43885\"},\"author\":{\"name\":\"admin\",\"@id\":\"https:\/\/www.prijedordanas.com\/#\/schema\/person\/4e08ccf29b506ca916ff86d46bb700e6\"},\"headline\":\"SU\u0110ENJE MARINOVI\u0106U: DOBAR ODNOS PREMA HRVATSKOM STANOVNI\u0160TVU\",\"datePublished\":\"2016-03-10T14:30:54+00:00\",\"dateModified\":\"2016-03-10T14:30:54+00:00\",\"mainEntityOfPage\":{\"@id\":\"https:\/\/www.prijedordanas.com\/?p=43885\"},\"wordCount\":441,\"publisher\":{\"@id\":\"https:\/\/www.prijedordanas.com\/#organization\"},\"keywords\":[\"Okru\u017eno tu\u017eila\u0161tvo Banja Luka\",\"Ratko Marinovi'\",\"su\u0111enje\"],\"articleSection\":[\"Hronika\"],\"inLanguage\":\"en-US\"},{\"@type\":\"WebPage\",\"@id\":\"https:\/\/www.prijedordanas.com\/?p=43885\",\"url\":\"https:\/\/www.prijedordanas.com\/?p=43885\",\"name\":\"SU\u0110ENJE MARINOVI\u0106U: DOBAR ODNOS PREMA HRVATSKOM STANOVNI\u0160TVU - PrijedorDanas.com - Prijedorski gradski portal\",\"isPartOf\":{\"@id\":\"https:\/\/www.prijedordanas.com\/#website\"},\"datePublished\":\"2016-03-10T14:30:54+00:00\",\"dateModified\":\"2016-03-10T14:30:54+00:00\",\"breadcrumb\":{\"@id\":\"https:\/\/www.prijedordanas.com\/?p=43885#breadcrumb\"},\"inLanguage\":\"en-US\",\"potentialAction\":[{\"@type\":\"ReadAction\",\"target\":[\"https:\/\/www.prijedordanas.com\/?p=43885\"]}]},{\"@type\":\"BreadcrumbList\",\"@id\":\"https:\/\/www.prijedordanas.com\/?p=43885#breadcrumb\",\"itemListElement\":[{\"@type\":\"ListItem\",\"position\":1,\"name\":\"Home\",\"item\":\"https:\/\/www.prijedordanas.com\/\"},{\"@type\":\"ListItem\",\"position\":2,\"name\":\"SU\u0110ENJE MARINOVI\u0106U: DOBAR ODNOS PREMA HRVATSKOM STANOVNI\u0160TVU\"}]},{\"@type\":\"WebSite\",\"@id\":\"https:\/\/www.prijedordanas.com\/#website\",\"url\":\"https:\/\/www.prijedordanas.com\/\",\"name\":\"PrijedorDanas.com - Prijedorski gradski portal\",\"description\":\"Portal o doga\u0111anjima u gradu Prijedoru\",\"publisher\":{\"@id\":\"https:\/\/www.prijedordanas.com\/#organization\"},\"potentialAction\":[{\"@type\":\"SearchAction\",\"target\":{\"@type\":\"EntryPoint\",\"urlTemplate\":\"https:\/\/www.prijedordanas.com\/?s={search_term_string}\"},\"query-input\":\"required name=search_term_string\"}],\"inLanguage\":\"en-US\"},{\"@type\":\"Organization\",\"@id\":\"https:\/\/www.prijedordanas.com\/#organization\",\"name\":\"PrijedorDanas.com\",\"url\":\"https:\/\/www.prijedordanas.com\/\",\"logo\":{\"@type\":\"ImageObject\",\"inLanguage\":\"en-US\",\"@id\":\"https:\/\/www.prijedordanas.com\/#\/schema\/logo\/image\/\",\"url\":\"http:\/\/www.prijedordanas.com\/wp-content\/uploads\/2021\/12\/logopng.png\",\"contentUrl\":\"http:\/\/www.prijedordanas.com\/wp-content\/uploads\/2021\/12\/logopng.png\",\"width\":1019,\"height\":776,\"caption\":\"PrijedorDanas.com\"},\"image\":{\"@id\":\"https:\/\/www.prijedordanas.com\/#\/schema\/logo\/image\/\"},\"sameAs\":[\"https:\/\/www.facebook.com\/PrijedorDanasCom\/\"]},{\"@type\":\"Person\",\"@id\":\"https:\/\/www.prijedordanas.com\/#\/schema\/person\/4e08ccf29b506ca916ff86d46bb700e6\",\"name\":\"admin\",\"image\":{\"@type\":\"ImageObject\",\"inLanguage\":\"en-US\",\"@id\":\"https:\/\/www.prijedordanas.com\/#\/schema\/person\/image\/\",\"url\":\"https:\/\/secure.gravatar.com\/avatar\/1d3fc949d550f0b53a5f0d51e06dfd79?s=96&d=mm&r=g\",\"contentUrl\":\"https:\/\/secure.gravatar.com\/avatar\/1d3fc949d550f0b53a5f0d51e06dfd79?s=96&d=mm&r=g\",\"caption\":\"admin\"},\"url\":\"https:\/\/www.prijedordanas.com\/?author=1\"}]}<\/script>\n<!-- \/ Yoast SEO plugin. -->","yoast_head_json":{"title":"SU\u0110ENJE MARINOVI\u0106U: DOBAR ODNOS PREMA HRVATSKOM STANOVNI\u0160TVU - PrijedorDanas.com - Prijedorski gradski portal","robots":{"index":"index","follow":"follow","max-snippet":"max-snippet:-1","max-image-preview":"max-image-preview:large","max-video-preview":"max-video-preview:-1"},"canonical":"https:\/\/www.prijedordanas.com\/?p=43885","og_locale":"en_US","og_type":"article","og_title":"SU\u0110ENJE MARINOVI\u0106U: DOBAR ODNOS PREMA HRVATSKOM STANOVNI\u0160TVU - PrijedorDanas.com - Prijedorski gradski portal","og_description":"Svjedoci Optu\u017ebe i Odbrane izjavili su da su \u010duli da je optu\u017eeni Ratko Marinovi\u0107 ranio, odnosno da nije ranio Milomira Antunovi\u0107a na podru\u010dju O\u0161tre Luke. Na su\u0111enju Marinovi\u0107u pred Okru\u017enim [&hellip;]","og_url":"https:\/\/www.prijedordanas.com\/?p=43885","og_site_name":"PrijedorDanas.com - Prijedorski gradski portal","article_publisher":"https:\/\/www.facebook.com\/PrijedorDanasCom\/","article_published_time":"2016-03-10T14:30:54+00:00","og_image":[{"url":"https:\/\/www.prijedordanas.com\/wp-content\/uploads\/2016\/02\/okruzni-sud-banja-luka-2-1-300x134.jpg"}],"author":"admin","twitter_card":"summary_large_image","twitter_misc":{"Written by":"admin","Est. reading time":"2 minutes"},"schema":{"@context":"https:\/\/schema.org","@graph":[{"@type":"Article","@id":"https:\/\/www.prijedordanas.com\/?p=43885#article","isPartOf":{"@id":"https:\/\/www.prijedordanas.com\/?p=43885"},"author":{"name":"admin","@id":"https:\/\/www.prijedordanas.com\/#\/schema\/person\/4e08ccf29b506ca916ff86d46bb700e6"},"headline":"SU\u0110ENJE MARINOVI\u0106U: DOBAR ODNOS PREMA HRVATSKOM STANOVNI\u0160TVU","datePublished":"2016-03-10T14:30:54+00:00","dateModified":"2016-03-10T14:30:54+00:00","mainEntityOfPage":{"@id":"https:\/\/www.prijedordanas.com\/?p=43885"},"wordCount":441,"publisher":{"@id":"https:\/\/www.prijedordanas.com\/#organization"},"keywords":["Okru\u017eno tu\u017eila\u0161tvo Banja Luka","Ratko Marinovi'","su\u0111enje"],"articleSection":["Hronika"],"inLanguage":"en-US"},{"@type":"WebPage","@id":"https:\/\/www.prijedordanas.com\/?p=43885","url":"https:\/\/www.prijedordanas.com\/?p=43885","name":"SU\u0110ENJE MARINOVI\u0106U: DOBAR ODNOS PREMA HRVATSKOM STANOVNI\u0160TVU - PrijedorDanas.com - Prijedorski gradski portal","isPartOf":{"@id":"https:\/\/www.prijedordanas.com\/#website"},"datePublished":"2016-03-10T14:30:54+00:00","dateModified":"2016-03-10T14:30:54+00:00","breadcrumb":{"@id":"https:\/\/www.prijedordanas.com\/?p=43885#breadcrumb"},"inLanguage":"en-US","potentialAction":[{"@type":"ReadAction","target":["https:\/\/www.prijedordanas.com\/?p=43885"]}]},{"@type":"BreadcrumbList","@id":"https:\/\/www.prijedordanas.com\/?p=43885#breadcrumb","itemListElement":[{"@type":"ListItem","position":1,"name":"Home","item":"https:\/\/www.prijedordanas.com\/"},{"@type":"ListItem","position":2,"name":"SU\u0110ENJE MARINOVI\u0106U: DOBAR ODNOS PREMA HRVATSKOM STANOVNI\u0160TVU"}]},{"@type":"WebSite","@id":"https:\/\/www.prijedordanas.com\/#website","url":"https:\/\/www.prijedordanas.com\/","name":"PrijedorDanas.com - Prijedorski gradski portal","description":"Portal o doga\u0111anjima u gradu Prijedoru","publisher":{"@id":"https:\/\/www.prijedordanas.com\/#organization"},"potentialAction":[{"@type":"SearchAction","target":{"@type":"EntryPoint","urlTemplate":"https:\/\/www.prijedordanas.com\/?s={search_term_string}"},"query-input":"required name=search_term_string"}],"inLanguage":"en-US"},{"@type":"Organization","@id":"https:\/\/www.prijedordanas.com\/#organization","name":"PrijedorDanas.com","url":"https:\/\/www.prijedordanas.com\/","logo":{"@type":"ImageObject","inLanguage":"en-US","@id":"https:\/\/www.prijedordanas.com\/#\/schema\/logo\/image\/","url":"http:\/\/www.prijedordanas.com\/wp-content\/uploads\/2021\/12\/logopng.png","contentUrl":"http:\/\/www.prijedordanas.com\/wp-content\/uploads\/2021\/12\/logopng.png","width":1019,"height":776,"caption":"PrijedorDanas.com"},"image":{"@id":"https:\/\/www.prijedordanas.com\/#\/schema\/logo\/image\/"},"sameAs":["https:\/\/www.facebook.com\/PrijedorDanasCom\/"]},{"@type":"Person","@id":"https:\/\/www.prijedordanas.com\/#\/schema\/person\/4e08ccf29b506ca916ff86d46bb700e6","name":"admin","image":{"@type":"ImageObject","inLanguage":"en-US","@id":"https:\/\/www.prijedordanas.com\/#\/schema\/person\/image\/","url":"https:\/\/secure.gravatar.com\/avatar\/1d3fc949d550f0b53a5f0d51e06dfd79?s=96&d=mm&r=g","contentUrl":"https:\/\/secure.gravatar.com\/avatar\/1d3fc949d550f0b53a5f0d51e06dfd79?s=96&d=mm&r=g","caption":"admin"},"url":"https:\/\/www.prijedordanas.com\/?author=1"}]}},"_links":{"self":[{"href":"https:\/\/www.prijedordanas.com\/index.php?rest_route=\/wp\/v2\/posts\/43885"}],"collection":[{"href":"https:\/\/www.prijedordanas.com\/index.php?rest_route=\/wp\/v2\/posts"}],"about":[{"href":"https:\/\/www.prijedordanas.com\/index.php?rest_route=\/wp\/v2\/types\/post"}],"author":[{"embeddable":true,"href":"https:\/\/www.prijedordanas.com\/index.php?rest_route=\/wp\/v2\/users\/1"}],"replies":[{"embeddable":true,"href":"https:\/\/www.prijedordanas.com\/index.php?rest_route=%2Fwp%2Fv2%2Fcomments&post=43885"}],"version-history":[{"count":1,"href":"https:\/\/www.prijedordanas.com\/index.php?rest_route=\/wp\/v2\/posts\/43885\/revisions"}],"predecessor-version":[{"id":43886,"href":"https:\/\/www.prijedordanas.com\/index.php?rest_route=\/wp\/v2\/posts\/43885\/revisions\/43886"}],"wp:attachment":[{"href":"https:\/\/www.prijedordanas.com\/index.php?rest_route=%2Fwp%2Fv2%2Fmedia&parent=43885"}],"wp:term":[{"taxonomy":"category","embeddable":true,"href":"https:\/\/www.prijedordanas.com\/index.php?rest_route=%2Fwp%2Fv2%2Fcategories&post=43885"},{"taxonomy":"post_tag","embeddable":true,"href":"https:\/\/www.prijedordanas.com\/index.php?rest_route=%2Fwp%2Fv2%2Ftags&post=43885"}],"curies":[{"name":"wp","href":"https:\/\/api.w.org\/{rel}","templated":true}]}}