{"id":43771,"date":"2016-03-09T11:04:50","date_gmt":"2016-03-09T10:04:50","guid":{"rendered":"https:\/\/www.prijedordanas.com\/?p=43771"},"modified":"2016-03-09T11:10:06","modified_gmt":"2016-03-09T10:10:06","slug":"regionalna-platforma-za-ucesce-i-dijalog-mladih-balkana-poziv-za-mlade-dopisnike","status":"publish","type":"post","link":"https:\/\/www.prijedordanas.com\/?p=43771","title":{"rendered":"REGIONALNA PLATFORMA ZA U\u010cE\u0160\u0106E I DIJALOG MLADIH BALKANA: POZIV ZA MLADE DOPISNIKE"},"content":{"rendered":"<p><a href=\"https:\/\/www.prijedordanas.com\/wp-content\/uploads\/2016\/03\/ald-prijedor-poziv-za-dopisnike.jpg\" rel=\"attachment wp-att-43772\"><img loading=\"lazy\" decoding=\"async\" class=\"alignleft size-medium wp-image-43772\" src=\"https:\/\/www.prijedordanas.com\/wp-content\/uploads\/2016\/03\/ald-prijedor-poziv-za-dopisnike-300x212.jpg\" alt=\"ald prijedor-poziv za dopisnike\" width=\"300\" height=\"212\" srcset=\"https:\/\/www.prijedordanas.com\/wp-content\/uploads\/2016\/03\/ald-prijedor-poziv-za-dopisnike-300x212.jpg 300w, https:\/\/www.prijedordanas.com\/wp-content\/uploads\/2016\/03\/ald-prijedor-poziv-za-dopisnike.jpg 600w\" sizes=\"(max-width: 300px) 100vw, 300px\" \/><\/a>Da li u\u017eiva\u0161 u pisanju i kreiranju videa? Da li ima\u0161 \u017eelju da svojim vremenom, stru\u010dno\u0161\u0107u i posve\u0107eno\u0161\u0107u doprinese\u0161 ovom Europskom progamu, ali i lokalnoj zajednici? Ako da, onda je ovo prilika za tebe! Apliciraj sada i postani mladi dopisnik&#8230;<\/p>\n<p>POZIV ZA MLADE DOPISNIKE SA BALKANA<\/p>\n<p>U drugoj godini projekta &#8220;Regionalna platforma za u\u010de\u0161\u0107e i dijalog mladih Balkana&#8221;, ALDA i 8 kancelarija Agencija lokalnih demokratija sa Balkana zapo\u0161ljavaju 16 mladih volontera na mjesto mladih dopisnika.<\/p>\n<p>Tra\u017eimo mlade i dinami\u010dne ljude koji \u0107e blisko sara\u0111vati sa nama na temu u\u010de\u0161\u0107a mladih u lokalnoj i regionalnoj saradnji. Mladi dopisnik bi trebao biti iz jedne od 5 balkanskih zemalja i lokalnih zajednica uklju\u010denih u projekat: Makedonije (Kavadarci, Centar i Skopje), Srbije (Subotice i Knja\u017eevca), Bosne i Hercegovine (Mostara, Prijedora i Zavidovi\u0107a), Crne Gore (Nik\u0161i\u0107a) i Kosova* (Pe\u0107i).<\/p>\n<p>Budu\u0107i mladi dopisnici \u0107e imati priliku da:<br \/>\n&#8211; Stvaraju pisane i video materijale u vezi sa temama za mlade, kao i materijale za regionalni newsletter i internet kampanje za podizanje svijesti<br \/>\n&#8211; Se uklju\u010de u me\u0111unarodni tim mladih radnika i koordinacijskog osoblja iz 5 razli\u010ditih zemalja: Makedonije, Bosne i Hercegovine, Crne Gore, Srbije i Kosova *<br \/>\n&#8211; Pro\u0161iruju svoja znanja o omladinskom aktivzmu, kulturnoj razli\u010ditosti i uklju\u010divanju, socijalnom uticaju i komunikaciji<br \/>\n&#8211; Predlo\u017eu svoje vlastite ideje i inicijative za ja\u010danje politika usmjerenih prema mladima i dijaloga na lokalnom nivou<br \/>\n&#8211; Promovi\u0161u sebe kreirane sadr\u017eaje na regionalnoj web platformi: <a href=\"http:\/\/www.alda-balkan-youth.eu\" target=\"_blank\">www.alda-balkan-youth.eu<\/a><\/p>\n<p>Za anga\u017eovane volontere \u0107e biti organizovan trening na temu osnova komunikacije (prikupljanje, objavljivanje i prezentovanje informacija, izvje\u0161tavanje vijesti i izrada video reporta\u017ea) i primjena razli\u010ditih kulturolo\u0161kih metodologija rada. Mladi dopisnici su obavezni prisustvovati ovom treningu koji \u0107e se odr\u017eati u Ohridu u Makedoniji u martu 2016. godine. Nakon treninga, mladih dopisnici \u0107e dobiti mentorstvo i nadgledanje u trajanju od nekoliko mjeseci tokom koji h \u0107e oni raditi.<\/p>\n<p>Poziv je otvoren za sve mlade ljude izme\u0111u 18 i 30 godina, s dobrim poznavanjem engleskog jezika i koji su voljni u\u010destvovati u ovakvom vidu volonterstva.<\/p>\n<p>Trajanje anga\u017emana je 12 mjeseci.<\/p>\n<p>Da biste se prijavili, molimo Vas da po\u0161aljete motivaciono pismo i biografiju na engleskom jeziku lokalnom koordinatoru projekta u svojoj zemlji (navedene u nastavku) prije 10. marta 2016. godine. Poslije dobijanja prijava, najbolji kandidati \u0107e biti pozvani na intervju.<\/p>\n<p>Projekt &#8220;Regionalna platforma za u\u010de\u0161\u0107e i dijalog mladih Balkana&#8221; realizuje se uz finansijsku podr\u0161ku Evropske komisije u okviru programa IPA Civil Society Facility &#8211; Regional networks. Projekat je koordiniran od strane ALDA, alokalno ga provodi 7 agencija lokalne demokratije iz Mostara, Zavidovi\u0107a, Prijedora (Bosna i Hercegovina), Subotice i Knja\u017eevca (Srbija), Nik\u0161i\u0107a (Crna Gora), Pe\u0107i (Kosovo) i ALDA Skoplje (Makedonija).<\/p>\n<p>Za vi\u0161e informacija posjetite slu\u017ebene stranice &#8220;Regionalne platforme za u\u010de\u0161\u0107e i dijalog mladih Balkana&#8221;, i <a href=\"https:\/\/www.facebook.com\/Balkan-regional-platform-for-youth-participation-and-dialogue-1573373866285018\/\" target=\"_blank\">Facebook stranicu projekta<\/a> .<\/p>\n<p>Kako se prijaviti?<\/p>\n<p>Molimo po\u0161aljite svoju biografiju i motivaciono pismo na engleskom jeziku na sljede\u0107e adrese:<\/p>\n<p>Makedonija<br \/>\nKandidati iz op\u0161tine Kavadarci, Centar i Skopje &#8211; aldaskopje@aldaintranet.org<\/p>\n<p>Bosna i Hercegovina<br \/>\nKandidati iz op\u0161tine Mostar &#8211; ldamostar@aldaintranet.org<br \/>\nKandidati iz op\u0161tine Prijedor &#8211; ldaprijedor@aldaintranet.org<br \/>\nKandidati iz op\u0161tine Zavidovi\u0107i &#8211; LDAZavidovici@aldaintranet.org<\/p>\n<p>Crna Gora<br \/>\nKandidati iz op\u0161tine Nik\u0161i\u0107 &#8211; ldamontenegro@aldaintranet.org<\/p>\n<p>Srbija<br \/>\nKandidati iz op\u0161tine Subotica &#8211; ldasubotica@aldaintranet.org<br \/>\nKandidati iz op\u0161tine Knjazevac &#8211; ldacss@aldaintranet.org<\/p>\n<p>Kosovo *<br \/>\nKandidati iz op\u0161tine Pe\u0107i &#8211; LDAKosovo@aldaintranet.org<\/p>\n<p>ALD Prijedor<\/p>\n","protected":false},"excerpt":{"rendered":"<p>Da li u\u017eiva\u0161 u pisanju i kreiranju videa? Da li ima\u0161 \u017eelju da svojim vremenom, stru\u010dno\u0161\u0107u i posve\u0107eno\u0161\u0107u doprinese\u0161 ovom Europskom progamu, ali i lokalnoj zajednici? Ako da, onda je [&hellip;]<\/p>\n","protected":false},"author":1,"featured_media":0,"comment_status":"closed","ping_status":"open","sticky":false,"template":"","format":"standard","meta":{"_monsterinsights_skip_tracking":false,"_monsterinsights_sitenote_active":false,"_monsterinsights_sitenote_note":"","_monsterinsights_sitenote_category":0,"footnotes":""},"categories":[4],"tags":[3845,7054,5622,4043],"yoast_head":"<!-- This site is optimized with the Yoast SEO plugin v21.6 - https:\/\/yoast.com\/wordpress\/plugins\/seo\/ -->\n<title>REGIONALNA PLATFORMA ZA U\u010cE\u0160\u0106E I DIJALOG MLADIH BALKANA: POZIV ZA MLADE DOPISNIKE - PrijedorDanas.com - Prijedorski gradski portal<\/title>\n<meta name=\"robots\" content=\"index, follow, max-snippet:-1, max-image-preview:large, max-video-preview:-1\" \/>\n<link rel=\"canonical\" href=\"https:\/\/www.prijedordanas.com\/?p=43771\" \/>\n<meta property=\"og:locale\" content=\"en_US\" \/>\n<meta property=\"og:type\" content=\"article\" \/>\n<meta property=\"og:title\" content=\"REGIONALNA PLATFORMA ZA U\u010cE\u0160\u0106E I DIJALOG MLADIH BALKANA: POZIV ZA MLADE DOPISNIKE - PrijedorDanas.com - Prijedorski gradski portal\" \/>\n<meta property=\"og:description\" content=\"Da li u\u017eiva\u0161 u pisanju i kreiranju videa? Da li ima\u0161 \u017eelju da svojim vremenom, stru\u010dno\u0161\u0107u i posve\u0107eno\u0161\u0107u doprinese\u0161 ovom Europskom progamu, ali i lokalnoj zajednici? Ako da, onda je [&hellip;]\" \/>\n<meta property=\"og:url\" content=\"https:\/\/www.prijedordanas.com\/?p=43771\" \/>\n<meta property=\"og:site_name\" content=\"PrijedorDanas.com - Prijedorski gradski portal\" \/>\n<meta property=\"article:publisher\" content=\"https:\/\/www.facebook.com\/PrijedorDanasCom\/\" \/>\n<meta property=\"article:published_time\" content=\"2016-03-09T10:04:50+00:00\" \/>\n<meta property=\"article:modified_time\" content=\"2016-03-09T10:10:06+00:00\" \/>\n<meta property=\"og:image\" content=\"https:\/\/www.prijedordanas.com\/wp-content\/uploads\/2016\/03\/ald-prijedor-poziv-za-dopisnike-300x212.jpg\" \/>\n<meta name=\"author\" content=\"admin\" \/>\n<meta name=\"twitter:card\" content=\"summary_large_image\" \/>\n<meta name=\"twitter:label1\" content=\"Written by\" \/>\n\t<meta name=\"twitter:data1\" content=\"admin\" \/>\n\t<meta name=\"twitter:label2\" content=\"Est. reading time\" \/>\n\t<meta name=\"twitter:data2\" content=\"3 minutes\" \/>\n<script type=\"application\/ld+json\" class=\"yoast-schema-graph\">{\"@context\":\"https:\/\/schema.org\",\"@graph\":[{\"@type\":\"Article\",\"@id\":\"https:\/\/www.prijedordanas.com\/?p=43771#article\",\"isPartOf\":{\"@id\":\"https:\/\/www.prijedordanas.com\/?p=43771\"},\"author\":{\"name\":\"admin\",\"@id\":\"https:\/\/www.prijedordanas.com\/#\/schema\/person\/4e08ccf29b506ca916ff86d46bb700e6\"},\"headline\":\"REGIONALNA PLATFORMA ZA U\u010cE\u0160\u0106E I DIJALOG MLADIH BALKANA: POZIV ZA MLADE DOPISNIKE\",\"datePublished\":\"2016-03-09T10:04:50+00:00\",\"dateModified\":\"2016-03-09T10:10:06+00:00\",\"mainEntityOfPage\":{\"@id\":\"https:\/\/www.prijedordanas.com\/?p=43771\"},\"wordCount\":609,\"publisher\":{\"@id\":\"https:\/\/www.prijedordanas.com\/#organization\"},\"keywords\":[\"Agencija lokalne demokratije Prijedor\",\"mladi dopisnici\",\"poziv\",\"Regionalna platforma za u\u010de\u0161\u0107e i dijalog mladih Balkana\"],\"articleSection\":[\"Dru\u0161tvo\"],\"inLanguage\":\"en-US\"},{\"@type\":\"WebPage\",\"@id\":\"https:\/\/www.prijedordanas.com\/?p=43771\",\"url\":\"https:\/\/www.prijedordanas.com\/?p=43771\",\"name\":\"REGIONALNA PLATFORMA ZA U\u010cE\u0160\u0106E I DIJALOG MLADIH BALKANA: POZIV ZA MLADE DOPISNIKE - PrijedorDanas.com - Prijedorski gradski portal\",\"isPartOf\":{\"@id\":\"https:\/\/www.prijedordanas.com\/#website\"},\"datePublished\":\"2016-03-09T10:04:50+00:00\",\"dateModified\":\"2016-03-09T10:10:06+00:00\",\"breadcrumb\":{\"@id\":\"https:\/\/www.prijedordanas.com\/?p=43771#breadcrumb\"},\"inLanguage\":\"en-US\",\"potentialAction\":[{\"@type\":\"ReadAction\",\"target\":[\"https:\/\/www.prijedordanas.com\/?p=43771\"]}]},{\"@type\":\"BreadcrumbList\",\"@id\":\"https:\/\/www.prijedordanas.com\/?p=43771#breadcrumb\",\"itemListElement\":[{\"@type\":\"ListItem\",\"position\":1,\"name\":\"Home\",\"item\":\"https:\/\/www.prijedordanas.com\/\"},{\"@type\":\"ListItem\",\"position\":2,\"name\":\"REGIONALNA PLATFORMA ZA U\u010cE\u0160\u0106E I DIJALOG MLADIH BALKANA: POZIV ZA MLADE DOPISNIKE\"}]},{\"@type\":\"WebSite\",\"@id\":\"https:\/\/www.prijedordanas.com\/#website\",\"url\":\"https:\/\/www.prijedordanas.com\/\",\"name\":\"PrijedorDanas.com - Prijedorski gradski portal\",\"description\":\"Portal o doga\u0111anjima u gradu Prijedoru\",\"publisher\":{\"@id\":\"https:\/\/www.prijedordanas.com\/#organization\"},\"potentialAction\":[{\"@type\":\"SearchAction\",\"target\":{\"@type\":\"EntryPoint\",\"urlTemplate\":\"https:\/\/www.prijedordanas.com\/?s={search_term_string}\"},\"query-input\":\"required name=search_term_string\"}],\"inLanguage\":\"en-US\"},{\"@type\":\"Organization\",\"@id\":\"https:\/\/www.prijedordanas.com\/#organization\",\"name\":\"PrijedorDanas.com\",\"url\":\"https:\/\/www.prijedordanas.com\/\",\"logo\":{\"@type\":\"ImageObject\",\"inLanguage\":\"en-US\",\"@id\":\"https:\/\/www.prijedordanas.com\/#\/schema\/logo\/image\/\",\"url\":\"http:\/\/www.prijedordanas.com\/wp-content\/uploads\/2021\/12\/logopng.png\",\"contentUrl\":\"http:\/\/www.prijedordanas.com\/wp-content\/uploads\/2021\/12\/logopng.png\",\"width\":1019,\"height\":776,\"caption\":\"PrijedorDanas.com\"},\"image\":{\"@id\":\"https:\/\/www.prijedordanas.com\/#\/schema\/logo\/image\/\"},\"sameAs\":[\"https:\/\/www.facebook.com\/PrijedorDanasCom\/\"]},{\"@type\":\"Person\",\"@id\":\"https:\/\/www.prijedordanas.com\/#\/schema\/person\/4e08ccf29b506ca916ff86d46bb700e6\",\"name\":\"admin\",\"image\":{\"@type\":\"ImageObject\",\"inLanguage\":\"en-US\",\"@id\":\"https:\/\/www.prijedordanas.com\/#\/schema\/person\/image\/\",\"url\":\"https:\/\/secure.gravatar.com\/avatar\/1d3fc949d550f0b53a5f0d51e06dfd79?s=96&d=mm&r=g\",\"contentUrl\":\"https:\/\/secure.gravatar.com\/avatar\/1d3fc949d550f0b53a5f0d51e06dfd79?s=96&d=mm&r=g\",\"caption\":\"admin\"},\"url\":\"https:\/\/www.prijedordanas.com\/?author=1\"}]}<\/script>\n<!-- \/ Yoast SEO plugin. -->","yoast_head_json":{"title":"REGIONALNA PLATFORMA ZA U\u010cE\u0160\u0106E I DIJALOG MLADIH BALKANA: POZIV ZA MLADE DOPISNIKE - PrijedorDanas.com - Prijedorski gradski portal","robots":{"index":"index","follow":"follow","max-snippet":"max-snippet:-1","max-image-preview":"max-image-preview:large","max-video-preview":"max-video-preview:-1"},"canonical":"https:\/\/www.prijedordanas.com\/?p=43771","og_locale":"en_US","og_type":"article","og_title":"REGIONALNA PLATFORMA ZA U\u010cE\u0160\u0106E I DIJALOG MLADIH BALKANA: POZIV ZA MLADE DOPISNIKE - PrijedorDanas.com - Prijedorski gradski portal","og_description":"Da li u\u017eiva\u0161 u pisanju i kreiranju videa? Da li ima\u0161 \u017eelju da svojim vremenom, stru\u010dno\u0161\u0107u i posve\u0107eno\u0161\u0107u doprinese\u0161 ovom Europskom progamu, ali i lokalnoj zajednici? Ako da, onda je [&hellip;]","og_url":"https:\/\/www.prijedordanas.com\/?p=43771","og_site_name":"PrijedorDanas.com - Prijedorski gradski portal","article_publisher":"https:\/\/www.facebook.com\/PrijedorDanasCom\/","article_published_time":"2016-03-09T10:04:50+00:00","article_modified_time":"2016-03-09T10:10:06+00:00","og_image":[{"url":"https:\/\/www.prijedordanas.com\/wp-content\/uploads\/2016\/03\/ald-prijedor-poziv-za-dopisnike-300x212.jpg"}],"author":"admin","twitter_card":"summary_large_image","twitter_misc":{"Written by":"admin","Est. reading time":"3 minutes"},"schema":{"@context":"https:\/\/schema.org","@graph":[{"@type":"Article","@id":"https:\/\/www.prijedordanas.com\/?p=43771#article","isPartOf":{"@id":"https:\/\/www.prijedordanas.com\/?p=43771"},"author":{"name":"admin","@id":"https:\/\/www.prijedordanas.com\/#\/schema\/person\/4e08ccf29b506ca916ff86d46bb700e6"},"headline":"REGIONALNA PLATFORMA ZA U\u010cE\u0160\u0106E I DIJALOG MLADIH BALKANA: POZIV ZA MLADE DOPISNIKE","datePublished":"2016-03-09T10:04:50+00:00","dateModified":"2016-03-09T10:10:06+00:00","mainEntityOfPage":{"@id":"https:\/\/www.prijedordanas.com\/?p=43771"},"wordCount":609,"publisher":{"@id":"https:\/\/www.prijedordanas.com\/#organization"},"keywords":["Agencija lokalne demokratije Prijedor","mladi dopisnici","poziv","Regionalna platforma za u\u010de\u0161\u0107e i dijalog mladih Balkana"],"articleSection":["Dru\u0161tvo"],"inLanguage":"en-US"},{"@type":"WebPage","@id":"https:\/\/www.prijedordanas.com\/?p=43771","url":"https:\/\/www.prijedordanas.com\/?p=43771","name":"REGIONALNA PLATFORMA ZA U\u010cE\u0160\u0106E I DIJALOG MLADIH BALKANA: POZIV ZA MLADE DOPISNIKE - PrijedorDanas.com - Prijedorski gradski portal","isPartOf":{"@id":"https:\/\/www.prijedordanas.com\/#website"},"datePublished":"2016-03-09T10:04:50+00:00","dateModified":"2016-03-09T10:10:06+00:00","breadcrumb":{"@id":"https:\/\/www.prijedordanas.com\/?p=43771#breadcrumb"},"inLanguage":"en-US","potentialAction":[{"@type":"ReadAction","target":["https:\/\/www.prijedordanas.com\/?p=43771"]}]},{"@type":"BreadcrumbList","@id":"https:\/\/www.prijedordanas.com\/?p=43771#breadcrumb","itemListElement":[{"@type":"ListItem","position":1,"name":"Home","item":"https:\/\/www.prijedordanas.com\/"},{"@type":"ListItem","position":2,"name":"REGIONALNA PLATFORMA ZA U\u010cE\u0160\u0106E I DIJALOG MLADIH BALKANA: POZIV ZA MLADE DOPISNIKE"}]},{"@type":"WebSite","@id":"https:\/\/www.prijedordanas.com\/#website","url":"https:\/\/www.prijedordanas.com\/","name":"PrijedorDanas.com - Prijedorski gradski portal","description":"Portal o doga\u0111anjima u gradu Prijedoru","publisher":{"@id":"https:\/\/www.prijedordanas.com\/#organization"},"potentialAction":[{"@type":"SearchAction","target":{"@type":"EntryPoint","urlTemplate":"https:\/\/www.prijedordanas.com\/?s={search_term_string}"},"query-input":"required name=search_term_string"}],"inLanguage":"en-US"},{"@type":"Organization","@id":"https:\/\/www.prijedordanas.com\/#organization","name":"PrijedorDanas.com","url":"https:\/\/www.prijedordanas.com\/","logo":{"@type":"ImageObject","inLanguage":"en-US","@id":"https:\/\/www.prijedordanas.com\/#\/schema\/logo\/image\/","url":"http:\/\/www.prijedordanas.com\/wp-content\/uploads\/2021\/12\/logopng.png","contentUrl":"http:\/\/www.prijedordanas.com\/wp-content\/uploads\/2021\/12\/logopng.png","width":1019,"height":776,"caption":"PrijedorDanas.com"},"image":{"@id":"https:\/\/www.prijedordanas.com\/#\/schema\/logo\/image\/"},"sameAs":["https:\/\/www.facebook.com\/PrijedorDanasCom\/"]},{"@type":"Person","@id":"https:\/\/www.prijedordanas.com\/#\/schema\/person\/4e08ccf29b506ca916ff86d46bb700e6","name":"admin","image":{"@type":"ImageObject","inLanguage":"en-US","@id":"https:\/\/www.prijedordanas.com\/#\/schema\/person\/image\/","url":"https:\/\/secure.gravatar.com\/avatar\/1d3fc949d550f0b53a5f0d51e06dfd79?s=96&d=mm&r=g","contentUrl":"https:\/\/secure.gravatar.com\/avatar\/1d3fc949d550f0b53a5f0d51e06dfd79?s=96&d=mm&r=g","caption":"admin"},"url":"https:\/\/www.prijedordanas.com\/?author=1"}]}},"_links":{"self":[{"href":"https:\/\/www.prijedordanas.com\/index.php?rest_route=\/wp\/v2\/posts\/43771"}],"collection":[{"href":"https:\/\/www.prijedordanas.com\/index.php?rest_route=\/wp\/v2\/posts"}],"about":[{"href":"https:\/\/www.prijedordanas.com\/index.php?rest_route=\/wp\/v2\/types\/post"}],"author":[{"embeddable":true,"href":"https:\/\/www.prijedordanas.com\/index.php?rest_route=\/wp\/v2\/users\/1"}],"replies":[{"embeddable":true,"href":"https:\/\/www.prijedordanas.com\/index.php?rest_route=%2Fwp%2Fv2%2Fcomments&post=43771"}],"version-history":[{"count":3,"href":"https:\/\/www.prijedordanas.com\/index.php?rest_route=\/wp\/v2\/posts\/43771\/revisions"}],"predecessor-version":[{"id":43775,"href":"https:\/\/www.prijedordanas.com\/index.php?rest_route=\/wp\/v2\/posts\/43771\/revisions\/43775"}],"wp:attachment":[{"href":"https:\/\/www.prijedordanas.com\/index.php?rest_route=%2Fwp%2Fv2%2Fmedia&parent=43771"}],"wp:term":[{"taxonomy":"category","embeddable":true,"href":"https:\/\/www.prijedordanas.com\/index.php?rest_route=%2Fwp%2Fv2%2Fcategories&post=43771"},{"taxonomy":"post_tag","embeddable":true,"href":"https:\/\/www.prijedordanas.com\/index.php?rest_route=%2Fwp%2Fv2%2Ftags&post=43771"}],"curies":[{"name":"wp","href":"https:\/\/api.w.org\/{rel}","templated":true}]}}