{"id":43261,"date":"2016-03-03T12:56:59","date_gmt":"2016-03-03T11:56:59","guid":{"rendered":"https:\/\/www.prijedordanas.com\/?p=43261"},"modified":"2016-03-03T12:56:59","modified_gmt":"2016-03-03T11:56:59","slug":"prijedor-do-kraja-mjeseca-predloziti-laureate-povodom-16-maja-dana-grada","status":"publish","type":"post","link":"https:\/\/www.prijedordanas.com\/?p=43261","title":{"rendered":"PRIJEDOR: DO KRAJA MJESECA PREDLO\u017dITI LAUREATE POVODOM 16. MAJA, DANA GRADA"},"content":{"rendered":"<p><a href=\"https:\/\/www.prijedordanas.com\/wp-content\/uploads\/2015\/05\/dan-grada-prijedora-djeca-akademija-8.jpg\" rel=\"attachment wp-att-22466\"><img loading=\"lazy\" decoding=\"async\" class=\"alignleft size-medium wp-image-22466\" src=\"https:\/\/www.prijedordanas.com\/wp-content\/uploads\/2015\/05\/dan-grada-prijedora-djeca-akademija-8-300x199.jpg\" alt=\"dan grada prijedora 2015-dobitnici nagrada\" width=\"300\" height=\"199\" srcset=\"https:\/\/www.prijedordanas.com\/wp-content\/uploads\/2015\/05\/dan-grada-prijedora-djeca-akademija-8-300x199.jpg 300w, https:\/\/www.prijedordanas.com\/wp-content\/uploads\/2015\/05\/dan-grada-prijedora-djeca-akademija-8-150x100.jpg 150w, https:\/\/www.prijedordanas.com\/wp-content\/uploads\/2015\/05\/dan-grada-prijedora-djeca-akademija-8-200x133.jpg 200w, https:\/\/www.prijedordanas.com\/wp-content\/uploads\/2015\/05\/dan-grada-prijedora-djeca-akademija-8-250x166.jpg 250w, https:\/\/www.prijedordanas.com\/wp-content\/uploads\/2015\/05\/dan-grada-prijedora-djeca-akademija-8-480x320.jpg 480w, https:\/\/www.prijedordanas.com\/wp-content\/uploads\/2015\/05\/dan-grada-prijedora-djeca-akademija-8.jpg 600w\" sizes=\"(max-width: 300px) 100vw, 300px\" \/><\/a>Grad Prijedor objavio je javni poziv za dostavljanje prijedloga za dodjelu nagrada i priznanja povodom 16. maja, Dana grada.<\/p>\n<p>&#8220;Zainteresovani pojedinci sa prebivali\u0161tem na podru\u010dju grada Prijedora, pravna lica, javne ustanove, udru\u017eenja gra\u0111ana i politi\u010dke stranke, prijavljeni na podru\u010dju grada Prijedora, Skup\u0161tina grada i gradona\u010delnik mogu do 31. marta dostaviti svoje prijedloge&#8221;, navodi se u pozivu Komisije za nagrade i priznanja.<\/p>\n<p>Odlukom o nagradama i priznanjima grada Prijedora ustanovljene su Plaketa grada, Povelja po\u010dasnog gra\u0111anina i Nagrada grada.<\/p>\n<p>Plaketa grada je najvi\u0161e javno priznanje, a dodjeljuje se fizi\u010dkim i pravnim licima za izuzetne rezultate na podru\u010dju privrede, nauke, kulture i tehni\u010dke kulture, zdravstva i socijalne za\u0161tite, vaspitanja i obrazovanja, sporta, za\u0161tite \u017eivotne sredine, turizma, te drugih javnih djelatnosti, zapo\u0161ljavanja mladih i nadarenih kadrova, pru\u017eanja solidarne i humanitarne pomo\u0107i oboljelima i sli\u010dno.<\/p>\n<p>Po\u010dasnim gra\u0111aninom grada Prijedora mo\u017ee biti progla\u0161eno fizi\u010dko lice, dr\u017eavljanin Republike Srpske, BiH ili strani dr\u017eavljanin koji je svojim radom i djelovanjem dao zna\u010dajan doprinos napretku i \u0161irenju ugleda Grada.<\/p>\n<p>Nagrada grada dodjeljuje se fizi\u010dkom licu, grupi gra\u0111ana i udru\u017eenjima za posebno vrijedne rezultate koji doprinose razvoju Grada u raznim podru\u010djima stvarala\u0161tva.<\/p>\n<p>Predlaga\u010di uz prijavu moraju podnijeti dokaz ili detaljno obrazlo\u017eenje kojim potvr\u0111uju ispunjenje uslova potrebnih za dodjelu odre\u0111enog priznanja na osnovu odluke o nagradama i priznanjima grada Prijedora.<\/p>\n<p>Javni poziv objavljen je na internet stranici gradske uprave www.prijedorgrad.org, a prijedloge je potrebno dostaviti Skup\u0161tini grada Prijedora sa naznakom &#8220;Komisiji za nagrade i priznanja&#8221;.<\/p>\n<p>Tekst \u2013 SRNA<br \/>\nFoto arhiva \u2013 Aleksandar Drakuli\u0107 \u2013 <a href=\"www.prijedordanas.com\" target=\"_blank\">www.prijedordanas.com<\/a><\/p>\n","protected":false},"excerpt":{"rendered":"<p>Grad Prijedor objavio je javni poziv za dostavljanje prijedloga za dodjelu nagrada i priznanja povodom 16. maja, Dana grada. &#8220;Zainteresovani pojedinci sa prebivali\u0161tem na podru\u010dju grada Prijedora, pravna lica, javne [&hellip;]<\/p>\n","protected":false},"author":1,"featured_media":0,"comment_status":"closed","ping_status":"open","sticky":false,"template":"","format":"standard","meta":{"_monsterinsights_skip_tracking":false,"_monsterinsights_sitenote_active":false,"_monsterinsights_sitenote_note":"","_monsterinsights_sitenote_category":0,"footnotes":""},"categories":[4],"tags":[988,987,151,205],"yoast_head":"<!-- This site is optimized with the Yoast SEO plugin v21.6 - https:\/\/yoast.com\/wordpress\/plugins\/seo\/ -->\n<title>PRIJEDOR: DO KRAJA MJESECA PREDLO\u017dITI LAUREATE POVODOM 16. MAJA, DANA GRADA - PrijedorDanas.com - Prijedorski gradski portal<\/title>\n<meta name=\"robots\" content=\"index, follow, max-snippet:-1, max-image-preview:large, max-video-preview:-1\" \/>\n<link rel=\"canonical\" href=\"https:\/\/www.prijedordanas.com\/?p=43261\" \/>\n<meta property=\"og:locale\" content=\"en_US\" \/>\n<meta property=\"og:type\" content=\"article\" \/>\n<meta property=\"og:title\" content=\"PRIJEDOR: DO KRAJA MJESECA PREDLO\u017dITI LAUREATE POVODOM 16. MAJA, DANA GRADA - PrijedorDanas.com - Prijedorski gradski portal\" \/>\n<meta property=\"og:description\" content=\"Grad Prijedor objavio je javni poziv za dostavljanje prijedloga za dodjelu nagrada i priznanja povodom 16. maja, Dana grada. &#8220;Zainteresovani pojedinci sa prebivali\u0161tem na podru\u010dju grada Prijedora, pravna lica, javne [&hellip;]\" \/>\n<meta property=\"og:url\" content=\"https:\/\/www.prijedordanas.com\/?p=43261\" \/>\n<meta property=\"og:site_name\" content=\"PrijedorDanas.com - Prijedorski gradski portal\" \/>\n<meta property=\"article:publisher\" content=\"https:\/\/www.facebook.com\/PrijedorDanasCom\/\" \/>\n<meta property=\"article:published_time\" content=\"2016-03-03T11:56:59+00:00\" \/>\n<meta property=\"og:image\" content=\"https:\/\/www.prijedordanas.com\/wp-content\/uploads\/2015\/05\/dan-grada-prijedora-djeca-akademija-8-300x199.jpg\" \/>\n<meta name=\"author\" content=\"admin\" \/>\n<meta name=\"twitter:card\" content=\"summary_large_image\" \/>\n<meta name=\"twitter:label1\" content=\"Written by\" \/>\n\t<meta name=\"twitter:data1\" content=\"admin\" \/>\n\t<meta name=\"twitter:label2\" content=\"Est. reading time\" \/>\n\t<meta name=\"twitter:data2\" content=\"1 minute\" \/>\n<script type=\"application\/ld+json\" class=\"yoast-schema-graph\">{\"@context\":\"https:\/\/schema.org\",\"@graph\":[{\"@type\":\"Article\",\"@id\":\"https:\/\/www.prijedordanas.com\/?p=43261#article\",\"isPartOf\":{\"@id\":\"https:\/\/www.prijedordanas.com\/?p=43261\"},\"author\":{\"name\":\"admin\",\"@id\":\"https:\/\/www.prijedordanas.com\/#\/schema\/person\/4e08ccf29b506ca916ff86d46bb700e6\"},\"headline\":\"PRIJEDOR: DO KRAJA MJESECA PREDLO\u017dITI LAUREATE POVODOM 16. MAJA, DANA GRADA\",\"datePublished\":\"2016-03-03T11:56:59+00:00\",\"dateModified\":\"2016-03-03T11:56:59+00:00\",\"mainEntityOfPage\":{\"@id\":\"https:\/\/www.prijedordanas.com\/?p=43261\"},\"wordCount\":293,\"publisher\":{\"@id\":\"https:\/\/www.prijedordanas.com\/#organization\"},\"keywords\":[\"16. maj\",\"Dan grada Prijedora\",\"nagrade\",\"priznanja\"],\"articleSection\":[\"Dru\u0161tvo\"],\"inLanguage\":\"en-US\"},{\"@type\":\"WebPage\",\"@id\":\"https:\/\/www.prijedordanas.com\/?p=43261\",\"url\":\"https:\/\/www.prijedordanas.com\/?p=43261\",\"name\":\"PRIJEDOR: DO KRAJA MJESECA PREDLO\u017dITI LAUREATE POVODOM 16. MAJA, DANA GRADA - PrijedorDanas.com - Prijedorski gradski portal\",\"isPartOf\":{\"@id\":\"https:\/\/www.prijedordanas.com\/#website\"},\"datePublished\":\"2016-03-03T11:56:59+00:00\",\"dateModified\":\"2016-03-03T11:56:59+00:00\",\"breadcrumb\":{\"@id\":\"https:\/\/www.prijedordanas.com\/?p=43261#breadcrumb\"},\"inLanguage\":\"en-US\",\"potentialAction\":[{\"@type\":\"ReadAction\",\"target\":[\"https:\/\/www.prijedordanas.com\/?p=43261\"]}]},{\"@type\":\"BreadcrumbList\",\"@id\":\"https:\/\/www.prijedordanas.com\/?p=43261#breadcrumb\",\"itemListElement\":[{\"@type\":\"ListItem\",\"position\":1,\"name\":\"Home\",\"item\":\"https:\/\/www.prijedordanas.com\/\"},{\"@type\":\"ListItem\",\"position\":2,\"name\":\"PRIJEDOR: DO KRAJA MJESECA PREDLO\u017dITI LAUREATE POVODOM 16. MAJA, DANA GRADA\"}]},{\"@type\":\"WebSite\",\"@id\":\"https:\/\/www.prijedordanas.com\/#website\",\"url\":\"https:\/\/www.prijedordanas.com\/\",\"name\":\"PrijedorDanas.com - Prijedorski gradski portal\",\"description\":\"Portal o doga\u0111anjima u gradu Prijedoru\",\"publisher\":{\"@id\":\"https:\/\/www.prijedordanas.com\/#organization\"},\"potentialAction\":[{\"@type\":\"SearchAction\",\"target\":{\"@type\":\"EntryPoint\",\"urlTemplate\":\"https:\/\/www.prijedordanas.com\/?s={search_term_string}\"},\"query-input\":\"required name=search_term_string\"}],\"inLanguage\":\"en-US\"},{\"@type\":\"Organization\",\"@id\":\"https:\/\/www.prijedordanas.com\/#organization\",\"name\":\"PrijedorDanas.com\",\"url\":\"https:\/\/www.prijedordanas.com\/\",\"logo\":{\"@type\":\"ImageObject\",\"inLanguage\":\"en-US\",\"@id\":\"https:\/\/www.prijedordanas.com\/#\/schema\/logo\/image\/\",\"url\":\"http:\/\/www.prijedordanas.com\/wp-content\/uploads\/2021\/12\/logopng.png\",\"contentUrl\":\"http:\/\/www.prijedordanas.com\/wp-content\/uploads\/2021\/12\/logopng.png\",\"width\":1019,\"height\":776,\"caption\":\"PrijedorDanas.com\"},\"image\":{\"@id\":\"https:\/\/www.prijedordanas.com\/#\/schema\/logo\/image\/\"},\"sameAs\":[\"https:\/\/www.facebook.com\/PrijedorDanasCom\/\"]},{\"@type\":\"Person\",\"@id\":\"https:\/\/www.prijedordanas.com\/#\/schema\/person\/4e08ccf29b506ca916ff86d46bb700e6\",\"name\":\"admin\",\"image\":{\"@type\":\"ImageObject\",\"inLanguage\":\"en-US\",\"@id\":\"https:\/\/www.prijedordanas.com\/#\/schema\/person\/image\/\",\"url\":\"https:\/\/secure.gravatar.com\/avatar\/1d3fc949d550f0b53a5f0d51e06dfd79?s=96&d=mm&r=g\",\"contentUrl\":\"https:\/\/secure.gravatar.com\/avatar\/1d3fc949d550f0b53a5f0d51e06dfd79?s=96&d=mm&r=g\",\"caption\":\"admin\"},\"url\":\"https:\/\/www.prijedordanas.com\/?author=1\"}]}<\/script>\n<!-- \/ Yoast SEO plugin. -->","yoast_head_json":{"title":"PRIJEDOR: DO KRAJA MJESECA PREDLO\u017dITI LAUREATE POVODOM 16. MAJA, DANA GRADA - PrijedorDanas.com - Prijedorski gradski portal","robots":{"index":"index","follow":"follow","max-snippet":"max-snippet:-1","max-image-preview":"max-image-preview:large","max-video-preview":"max-video-preview:-1"},"canonical":"https:\/\/www.prijedordanas.com\/?p=43261","og_locale":"en_US","og_type":"article","og_title":"PRIJEDOR: DO KRAJA MJESECA PREDLO\u017dITI LAUREATE POVODOM 16. MAJA, DANA GRADA - PrijedorDanas.com - Prijedorski gradski portal","og_description":"Grad Prijedor objavio je javni poziv za dostavljanje prijedloga za dodjelu nagrada i priznanja povodom 16. maja, Dana grada. &#8220;Zainteresovani pojedinci sa prebivali\u0161tem na podru\u010dju grada Prijedora, pravna lica, javne [&hellip;]","og_url":"https:\/\/www.prijedordanas.com\/?p=43261","og_site_name":"PrijedorDanas.com - Prijedorski gradski portal","article_publisher":"https:\/\/www.facebook.com\/PrijedorDanasCom\/","article_published_time":"2016-03-03T11:56:59+00:00","og_image":[{"url":"https:\/\/www.prijedordanas.com\/wp-content\/uploads\/2015\/05\/dan-grada-prijedora-djeca-akademija-8-300x199.jpg"}],"author":"admin","twitter_card":"summary_large_image","twitter_misc":{"Written by":"admin","Est. reading time":"1 minute"},"schema":{"@context":"https:\/\/schema.org","@graph":[{"@type":"Article","@id":"https:\/\/www.prijedordanas.com\/?p=43261#article","isPartOf":{"@id":"https:\/\/www.prijedordanas.com\/?p=43261"},"author":{"name":"admin","@id":"https:\/\/www.prijedordanas.com\/#\/schema\/person\/4e08ccf29b506ca916ff86d46bb700e6"},"headline":"PRIJEDOR: DO KRAJA MJESECA PREDLO\u017dITI LAUREATE POVODOM 16. MAJA, DANA GRADA","datePublished":"2016-03-03T11:56:59+00:00","dateModified":"2016-03-03T11:56:59+00:00","mainEntityOfPage":{"@id":"https:\/\/www.prijedordanas.com\/?p=43261"},"wordCount":293,"publisher":{"@id":"https:\/\/www.prijedordanas.com\/#organization"},"keywords":["16. maj","Dan grada Prijedora","nagrade","priznanja"],"articleSection":["Dru\u0161tvo"],"inLanguage":"en-US"},{"@type":"WebPage","@id":"https:\/\/www.prijedordanas.com\/?p=43261","url":"https:\/\/www.prijedordanas.com\/?p=43261","name":"PRIJEDOR: DO KRAJA MJESECA PREDLO\u017dITI LAUREATE POVODOM 16. MAJA, DANA GRADA - PrijedorDanas.com - Prijedorski gradski portal","isPartOf":{"@id":"https:\/\/www.prijedordanas.com\/#website"},"datePublished":"2016-03-03T11:56:59+00:00","dateModified":"2016-03-03T11:56:59+00:00","breadcrumb":{"@id":"https:\/\/www.prijedordanas.com\/?p=43261#breadcrumb"},"inLanguage":"en-US","potentialAction":[{"@type":"ReadAction","target":["https:\/\/www.prijedordanas.com\/?p=43261"]}]},{"@type":"BreadcrumbList","@id":"https:\/\/www.prijedordanas.com\/?p=43261#breadcrumb","itemListElement":[{"@type":"ListItem","position":1,"name":"Home","item":"https:\/\/www.prijedordanas.com\/"},{"@type":"ListItem","position":2,"name":"PRIJEDOR: DO KRAJA MJESECA PREDLO\u017dITI LAUREATE POVODOM 16. MAJA, DANA GRADA"}]},{"@type":"WebSite","@id":"https:\/\/www.prijedordanas.com\/#website","url":"https:\/\/www.prijedordanas.com\/","name":"PrijedorDanas.com - Prijedorski gradski portal","description":"Portal o doga\u0111anjima u gradu Prijedoru","publisher":{"@id":"https:\/\/www.prijedordanas.com\/#organization"},"potentialAction":[{"@type":"SearchAction","target":{"@type":"EntryPoint","urlTemplate":"https:\/\/www.prijedordanas.com\/?s={search_term_string}"},"query-input":"required name=search_term_string"}],"inLanguage":"en-US"},{"@type":"Organization","@id":"https:\/\/www.prijedordanas.com\/#organization","name":"PrijedorDanas.com","url":"https:\/\/www.prijedordanas.com\/","logo":{"@type":"ImageObject","inLanguage":"en-US","@id":"https:\/\/www.prijedordanas.com\/#\/schema\/logo\/image\/","url":"http:\/\/www.prijedordanas.com\/wp-content\/uploads\/2021\/12\/logopng.png","contentUrl":"http:\/\/www.prijedordanas.com\/wp-content\/uploads\/2021\/12\/logopng.png","width":1019,"height":776,"caption":"PrijedorDanas.com"},"image":{"@id":"https:\/\/www.prijedordanas.com\/#\/schema\/logo\/image\/"},"sameAs":["https:\/\/www.facebook.com\/PrijedorDanasCom\/"]},{"@type":"Person","@id":"https:\/\/www.prijedordanas.com\/#\/schema\/person\/4e08ccf29b506ca916ff86d46bb700e6","name":"admin","image":{"@type":"ImageObject","inLanguage":"en-US","@id":"https:\/\/www.prijedordanas.com\/#\/schema\/person\/image\/","url":"https:\/\/secure.gravatar.com\/avatar\/1d3fc949d550f0b53a5f0d51e06dfd79?s=96&d=mm&r=g","contentUrl":"https:\/\/secure.gravatar.com\/avatar\/1d3fc949d550f0b53a5f0d51e06dfd79?s=96&d=mm&r=g","caption":"admin"},"url":"https:\/\/www.prijedordanas.com\/?author=1"}]}},"_links":{"self":[{"href":"https:\/\/www.prijedordanas.com\/index.php?rest_route=\/wp\/v2\/posts\/43261"}],"collection":[{"href":"https:\/\/www.prijedordanas.com\/index.php?rest_route=\/wp\/v2\/posts"}],"about":[{"href":"https:\/\/www.prijedordanas.com\/index.php?rest_route=\/wp\/v2\/types\/post"}],"author":[{"embeddable":true,"href":"https:\/\/www.prijedordanas.com\/index.php?rest_route=\/wp\/v2\/users\/1"}],"replies":[{"embeddable":true,"href":"https:\/\/www.prijedordanas.com\/index.php?rest_route=%2Fwp%2Fv2%2Fcomments&post=43261"}],"version-history":[{"count":1,"href":"https:\/\/www.prijedordanas.com\/index.php?rest_route=\/wp\/v2\/posts\/43261\/revisions"}],"predecessor-version":[{"id":43262,"href":"https:\/\/www.prijedordanas.com\/index.php?rest_route=\/wp\/v2\/posts\/43261\/revisions\/43262"}],"wp:attachment":[{"href":"https:\/\/www.prijedordanas.com\/index.php?rest_route=%2Fwp%2Fv2%2Fmedia&parent=43261"}],"wp:term":[{"taxonomy":"category","embeddable":true,"href":"https:\/\/www.prijedordanas.com\/index.php?rest_route=%2Fwp%2Fv2%2Fcategories&post=43261"},{"taxonomy":"post_tag","embeddable":true,"href":"https:\/\/www.prijedordanas.com\/index.php?rest_route=%2Fwp%2Fv2%2Ftags&post=43261"}],"curies":[{"name":"wp","href":"https:\/\/api.w.org\/{rel}","templated":true}]}}