{"id":43168,"date":"2016-03-02T16:23:20","date_gmt":"2016-03-02T15:23:20","guid":{"rendered":"https:\/\/www.prijedordanas.com\/?p=43168"},"modified":"2016-03-02T16:23:20","modified_gmt":"2016-03-02T15:23:20","slug":"zahvalnost-gradu-i-skolama-za-ucesce-u-humanitarnim-akcijama","status":"publish","type":"post","link":"https:\/\/www.prijedordanas.com\/?p=43168","title":{"rendered":"ZAHVALNOST GRADU I \u0160KOLAMA ZA U\u010cE\u0160\u0106E U HUMANITARNIM AKCIJAMA"},"content":{"rendered":"<p><a href=\"https:\/\/www.prijedordanas.com\/wp-content\/uploads\/2016\/03\/srna-arlov-zahvalnice-1.jpg\" rel=\"attachment wp-att-43170\"><img loading=\"lazy\" decoding=\"async\" class=\"alignleft size-medium wp-image-43170\" src=\"https:\/\/www.prijedordanas.com\/wp-content\/uploads\/2016\/03\/srna-arlov-zahvalnice-1-300x202.jpg\" alt=\"srna-arlov-zahvalnice\" width=\"300\" height=\"202\" srcset=\"https:\/\/www.prijedordanas.com\/wp-content\/uploads\/2016\/03\/srna-arlov-zahvalnice-1-300x202.jpg 300w, https:\/\/www.prijedordanas.com\/wp-content\/uploads\/2016\/03\/srna-arlov-zahvalnice-1.jpg 600w\" sizes=\"(max-width: 300px) 100vw, 300px\" \/><\/a>Predsjednik Odbora za pomo\u0107 Srbima Kosova i Metohije Milorad Arlov uru\u010dio je danas u Prijedoru zahvalnice predstavnicima gradske uprave i osnovnih \u0161kola &#8220;Branko \u0106opi\u0107&#8221; i &#8220;Jovan Cviji\u0107&#8221; za prijem pedesetak mali\u0161ana iz Gnjilana u avgustu pro\u0161le godine i za 386 bo\u017ei\u0107nih paketi\u0107a za djecu sa Kosmeta.<\/p>\n<p>&#8220;Htjeli smo na skroman na\u010din da zahvalimo gradu Prijedoru i \u0161kolama koje su pro\u0161le godine u\u010destvovale u humanitarnim akcijama i tako pomogle na\u0161 narod na Kosovu i Metohiji&#8221;, rekao je Arlov i dodao da je Prijedor jedna od \u0161est lokalnih zajednica Republike Srpske koje su lani ugostile djecu sa Kosova i Metohije.<\/p>\n<p>Zamjenik gradona\u010delnika Prijedora Milenko \u0110akovi\u0107 najavio je da \u0107e dru\u017eenje djece sa Kosova i Metohije sa vr\u0161njacima iz Prijedora biti nastavljeno i ove godine i da \u0107e pedesetak mali\u0161ana iz Gra\u010danice u avgustu biti gosti u\u010denika O\u0160 &#8220;Petar Ko\u010di\u0107&#8221;.<\/p>\n<p>Odbor za pomo\u0107 Srbima Kosova i Metohije osnovan je 2011. godine i do danas je organizovao vi\u0161e razli\u010ditih humanitarnih akcija, me\u0111u kojima su najve\u0107e izgradnja zgrada sa osam socijalnih stanova, opremanje raznih zdravstvenih ustanova, \u0161est humanitarnih akcija za pomo\u0107 oboljeloj djeci koja se lije\u010de u inostranstvu, te podjela vi\u0161e od 2.000 paketi\u0107a za djecu sa Kosova i Metohije.<\/p>\n<p>SRNA<\/p>\n","protected":false},"excerpt":{"rendered":"<p>Predsjednik Odbora za pomo\u0107 Srbima Kosova i Metohije Milorad Arlov uru\u010dio je danas u Prijedoru zahvalnice predstavnicima gradske uprave i osnovnih \u0161kola &#8220;Branko \u0106opi\u0107&#8221; i &#8220;Jovan Cviji\u0107&#8221; za prijem pedesetak [&hellip;]<\/p>\n","protected":false},"author":1,"featured_media":0,"comment_status":"closed","ping_status":"open","sticky":false,"template":"","format":"standard","meta":{"_monsterinsights_skip_tracking":false,"_monsterinsights_sitenote_active":false,"_monsterinsights_sitenote_note":"","_monsterinsights_sitenote_category":0,"footnotes":""},"categories":[8],"tags":[68,6968,4767,5765,6335],"yoast_head":"<!-- This site is optimized with the Yoast SEO plugin v21.6 - https:\/\/yoast.com\/wordpress\/plugins\/seo\/ -->\n<title>ZAHVALNOST GRADU I \u0160KOLAMA ZA U\u010cE\u0160\u0106E U HUMANITARNIM AKCIJAMA - PrijedorDanas.com - Prijedorski gradski portal<\/title>\n<meta name=\"robots\" content=\"index, follow, max-snippet:-1, max-image-preview:large, max-video-preview:-1\" \/>\n<link rel=\"canonical\" href=\"https:\/\/www.prijedordanas.com\/?p=43168\" \/>\n<meta property=\"og:locale\" content=\"en_US\" \/>\n<meta property=\"og:type\" content=\"article\" \/>\n<meta property=\"og:title\" content=\"ZAHVALNOST GRADU I \u0160KOLAMA ZA U\u010cE\u0160\u0106E U HUMANITARNIM AKCIJAMA - PrijedorDanas.com - Prijedorski gradski portal\" \/>\n<meta property=\"og:description\" content=\"Predsjednik Odbora za pomo\u0107 Srbima Kosova i Metohije Milorad Arlov uru\u010dio je danas u Prijedoru zahvalnice predstavnicima gradske uprave i osnovnih \u0161kola &#8220;Branko \u0106opi\u0107&#8221; i &#8220;Jovan Cviji\u0107&#8221; za prijem pedesetak [&hellip;]\" \/>\n<meta property=\"og:url\" content=\"https:\/\/www.prijedordanas.com\/?p=43168\" \/>\n<meta property=\"og:site_name\" content=\"PrijedorDanas.com - Prijedorski gradski portal\" \/>\n<meta property=\"article:publisher\" content=\"https:\/\/www.facebook.com\/PrijedorDanasCom\/\" \/>\n<meta property=\"article:published_time\" content=\"2016-03-02T15:23:20+00:00\" \/>\n<meta property=\"og:image\" content=\"https:\/\/www.prijedordanas.com\/wp-content\/uploads\/2016\/03\/srna-arlov-zahvalnice-1-300x202.jpg\" \/>\n<meta name=\"author\" content=\"admin\" \/>\n<meta name=\"twitter:card\" content=\"summary_large_image\" \/>\n<meta name=\"twitter:label1\" content=\"Written by\" \/>\n\t<meta name=\"twitter:data1\" content=\"admin\" \/>\n\t<meta name=\"twitter:label2\" content=\"Est. reading time\" \/>\n\t<meta name=\"twitter:data2\" content=\"1 minute\" \/>\n<script type=\"application\/ld+json\" class=\"yoast-schema-graph\">{\"@context\":\"https:\/\/schema.org\",\"@graph\":[{\"@type\":\"Article\",\"@id\":\"https:\/\/www.prijedordanas.com\/?p=43168#article\",\"isPartOf\":{\"@id\":\"https:\/\/www.prijedordanas.com\/?p=43168\"},\"author\":{\"name\":\"admin\",\"@id\":\"https:\/\/www.prijedordanas.com\/#\/schema\/person\/4e08ccf29b506ca916ff86d46bb700e6\"},\"headline\":\"ZAHVALNOST GRADU I \u0160KOLAMA ZA U\u010cE\u0160\u0106E U HUMANITARNIM AKCIJAMA\",\"datePublished\":\"2016-03-02T15:23:20+00:00\",\"dateModified\":\"2016-03-02T15:23:20+00:00\",\"mainEntityOfPage\":{\"@id\":\"https:\/\/www.prijedordanas.com\/?p=43168\"},\"wordCount\":227,\"publisher\":{\"@id\":\"https:\/\/www.prijedordanas.com\/#organization\"},\"keywords\":[\"ekshumacija\",\"Milorad Arlov\",\"O\u0160 \\\"Branko \u0106opi\u0107\\\" Prijedor\",\"O\u0160 \\\"Jovan Cviji\u0107\\\" Brezi\u010dani\",\"zahvalnice\"],\"articleSection\":[\"Svakodnevno\"],\"inLanguage\":\"en-US\"},{\"@type\":\"WebPage\",\"@id\":\"https:\/\/www.prijedordanas.com\/?p=43168\",\"url\":\"https:\/\/www.prijedordanas.com\/?p=43168\",\"name\":\"ZAHVALNOST GRADU I \u0160KOLAMA ZA U\u010cE\u0160\u0106E U HUMANITARNIM AKCIJAMA - PrijedorDanas.com - Prijedorski gradski portal\",\"isPartOf\":{\"@id\":\"https:\/\/www.prijedordanas.com\/#website\"},\"datePublished\":\"2016-03-02T15:23:20+00:00\",\"dateModified\":\"2016-03-02T15:23:20+00:00\",\"breadcrumb\":{\"@id\":\"https:\/\/www.prijedordanas.com\/?p=43168#breadcrumb\"},\"inLanguage\":\"en-US\",\"potentialAction\":[{\"@type\":\"ReadAction\",\"target\":[\"https:\/\/www.prijedordanas.com\/?p=43168\"]}]},{\"@type\":\"BreadcrumbList\",\"@id\":\"https:\/\/www.prijedordanas.com\/?p=43168#breadcrumb\",\"itemListElement\":[{\"@type\":\"ListItem\",\"position\":1,\"name\":\"Home\",\"item\":\"https:\/\/www.prijedordanas.com\/\"},{\"@type\":\"ListItem\",\"position\":2,\"name\":\"ZAHVALNOST GRADU I \u0160KOLAMA ZA U\u010cE\u0160\u0106E U HUMANITARNIM AKCIJAMA\"}]},{\"@type\":\"WebSite\",\"@id\":\"https:\/\/www.prijedordanas.com\/#website\",\"url\":\"https:\/\/www.prijedordanas.com\/\",\"name\":\"PrijedorDanas.com - Prijedorski gradski portal\",\"description\":\"Portal o doga\u0111anjima u gradu Prijedoru\",\"publisher\":{\"@id\":\"https:\/\/www.prijedordanas.com\/#organization\"},\"potentialAction\":[{\"@type\":\"SearchAction\",\"target\":{\"@type\":\"EntryPoint\",\"urlTemplate\":\"https:\/\/www.prijedordanas.com\/?s={search_term_string}\"},\"query-input\":\"required name=search_term_string\"}],\"inLanguage\":\"en-US\"},{\"@type\":\"Organization\",\"@id\":\"https:\/\/www.prijedordanas.com\/#organization\",\"name\":\"PrijedorDanas.com\",\"url\":\"https:\/\/www.prijedordanas.com\/\",\"logo\":{\"@type\":\"ImageObject\",\"inLanguage\":\"en-US\",\"@id\":\"https:\/\/www.prijedordanas.com\/#\/schema\/logo\/image\/\",\"url\":\"http:\/\/www.prijedordanas.com\/wp-content\/uploads\/2021\/12\/logopng.png\",\"contentUrl\":\"http:\/\/www.prijedordanas.com\/wp-content\/uploads\/2021\/12\/logopng.png\",\"width\":1019,\"height\":776,\"caption\":\"PrijedorDanas.com\"},\"image\":{\"@id\":\"https:\/\/www.prijedordanas.com\/#\/schema\/logo\/image\/\"},\"sameAs\":[\"https:\/\/www.facebook.com\/PrijedorDanasCom\/\"]},{\"@type\":\"Person\",\"@id\":\"https:\/\/www.prijedordanas.com\/#\/schema\/person\/4e08ccf29b506ca916ff86d46bb700e6\",\"name\":\"admin\",\"image\":{\"@type\":\"ImageObject\",\"inLanguage\":\"en-US\",\"@id\":\"https:\/\/www.prijedordanas.com\/#\/schema\/person\/image\/\",\"url\":\"https:\/\/secure.gravatar.com\/avatar\/1d3fc949d550f0b53a5f0d51e06dfd79?s=96&d=mm&r=g\",\"contentUrl\":\"https:\/\/secure.gravatar.com\/avatar\/1d3fc949d550f0b53a5f0d51e06dfd79?s=96&d=mm&r=g\",\"caption\":\"admin\"},\"url\":\"https:\/\/www.prijedordanas.com\/?author=1\"}]}<\/script>\n<!-- \/ Yoast SEO plugin. -->","yoast_head_json":{"title":"ZAHVALNOST GRADU I \u0160KOLAMA ZA U\u010cE\u0160\u0106E U HUMANITARNIM AKCIJAMA - PrijedorDanas.com - Prijedorski gradski portal","robots":{"index":"index","follow":"follow","max-snippet":"max-snippet:-1","max-image-preview":"max-image-preview:large","max-video-preview":"max-video-preview:-1"},"canonical":"https:\/\/www.prijedordanas.com\/?p=43168","og_locale":"en_US","og_type":"article","og_title":"ZAHVALNOST GRADU I \u0160KOLAMA ZA U\u010cE\u0160\u0106E U HUMANITARNIM AKCIJAMA - PrijedorDanas.com - Prijedorski gradski portal","og_description":"Predsjednik Odbora za pomo\u0107 Srbima Kosova i Metohije Milorad Arlov uru\u010dio je danas u Prijedoru zahvalnice predstavnicima gradske uprave i osnovnih \u0161kola &#8220;Branko \u0106opi\u0107&#8221; i &#8220;Jovan Cviji\u0107&#8221; za prijem pedesetak [&hellip;]","og_url":"https:\/\/www.prijedordanas.com\/?p=43168","og_site_name":"PrijedorDanas.com - Prijedorski gradski portal","article_publisher":"https:\/\/www.facebook.com\/PrijedorDanasCom\/","article_published_time":"2016-03-02T15:23:20+00:00","og_image":[{"url":"https:\/\/www.prijedordanas.com\/wp-content\/uploads\/2016\/03\/srna-arlov-zahvalnice-1-300x202.jpg"}],"author":"admin","twitter_card":"summary_large_image","twitter_misc":{"Written by":"admin","Est. reading time":"1 minute"},"schema":{"@context":"https:\/\/schema.org","@graph":[{"@type":"Article","@id":"https:\/\/www.prijedordanas.com\/?p=43168#article","isPartOf":{"@id":"https:\/\/www.prijedordanas.com\/?p=43168"},"author":{"name":"admin","@id":"https:\/\/www.prijedordanas.com\/#\/schema\/person\/4e08ccf29b506ca916ff86d46bb700e6"},"headline":"ZAHVALNOST GRADU I \u0160KOLAMA ZA U\u010cE\u0160\u0106E U HUMANITARNIM AKCIJAMA","datePublished":"2016-03-02T15:23:20+00:00","dateModified":"2016-03-02T15:23:20+00:00","mainEntityOfPage":{"@id":"https:\/\/www.prijedordanas.com\/?p=43168"},"wordCount":227,"publisher":{"@id":"https:\/\/www.prijedordanas.com\/#organization"},"keywords":["ekshumacija","Milorad Arlov","O\u0160 \"Branko \u0106opi\u0107\" Prijedor","O\u0160 \"Jovan Cviji\u0107\" Brezi\u010dani","zahvalnice"],"articleSection":["Svakodnevno"],"inLanguage":"en-US"},{"@type":"WebPage","@id":"https:\/\/www.prijedordanas.com\/?p=43168","url":"https:\/\/www.prijedordanas.com\/?p=43168","name":"ZAHVALNOST GRADU I \u0160KOLAMA ZA U\u010cE\u0160\u0106E U HUMANITARNIM AKCIJAMA - PrijedorDanas.com - Prijedorski gradski portal","isPartOf":{"@id":"https:\/\/www.prijedordanas.com\/#website"},"datePublished":"2016-03-02T15:23:20+00:00","dateModified":"2016-03-02T15:23:20+00:00","breadcrumb":{"@id":"https:\/\/www.prijedordanas.com\/?p=43168#breadcrumb"},"inLanguage":"en-US","potentialAction":[{"@type":"ReadAction","target":["https:\/\/www.prijedordanas.com\/?p=43168"]}]},{"@type":"BreadcrumbList","@id":"https:\/\/www.prijedordanas.com\/?p=43168#breadcrumb","itemListElement":[{"@type":"ListItem","position":1,"name":"Home","item":"https:\/\/www.prijedordanas.com\/"},{"@type":"ListItem","position":2,"name":"ZAHVALNOST GRADU I \u0160KOLAMA ZA U\u010cE\u0160\u0106E U HUMANITARNIM AKCIJAMA"}]},{"@type":"WebSite","@id":"https:\/\/www.prijedordanas.com\/#website","url":"https:\/\/www.prijedordanas.com\/","name":"PrijedorDanas.com - Prijedorski gradski portal","description":"Portal o doga\u0111anjima u gradu Prijedoru","publisher":{"@id":"https:\/\/www.prijedordanas.com\/#organization"},"potentialAction":[{"@type":"SearchAction","target":{"@type":"EntryPoint","urlTemplate":"https:\/\/www.prijedordanas.com\/?s={search_term_string}"},"query-input":"required name=search_term_string"}],"inLanguage":"en-US"},{"@type":"Organization","@id":"https:\/\/www.prijedordanas.com\/#organization","name":"PrijedorDanas.com","url":"https:\/\/www.prijedordanas.com\/","logo":{"@type":"ImageObject","inLanguage":"en-US","@id":"https:\/\/www.prijedordanas.com\/#\/schema\/logo\/image\/","url":"http:\/\/www.prijedordanas.com\/wp-content\/uploads\/2021\/12\/logopng.png","contentUrl":"http:\/\/www.prijedordanas.com\/wp-content\/uploads\/2021\/12\/logopng.png","width":1019,"height":776,"caption":"PrijedorDanas.com"},"image":{"@id":"https:\/\/www.prijedordanas.com\/#\/schema\/logo\/image\/"},"sameAs":["https:\/\/www.facebook.com\/PrijedorDanasCom\/"]},{"@type":"Person","@id":"https:\/\/www.prijedordanas.com\/#\/schema\/person\/4e08ccf29b506ca916ff86d46bb700e6","name":"admin","image":{"@type":"ImageObject","inLanguage":"en-US","@id":"https:\/\/www.prijedordanas.com\/#\/schema\/person\/image\/","url":"https:\/\/secure.gravatar.com\/avatar\/1d3fc949d550f0b53a5f0d51e06dfd79?s=96&d=mm&r=g","contentUrl":"https:\/\/secure.gravatar.com\/avatar\/1d3fc949d550f0b53a5f0d51e06dfd79?s=96&d=mm&r=g","caption":"admin"},"url":"https:\/\/www.prijedordanas.com\/?author=1"}]}},"_links":{"self":[{"href":"https:\/\/www.prijedordanas.com\/index.php?rest_route=\/wp\/v2\/posts\/43168"}],"collection":[{"href":"https:\/\/www.prijedordanas.com\/index.php?rest_route=\/wp\/v2\/posts"}],"about":[{"href":"https:\/\/www.prijedordanas.com\/index.php?rest_route=\/wp\/v2\/types\/post"}],"author":[{"embeddable":true,"href":"https:\/\/www.prijedordanas.com\/index.php?rest_route=\/wp\/v2\/users\/1"}],"replies":[{"embeddable":true,"href":"https:\/\/www.prijedordanas.com\/index.php?rest_route=%2Fwp%2Fv2%2Fcomments&post=43168"}],"version-history":[{"count":1,"href":"https:\/\/www.prijedordanas.com\/index.php?rest_route=\/wp\/v2\/posts\/43168\/revisions"}],"predecessor-version":[{"id":43171,"href":"https:\/\/www.prijedordanas.com\/index.php?rest_route=\/wp\/v2\/posts\/43168\/revisions\/43171"}],"wp:attachment":[{"href":"https:\/\/www.prijedordanas.com\/index.php?rest_route=%2Fwp%2Fv2%2Fmedia&parent=43168"}],"wp:term":[{"taxonomy":"category","embeddable":true,"href":"https:\/\/www.prijedordanas.com\/index.php?rest_route=%2Fwp%2Fv2%2Fcategories&post=43168"},{"taxonomy":"post_tag","embeddable":true,"href":"https:\/\/www.prijedordanas.com\/index.php?rest_route=%2Fwp%2Fv2%2Ftags&post=43168"}],"curies":[{"name":"wp","href":"https:\/\/api.w.org\/{rel}","templated":true}]}}