{"id":43036,"date":"2016-03-01T16:59:56","date_gmt":"2016-03-01T15:59:56","guid":{"rendered":"https:\/\/www.prijedordanas.com\/?p=43036"},"modified":"2016-03-01T16:59:56","modified_gmt":"2016-03-01T15:59:56","slug":"kadeti-rudar-prijedora-savladali-mladost-dk-foto","status":"publish","type":"post","link":"https:\/\/www.prijedordanas.com\/?p=43036","title":{"rendered":"KADETI RUDAR-PRIJEDORA SAVLADALI MLADOST (DK) &#8211; FOTO"},"content":{"rendered":"<p><a href=\"https:\/\/www.prijedordanas.com\/wp-content\/uploads\/2016\/03\/rudar-prijedor-kadeti-proljece-2016.jpg\" rel=\"attachment wp-att-43038\"><img loading=\"lazy\" decoding=\"async\" src=\"https:\/\/www.prijedordanas.com\/wp-content\/uploads\/2016\/03\/rudar-prijedor-kadeti-proljece-2016-300x199.jpg\" alt=\"rudar prijedor-kadeti-proljece 2016\" width=\"300\" height=\"199\" class=\"alignleft size-medium wp-image-43038\" srcset=\"https:\/\/www.prijedordanas.com\/wp-content\/uploads\/2016\/03\/rudar-prijedor-kadeti-proljece-2016-300x200.jpg 300w, https:\/\/www.prijedordanas.com\/wp-content\/uploads\/2016\/03\/rudar-prijedor-kadeti-proljece-2016-768x509.jpg 768w, https:\/\/www.prijedordanas.com\/wp-content\/uploads\/2016\/03\/rudar-prijedor-kadeti-proljece-2016-480x320.jpg 480w, https:\/\/www.prijedordanas.com\/wp-content\/uploads\/2016\/03\/rudar-prijedor-kadeti-proljece-2016.jpg 1000w\" sizes=\"(max-width: 300px) 100vw, 300px\" \/><\/a>Kadeti Rudar-Prijedora ostvarili su zaslu\u017eenu pobjedu rezultatom 2:0 u duelu sa vr\u0161njacima iz ekipe Mladost Doboj Kakanj u okviru 16. kola Omladinske Premijer lige BiH.<\/p>\n<p>Iako su bili bolji rival u prvom dijelu susreta doma\u0107i nisu uspijevali prona\u0107i put do mre\u017ee golmana Levi\u0107a koji je imao nekoliko sjajnih intervencija u prvih 40 minuta igre.<\/p>\n<p>Ipak, u nastavku je do\u0161la do izra\u017eaja bolja igra izabranika trenera Marjanovi\u0107a.<\/p>\n<p>Za vodstvo doma\u0107ih pogodio je \u017divani\u0107 nakon dobre akcije svojih saigra\u010da u 44. minuti da bi kona\u010dnih 2:0 postavio Mile Kova\u010devi\u0107 lijepim udarcem u 61. minuti.<\/p>\n<p>Kadeti<br \/>\nRudar-Prijedor: Mladost Doboj Kakanj  2:0 (0:0)<\/p>\n<p>Prijedor<br \/>\nGradski stadion<br \/>\nGledalaca: 50<br \/>\nSudija: Dalibor An\u0111i\u0107<br \/>\nStrijelci: \u017divani\u0107 u 44. i Kova\u010devi\u0107 u 61. minuti<\/p>\n<p>Rudar-Prijedor<br \/>\nKa\u010davenda, Pavlovi\u0107(Tambi\u0107), \u017divani\u0107, Polovina, Drlja\u010da, Marmat (Buji\u0107), Kova\u010devi\u0107 (Radakovi\u0107), Zmijanjac (Kadiri\u0107), Josipovi\u0107, Kovljen, Zori\u0107 (Topalovi\u0107)<br \/>\nTrener-Sr\u0111an Marjanovi\u0107<\/p>\n<p>Mladost<br \/>\nLevi\u0107, Mrkali\u0107, Mehi\u0107, Mijo\u010d (Vehab), Imamovi\u0107 (Begi\u0107), H.Had\u017ei\u0107 (Mu\u0161inbegovi\u0107), O.Had\u017ei\u0107, Kubat (\u010colak), Begi\u0107 (Husika), Kozica, Jusi\u0107<br \/>\nTrener-Admir Goga<\/p>\n<p>Tekst i foto \u2013 Aleksandar Drakuli\u0107 \u2013 <a href=\"www.prijedordanas.com\" target=\"_blank\">www.prijedordanas.com<\/a><\/p>\n<p><a href=\"https:\/\/www.prijedordanas.com\/wp-content\/uploads\/2016\/03\/rudar-prijedor-mladost-dk-kadeti-1.jpg\" rel=\"attachment wp-att-43039\"><img loading=\"lazy\" decoding=\"async\" src=\"https:\/\/www.prijedordanas.com\/wp-content\/uploads\/2016\/03\/rudar-prijedor-mladost-dk-kadeti-1-300x199.jpg\" alt=\"rudar prijedor-mladost dk-kadeti (1)\" width=\"300\" height=\"199\" class=\"alignleft size-medium wp-image-43039\" srcset=\"https:\/\/www.prijedordanas.com\/wp-content\/uploads\/2016\/03\/rudar-prijedor-mladost-dk-kadeti-1-300x200.jpg 300w, https:\/\/www.prijedordanas.com\/wp-content\/uploads\/2016\/03\/rudar-prijedor-mladost-dk-kadeti-1-480x320.jpg 480w, https:\/\/www.prijedordanas.com\/wp-content\/uploads\/2016\/03\/rudar-prijedor-mladost-dk-kadeti-1.jpg 600w\" sizes=\"(max-width: 300px) 100vw, 300px\" \/><\/a> <a href=\"https:\/\/www.prijedordanas.com\/wp-content\/uploads\/2016\/03\/rudar-prijedor-mladost-dk-kadeti-2.jpg\" rel=\"attachment wp-att-43040\"><img loading=\"lazy\" decoding=\"async\" src=\"https:\/\/www.prijedordanas.com\/wp-content\/uploads\/2016\/03\/rudar-prijedor-mladost-dk-kadeti-2-300x199.jpg\" alt=\"rudar prijedor-mladost dk-kadeti (2)\" width=\"300\" height=\"199\" class=\"alignleft size-medium wp-image-43040\" srcset=\"https:\/\/www.prijedordanas.com\/wp-content\/uploads\/2016\/03\/rudar-prijedor-mladost-dk-kadeti-2-300x200.jpg 300w, https:\/\/www.prijedordanas.com\/wp-content\/uploads\/2016\/03\/rudar-prijedor-mladost-dk-kadeti-2-480x320.jpg 480w, https:\/\/www.prijedordanas.com\/wp-content\/uploads\/2016\/03\/rudar-prijedor-mladost-dk-kadeti-2.jpg 600w\" sizes=\"(max-width: 300px) 100vw, 300px\" \/><\/a> <a href=\"https:\/\/www.prijedordanas.com\/wp-content\/uploads\/2016\/03\/rudar-prijedor-mladost-dk-kadeti-3.jpg\" rel=\"attachment wp-att-43043\"><img loading=\"lazy\" decoding=\"async\" src=\"https:\/\/www.prijedordanas.com\/wp-content\/uploads\/2016\/03\/rudar-prijedor-mladost-dk-kadeti-3-300x199.jpg\" alt=\"rudar prijedor-mladost dk-kadeti (3)\" width=\"300\" height=\"199\" class=\"alignleft size-medium wp-image-43043\" srcset=\"https:\/\/www.prijedordanas.com\/wp-content\/uploads\/2016\/03\/rudar-prijedor-mladost-dk-kadeti-3-300x200.jpg 300w, https:\/\/www.prijedordanas.com\/wp-content\/uploads\/2016\/03\/rudar-prijedor-mladost-dk-kadeti-3-480x320.jpg 480w, https:\/\/www.prijedordanas.com\/wp-content\/uploads\/2016\/03\/rudar-prijedor-mladost-dk-kadeti-3.jpg 600w\" sizes=\"(max-width: 300px) 100vw, 300px\" \/><\/a> <a href=\"https:\/\/www.prijedordanas.com\/wp-content\/uploads\/2016\/03\/rudar-prijedor-mladost-dk-kadeti-4.jpg\" rel=\"attachment wp-att-43046\"><img loading=\"lazy\" decoding=\"async\" src=\"https:\/\/www.prijedordanas.com\/wp-content\/uploads\/2016\/03\/rudar-prijedor-mladost-dk-kadeti-4-300x199.jpg\" alt=\"rudar prijedor-mladost dk-kadeti (4)\" width=\"300\" height=\"199\" class=\"alignleft size-medium wp-image-43046\" srcset=\"https:\/\/www.prijedordanas.com\/wp-content\/uploads\/2016\/03\/rudar-prijedor-mladost-dk-kadeti-4-300x200.jpg 300w, https:\/\/www.prijedordanas.com\/wp-content\/uploads\/2016\/03\/rudar-prijedor-mladost-dk-kadeti-4-480x320.jpg 480w, https:\/\/www.prijedordanas.com\/wp-content\/uploads\/2016\/03\/rudar-prijedor-mladost-dk-kadeti-4.jpg 600w\" sizes=\"(max-width: 300px) 100vw, 300px\" \/><\/a> <a href=\"https:\/\/www.prijedordanas.com\/wp-content\/uploads\/2016\/03\/rudar-prijedor-mladost-dk-kadeti-5.jpg\" rel=\"attachment wp-att-43047\"><img loading=\"lazy\" decoding=\"async\" src=\"https:\/\/www.prijedordanas.com\/wp-content\/uploads\/2016\/03\/rudar-prijedor-mladost-dk-kadeti-5-300x199.jpg\" alt=\"rudar prijedor-mladost dk-kadeti (5)\" width=\"300\" height=\"199\" class=\"alignleft size-medium wp-image-43047\" srcset=\"https:\/\/www.prijedordanas.com\/wp-content\/uploads\/2016\/03\/rudar-prijedor-mladost-dk-kadeti-5-300x200.jpg 300w, https:\/\/www.prijedordanas.com\/wp-content\/uploads\/2016\/03\/rudar-prijedor-mladost-dk-kadeti-5-480x320.jpg 480w, https:\/\/www.prijedordanas.com\/wp-content\/uploads\/2016\/03\/rudar-prijedor-mladost-dk-kadeti-5.jpg 600w\" sizes=\"(max-width: 300px) 100vw, 300px\" \/><\/a> <a href=\"https:\/\/www.prijedordanas.com\/wp-content\/uploads\/2016\/03\/rudar-prijedor-mladost-dk-kadeti-6.jpg\" rel=\"attachment wp-att-43050\"><img loading=\"lazy\" decoding=\"async\" src=\"https:\/\/www.prijedordanas.com\/wp-content\/uploads\/2016\/03\/rudar-prijedor-mladost-dk-kadeti-6-300x199.jpg\" alt=\"rudar prijedor-mladost dk-kadeti (6)\" width=\"300\" height=\"199\" class=\"alignleft size-medium wp-image-43050\" srcset=\"https:\/\/www.prijedordanas.com\/wp-content\/uploads\/2016\/03\/rudar-prijedor-mladost-dk-kadeti-6-300x200.jpg 300w, https:\/\/www.prijedordanas.com\/wp-content\/uploads\/2016\/03\/rudar-prijedor-mladost-dk-kadeti-6-480x320.jpg 480w, https:\/\/www.prijedordanas.com\/wp-content\/uploads\/2016\/03\/rudar-prijedor-mladost-dk-kadeti-6.jpg 600w\" sizes=\"(max-width: 300px) 100vw, 300px\" \/><\/a> <a href=\"https:\/\/www.prijedordanas.com\/wp-content\/uploads\/2016\/03\/rudar-prijedor-mladost-dk-kadeti-7.jpg\" rel=\"attachment wp-att-43051\"><img loading=\"lazy\" decoding=\"async\" src=\"https:\/\/www.prijedordanas.com\/wp-content\/uploads\/2016\/03\/rudar-prijedor-mladost-dk-kadeti-7-300x199.jpg\" alt=\"rudar prijedor-mladost dk-kadeti (7)\" width=\"300\" height=\"199\" class=\"alignleft size-medium wp-image-43051\" srcset=\"https:\/\/www.prijedordanas.com\/wp-content\/uploads\/2016\/03\/rudar-prijedor-mladost-dk-kadeti-7-300x200.jpg 300w, https:\/\/www.prijedordanas.com\/wp-content\/uploads\/2016\/03\/rudar-prijedor-mladost-dk-kadeti-7-480x320.jpg 480w, https:\/\/www.prijedordanas.com\/wp-content\/uploads\/2016\/03\/rudar-prijedor-mladost-dk-kadeti-7.jpg 600w\" sizes=\"(max-width: 300px) 100vw, 300px\" \/><\/a> <a href=\"https:\/\/www.prijedordanas.com\/wp-content\/uploads\/2016\/03\/rudar-prijedor-mladost-dk-kadeti-8.jpg\" rel=\"attachment wp-att-43052\"><img loading=\"lazy\" decoding=\"async\" src=\"https:\/\/www.prijedordanas.com\/wp-content\/uploads\/2016\/03\/rudar-prijedor-mladost-dk-kadeti-8-300x199.jpg\" alt=\"rudar prijedor-mladost dk-kadeti (8)\" width=\"300\" height=\"199\" class=\"alignleft size-medium wp-image-43052\" srcset=\"https:\/\/www.prijedordanas.com\/wp-content\/uploads\/2016\/03\/rudar-prijedor-mladost-dk-kadeti-8-300x200.jpg 300w, https:\/\/www.prijedordanas.com\/wp-content\/uploads\/2016\/03\/rudar-prijedor-mladost-dk-kadeti-8-480x320.jpg 480w, https:\/\/www.prijedordanas.com\/wp-content\/uploads\/2016\/03\/rudar-prijedor-mladost-dk-kadeti-8.jpg 600w\" sizes=\"(max-width: 300px) 100vw, 300px\" \/><\/a> <a href=\"https:\/\/www.prijedordanas.com\/wp-content\/uploads\/2016\/03\/rudar-prijedor-mladost-dk-kadeti-9.jpg\" rel=\"attachment wp-att-43053\"><img loading=\"lazy\" decoding=\"async\" src=\"https:\/\/www.prijedordanas.com\/wp-content\/uploads\/2016\/03\/rudar-prijedor-mladost-dk-kadeti-9-300x199.jpg\" alt=\"rudar prijedor-mladost dk-kadeti (9)\" width=\"300\" height=\"199\" class=\"alignleft size-medium wp-image-43053\" srcset=\"https:\/\/www.prijedordanas.com\/wp-content\/uploads\/2016\/03\/rudar-prijedor-mladost-dk-kadeti-9-300x200.jpg 300w, https:\/\/www.prijedordanas.com\/wp-content\/uploads\/2016\/03\/rudar-prijedor-mladost-dk-kadeti-9-480x320.jpg 480w, https:\/\/www.prijedordanas.com\/wp-content\/uploads\/2016\/03\/rudar-prijedor-mladost-dk-kadeti-9.jpg 600w\" sizes=\"(max-width: 300px) 100vw, 300px\" \/><\/a><\/p>\n","protected":false},"excerpt":{"rendered":"<p>Kadeti Rudar-Prijedora ostvarili su zaslu\u017eenu pobjedu rezultatom 2:0 u duelu sa vr\u0161njacima iz ekipe Mladost Doboj Kakanj u okviru 16. kola Omladinske Premijer lige BiH. Iako su bili bolji rival [&hellip;]<\/p>\n","protected":false},"author":1,"featured_media":0,"comment_status":"closed","ping_status":"open","sticky":false,"template":"","format":"standard","meta":{"_monsterinsights_skip_tracking":false,"_monsterinsights_sitenote_active":false,"_monsterinsights_sitenote_note":"","_monsterinsights_sitenote_category":0,"footnotes":""},"categories":[7],"tags":[374,4409,375,221],"yoast_head":"<!-- This site is optimized with the Yoast SEO plugin v21.6 - https:\/\/yoast.com\/wordpress\/plugins\/seo\/ -->\n<title>KADETI RUDAR-PRIJEDORA SAVLADALI MLADOST (DK) - FOTO - PrijedorDanas.com - Prijedorski gradski portal<\/title>\n<meta name=\"robots\" content=\"index, follow, max-snippet:-1, max-image-preview:large, max-video-preview:-1\" \/>\n<link rel=\"canonical\" href=\"https:\/\/www.prijedordanas.com\/?p=43036\" \/>\n<meta property=\"og:locale\" content=\"en_US\" \/>\n<meta property=\"og:type\" content=\"article\" \/>\n<meta property=\"og:title\" content=\"KADETI RUDAR-PRIJEDORA SAVLADALI MLADOST (DK) - FOTO - PrijedorDanas.com - Prijedorski gradski portal\" \/>\n<meta property=\"og:description\" content=\"Kadeti Rudar-Prijedora ostvarili su zaslu\u017eenu pobjedu rezultatom 2:0 u duelu sa vr\u0161njacima iz ekipe Mladost Doboj Kakanj u okviru 16. kola Omladinske Premijer lige BiH. Iako su bili bolji rival [&hellip;]\" \/>\n<meta property=\"og:url\" content=\"https:\/\/www.prijedordanas.com\/?p=43036\" \/>\n<meta property=\"og:site_name\" content=\"PrijedorDanas.com - Prijedorski gradski portal\" \/>\n<meta property=\"article:publisher\" content=\"https:\/\/www.facebook.com\/PrijedorDanasCom\/\" \/>\n<meta property=\"article:published_time\" content=\"2016-03-01T15:59:56+00:00\" \/>\n<meta property=\"og:image\" content=\"https:\/\/www.prijedordanas.com\/wp-content\/uploads\/2016\/03\/rudar-prijedor-kadeti-proljece-2016-300x199.jpg\" \/>\n<meta name=\"author\" content=\"admin\" \/>\n<meta name=\"twitter:card\" content=\"summary_large_image\" \/>\n<meta name=\"twitter:label1\" content=\"Written by\" \/>\n\t<meta name=\"twitter:data1\" content=\"admin\" \/>\n\t<meta name=\"twitter:label2\" content=\"Est. reading time\" \/>\n\t<meta name=\"twitter:data2\" content=\"1 minute\" \/>\n<script type=\"application\/ld+json\" class=\"yoast-schema-graph\">{\"@context\":\"https:\/\/schema.org\",\"@graph\":[{\"@type\":\"Article\",\"@id\":\"https:\/\/www.prijedordanas.com\/?p=43036#article\",\"isPartOf\":{\"@id\":\"https:\/\/www.prijedordanas.com\/?p=43036\"},\"author\":{\"name\":\"admin\",\"@id\":\"https:\/\/www.prijedordanas.com\/#\/schema\/person\/4e08ccf29b506ca916ff86d46bb700e6\"},\"headline\":\"KADETI RUDAR-PRIJEDORA SAVLADALI MLADOST (DK) &#8211; FOTO\",\"datePublished\":\"2016-03-01T15:59:56+00:00\",\"dateModified\":\"2016-03-01T15:59:56+00:00\",\"mainEntityOfPage\":{\"@id\":\"https:\/\/www.prijedordanas.com\/?p=43036\"},\"wordCount\":182,\"publisher\":{\"@id\":\"https:\/\/www.prijedordanas.com\/#organization\"},\"keywords\":[\"kadeti\",\"Mladost Doboj-Kakanj\",\"Omladinska Premijer liga BiH\",\"Rudar-Prijedor\"],\"articleSection\":[\"Sport\"],\"inLanguage\":\"en-US\"},{\"@type\":\"WebPage\",\"@id\":\"https:\/\/www.prijedordanas.com\/?p=43036\",\"url\":\"https:\/\/www.prijedordanas.com\/?p=43036\",\"name\":\"KADETI RUDAR-PRIJEDORA SAVLADALI MLADOST (DK) - FOTO - PrijedorDanas.com - Prijedorski gradski portal\",\"isPartOf\":{\"@id\":\"https:\/\/www.prijedordanas.com\/#website\"},\"datePublished\":\"2016-03-01T15:59:56+00:00\",\"dateModified\":\"2016-03-01T15:59:56+00:00\",\"breadcrumb\":{\"@id\":\"https:\/\/www.prijedordanas.com\/?p=43036#breadcrumb\"},\"inLanguage\":\"en-US\",\"potentialAction\":[{\"@type\":\"ReadAction\",\"target\":[\"https:\/\/www.prijedordanas.com\/?p=43036\"]}]},{\"@type\":\"BreadcrumbList\",\"@id\":\"https:\/\/www.prijedordanas.com\/?p=43036#breadcrumb\",\"itemListElement\":[{\"@type\":\"ListItem\",\"position\":1,\"name\":\"Home\",\"item\":\"https:\/\/www.prijedordanas.com\/\"},{\"@type\":\"ListItem\",\"position\":2,\"name\":\"KADETI RUDAR-PRIJEDORA SAVLADALI MLADOST (DK) &#8211; FOTO\"}]},{\"@type\":\"WebSite\",\"@id\":\"https:\/\/www.prijedordanas.com\/#website\",\"url\":\"https:\/\/www.prijedordanas.com\/\",\"name\":\"PrijedorDanas.com - Prijedorski gradski portal\",\"description\":\"Portal o doga\u0111anjima u gradu Prijedoru\",\"publisher\":{\"@id\":\"https:\/\/www.prijedordanas.com\/#organization\"},\"potentialAction\":[{\"@type\":\"SearchAction\",\"target\":{\"@type\":\"EntryPoint\",\"urlTemplate\":\"https:\/\/www.prijedordanas.com\/?s={search_term_string}\"},\"query-input\":\"required name=search_term_string\"}],\"inLanguage\":\"en-US\"},{\"@type\":\"Organization\",\"@id\":\"https:\/\/www.prijedordanas.com\/#organization\",\"name\":\"PrijedorDanas.com\",\"url\":\"https:\/\/www.prijedordanas.com\/\",\"logo\":{\"@type\":\"ImageObject\",\"inLanguage\":\"en-US\",\"@id\":\"https:\/\/www.prijedordanas.com\/#\/schema\/logo\/image\/\",\"url\":\"http:\/\/www.prijedordanas.com\/wp-content\/uploads\/2021\/12\/logopng.png\",\"contentUrl\":\"http:\/\/www.prijedordanas.com\/wp-content\/uploads\/2021\/12\/logopng.png\",\"width\":1019,\"height\":776,\"caption\":\"PrijedorDanas.com\"},\"image\":{\"@id\":\"https:\/\/www.prijedordanas.com\/#\/schema\/logo\/image\/\"},\"sameAs\":[\"https:\/\/www.facebook.com\/PrijedorDanasCom\/\"]},{\"@type\":\"Person\",\"@id\":\"https:\/\/www.prijedordanas.com\/#\/schema\/person\/4e08ccf29b506ca916ff86d46bb700e6\",\"name\":\"admin\",\"image\":{\"@type\":\"ImageObject\",\"inLanguage\":\"en-US\",\"@id\":\"https:\/\/www.prijedordanas.com\/#\/schema\/person\/image\/\",\"url\":\"https:\/\/secure.gravatar.com\/avatar\/1d3fc949d550f0b53a5f0d51e06dfd79?s=96&d=mm&r=g\",\"contentUrl\":\"https:\/\/secure.gravatar.com\/avatar\/1d3fc949d550f0b53a5f0d51e06dfd79?s=96&d=mm&r=g\",\"caption\":\"admin\"},\"url\":\"https:\/\/www.prijedordanas.com\/?author=1\"}]}<\/script>\n<!-- \/ Yoast SEO plugin. -->","yoast_head_json":{"title":"KADETI RUDAR-PRIJEDORA SAVLADALI MLADOST (DK) - FOTO - PrijedorDanas.com - Prijedorski gradski portal","robots":{"index":"index","follow":"follow","max-snippet":"max-snippet:-1","max-image-preview":"max-image-preview:large","max-video-preview":"max-video-preview:-1"},"canonical":"https:\/\/www.prijedordanas.com\/?p=43036","og_locale":"en_US","og_type":"article","og_title":"KADETI RUDAR-PRIJEDORA SAVLADALI MLADOST (DK) - FOTO - PrijedorDanas.com - Prijedorski gradski portal","og_description":"Kadeti Rudar-Prijedora ostvarili su zaslu\u017eenu pobjedu rezultatom 2:0 u duelu sa vr\u0161njacima iz ekipe Mladost Doboj Kakanj u okviru 16. kola Omladinske Premijer lige BiH. Iako su bili bolji rival [&hellip;]","og_url":"https:\/\/www.prijedordanas.com\/?p=43036","og_site_name":"PrijedorDanas.com - Prijedorski gradski portal","article_publisher":"https:\/\/www.facebook.com\/PrijedorDanasCom\/","article_published_time":"2016-03-01T15:59:56+00:00","og_image":[{"url":"https:\/\/www.prijedordanas.com\/wp-content\/uploads\/2016\/03\/rudar-prijedor-kadeti-proljece-2016-300x199.jpg"}],"author":"admin","twitter_card":"summary_large_image","twitter_misc":{"Written by":"admin","Est. reading time":"1 minute"},"schema":{"@context":"https:\/\/schema.org","@graph":[{"@type":"Article","@id":"https:\/\/www.prijedordanas.com\/?p=43036#article","isPartOf":{"@id":"https:\/\/www.prijedordanas.com\/?p=43036"},"author":{"name":"admin","@id":"https:\/\/www.prijedordanas.com\/#\/schema\/person\/4e08ccf29b506ca916ff86d46bb700e6"},"headline":"KADETI RUDAR-PRIJEDORA SAVLADALI MLADOST (DK) &#8211; FOTO","datePublished":"2016-03-01T15:59:56+00:00","dateModified":"2016-03-01T15:59:56+00:00","mainEntityOfPage":{"@id":"https:\/\/www.prijedordanas.com\/?p=43036"},"wordCount":182,"publisher":{"@id":"https:\/\/www.prijedordanas.com\/#organization"},"keywords":["kadeti","Mladost Doboj-Kakanj","Omladinska Premijer liga BiH","Rudar-Prijedor"],"articleSection":["Sport"],"inLanguage":"en-US"},{"@type":"WebPage","@id":"https:\/\/www.prijedordanas.com\/?p=43036","url":"https:\/\/www.prijedordanas.com\/?p=43036","name":"KADETI RUDAR-PRIJEDORA SAVLADALI MLADOST (DK) - FOTO - PrijedorDanas.com - Prijedorski gradski portal","isPartOf":{"@id":"https:\/\/www.prijedordanas.com\/#website"},"datePublished":"2016-03-01T15:59:56+00:00","dateModified":"2016-03-01T15:59:56+00:00","breadcrumb":{"@id":"https:\/\/www.prijedordanas.com\/?p=43036#breadcrumb"},"inLanguage":"en-US","potentialAction":[{"@type":"ReadAction","target":["https:\/\/www.prijedordanas.com\/?p=43036"]}]},{"@type":"BreadcrumbList","@id":"https:\/\/www.prijedordanas.com\/?p=43036#breadcrumb","itemListElement":[{"@type":"ListItem","position":1,"name":"Home","item":"https:\/\/www.prijedordanas.com\/"},{"@type":"ListItem","position":2,"name":"KADETI RUDAR-PRIJEDORA SAVLADALI MLADOST (DK) &#8211; FOTO"}]},{"@type":"WebSite","@id":"https:\/\/www.prijedordanas.com\/#website","url":"https:\/\/www.prijedordanas.com\/","name":"PrijedorDanas.com - Prijedorski gradski portal","description":"Portal o doga\u0111anjima u gradu Prijedoru","publisher":{"@id":"https:\/\/www.prijedordanas.com\/#organization"},"potentialAction":[{"@type":"SearchAction","target":{"@type":"EntryPoint","urlTemplate":"https:\/\/www.prijedordanas.com\/?s={search_term_string}"},"query-input":"required name=search_term_string"}],"inLanguage":"en-US"},{"@type":"Organization","@id":"https:\/\/www.prijedordanas.com\/#organization","name":"PrijedorDanas.com","url":"https:\/\/www.prijedordanas.com\/","logo":{"@type":"ImageObject","inLanguage":"en-US","@id":"https:\/\/www.prijedordanas.com\/#\/schema\/logo\/image\/","url":"http:\/\/www.prijedordanas.com\/wp-content\/uploads\/2021\/12\/logopng.png","contentUrl":"http:\/\/www.prijedordanas.com\/wp-content\/uploads\/2021\/12\/logopng.png","width":1019,"height":776,"caption":"PrijedorDanas.com"},"image":{"@id":"https:\/\/www.prijedordanas.com\/#\/schema\/logo\/image\/"},"sameAs":["https:\/\/www.facebook.com\/PrijedorDanasCom\/"]},{"@type":"Person","@id":"https:\/\/www.prijedordanas.com\/#\/schema\/person\/4e08ccf29b506ca916ff86d46bb700e6","name":"admin","image":{"@type":"ImageObject","inLanguage":"en-US","@id":"https:\/\/www.prijedordanas.com\/#\/schema\/person\/image\/","url":"https:\/\/secure.gravatar.com\/avatar\/1d3fc949d550f0b53a5f0d51e06dfd79?s=96&d=mm&r=g","contentUrl":"https:\/\/secure.gravatar.com\/avatar\/1d3fc949d550f0b53a5f0d51e06dfd79?s=96&d=mm&r=g","caption":"admin"},"url":"https:\/\/www.prijedordanas.com\/?author=1"}]}},"_links":{"self":[{"href":"https:\/\/www.prijedordanas.com\/index.php?rest_route=\/wp\/v2\/posts\/43036"}],"collection":[{"href":"https:\/\/www.prijedordanas.com\/index.php?rest_route=\/wp\/v2\/posts"}],"about":[{"href":"https:\/\/www.prijedordanas.com\/index.php?rest_route=\/wp\/v2\/types\/post"}],"author":[{"embeddable":true,"href":"https:\/\/www.prijedordanas.com\/index.php?rest_route=\/wp\/v2\/users\/1"}],"replies":[{"embeddable":true,"href":"https:\/\/www.prijedordanas.com\/index.php?rest_route=%2Fwp%2Fv2%2Fcomments&post=43036"}],"version-history":[{"count":3,"href":"https:\/\/www.prijedordanas.com\/index.php?rest_route=\/wp\/v2\/posts\/43036\/revisions"}],"predecessor-version":[{"id":43055,"href":"https:\/\/www.prijedordanas.com\/index.php?rest_route=\/wp\/v2\/posts\/43036\/revisions\/43055"}],"wp:attachment":[{"href":"https:\/\/www.prijedordanas.com\/index.php?rest_route=%2Fwp%2Fv2%2Fmedia&parent=43036"}],"wp:term":[{"taxonomy":"category","embeddable":true,"href":"https:\/\/www.prijedordanas.com\/index.php?rest_route=%2Fwp%2Fv2%2Fcategories&post=43036"},{"taxonomy":"post_tag","embeddable":true,"href":"https:\/\/www.prijedordanas.com\/index.php?rest_route=%2Fwp%2Fv2%2Ftags&post=43036"}],"curies":[{"name":"wp","href":"https:\/\/api.w.org\/{rel}","templated":true}]}}