{"id":42475,"date":"2016-02-24T18:49:12","date_gmt":"2016-02-24T17:49:12","guid":{"rendered":"https:\/\/www.prijedordanas.com\/?p=42475"},"modified":"2016-02-24T18:49:12","modified_gmt":"2016-02-24T17:49:12","slug":"os-jovan-cvijic-brezicani-obiljezila-dan-borbe-protiv-vrsnjackog-nasilja-foto","status":"publish","type":"post","link":"https:\/\/www.prijedordanas.com\/?p=42475","title":{"rendered":"O\u0160 \u201eJOVAN CVIJI\u0106\u201c  BREZI\u010cANI OBILJE\u017dILA DAN BORBE PROTIV VR\u0160NJA\u010cKOG NASILJA &#8211; FOTO"},"content":{"rendered":"<p><a href=\"https:\/\/www.prijedordanas.com\/wp-content\/uploads\/2016\/02\/os-jovan-cvijic-dan-borbe-protiv-vrsnjackog-nasilja-1.jpg\" rel=\"attachment wp-att-42476\"><img loading=\"lazy\" decoding=\"async\" class=\"alignleft size-medium wp-image-42476\" src=\"https:\/\/www.prijedordanas.com\/wp-content\/uploads\/2016\/02\/os-jovan-cvijic-dan-borbe-protiv-vrsnjackog-nasilja-1-300x180.jpg\" alt=\"os jovan cvijic-dan borbe protiv vrsnjackog nasilja (1)\" width=\"300\" height=\"180\" srcset=\"https:\/\/www.prijedordanas.com\/wp-content\/uploads\/2016\/02\/os-jovan-cvijic-dan-borbe-protiv-vrsnjackog-nasilja-1-300x180.jpg 300w, https:\/\/www.prijedordanas.com\/wp-content\/uploads\/2016\/02\/os-jovan-cvijic-dan-borbe-protiv-vrsnjackog-nasilja-1.jpg 600w\" sizes=\"(max-width: 300px) 100vw, 300px\" \/><\/a>Povodom obilje\u017eavanja Dana borbe protiv vr\u0161nja\u010dkog nasilja, 24. februara, Osnovna \u0161kola \u201eJovan Cvijic\u0301\u201c iz Brezi\u010dana realizovala je niz radionica posvec\u0301enih ovom problemu.<\/p>\n<p>-Vr\u0161nja\u010dko nasilje je tema o kojoj se u javnosti u posljednje vrijeme sve vi\u0161e govori. \u0160kola, kao mjesto gdje djeca organizovano zajedno provode najvi\u0161e vremena u toku dana, treba da preuzme primarnu ulogu u prevenciji i za\u0161titi djece od nasilja \u2013 rekla je Olivera Brdar, direktorica ove \u0161kole.<\/p>\n<p>Ona je dodala da se najbolji rezultati smogu postic\u0301i ako se u \u0161koli njeguje atmosfera uva\u017eavanja, razumijevanja i tolerancije, kao i da se samo su \u0161koli u kojoj vlada prijatna atmosfera, u kojoj su svi akteri za\u0161tic\u0301eni i uva\u017eavani, u kojoj se problemi rje\u0161avaju nenasilnim metodama, mo\u017ee sprije\u010diti nasilni\u0161tvo.<\/p>\n<p><a href=\"https:\/\/www.prijedordanas.com\/wp-content\/uploads\/2016\/02\/os-jovan-cvijic-dan-borbe-protiv-vrsnjackog-nasilja-2.jpg\" rel=\"attachment wp-att-42480\"><img loading=\"lazy\" decoding=\"async\" class=\"alignleft size-medium wp-image-42480\" src=\"https:\/\/www.prijedordanas.com\/wp-content\/uploads\/2016\/02\/os-jovan-cvijic-dan-borbe-protiv-vrsnjackog-nasilja-2-300x225.jpg\" alt=\"os jovan cvijic-dan borbe protiv vrsnjackog nasilja (2)\" width=\"300\" height=\"225\" srcset=\"https:\/\/www.prijedordanas.com\/wp-content\/uploads\/2016\/02\/os-jovan-cvijic-dan-borbe-protiv-vrsnjackog-nasilja-2-300x225.jpg 300w, https:\/\/www.prijedordanas.com\/wp-content\/uploads\/2016\/02\/os-jovan-cvijic-dan-borbe-protiv-vrsnjackog-nasilja-2.jpg 600w\" sizes=\"(max-width: 300px) 100vw, 300px\" \/><\/a>-S obzirom na to da smatramo da je rije\u010d o ozbiljnom problemu u \u0161koli se dosta pa\u017enje posvec\u0301uje prevenciji vr\u0161nja\u010dkog nasilja. Pored redovnih aktivnosti i dru\u017eenja u\u010denika, te prakti\u010dnog me\u0111usobnog uva\u017eavanja koje traje vec\u0301 godinama, u na\u0161oj \u0161koli od 2014. godine zvani\u010dno se provodi projekat \u201eMirovno obrazovanje\/prevencija i upravljanje konfliktom\u201c kroz sekciju Nansen vr\u0161nja\u010dkih medijatora. Osim toga, va\u017eno je napomenuti da se ista tematika provodi i kroz Razvojni plan \u0161kole \u010diji je primarni cilj inteziviranje saradnje porodice i \u0161kole \u2013 potvrdila je Brdar.<\/p>\n<p>Ona je dodala da se zbog toga radioni\u010dki pristup ovom problemu provodi i sa u\u010denicima i sa roditeljima u\u010denika na\u0161e \u0161kole.<\/p>\n<p>-Pomoc\u0301 funkcionisanju ovog rada pru\u017ea i Nansen dijalog centar (NDC) Prijedor koji je obu\u010dio dio radnika \u0161kole za rad na prevenciji i upravljanju konfliktima, a oni su dalje svoja znanja putem stru\u010dnih predavanja i aktivnosti na Nastavni\u010dkom vijec\u0301u prenijeli na svoje kolege. Osim toga, NDC Prijedor je dao podr\u0161ku realizaciji aktivnosti u vidu neophodne opreme (tabla pi\u0161i-bri\u0161i, fotoaparat, potro\u0161ni materijal) \u2013 istakla je direktorica O\u0160 \u201eJovan Cviji\u0107\u201c.<\/p>\n<p>Nakon realizovanih radionica s ciljem nenasilne komunikacije i spre\u010davanja vr\u0161nja\u010dkog nasilja prosvjetni radnici ove \u0161kole istakli su veliko zadovoljstvo u\u010denika zbog organizovanja i u\u010de\u0161c\u0301a u radionicama koje su im donijele nova znanja i iskustva.<\/p>\n<p>Oni su tako\u0111e istakli i uticaj radionica na pozitivnu promjenu stila pona\u0161anja, stvaranje povoljnije klime i atmosfere u \u0161koli, te nepostojanje vr\u0161nja\u010dkih sukoba.<\/p>\n<p>Tekst i foto \u2013 O\u0160 \u201eJovan Cviji\u0107\u201c Brezi\u010dani\/Aleksandar Drakuli\u0107 \u2013 <a href=\"www.prijedordanas.com\" target=\"_blank\">www.prijedordanas.com<\/a><\/p>\n<p><a href=\"https:\/\/www.prijedordanas.com\/wp-content\/uploads\/2016\/02\/os-jovan-cvijic-dan-borbe-protiv-vrsnjackog-nasilja-3.jpg\" rel=\"attachment wp-att-42477\"><img loading=\"lazy\" decoding=\"async\" class=\"alignleft size-medium wp-image-42477\" src=\"https:\/\/www.prijedordanas.com\/wp-content\/uploads\/2016\/02\/os-jovan-cvijic-dan-borbe-protiv-vrsnjackog-nasilja-3-300x180.jpg\" alt=\"os jovan cvijic-dan borbe protiv vrsnjackog nasilja (3)\" width=\"300\" height=\"180\" srcset=\"https:\/\/www.prijedordanas.com\/wp-content\/uploads\/2016\/02\/os-jovan-cvijic-dan-borbe-protiv-vrsnjackog-nasilja-3-300x180.jpg 300w, https:\/\/www.prijedordanas.com\/wp-content\/uploads\/2016\/02\/os-jovan-cvijic-dan-borbe-protiv-vrsnjackog-nasilja-3.jpg 600w\" sizes=\"(max-width: 300px) 100vw, 300px\" \/><\/a> <a href=\"https:\/\/www.prijedordanas.com\/wp-content\/uploads\/2016\/02\/os-jovan-cvijic-dan-borbe-protiv-vrsnjackog-nasilja-4.jpg\" rel=\"attachment wp-att-42481\"><img loading=\"lazy\" decoding=\"async\" class=\"alignleft size-medium wp-image-42481\" src=\"https:\/\/www.prijedordanas.com\/wp-content\/uploads\/2016\/02\/os-jovan-cvijic-dan-borbe-protiv-vrsnjackog-nasilja-4-300x180.jpg\" alt=\"os jovan cvijic-dan borbe protiv vrsnjackog nasilja (4)\" width=\"300\" height=\"180\" srcset=\"https:\/\/www.prijedordanas.com\/wp-content\/uploads\/2016\/02\/os-jovan-cvijic-dan-borbe-protiv-vrsnjackog-nasilja-4-300x180.jpg 300w, https:\/\/www.prijedordanas.com\/wp-content\/uploads\/2016\/02\/os-jovan-cvijic-dan-borbe-protiv-vrsnjackog-nasilja-4.jpg 600w\" sizes=\"(max-width: 300px) 100vw, 300px\" \/><\/a> <a href=\"https:\/\/www.prijedordanas.com\/wp-content\/uploads\/2016\/02\/os-jovan-cvijic-dan-borbe-protiv-vrsnjackog-nasilja-5.jpg\" rel=\"attachment wp-att-42482\"><img loading=\"lazy\" decoding=\"async\" class=\"alignleft size-medium wp-image-42482\" src=\"https:\/\/www.prijedordanas.com\/wp-content\/uploads\/2016\/02\/os-jovan-cvijic-dan-borbe-protiv-vrsnjackog-nasilja-5-300x180.jpg\" alt=\"os jovan cvijic-dan borbe protiv vrsnjackog nasilja (5)\" width=\"300\" height=\"180\" srcset=\"https:\/\/www.prijedordanas.com\/wp-content\/uploads\/2016\/02\/os-jovan-cvijic-dan-borbe-protiv-vrsnjackog-nasilja-5-300x180.jpg 300w, https:\/\/www.prijedordanas.com\/wp-content\/uploads\/2016\/02\/os-jovan-cvijic-dan-borbe-protiv-vrsnjackog-nasilja-5.jpg 600w\" sizes=\"(max-width: 300px) 100vw, 300px\" \/><\/a> <a href=\"https:\/\/www.prijedordanas.com\/wp-content\/uploads\/2016\/02\/os-jovan-cvijic-dan-borbe-protiv-vrsnjackog-nasilja-6.jpg\" rel=\"attachment wp-att-42483\"><img loading=\"lazy\" decoding=\"async\" class=\"alignleft size-medium wp-image-42483\" src=\"https:\/\/www.prijedordanas.com\/wp-content\/uploads\/2016\/02\/os-jovan-cvijic-dan-borbe-protiv-vrsnjackog-nasilja-6-300x180.jpg\" alt=\"os jovan cvijic-dan borbe protiv vrsnjackog nasilja (6)\" width=\"300\" height=\"180\" srcset=\"https:\/\/www.prijedordanas.com\/wp-content\/uploads\/2016\/02\/os-jovan-cvijic-dan-borbe-protiv-vrsnjackog-nasilja-6-300x180.jpg 300w, https:\/\/www.prijedordanas.com\/wp-content\/uploads\/2016\/02\/os-jovan-cvijic-dan-borbe-protiv-vrsnjackog-nasilja-6.jpg 600w\" sizes=\"(max-width: 300px) 100vw, 300px\" \/><\/a><\/p>\n","protected":false},"excerpt":{"rendered":"<p>Povodom obilje\u017eavanja Dana borbe protiv vr\u0161nja\u010dkog nasilja, 24. februara, Osnovna \u0161kola \u201eJovan Cvijic\u0301\u201c iz Brezi\u010dana realizovala je niz radionica posvec\u0301enih ovom problemu. -Vr\u0161nja\u010dko nasilje je tema o kojoj se u [&hellip;]<\/p>\n","protected":false},"author":1,"featured_media":0,"comment_status":"closed","ping_status":"open","sticky":false,"template":"","format":"standard","meta":{"_monsterinsights_skip_tracking":false,"_monsterinsights_sitenote_active":false,"_monsterinsights_sitenote_note":"","_monsterinsights_sitenote_category":0,"footnotes":""},"categories":[4],"tags":[6442,6885,1916,6884,5765],"yoast_head":"<!-- This site is optimized with the Yoast SEO plugin v21.6 - https:\/\/yoast.com\/wordpress\/plugins\/seo\/ -->\n<title>O\u0160 \u201eJOVAN CVIJI\u0106\u201c BREZI\u010cANI OBILJE\u017dILA DAN BORBE PROTIV VR\u0160NJA\u010cKOG NASILJA - FOTO - PrijedorDanas.com - Prijedorski gradski portal<\/title>\n<meta name=\"robots\" content=\"index, follow, max-snippet:-1, max-image-preview:large, max-video-preview:-1\" \/>\n<link rel=\"canonical\" href=\"https:\/\/www.prijedordanas.com\/?p=42475\" \/>\n<meta property=\"og:locale\" content=\"en_US\" \/>\n<meta property=\"og:type\" content=\"article\" \/>\n<meta property=\"og:title\" content=\"O\u0160 \u201eJOVAN CVIJI\u0106\u201c BREZI\u010cANI OBILJE\u017dILA DAN BORBE PROTIV VR\u0160NJA\u010cKOG NASILJA - FOTO - PrijedorDanas.com - Prijedorski gradski portal\" \/>\n<meta property=\"og:description\" content=\"Povodom obilje\u017eavanja Dana borbe protiv vr\u0161nja\u010dkog nasilja, 24. februara, Osnovna \u0161kola \u201eJovan Cvijic\u0301\u201c iz Brezi\u010dana realizovala je niz radionica posvec\u0301enih ovom problemu. -Vr\u0161nja\u010dko nasilje je tema o kojoj se u [&hellip;]\" \/>\n<meta property=\"og:url\" content=\"https:\/\/www.prijedordanas.com\/?p=42475\" \/>\n<meta property=\"og:site_name\" content=\"PrijedorDanas.com - Prijedorski gradski portal\" \/>\n<meta property=\"article:publisher\" content=\"https:\/\/www.facebook.com\/PrijedorDanasCom\/\" \/>\n<meta property=\"article:published_time\" content=\"2016-02-24T17:49:12+00:00\" \/>\n<meta property=\"og:image\" content=\"https:\/\/www.prijedordanas.com\/wp-content\/uploads\/2016\/02\/os-jovan-cvijic-dan-borbe-protiv-vrsnjackog-nasilja-1-300x180.jpg\" \/>\n<meta name=\"author\" content=\"admin\" \/>\n<meta name=\"twitter:card\" content=\"summary_large_image\" \/>\n<meta name=\"twitter:label1\" content=\"Written by\" \/>\n\t<meta name=\"twitter:data1\" content=\"admin\" \/>\n\t<meta name=\"twitter:label2\" content=\"Est. reading time\" \/>\n\t<meta name=\"twitter:data2\" content=\"2 minutes\" \/>\n<script type=\"application\/ld+json\" class=\"yoast-schema-graph\">{\"@context\":\"https:\/\/schema.org\",\"@graph\":[{\"@type\":\"Article\",\"@id\":\"https:\/\/www.prijedordanas.com\/?p=42475#article\",\"isPartOf\":{\"@id\":\"https:\/\/www.prijedordanas.com\/?p=42475\"},\"author\":{\"name\":\"admin\",\"@id\":\"https:\/\/www.prijedordanas.com\/#\/schema\/person\/4e08ccf29b506ca916ff86d46bb700e6\"},\"headline\":\"O\u0160 \u201eJOVAN CVIJI\u0106\u201c BREZI\u010cANI OBILJE\u017dILA DAN BORBE PROTIV VR\u0160NJA\u010cKOG NASILJA &#8211; FOTO\",\"datePublished\":\"2016-02-24T17:49:12+00:00\",\"dateModified\":\"2016-02-24T17:49:12+00:00\",\"mainEntityOfPage\":{\"@id\":\"https:\/\/www.prijedordanas.com\/?p=42475\"},\"wordCount\":429,\"publisher\":{\"@id\":\"https:\/\/www.prijedordanas.com\/#organization\"},\"keywords\":[\"aktivnosti\",\"an borbe protiv vrsnja\u010dkog nasilja\",\"obilje\u017eavanje\",\"Olivera Brdar\",\"O\u0160 \\\"Jovan Cviji\u0107\\\" Brezi\u010dani\"],\"articleSection\":[\"Dru\u0161tvo\"],\"inLanguage\":\"en-US\"},{\"@type\":\"WebPage\",\"@id\":\"https:\/\/www.prijedordanas.com\/?p=42475\",\"url\":\"https:\/\/www.prijedordanas.com\/?p=42475\",\"name\":\"O\u0160 \u201eJOVAN CVIJI\u0106\u201c BREZI\u010cANI OBILJE\u017dILA DAN BORBE PROTIV VR\u0160NJA\u010cKOG NASILJA - FOTO - PrijedorDanas.com - Prijedorski gradski portal\",\"isPartOf\":{\"@id\":\"https:\/\/www.prijedordanas.com\/#website\"},\"datePublished\":\"2016-02-24T17:49:12+00:00\",\"dateModified\":\"2016-02-24T17:49:12+00:00\",\"breadcrumb\":{\"@id\":\"https:\/\/www.prijedordanas.com\/?p=42475#breadcrumb\"},\"inLanguage\":\"en-US\",\"potentialAction\":[{\"@type\":\"ReadAction\",\"target\":[\"https:\/\/www.prijedordanas.com\/?p=42475\"]}]},{\"@type\":\"BreadcrumbList\",\"@id\":\"https:\/\/www.prijedordanas.com\/?p=42475#breadcrumb\",\"itemListElement\":[{\"@type\":\"ListItem\",\"position\":1,\"name\":\"Home\",\"item\":\"https:\/\/www.prijedordanas.com\/\"},{\"@type\":\"ListItem\",\"position\":2,\"name\":\"O\u0160 \u201eJOVAN CVIJI\u0106\u201c BREZI\u010cANI OBILJE\u017dILA DAN BORBE PROTIV VR\u0160NJA\u010cKOG NASILJA &#8211; FOTO\"}]},{\"@type\":\"WebSite\",\"@id\":\"https:\/\/www.prijedordanas.com\/#website\",\"url\":\"https:\/\/www.prijedordanas.com\/\",\"name\":\"PrijedorDanas.com - Prijedorski gradski portal\",\"description\":\"Portal o doga\u0111anjima u gradu Prijedoru\",\"publisher\":{\"@id\":\"https:\/\/www.prijedordanas.com\/#organization\"},\"potentialAction\":[{\"@type\":\"SearchAction\",\"target\":{\"@type\":\"EntryPoint\",\"urlTemplate\":\"https:\/\/www.prijedordanas.com\/?s={search_term_string}\"},\"query-input\":\"required name=search_term_string\"}],\"inLanguage\":\"en-US\"},{\"@type\":\"Organization\",\"@id\":\"https:\/\/www.prijedordanas.com\/#organization\",\"name\":\"PrijedorDanas.com\",\"url\":\"https:\/\/www.prijedordanas.com\/\",\"logo\":{\"@type\":\"ImageObject\",\"inLanguage\":\"en-US\",\"@id\":\"https:\/\/www.prijedordanas.com\/#\/schema\/logo\/image\/\",\"url\":\"http:\/\/www.prijedordanas.com\/wp-content\/uploads\/2021\/12\/logopng.png\",\"contentUrl\":\"http:\/\/www.prijedordanas.com\/wp-content\/uploads\/2021\/12\/logopng.png\",\"width\":1019,\"height\":776,\"caption\":\"PrijedorDanas.com\"},\"image\":{\"@id\":\"https:\/\/www.prijedordanas.com\/#\/schema\/logo\/image\/\"},\"sameAs\":[\"https:\/\/www.facebook.com\/PrijedorDanasCom\/\"]},{\"@type\":\"Person\",\"@id\":\"https:\/\/www.prijedordanas.com\/#\/schema\/person\/4e08ccf29b506ca916ff86d46bb700e6\",\"name\":\"admin\",\"image\":{\"@type\":\"ImageObject\",\"inLanguage\":\"en-US\",\"@id\":\"https:\/\/www.prijedordanas.com\/#\/schema\/person\/image\/\",\"url\":\"https:\/\/secure.gravatar.com\/avatar\/1d3fc949d550f0b53a5f0d51e06dfd79?s=96&d=mm&r=g\",\"contentUrl\":\"https:\/\/secure.gravatar.com\/avatar\/1d3fc949d550f0b53a5f0d51e06dfd79?s=96&d=mm&r=g\",\"caption\":\"admin\"},\"url\":\"https:\/\/www.prijedordanas.com\/?author=1\"}]}<\/script>\n<!-- \/ Yoast SEO plugin. -->","yoast_head_json":{"title":"O\u0160 \u201eJOVAN CVIJI\u0106\u201c BREZI\u010cANI OBILJE\u017dILA DAN BORBE PROTIV VR\u0160NJA\u010cKOG NASILJA - FOTO - PrijedorDanas.com - Prijedorski gradski portal","robots":{"index":"index","follow":"follow","max-snippet":"max-snippet:-1","max-image-preview":"max-image-preview:large","max-video-preview":"max-video-preview:-1"},"canonical":"https:\/\/www.prijedordanas.com\/?p=42475","og_locale":"en_US","og_type":"article","og_title":"O\u0160 \u201eJOVAN CVIJI\u0106\u201c BREZI\u010cANI OBILJE\u017dILA DAN BORBE PROTIV VR\u0160NJA\u010cKOG NASILJA - FOTO - PrijedorDanas.com - Prijedorski gradski portal","og_description":"Povodom obilje\u017eavanja Dana borbe protiv vr\u0161nja\u010dkog nasilja, 24. februara, Osnovna \u0161kola \u201eJovan Cvijic\u0301\u201c iz Brezi\u010dana realizovala je niz radionica posvec\u0301enih ovom problemu. -Vr\u0161nja\u010dko nasilje je tema o kojoj se u [&hellip;]","og_url":"https:\/\/www.prijedordanas.com\/?p=42475","og_site_name":"PrijedorDanas.com - Prijedorski gradski portal","article_publisher":"https:\/\/www.facebook.com\/PrijedorDanasCom\/","article_published_time":"2016-02-24T17:49:12+00:00","og_image":[{"url":"https:\/\/www.prijedordanas.com\/wp-content\/uploads\/2016\/02\/os-jovan-cvijic-dan-borbe-protiv-vrsnjackog-nasilja-1-300x180.jpg"}],"author":"admin","twitter_card":"summary_large_image","twitter_misc":{"Written by":"admin","Est. reading time":"2 minutes"},"schema":{"@context":"https:\/\/schema.org","@graph":[{"@type":"Article","@id":"https:\/\/www.prijedordanas.com\/?p=42475#article","isPartOf":{"@id":"https:\/\/www.prijedordanas.com\/?p=42475"},"author":{"name":"admin","@id":"https:\/\/www.prijedordanas.com\/#\/schema\/person\/4e08ccf29b506ca916ff86d46bb700e6"},"headline":"O\u0160 \u201eJOVAN CVIJI\u0106\u201c BREZI\u010cANI OBILJE\u017dILA DAN BORBE PROTIV VR\u0160NJA\u010cKOG NASILJA &#8211; FOTO","datePublished":"2016-02-24T17:49:12+00:00","dateModified":"2016-02-24T17:49:12+00:00","mainEntityOfPage":{"@id":"https:\/\/www.prijedordanas.com\/?p=42475"},"wordCount":429,"publisher":{"@id":"https:\/\/www.prijedordanas.com\/#organization"},"keywords":["aktivnosti","an borbe protiv vrsnja\u010dkog nasilja","obilje\u017eavanje","Olivera Brdar","O\u0160 \"Jovan Cviji\u0107\" Brezi\u010dani"],"articleSection":["Dru\u0161tvo"],"inLanguage":"en-US"},{"@type":"WebPage","@id":"https:\/\/www.prijedordanas.com\/?p=42475","url":"https:\/\/www.prijedordanas.com\/?p=42475","name":"O\u0160 \u201eJOVAN CVIJI\u0106\u201c BREZI\u010cANI OBILJE\u017dILA DAN BORBE PROTIV VR\u0160NJA\u010cKOG NASILJA - FOTO - PrijedorDanas.com - Prijedorski gradski portal","isPartOf":{"@id":"https:\/\/www.prijedordanas.com\/#website"},"datePublished":"2016-02-24T17:49:12+00:00","dateModified":"2016-02-24T17:49:12+00:00","breadcrumb":{"@id":"https:\/\/www.prijedordanas.com\/?p=42475#breadcrumb"},"inLanguage":"en-US","potentialAction":[{"@type":"ReadAction","target":["https:\/\/www.prijedordanas.com\/?p=42475"]}]},{"@type":"BreadcrumbList","@id":"https:\/\/www.prijedordanas.com\/?p=42475#breadcrumb","itemListElement":[{"@type":"ListItem","position":1,"name":"Home","item":"https:\/\/www.prijedordanas.com\/"},{"@type":"ListItem","position":2,"name":"O\u0160 \u201eJOVAN CVIJI\u0106\u201c BREZI\u010cANI OBILJE\u017dILA DAN BORBE PROTIV VR\u0160NJA\u010cKOG NASILJA &#8211; FOTO"}]},{"@type":"WebSite","@id":"https:\/\/www.prijedordanas.com\/#website","url":"https:\/\/www.prijedordanas.com\/","name":"PrijedorDanas.com - Prijedorski gradski portal","description":"Portal o doga\u0111anjima u gradu Prijedoru","publisher":{"@id":"https:\/\/www.prijedordanas.com\/#organization"},"potentialAction":[{"@type":"SearchAction","target":{"@type":"EntryPoint","urlTemplate":"https:\/\/www.prijedordanas.com\/?s={search_term_string}"},"query-input":"required name=search_term_string"}],"inLanguage":"en-US"},{"@type":"Organization","@id":"https:\/\/www.prijedordanas.com\/#organization","name":"PrijedorDanas.com","url":"https:\/\/www.prijedordanas.com\/","logo":{"@type":"ImageObject","inLanguage":"en-US","@id":"https:\/\/www.prijedordanas.com\/#\/schema\/logo\/image\/","url":"http:\/\/www.prijedordanas.com\/wp-content\/uploads\/2021\/12\/logopng.png","contentUrl":"http:\/\/www.prijedordanas.com\/wp-content\/uploads\/2021\/12\/logopng.png","width":1019,"height":776,"caption":"PrijedorDanas.com"},"image":{"@id":"https:\/\/www.prijedordanas.com\/#\/schema\/logo\/image\/"},"sameAs":["https:\/\/www.facebook.com\/PrijedorDanasCom\/"]},{"@type":"Person","@id":"https:\/\/www.prijedordanas.com\/#\/schema\/person\/4e08ccf29b506ca916ff86d46bb700e6","name":"admin","image":{"@type":"ImageObject","inLanguage":"en-US","@id":"https:\/\/www.prijedordanas.com\/#\/schema\/person\/image\/","url":"https:\/\/secure.gravatar.com\/avatar\/1d3fc949d550f0b53a5f0d51e06dfd79?s=96&d=mm&r=g","contentUrl":"https:\/\/secure.gravatar.com\/avatar\/1d3fc949d550f0b53a5f0d51e06dfd79?s=96&d=mm&r=g","caption":"admin"},"url":"https:\/\/www.prijedordanas.com\/?author=1"}]}},"_links":{"self":[{"href":"https:\/\/www.prijedordanas.com\/index.php?rest_route=\/wp\/v2\/posts\/42475"}],"collection":[{"href":"https:\/\/www.prijedordanas.com\/index.php?rest_route=\/wp\/v2\/posts"}],"about":[{"href":"https:\/\/www.prijedordanas.com\/index.php?rest_route=\/wp\/v2\/types\/post"}],"author":[{"embeddable":true,"href":"https:\/\/www.prijedordanas.com\/index.php?rest_route=\/wp\/v2\/users\/1"}],"replies":[{"embeddable":true,"href":"https:\/\/www.prijedordanas.com\/index.php?rest_route=%2Fwp%2Fv2%2Fcomments&post=42475"}],"version-history":[{"count":2,"href":"https:\/\/www.prijedordanas.com\/index.php?rest_route=\/wp\/v2\/posts\/42475\/revisions"}],"predecessor-version":[{"id":42484,"href":"https:\/\/www.prijedordanas.com\/index.php?rest_route=\/wp\/v2\/posts\/42475\/revisions\/42484"}],"wp:attachment":[{"href":"https:\/\/www.prijedordanas.com\/index.php?rest_route=%2Fwp%2Fv2%2Fmedia&parent=42475"}],"wp:term":[{"taxonomy":"category","embeddable":true,"href":"https:\/\/www.prijedordanas.com\/index.php?rest_route=%2Fwp%2Fv2%2Fcategories&post=42475"},{"taxonomy":"post_tag","embeddable":true,"href":"https:\/\/www.prijedordanas.com\/index.php?rest_route=%2Fwp%2Fv2%2Ftags&post=42475"}],"curies":[{"name":"wp","href":"https:\/\/api.w.org\/{rel}","templated":true}]}}