{"id":41952,"date":"2016-02-19T09:53:45","date_gmt":"2016-02-19T08:53:45","guid":{"rendered":"https:\/\/www.prijedordanas.com\/?p=41952"},"modified":"2016-02-19T09:53:45","modified_gmt":"2016-02-19T08:53:45","slug":"ald-prijedor-odrzan-prvi-koordinacijski-sastanak-regionalne-mreze-za-lokalnu-demokratiju-2016","status":"publish","type":"post","link":"https:\/\/www.prijedordanas.com\/?p=41952","title":{"rendered":"ALD PRIJEDOR: ODR\u017dAN PRVI KOORDINACIJSKI SASTANAK REGIONALNE MRE\u017dE ZA LOKALNU DEMOKRATIJU 2016"},"content":{"rendered":"<p><a href=\"https:\/\/www.prijedordanas.com\/wp-content\/uploads\/2016\/02\/ald-prijedor-sastanak-knjazevac-1.jpg\" rel=\"attachment wp-att-41954\"><img loading=\"lazy\" decoding=\"async\" class=\"alignleft size-medium wp-image-41954\" src=\"https:\/\/www.prijedordanas.com\/wp-content\/uploads\/2016\/02\/ald-prijedor-sastanak-knjazevac-1-300x150.jpg\" alt=\"ald prijedor-sastanak knjazevac (1)\" width=\"300\" height=\"150\" srcset=\"https:\/\/www.prijedordanas.com\/wp-content\/uploads\/2016\/02\/ald-prijedor-sastanak-knjazevac-1-300x150.jpg 300w, https:\/\/www.prijedordanas.com\/wp-content\/uploads\/2016\/02\/ald-prijedor-sastanak-knjazevac-1.jpg 700w\" sizes=\"(max-width: 300px) 100vw, 300px\" \/><\/a>Od 08.02. do 11.02.2016. godine u Knja\u017eevcu je organizovan prvi koordinacijski sastanak Regionalne mre\u017ee za lokalnu demokratiju.<\/p>\n<p>Mre\u017ea je osnovana u okviru projekta &#8220;Regionalna platforma za u\u010de\u0161\u0107e i dijalog mladih Balkana&#8221;.<\/p>\n<p>Ovaj koordinacioni sastanak okupio je partnere i \u010dlanove projekta iz agencija lokalne demokratija iz Bosne i Hercegovine, Crne Gore, Kosova * i Srbije, ALDA Skoplja i ALDA kako bi se sumirali rezultati rada prve godine implementacije projekta, te dogovorio plan rada u 2016. godini.<\/p>\n<p>Sastanku su tako\u0111er prisustvovali mladi ljudi i predstavnici lokalnih vlasti iz Prijedora, Mostara, Zavidovi\u0107a, Nik\u0161i\u0107a, Skoplja, Kavadarci, Pe\u0107i i Knja\u017eevca.<\/p>\n<p>Tokom \u010detiri radna dana odr\u017eano je niz sastanaka radnih tijela mre\u017ee sa ciljem da se procijeni i unaprijedi rad mre\u017ee, te oja\u010da regionalna saradnja partnera.<\/p>\n<p><a href=\"https:\/\/www.prijedordanas.com\/wp-content\/uploads\/2016\/02\/ald-prijedor-sastanak-knjazevac-2.jpg\" rel=\"attachment wp-att-41955\"><img loading=\"lazy\" decoding=\"async\" src=\"https:\/\/www.prijedordanas.com\/wp-content\/uploads\/2016\/02\/ald-prijedor-sastanak-knjazevac-2-300x159.jpg\" alt=\"ald prijedor-sastanak knjazevac (2)\" width=\"300\" height=\"159\" class=\"alignleft size-medium wp-image-41955\" srcset=\"https:\/\/www.prijedordanas.com\/wp-content\/uploads\/2016\/02\/ald-prijedor-sastanak-knjazevac-2-300x159.jpg 300w, https:\/\/www.prijedordanas.com\/wp-content\/uploads\/2016\/02\/ald-prijedor-sastanak-knjazevac-2.jpg 600w\" sizes=\"(max-width: 300px) 100vw, 300px\" \/><\/a>Tako\u0111e se pri\u010dalo o temi kako unaprijediti postoje\u0107e prakse za u\u010de\u0161\u0107e mladih u lokalnim zajednicama, s obzirom da su organizovani posebni sastanci izme\u0111u mladih i predstavnika lokalnih vlasti iz svih op\u0161tina.<\/p>\n<p>Tokom koordinacijskog sastanka, tako\u0111er je organizovan i poseban popratni program za predstavnike lokalnih vlasti iz svih op\u0161tina sa ciljem pobolj\u0161anja njihove dalje saradnje u okviru regionalne mre\u017ee za lokalnu demokratiju.<\/p>\n<p>Projekat &#8220;Regionalna platforma za u\u010de\u0161\u0107e i dijalog mladih Balkana&#8221; je finansiran od strane Evropske komisije kroz program Civil Society Facility, Operating grants IPA CSO Associations, Support to regional thematic associations.<\/p>\n<p>Aplikant projekta je ALDA (Asocijacija agencija lokalne demokratije), dok su koaplikanti kancelarije Agencija lokalne demokratije sa podru\u010dja Balkana.<\/p>\n<p>Pored Grada Prijedora, pridru\u017eeni partneri su jo\u0161 i op\u0161tine i gradovi: Zavidovi\u0107i, Mostar, Skoplje, Nik\u0161i\u0107, Subotica i Ni\u0161.<\/p>\n<p>Agencija lokalne demokratije Prijedor<\/p>\n","protected":false},"excerpt":{"rendered":"<p>Od 08.02. do 11.02.2016. godine u Knja\u017eevcu je organizovan prvi koordinacijski sastanak Regionalne mre\u017ee za lokalnu demokratiju. Mre\u017ea je osnovana u okviru projekta &#8220;Regionalna platforma za u\u010de\u0161\u0107e i dijalog mladih [&hellip;]<\/p>\n","protected":false},"author":1,"featured_media":0,"comment_status":"closed","ping_status":"open","sticky":false,"template":"","format":"standard","meta":{"_monsterinsights_skip_tracking":false,"_monsterinsights_sitenote_active":false,"_monsterinsights_sitenote_note":"","_monsterinsights_sitenote_category":0,"footnotes":""},"categories":[8],"tags":[3845,6811,4043,2790],"yoast_head":"<!-- This site is optimized with the Yoast SEO plugin v21.6 - https:\/\/yoast.com\/wordpress\/plugins\/seo\/ -->\n<title>ALD PRIJEDOR: ODR\u017dAN PRVI KOORDINACIJSKI SASTANAK REGIONALNE MRE\u017dE ZA LOKALNU DEMOKRATIJU 2016 - PrijedorDanas.com - Prijedorski gradski portal<\/title>\n<meta name=\"robots\" content=\"index, follow, max-snippet:-1, max-image-preview:large, max-video-preview:-1\" \/>\n<link rel=\"canonical\" href=\"https:\/\/www.prijedordanas.com\/?p=41952\" \/>\n<meta property=\"og:locale\" content=\"en_US\" \/>\n<meta property=\"og:type\" content=\"article\" \/>\n<meta property=\"og:title\" content=\"ALD PRIJEDOR: ODR\u017dAN PRVI KOORDINACIJSKI SASTANAK REGIONALNE MRE\u017dE ZA LOKALNU DEMOKRATIJU 2016 - PrijedorDanas.com - Prijedorski gradski portal\" \/>\n<meta property=\"og:description\" content=\"Od 08.02. do 11.02.2016. godine u Knja\u017eevcu je organizovan prvi koordinacijski sastanak Regionalne mre\u017ee za lokalnu demokratiju. Mre\u017ea je osnovana u okviru projekta &#8220;Regionalna platforma za u\u010de\u0161\u0107e i dijalog mladih [&hellip;]\" \/>\n<meta property=\"og:url\" content=\"https:\/\/www.prijedordanas.com\/?p=41952\" \/>\n<meta property=\"og:site_name\" content=\"PrijedorDanas.com - Prijedorski gradski portal\" \/>\n<meta property=\"article:publisher\" content=\"https:\/\/www.facebook.com\/PrijedorDanasCom\/\" \/>\n<meta property=\"article:published_time\" content=\"2016-02-19T08:53:45+00:00\" \/>\n<meta property=\"og:image\" content=\"https:\/\/www.prijedordanas.com\/wp-content\/uploads\/2016\/02\/ald-prijedor-sastanak-knjazevac-1-300x150.jpg\" \/>\n<meta name=\"author\" content=\"admin\" \/>\n<meta name=\"twitter:card\" content=\"summary_large_image\" \/>\n<meta name=\"twitter:label1\" content=\"Written by\" \/>\n\t<meta name=\"twitter:data1\" content=\"admin\" \/>\n\t<meta name=\"twitter:label2\" content=\"Est. reading time\" \/>\n\t<meta name=\"twitter:data2\" content=\"1 minute\" \/>\n<script type=\"application\/ld+json\" class=\"yoast-schema-graph\">{\"@context\":\"https:\/\/schema.org\",\"@graph\":[{\"@type\":\"Article\",\"@id\":\"https:\/\/www.prijedordanas.com\/?p=41952#article\",\"isPartOf\":{\"@id\":\"https:\/\/www.prijedordanas.com\/?p=41952\"},\"author\":{\"name\":\"admin\",\"@id\":\"https:\/\/www.prijedordanas.com\/#\/schema\/person\/4e08ccf29b506ca916ff86d46bb700e6\"},\"headline\":\"ALD PRIJEDOR: ODR\u017dAN PRVI KOORDINACIJSKI SASTANAK REGIONALNE MRE\u017dE ZA LOKALNU DEMOKRATIJU 2016\",\"datePublished\":\"2016-02-19T08:53:45+00:00\",\"dateModified\":\"2016-02-19T08:53:45+00:00\",\"mainEntityOfPage\":{\"@id\":\"https:\/\/www.prijedordanas.com\/?p=41952\"},\"wordCount\":293,\"publisher\":{\"@id\":\"https:\/\/www.prijedordanas.com\/#organization\"},\"keywords\":[\"Agencija lokalne demokratije Prijedor\",\"Knja\u017eevac\",\"Regionalna platforma za u\u010de\u0161\u0107e i dijalog mladih Balkana\",\"sastanak\"],\"articleSection\":[\"Svakodnevno\"],\"inLanguage\":\"en-US\"},{\"@type\":\"WebPage\",\"@id\":\"https:\/\/www.prijedordanas.com\/?p=41952\",\"url\":\"https:\/\/www.prijedordanas.com\/?p=41952\",\"name\":\"ALD PRIJEDOR: ODR\u017dAN PRVI KOORDINACIJSKI SASTANAK REGIONALNE MRE\u017dE ZA LOKALNU DEMOKRATIJU 2016 - PrijedorDanas.com - Prijedorski gradski portal\",\"isPartOf\":{\"@id\":\"https:\/\/www.prijedordanas.com\/#website\"},\"datePublished\":\"2016-02-19T08:53:45+00:00\",\"dateModified\":\"2016-02-19T08:53:45+00:00\",\"breadcrumb\":{\"@id\":\"https:\/\/www.prijedordanas.com\/?p=41952#breadcrumb\"},\"inLanguage\":\"en-US\",\"potentialAction\":[{\"@type\":\"ReadAction\",\"target\":[\"https:\/\/www.prijedordanas.com\/?p=41952\"]}]},{\"@type\":\"BreadcrumbList\",\"@id\":\"https:\/\/www.prijedordanas.com\/?p=41952#breadcrumb\",\"itemListElement\":[{\"@type\":\"ListItem\",\"position\":1,\"name\":\"Home\",\"item\":\"https:\/\/www.prijedordanas.com\/\"},{\"@type\":\"ListItem\",\"position\":2,\"name\":\"ALD PRIJEDOR: ODR\u017dAN PRVI KOORDINACIJSKI SASTANAK REGIONALNE MRE\u017dE ZA LOKALNU DEMOKRATIJU 2016\"}]},{\"@type\":\"WebSite\",\"@id\":\"https:\/\/www.prijedordanas.com\/#website\",\"url\":\"https:\/\/www.prijedordanas.com\/\",\"name\":\"PrijedorDanas.com - Prijedorski gradski portal\",\"description\":\"Portal o doga\u0111anjima u gradu Prijedoru\",\"publisher\":{\"@id\":\"https:\/\/www.prijedordanas.com\/#organization\"},\"potentialAction\":[{\"@type\":\"SearchAction\",\"target\":{\"@type\":\"EntryPoint\",\"urlTemplate\":\"https:\/\/www.prijedordanas.com\/?s={search_term_string}\"},\"query-input\":\"required name=search_term_string\"}],\"inLanguage\":\"en-US\"},{\"@type\":\"Organization\",\"@id\":\"https:\/\/www.prijedordanas.com\/#organization\",\"name\":\"PrijedorDanas.com\",\"url\":\"https:\/\/www.prijedordanas.com\/\",\"logo\":{\"@type\":\"ImageObject\",\"inLanguage\":\"en-US\",\"@id\":\"https:\/\/www.prijedordanas.com\/#\/schema\/logo\/image\/\",\"url\":\"http:\/\/www.prijedordanas.com\/wp-content\/uploads\/2021\/12\/logopng.png\",\"contentUrl\":\"http:\/\/www.prijedordanas.com\/wp-content\/uploads\/2021\/12\/logopng.png\",\"width\":1019,\"height\":776,\"caption\":\"PrijedorDanas.com\"},\"image\":{\"@id\":\"https:\/\/www.prijedordanas.com\/#\/schema\/logo\/image\/\"},\"sameAs\":[\"https:\/\/www.facebook.com\/PrijedorDanasCom\/\"]},{\"@type\":\"Person\",\"@id\":\"https:\/\/www.prijedordanas.com\/#\/schema\/person\/4e08ccf29b506ca916ff86d46bb700e6\",\"name\":\"admin\",\"image\":{\"@type\":\"ImageObject\",\"inLanguage\":\"en-US\",\"@id\":\"https:\/\/www.prijedordanas.com\/#\/schema\/person\/image\/\",\"url\":\"https:\/\/secure.gravatar.com\/avatar\/1d3fc949d550f0b53a5f0d51e06dfd79?s=96&d=mm&r=g\",\"contentUrl\":\"https:\/\/secure.gravatar.com\/avatar\/1d3fc949d550f0b53a5f0d51e06dfd79?s=96&d=mm&r=g\",\"caption\":\"admin\"},\"url\":\"https:\/\/www.prijedordanas.com\/?author=1\"}]}<\/script>\n<!-- \/ Yoast SEO plugin. -->","yoast_head_json":{"title":"ALD PRIJEDOR: ODR\u017dAN PRVI KOORDINACIJSKI SASTANAK REGIONALNE MRE\u017dE ZA LOKALNU DEMOKRATIJU 2016 - PrijedorDanas.com - Prijedorski gradski portal","robots":{"index":"index","follow":"follow","max-snippet":"max-snippet:-1","max-image-preview":"max-image-preview:large","max-video-preview":"max-video-preview:-1"},"canonical":"https:\/\/www.prijedordanas.com\/?p=41952","og_locale":"en_US","og_type":"article","og_title":"ALD PRIJEDOR: ODR\u017dAN PRVI KOORDINACIJSKI SASTANAK REGIONALNE MRE\u017dE ZA LOKALNU DEMOKRATIJU 2016 - PrijedorDanas.com - Prijedorski gradski portal","og_description":"Od 08.02. do 11.02.2016. godine u Knja\u017eevcu je organizovan prvi koordinacijski sastanak Regionalne mre\u017ee za lokalnu demokratiju. Mre\u017ea je osnovana u okviru projekta &#8220;Regionalna platforma za u\u010de\u0161\u0107e i dijalog mladih [&hellip;]","og_url":"https:\/\/www.prijedordanas.com\/?p=41952","og_site_name":"PrijedorDanas.com - Prijedorski gradski portal","article_publisher":"https:\/\/www.facebook.com\/PrijedorDanasCom\/","article_published_time":"2016-02-19T08:53:45+00:00","og_image":[{"url":"https:\/\/www.prijedordanas.com\/wp-content\/uploads\/2016\/02\/ald-prijedor-sastanak-knjazevac-1-300x150.jpg"}],"author":"admin","twitter_card":"summary_large_image","twitter_misc":{"Written by":"admin","Est. reading time":"1 minute"},"schema":{"@context":"https:\/\/schema.org","@graph":[{"@type":"Article","@id":"https:\/\/www.prijedordanas.com\/?p=41952#article","isPartOf":{"@id":"https:\/\/www.prijedordanas.com\/?p=41952"},"author":{"name":"admin","@id":"https:\/\/www.prijedordanas.com\/#\/schema\/person\/4e08ccf29b506ca916ff86d46bb700e6"},"headline":"ALD PRIJEDOR: ODR\u017dAN PRVI KOORDINACIJSKI SASTANAK REGIONALNE MRE\u017dE ZA LOKALNU DEMOKRATIJU 2016","datePublished":"2016-02-19T08:53:45+00:00","dateModified":"2016-02-19T08:53:45+00:00","mainEntityOfPage":{"@id":"https:\/\/www.prijedordanas.com\/?p=41952"},"wordCount":293,"publisher":{"@id":"https:\/\/www.prijedordanas.com\/#organization"},"keywords":["Agencija lokalne demokratije Prijedor","Knja\u017eevac","Regionalna platforma za u\u010de\u0161\u0107e i dijalog mladih Balkana","sastanak"],"articleSection":["Svakodnevno"],"inLanguage":"en-US"},{"@type":"WebPage","@id":"https:\/\/www.prijedordanas.com\/?p=41952","url":"https:\/\/www.prijedordanas.com\/?p=41952","name":"ALD PRIJEDOR: ODR\u017dAN PRVI KOORDINACIJSKI SASTANAK REGIONALNE MRE\u017dE ZA LOKALNU DEMOKRATIJU 2016 - PrijedorDanas.com - Prijedorski gradski portal","isPartOf":{"@id":"https:\/\/www.prijedordanas.com\/#website"},"datePublished":"2016-02-19T08:53:45+00:00","dateModified":"2016-02-19T08:53:45+00:00","breadcrumb":{"@id":"https:\/\/www.prijedordanas.com\/?p=41952#breadcrumb"},"inLanguage":"en-US","potentialAction":[{"@type":"ReadAction","target":["https:\/\/www.prijedordanas.com\/?p=41952"]}]},{"@type":"BreadcrumbList","@id":"https:\/\/www.prijedordanas.com\/?p=41952#breadcrumb","itemListElement":[{"@type":"ListItem","position":1,"name":"Home","item":"https:\/\/www.prijedordanas.com\/"},{"@type":"ListItem","position":2,"name":"ALD PRIJEDOR: ODR\u017dAN PRVI KOORDINACIJSKI SASTANAK REGIONALNE MRE\u017dE ZA LOKALNU DEMOKRATIJU 2016"}]},{"@type":"WebSite","@id":"https:\/\/www.prijedordanas.com\/#website","url":"https:\/\/www.prijedordanas.com\/","name":"PrijedorDanas.com - Prijedorski gradski portal","description":"Portal o doga\u0111anjima u gradu Prijedoru","publisher":{"@id":"https:\/\/www.prijedordanas.com\/#organization"},"potentialAction":[{"@type":"SearchAction","target":{"@type":"EntryPoint","urlTemplate":"https:\/\/www.prijedordanas.com\/?s={search_term_string}"},"query-input":"required name=search_term_string"}],"inLanguage":"en-US"},{"@type":"Organization","@id":"https:\/\/www.prijedordanas.com\/#organization","name":"PrijedorDanas.com","url":"https:\/\/www.prijedordanas.com\/","logo":{"@type":"ImageObject","inLanguage":"en-US","@id":"https:\/\/www.prijedordanas.com\/#\/schema\/logo\/image\/","url":"http:\/\/www.prijedordanas.com\/wp-content\/uploads\/2021\/12\/logopng.png","contentUrl":"http:\/\/www.prijedordanas.com\/wp-content\/uploads\/2021\/12\/logopng.png","width":1019,"height":776,"caption":"PrijedorDanas.com"},"image":{"@id":"https:\/\/www.prijedordanas.com\/#\/schema\/logo\/image\/"},"sameAs":["https:\/\/www.facebook.com\/PrijedorDanasCom\/"]},{"@type":"Person","@id":"https:\/\/www.prijedordanas.com\/#\/schema\/person\/4e08ccf29b506ca916ff86d46bb700e6","name":"admin","image":{"@type":"ImageObject","inLanguage":"en-US","@id":"https:\/\/www.prijedordanas.com\/#\/schema\/person\/image\/","url":"https:\/\/secure.gravatar.com\/avatar\/1d3fc949d550f0b53a5f0d51e06dfd79?s=96&d=mm&r=g","contentUrl":"https:\/\/secure.gravatar.com\/avatar\/1d3fc949d550f0b53a5f0d51e06dfd79?s=96&d=mm&r=g","caption":"admin"},"url":"https:\/\/www.prijedordanas.com\/?author=1"}]}},"_links":{"self":[{"href":"https:\/\/www.prijedordanas.com\/index.php?rest_route=\/wp\/v2\/posts\/41952"}],"collection":[{"href":"https:\/\/www.prijedordanas.com\/index.php?rest_route=\/wp\/v2\/posts"}],"about":[{"href":"https:\/\/www.prijedordanas.com\/index.php?rest_route=\/wp\/v2\/types\/post"}],"author":[{"embeddable":true,"href":"https:\/\/www.prijedordanas.com\/index.php?rest_route=\/wp\/v2\/users\/1"}],"replies":[{"embeddable":true,"href":"https:\/\/www.prijedordanas.com\/index.php?rest_route=%2Fwp%2Fv2%2Fcomments&post=41952"}],"version-history":[{"count":1,"href":"https:\/\/www.prijedordanas.com\/index.php?rest_route=\/wp\/v2\/posts\/41952\/revisions"}],"predecessor-version":[{"id":41956,"href":"https:\/\/www.prijedordanas.com\/index.php?rest_route=\/wp\/v2\/posts\/41952\/revisions\/41956"}],"wp:attachment":[{"href":"https:\/\/www.prijedordanas.com\/index.php?rest_route=%2Fwp%2Fv2%2Fmedia&parent=41952"}],"wp:term":[{"taxonomy":"category","embeddable":true,"href":"https:\/\/www.prijedordanas.com\/index.php?rest_route=%2Fwp%2Fv2%2Fcategories&post=41952"},{"taxonomy":"post_tag","embeddable":true,"href":"https:\/\/www.prijedordanas.com\/index.php?rest_route=%2Fwp%2Fv2%2Ftags&post=41952"}],"curies":[{"name":"wp","href":"https:\/\/api.w.org\/{rel}","templated":true}]}}