{"id":41624,"date":"2016-02-14T09:36:58","date_gmt":"2016-02-14T08:36:58","guid":{"rendered":"https:\/\/www.prijedordanas.com\/?p=41624"},"modified":"2016-02-14T09:36:58","modified_gmt":"2016-02-14T08:36:58","slug":"vlado-grubljesic-pomjera-ljudske-granice-planinari-i-u-88-godini","status":"publish","type":"post","link":"https:\/\/www.prijedordanas.com\/?p=41624","title":{"rendered":"VLADO GRUBLJE\u0160I\u0106 POMJERA LJUDSKE GRANICE: PLANINARI I U 88. GODINI"},"content":{"rendered":"<p><a href=\"https:\/\/www.prijedordanas.com\/wp-content\/uploads\/2016\/02\/pressrs-planinar-grubljesic.jpg\" rel=\"attachment wp-att-41627\"><img loading=\"lazy\" decoding=\"async\" src=\"https:\/\/www.prijedordanas.com\/wp-content\/uploads\/2016\/02\/pressrs-planinar-grubljesic-300x169.jpg\" alt=\"pressrs-planinar grubljesic\" width=\"300\" height=\"169\" class=\"alignleft size-medium wp-image-41627\" srcset=\"https:\/\/www.prijedordanas.com\/wp-content\/uploads\/2016\/02\/pressrs-planinar-grubljesic-300x169.jpg 300w, https:\/\/www.prijedordanas.com\/wp-content\/uploads\/2016\/02\/pressrs-planinar-grubljesic.jpg 600w\" sizes=\"(max-width: 300px) 100vw, 300px\" \/><\/a>U kakvoj je kondiciji osamdesetosmogodi\u0161nji \u010dlan prijedorske &#8220;Klekova\u010de&#8221; Vladimir Vlado Grublje\u0161i\u0107 najbolje znaju brojni dvadesetogodi\u0161njaci koji mu gledaju u le\u0111a dok se penje po planinama Srpske i BiH!<\/p>\n<p>&#8211; On je trenutno najstariji aktivni planinar u RS i fizi\u010dki je spremniji od mnogih mla\u0111ih \u010dlanova na\u0161eg planinarskog dru\u0161tva, ali i drugih. Ponekad se desi da dvadesetogodi\u0161njaci po\u017eele da prekinu neki zahtjevan uspon, ali odmah odustaju kada vide kako Vlado sigurno kora\u010da naprijed. Najbolja ilustracija njegove vitalnosti jesu odlasci u Beograd na godi\u0161njicu mature Vi\u0161e \u017eeljezni\u010dke \u0161kole, a dok jedan kolega i Vlado ple\u0161u, ostali na jubilej dolaze sa \u0161tapom ili u invalidskim kolicima &#8211; otkriva Marko Sari\u0107, sekretar i vodi\u010d u planinarskom dru\u0161tvu &#8220;Klekova\u010da&#8221;.<\/p>\n<p>Vazdu\u0161na banja<\/p>\n<p>Za to vrijeme, Grublje\u0161i\u0107 priznaje da je i proteklog vikenda i\u0161ao na svoj redovni pohod na Kozaru.<\/p>\n<p>&#8211; Svake nedjelje sam na toj ili nekoj drugoj planini. Iako su to lak\u0161e ture, jo\u0161 mogu dugo da hodam &#8211; ka\u017ee Vladimir.<\/p>\n<p>Tajna njegove vitalnosti je u \u010dinjenici da je jo\u0161 1940. godine postao \u010dlan prijedorskih izvi\u0111a\u010da, a u PD &#8220;Klekova\u010da&#8221; je od 1. aprila 1958, \u0161to je gotovo \u0161est decenija neprekidnog planinarskog sta\u017ea.<\/p>\n<p>&#8211; Mislim da se u tom kretanju, branju ljekovitog bilja i jestivih gljiva, \u010diji sam veliki ljubitelj, krije glavni razlog za\u0161to mi je i dalje dobro zdravlje &#8211; isti\u010de Grublje\u0161i\u0107.<\/p>\n<p>On nagla\u0161ava da su Kozara i podru\u010dje Mrakovice vazdu\u0161na banja gdje se dolazilo i za vrijeme Kraljevine Jugoslavije.<\/p>\n<p>&#8211; Poslije je tu bilo odmarali\u0161te za invalide, a dolazili su ljudi iz Prijedora i okolnih gradova na oporavak poslije operacija i po pravilu se ku\u0107i vra\u0107ali s popravljenom krvnom slikom. \u010cak su se i mnogi ljekari pitali za\u0161to na\u0161i pacijenti odlaze na Zlatibor u sanatorijum za bolesti \u0161titne \u017elijezde kada imaju Mrakovicu gdje je sli\u010dna nadmorska visina od 800 i ne\u0161to metara. Da se ne pominje da su isto navodili i doktori iz slovena\u010dkog Golnika gdje se nalazi sanatorijum za plu\u0107ne bolesti i alergije &#8211; prenosi na\u0161 sagovornik.<\/p>\n<p>Kako god, on je ve\u0107 spreman za u\u010de\u0161\u0107e na ovogodi\u0161njoj tradicionalnoj manifestaciji &#8220;Pozdrav prolje\u0107u&#8221; na Mrakovici.<\/p>\n<p>&#8211; Manifestacija se odr\u017eava 27. marta, o\u010dekujemo planinare iz cijele RS, BiH i \u0161ire, a ja \u0107u i ove godine za bar 50 odsto skratiti tu turu od 13 kilometara. Ina\u010de, posljednja ve\u0107a tura mi je bila transferzala na Manja\u010di od 22 kilometra prije tri godine, a nekada sam za dva-tri dana mogao da pre\u0111em transferzale od 130 kilometara s najboljim planinarima SFRJ &#8211; pamti ovaj planinar.<\/p>\n<p>Bogata tradicija<\/p>\n<p>Raduje ga \u0161to je u &#8220;Klekova\u010di&#8221; sve vi\u0161e mla\u0111ih planinara.<\/p>\n<p>&#8211; \u017delja mi je da se \u0161to vi\u0161e omladine u cijeloj zemlji uklju\u010di u ovo i da sa\u010duvamo bogatu tradiciju dobrog dru\u017eenja, planinarenja i rekreiranja &#8211; poru\u010duje Vlado.<\/p>\n<p>Podsje\u0107amo, on je dva puta bio predsjednik PD &#8220;Klekova\u010da&#8221;, formiranog daleke 1953. godine. Nosilac je zlatne i srebrne zna\u010dke Planinarskog saveza Jugoslavije i BiH, a 1962. je u\u010destvovao u organizaciji prvog sleta planinarskog podmlatka SFRJ na Mrakovici. Pored najzna\u010dajnijih doma\u0107ih vrhova penjao se na austrijske, \u0161vajcarske (Materhorn) i francuske Alpe (Mon Blan), \u010de\u0161ke Tatre, bugarsku Musalu, gr\u010dki Olimp, italijanske Dolomite (Marmolada)&#8230;<\/p>\n<p>Kupio novu kacigu!<\/p>\n<p>Iz PD &#8220;Klekova\u010da&#8221; tvrde da je Grublje\u0161i\u0107 istinski uzor i u\u010ditelj mladim planinarima.<\/p>\n<p>&#8211; To je \u010dovjek pun duha i vedrine. Uvijek je nasmijan i spreman za \u0161alu, kao da ima 18, a ne 88 godina. \u010cak je nedavno kupio novu planinarsku kacigu, \u0161to mnogo govori, a s nama \u0107e krajem februara u novi pohod. Rije\u010d je o austrijskom vrhu Pec &#8211; isti\u010du Vladine kolege.<\/p>\n<p>Press RS<\/p>\n","protected":false},"excerpt":{"rendered":"<p>U kakvoj je kondiciji osamdesetosmogodi\u0161nji \u010dlan prijedorske &#8220;Klekova\u010de&#8221; Vladimir Vlado Grublje\u0161i\u0107 najbolje znaju brojni dvadesetogodi\u0161njaci koji mu gledaju u le\u0111a dok se penje po planinama Srpske i BiH! &#8211; On [&hellip;]<\/p>\n","protected":false},"author":1,"featured_media":0,"comment_status":"closed","ping_status":"open","sticky":false,"template":"","format":"standard","meta":{"_monsterinsights_skip_tracking":false,"_monsterinsights_sitenote_active":false,"_monsterinsights_sitenote_note":"","_monsterinsights_sitenote_category":0,"footnotes":""},"categories":[3],"tags":[6768,6766,6767],"yoast_head":"<!-- This site is optimized with the Yoast SEO plugin v21.6 - https:\/\/yoast.com\/wordpress\/plugins\/seo\/ -->\n<title>VLADO GRUBLJE\u0160I\u0106 POMJERA LJUDSKE GRANICE: PLANINARI I U 88. GODINI - PrijedorDanas.com - Prijedorski gradski portal<\/title>\n<meta name=\"robots\" content=\"index, follow, max-snippet:-1, max-image-preview:large, max-video-preview:-1\" \/>\n<link rel=\"canonical\" href=\"https:\/\/www.prijedordanas.com\/?p=41624\" \/>\n<meta property=\"og:locale\" content=\"en_US\" \/>\n<meta property=\"og:type\" content=\"article\" \/>\n<meta property=\"og:title\" content=\"VLADO GRUBLJE\u0160I\u0106 POMJERA LJUDSKE GRANICE: PLANINARI I U 88. GODINI - PrijedorDanas.com - Prijedorski gradski portal\" \/>\n<meta property=\"og:description\" content=\"U kakvoj je kondiciji osamdesetosmogodi\u0161nji \u010dlan prijedorske &#8220;Klekova\u010de&#8221; Vladimir Vlado Grublje\u0161i\u0107 najbolje znaju brojni dvadesetogodi\u0161njaci koji mu gledaju u le\u0111a dok se penje po planinama Srpske i BiH! &#8211; On [&hellip;]\" \/>\n<meta property=\"og:url\" content=\"https:\/\/www.prijedordanas.com\/?p=41624\" \/>\n<meta property=\"og:site_name\" content=\"PrijedorDanas.com - Prijedorski gradski portal\" \/>\n<meta property=\"article:publisher\" content=\"https:\/\/www.facebook.com\/PrijedorDanasCom\/\" \/>\n<meta property=\"article:published_time\" content=\"2016-02-14T08:36:58+00:00\" \/>\n<meta property=\"og:image\" content=\"https:\/\/www.prijedordanas.com\/wp-content\/uploads\/2016\/02\/pressrs-planinar-grubljesic-300x169.jpg\" \/>\n<meta name=\"author\" content=\"admin\" \/>\n<meta name=\"twitter:card\" content=\"summary_large_image\" \/>\n<meta name=\"twitter:label1\" content=\"Written by\" \/>\n\t<meta name=\"twitter:data1\" content=\"admin\" \/>\n\t<meta name=\"twitter:label2\" content=\"Est. reading time\" \/>\n\t<meta name=\"twitter:data2\" content=\"3 minutes\" \/>\n<script type=\"application\/ld+json\" class=\"yoast-schema-graph\">{\"@context\":\"https:\/\/schema.org\",\"@graph\":[{\"@type\":\"Article\",\"@id\":\"https:\/\/www.prijedordanas.com\/?p=41624#article\",\"isPartOf\":{\"@id\":\"https:\/\/www.prijedordanas.com\/?p=41624\"},\"author\":{\"name\":\"admin\",\"@id\":\"https:\/\/www.prijedordanas.com\/#\/schema\/person\/4e08ccf29b506ca916ff86d46bb700e6\"},\"headline\":\"VLADO GRUBLJE\u0160I\u0106 POMJERA LJUDSKE GRANICE: PLANINARI I U 88. GODINI\",\"datePublished\":\"2016-02-14T08:36:58+00:00\",\"dateModified\":\"2016-02-14T08:36:58+00:00\",\"mainEntityOfPage\":{\"@id\":\"https:\/\/www.prijedordanas.com\/?p=41624\"},\"wordCount\":648,\"publisher\":{\"@id\":\"https:\/\/www.prijedordanas.com\/#organization\"},\"keywords\":[\"PD \\\"Klekova\u010da\\\" Prijedor\",\"planinar\",\"Vladimir Grublje\u0161i\u0107\"],\"articleSection\":[\"\u017divot\"],\"inLanguage\":\"en-US\"},{\"@type\":\"WebPage\",\"@id\":\"https:\/\/www.prijedordanas.com\/?p=41624\",\"url\":\"https:\/\/www.prijedordanas.com\/?p=41624\",\"name\":\"VLADO GRUBLJE\u0160I\u0106 POMJERA LJUDSKE GRANICE: PLANINARI I U 88. GODINI - PrijedorDanas.com - Prijedorski gradski portal\",\"isPartOf\":{\"@id\":\"https:\/\/www.prijedordanas.com\/#website\"},\"datePublished\":\"2016-02-14T08:36:58+00:00\",\"dateModified\":\"2016-02-14T08:36:58+00:00\",\"breadcrumb\":{\"@id\":\"https:\/\/www.prijedordanas.com\/?p=41624#breadcrumb\"},\"inLanguage\":\"en-US\",\"potentialAction\":[{\"@type\":\"ReadAction\",\"target\":[\"https:\/\/www.prijedordanas.com\/?p=41624\"]}]},{\"@type\":\"BreadcrumbList\",\"@id\":\"https:\/\/www.prijedordanas.com\/?p=41624#breadcrumb\",\"itemListElement\":[{\"@type\":\"ListItem\",\"position\":1,\"name\":\"Home\",\"item\":\"https:\/\/www.prijedordanas.com\/\"},{\"@type\":\"ListItem\",\"position\":2,\"name\":\"VLADO GRUBLJE\u0160I\u0106 POMJERA LJUDSKE GRANICE: PLANINARI I U 88. GODINI\"}]},{\"@type\":\"WebSite\",\"@id\":\"https:\/\/www.prijedordanas.com\/#website\",\"url\":\"https:\/\/www.prijedordanas.com\/\",\"name\":\"PrijedorDanas.com - Prijedorski gradski portal\",\"description\":\"Portal o doga\u0111anjima u gradu Prijedoru\",\"publisher\":{\"@id\":\"https:\/\/www.prijedordanas.com\/#organization\"},\"potentialAction\":[{\"@type\":\"SearchAction\",\"target\":{\"@type\":\"EntryPoint\",\"urlTemplate\":\"https:\/\/www.prijedordanas.com\/?s={search_term_string}\"},\"query-input\":\"required name=search_term_string\"}],\"inLanguage\":\"en-US\"},{\"@type\":\"Organization\",\"@id\":\"https:\/\/www.prijedordanas.com\/#organization\",\"name\":\"PrijedorDanas.com\",\"url\":\"https:\/\/www.prijedordanas.com\/\",\"logo\":{\"@type\":\"ImageObject\",\"inLanguage\":\"en-US\",\"@id\":\"https:\/\/www.prijedordanas.com\/#\/schema\/logo\/image\/\",\"url\":\"http:\/\/www.prijedordanas.com\/wp-content\/uploads\/2021\/12\/logopng.png\",\"contentUrl\":\"http:\/\/www.prijedordanas.com\/wp-content\/uploads\/2021\/12\/logopng.png\",\"width\":1019,\"height\":776,\"caption\":\"PrijedorDanas.com\"},\"image\":{\"@id\":\"https:\/\/www.prijedordanas.com\/#\/schema\/logo\/image\/\"},\"sameAs\":[\"https:\/\/www.facebook.com\/PrijedorDanasCom\/\"]},{\"@type\":\"Person\",\"@id\":\"https:\/\/www.prijedordanas.com\/#\/schema\/person\/4e08ccf29b506ca916ff86d46bb700e6\",\"name\":\"admin\",\"image\":{\"@type\":\"ImageObject\",\"inLanguage\":\"en-US\",\"@id\":\"https:\/\/www.prijedordanas.com\/#\/schema\/person\/image\/\",\"url\":\"https:\/\/secure.gravatar.com\/avatar\/1d3fc949d550f0b53a5f0d51e06dfd79?s=96&d=mm&r=g\",\"contentUrl\":\"https:\/\/secure.gravatar.com\/avatar\/1d3fc949d550f0b53a5f0d51e06dfd79?s=96&d=mm&r=g\",\"caption\":\"admin\"},\"url\":\"https:\/\/www.prijedordanas.com\/?author=1\"}]}<\/script>\n<!-- \/ Yoast SEO plugin. -->","yoast_head_json":{"title":"VLADO GRUBLJE\u0160I\u0106 POMJERA LJUDSKE GRANICE: PLANINARI I U 88. GODINI - PrijedorDanas.com - Prijedorski gradski portal","robots":{"index":"index","follow":"follow","max-snippet":"max-snippet:-1","max-image-preview":"max-image-preview:large","max-video-preview":"max-video-preview:-1"},"canonical":"https:\/\/www.prijedordanas.com\/?p=41624","og_locale":"en_US","og_type":"article","og_title":"VLADO GRUBLJE\u0160I\u0106 POMJERA LJUDSKE GRANICE: PLANINARI I U 88. GODINI - PrijedorDanas.com - Prijedorski gradski portal","og_description":"U kakvoj je kondiciji osamdesetosmogodi\u0161nji \u010dlan prijedorske &#8220;Klekova\u010de&#8221; Vladimir Vlado Grublje\u0161i\u0107 najbolje znaju brojni dvadesetogodi\u0161njaci koji mu gledaju u le\u0111a dok se penje po planinama Srpske i BiH! &#8211; On [&hellip;]","og_url":"https:\/\/www.prijedordanas.com\/?p=41624","og_site_name":"PrijedorDanas.com - Prijedorski gradski portal","article_publisher":"https:\/\/www.facebook.com\/PrijedorDanasCom\/","article_published_time":"2016-02-14T08:36:58+00:00","og_image":[{"url":"https:\/\/www.prijedordanas.com\/wp-content\/uploads\/2016\/02\/pressrs-planinar-grubljesic-300x169.jpg"}],"author":"admin","twitter_card":"summary_large_image","twitter_misc":{"Written by":"admin","Est. reading time":"3 minutes"},"schema":{"@context":"https:\/\/schema.org","@graph":[{"@type":"Article","@id":"https:\/\/www.prijedordanas.com\/?p=41624#article","isPartOf":{"@id":"https:\/\/www.prijedordanas.com\/?p=41624"},"author":{"name":"admin","@id":"https:\/\/www.prijedordanas.com\/#\/schema\/person\/4e08ccf29b506ca916ff86d46bb700e6"},"headline":"VLADO GRUBLJE\u0160I\u0106 POMJERA LJUDSKE GRANICE: PLANINARI I U 88. GODINI","datePublished":"2016-02-14T08:36:58+00:00","dateModified":"2016-02-14T08:36:58+00:00","mainEntityOfPage":{"@id":"https:\/\/www.prijedordanas.com\/?p=41624"},"wordCount":648,"publisher":{"@id":"https:\/\/www.prijedordanas.com\/#organization"},"keywords":["PD \"Klekova\u010da\" Prijedor","planinar","Vladimir Grublje\u0161i\u0107"],"articleSection":["\u017divot"],"inLanguage":"en-US"},{"@type":"WebPage","@id":"https:\/\/www.prijedordanas.com\/?p=41624","url":"https:\/\/www.prijedordanas.com\/?p=41624","name":"VLADO GRUBLJE\u0160I\u0106 POMJERA LJUDSKE GRANICE: PLANINARI I U 88. GODINI - PrijedorDanas.com - Prijedorski gradski portal","isPartOf":{"@id":"https:\/\/www.prijedordanas.com\/#website"},"datePublished":"2016-02-14T08:36:58+00:00","dateModified":"2016-02-14T08:36:58+00:00","breadcrumb":{"@id":"https:\/\/www.prijedordanas.com\/?p=41624#breadcrumb"},"inLanguage":"en-US","potentialAction":[{"@type":"ReadAction","target":["https:\/\/www.prijedordanas.com\/?p=41624"]}]},{"@type":"BreadcrumbList","@id":"https:\/\/www.prijedordanas.com\/?p=41624#breadcrumb","itemListElement":[{"@type":"ListItem","position":1,"name":"Home","item":"https:\/\/www.prijedordanas.com\/"},{"@type":"ListItem","position":2,"name":"VLADO GRUBLJE\u0160I\u0106 POMJERA LJUDSKE GRANICE: PLANINARI I U 88. GODINI"}]},{"@type":"WebSite","@id":"https:\/\/www.prijedordanas.com\/#website","url":"https:\/\/www.prijedordanas.com\/","name":"PrijedorDanas.com - Prijedorski gradski portal","description":"Portal o doga\u0111anjima u gradu Prijedoru","publisher":{"@id":"https:\/\/www.prijedordanas.com\/#organization"},"potentialAction":[{"@type":"SearchAction","target":{"@type":"EntryPoint","urlTemplate":"https:\/\/www.prijedordanas.com\/?s={search_term_string}"},"query-input":"required name=search_term_string"}],"inLanguage":"en-US"},{"@type":"Organization","@id":"https:\/\/www.prijedordanas.com\/#organization","name":"PrijedorDanas.com","url":"https:\/\/www.prijedordanas.com\/","logo":{"@type":"ImageObject","inLanguage":"en-US","@id":"https:\/\/www.prijedordanas.com\/#\/schema\/logo\/image\/","url":"http:\/\/www.prijedordanas.com\/wp-content\/uploads\/2021\/12\/logopng.png","contentUrl":"http:\/\/www.prijedordanas.com\/wp-content\/uploads\/2021\/12\/logopng.png","width":1019,"height":776,"caption":"PrijedorDanas.com"},"image":{"@id":"https:\/\/www.prijedordanas.com\/#\/schema\/logo\/image\/"},"sameAs":["https:\/\/www.facebook.com\/PrijedorDanasCom\/"]},{"@type":"Person","@id":"https:\/\/www.prijedordanas.com\/#\/schema\/person\/4e08ccf29b506ca916ff86d46bb700e6","name":"admin","image":{"@type":"ImageObject","inLanguage":"en-US","@id":"https:\/\/www.prijedordanas.com\/#\/schema\/person\/image\/","url":"https:\/\/secure.gravatar.com\/avatar\/1d3fc949d550f0b53a5f0d51e06dfd79?s=96&d=mm&r=g","contentUrl":"https:\/\/secure.gravatar.com\/avatar\/1d3fc949d550f0b53a5f0d51e06dfd79?s=96&d=mm&r=g","caption":"admin"},"url":"https:\/\/www.prijedordanas.com\/?author=1"}]}},"_links":{"self":[{"href":"https:\/\/www.prijedordanas.com\/index.php?rest_route=\/wp\/v2\/posts\/41624"}],"collection":[{"href":"https:\/\/www.prijedordanas.com\/index.php?rest_route=\/wp\/v2\/posts"}],"about":[{"href":"https:\/\/www.prijedordanas.com\/index.php?rest_route=\/wp\/v2\/types\/post"}],"author":[{"embeddable":true,"href":"https:\/\/www.prijedordanas.com\/index.php?rest_route=\/wp\/v2\/users\/1"}],"replies":[{"embeddable":true,"href":"https:\/\/www.prijedordanas.com\/index.php?rest_route=%2Fwp%2Fv2%2Fcomments&post=41624"}],"version-history":[{"count":1,"href":"https:\/\/www.prijedordanas.com\/index.php?rest_route=\/wp\/v2\/posts\/41624\/revisions"}],"predecessor-version":[{"id":41628,"href":"https:\/\/www.prijedordanas.com\/index.php?rest_route=\/wp\/v2\/posts\/41624\/revisions\/41628"}],"wp:attachment":[{"href":"https:\/\/www.prijedordanas.com\/index.php?rest_route=%2Fwp%2Fv2%2Fmedia&parent=41624"}],"wp:term":[{"taxonomy":"category","embeddable":true,"href":"https:\/\/www.prijedordanas.com\/index.php?rest_route=%2Fwp%2Fv2%2Fcategories&post=41624"},{"taxonomy":"post_tag","embeddable":true,"href":"https:\/\/www.prijedordanas.com\/index.php?rest_route=%2Fwp%2Fv2%2Ftags&post=41624"}],"curies":[{"name":"wp","href":"https:\/\/api.w.org\/{rel}","templated":true}]}}